{"id":9781,"date":"2025-12-07T18:30:52","date_gmt":"2025-12-07T17:30:52","guid":{"rendered":"https:\/\/www.locationencorse.eu\/blog\/?p=9781"},"modified":"2026-04-12T19:51:01","modified_gmt":"2026-04-12T17:51:01","slug":"randonnees-en-corse-nord-ou-sud-quelle-region-choisir-pour-vos-plus-belles-marches","status":"publish","type":"post","link":"https:\/\/www.locationencorse.eu\/blog\/randonnees-en-corse-nord-ou-sud-quelle-region-choisir-pour-vos-plus-belles-marches\/","title":{"rendered":"Randonn\u00e9es en Corse, nord ou sud, quelle r\u00e9gion choisir pour vos plus belles marches ?"},"content":{"rendered":"\n<p>L&rsquo;\u00eele de Beaut\u00e9 d\u00e9ploie ses sentiers comme une invitation permanente \u00e0 l&rsquo;aventure p\u00e9destre. Des cr\u00eates vertigineuses du Cap Corse aux aiguilles de Bavella, des for\u00eats de pins laricio de la Restonica aux plages secr\u00e8tes du d\u00e9sert des Agriates, la Corse offre une diversit\u00e9 de randonn\u00e9es rarement \u00e9gal\u00e9e en M\u00e9diterran\u00e9e. Le randonneur se trouve face \u00e0 un dilemme savoureux, privil\u00e9gier le nord, sauvage et pr\u00e9serv\u00e9, ou le sud, spectaculaire et min\u00e9ral ? Cette question m\u00e9rite davantage qu&rsquo;une r\u00e9ponse tranch\u00e9e. Nord et sud corses r\u00e9v\u00e8lent des personnalit\u00e9s distinctes, des paysages contrast\u00e9s, des exp\u00e9riences compl\u00e9mentaires. Comprendre ces diff\u00e9rences permet de choisir sa destination selon ses aspirations, qu\u00eate d&rsquo;authenticit\u00e9, soif de panoramas grandioses, recherche de fra\u00eecheur estivale ou d\u00e9sir de combiner marche et baignade. Explorons ces territoires de randonn\u00e9e pour dessiner votre itin\u00e9raire id\u00e9al.<\/p>\n\n\n\n<p><strong>Le GR20, \u00e9pine dorsale mythique qui d\u00e9fie les cat\u00e9gories<\/strong><\/p>\n\n\n\n<p><a href=\"https:\/\/www.corsicanatura-activites.fr\/\">Corsica Natura Activit\u00e9s, randonn\u00e9es et plein air en Corse<\/a> propose des sorties encadr\u00e9es sur le GR20 et d&rsquo;autres sentiers, du canyoning \u00e0 la sp\u00e9l\u00e9ologie, pour tous les niveaux.. De Calenzana, village de Balagne, jusqu&rsquo;\u00e0 Conca, au-dessus de Porto-Vecchio, ce parcours relie seize \u00e9tapes d&rsquo;une exigence redoutable. Consid\u00e9r\u00e9 comme le plus difficile des grands sentiers de randonn\u00e9e europ\u00e9ens, il encha\u00eene passages rocheux, mont\u00e9es abruptes, cr\u00eates expos\u00e9es au vent et descentes sur pierrailles instables.<\/p>\n\n\n\n<p>La r\u00e9putation du GR20 n&rsquo;est pas usurp\u00e9e. Les d\u00e9nivel\u00e9s quotidiens oscillent entre mille et deux mille m\u00e8tres, le terrain technique requiert l&rsquo;usage fr\u00e9quent des mains, les conditions m\u00e9t\u00e9orologiques changent brutalement en altitude. Les refuges de montagne, g\u00e9r\u00e9s par le Parc Naturel R\u00e9gional de Corse, jalonnent l&rsquo;itin\u00e9raire tous les quatre \u00e0 six heures de marche. Spartiates mais accueillants, ils proposent dortoirs, emplacements de tente, points d&rsquo;eau et gardiens dispensant conseils et convivialit\u00e9.<\/p>\n\n\n\n<figure class=\"wp-block-image\"><img decoding=\"async\" loading=\"lazy\" width=\"831\" height=\"466\" src=\"https:\/\/www.locationencorse.eu\/blog\/wp-content\/uploads\/2025\/12\/1-les-aiguilles-de-Bavella-.jpg\" alt=\"\" class=\"wp-image-9783\" srcset=\"https:\/\/www.locationencorse.eu\/blog\/wp-content\/uploads\/2025\/12\/1-les-aiguilles-de-Bavella-.jpg 831w, https:\/\/www.locationencorse.eu\/blog\/wp-content\/uploads\/2025\/12\/1-les-aiguilles-de-Bavella--400x224.jpg 400w, https:\/\/www.locationencorse.eu\/blog\/wp-content\/uploads\/2025\/12\/1-les-aiguilles-de-Bavella--800x449.jpg 800w, https:\/\/www.locationencorse.eu\/blog\/wp-content\/uploads\/2025\/12\/1-les-aiguilles-de-Bavella--768x431.jpg 768w\" sizes=\"(max-width: 831px) 100vw, 831px\" \/><\/figure>\n\n\n\n<p>Ce sentier traverse des paysages d&rsquo;une beaut\u00e9 sid\u00e9rante. La section nord, r\u00e9put\u00e9e plus ardue, serpente entre pics granitiques et vall\u00e9es glaciaires. Le cirque de la Solitude, passage vertigineux \u00e9quip\u00e9 de cha\u00eenes, marque les esprits par son exposition. Le Monte Cinto, point culminant de l&rsquo;\u00eele \u00e0 deux mille sept cent six m\u00e8tres, domine les horizons. La partie sud r\u00e9v\u00e8le les aiguilles de Bavella, cath\u00e9drales de pierre rouge per\u00e7ant le ciel, et les for\u00eats de pins laricio centenaires.<\/p>\n\n\n\n<p>Parcourir l&rsquo;int\u00e9gralit\u00e9 du GR20 n\u00e9cessite entre douze et seize jours selon le rythme adopt\u00e9. Nombre de randonneurs optent pour des tron\u00e7ons, la partie nord, plus min\u00e9rale et verticale, ou la section sud, l\u00e9g\u00e8rement moins technique mais tout aussi magnifique. Cette modularit\u00e9 permet d&rsquo;adapter l&rsquo;aventure \u00e0 sa condition physique et son temps disponible. Le GR20 constitue ainsi l&rsquo;exp\u00e9rience ultime de la randonn\u00e9e corse, synth\u00e8se parfaite des splendeurs insulaires.<\/p>\n\n\n\n<h2 class=\"wp-block-heading\">Le GR20 en courant, l&rsquo;ultra-trail \u00e0 l&rsquo;assaut de la montagne corse<\/h2>\n\n\n\n<p>Le GR20 conna\u00eet depuis une d\u00e9cennie une mutation spectaculaire, des coureurs l&rsquo;arpentent en mode ultra-trail, transformant seize journ\u00e9es de randonn\u00e9e en course contre la montre de trois \u00e0 cinq jours. Cette discipline extr\u00eame, baptis\u00e9e trail running, attire des athl\u00e8tes venus du monde entier pour d\u00e9fier les cent quatre-vingts kilom\u00e8tres et dix mille m\u00e8tres de d\u00e9nivel\u00e9 positif du mythique sentier. Le record masculin, \u00e9tabli \u00e0 trente et une heures, d\u00e9fie l&rsquo;entendement. Imaginer parcourir en continu ce terrain chaotique, franchir ces passages rocheux, encha\u00eener ces mont\u00e9es abruptes sans sommeil rel\u00e8ve de l&rsquo;exploit surhumain.<\/p>\n\n\n\n<p>Les coureurs du GR20 adoptent une approche radicalement diff\u00e9rente des randonneurs. L&rsquo;\u00e9quipement se r\u00e9duit au strict minimum, sac de trail de quinze \u00e0 vingt litres contenant v\u00eatements de pluie, lampe frontale, vivres de course, trousse de premiers secours ultralight. Pas de tente, rarement de duvet. Les refuges servent de points de ravitaillement o\u00f9 l&rsquo;athl\u00e8te engloutit des calories, remplit ses gourdes, repart aussit\u00f4t. Certains courent en autonomie quasi totale, dormant deux \u00e0 trois heures dans les bergeries, sous les \u00e9toiles m\u00e9diterran\u00e9ennes ou dans les abris sommaires jalonnant le parcours.<\/p>\n\n\n\n<figure class=\"wp-block-image\"><img decoding=\"async\" loading=\"lazy\" width=\"835\" height=\"437\" src=\"https:\/\/www.locationencorse.eu\/blog\/wp-content\/uploads\/2025\/12\/2-Le-GR20-.jpg\" alt=\"\" class=\"wp-image-9784\" srcset=\"https:\/\/www.locationencorse.eu\/blog\/wp-content\/uploads\/2025\/12\/2-Le-GR20-.jpg 835w, https:\/\/www.locationencorse.eu\/blog\/wp-content\/uploads\/2025\/12\/2-Le-GR20--400x209.jpg 400w, https:\/\/www.locationencorse.eu\/blog\/wp-content\/uploads\/2025\/12\/2-Le-GR20--800x419.jpg 800w, https:\/\/www.locationencorse.eu\/blog\/wp-content\/uploads\/2025\/12\/2-Le-GR20--768x402.jpg 768w\" sizes=\"(max-width: 835px) 100vw, 835px\" \/><\/figure>\n\n\n\n<p>La pr\u00e9paration physique requiert des mois d&rsquo;entra\u00eenement sp\u00e9cifique. Courses longues en montagne, fractionn\u00e9 sur d\u00e9nivel\u00e9, renforcement musculaire des chevilles et genoux sollicit\u00e9s par la descente sur pierrailles. La dimension mentale p\u00e8se autant que le physique. Affronter la douleur des muscles t\u00e9tanis\u00e9s, la fatigue du manque de sommeil, le doute qui surgit au creux de la nuit dans le cirque de la Solitude n\u00e9cessite une force psychologique hors du commun. Les ultra-trailers parlent de dialogue int\u00e9rieur permanent, de n\u00e9gociation avec leur corps suppliant l&rsquo;arr\u00eat.<\/p>\n\n\n\n<p>La course organis\u00e9e \u00ab\u00a0Diagonale des Fous Corse\u00a0\u00bb ou le \u00ab\u00a0GR20 Trail\u00a0\u00bb rassemblent plusieurs centaines de participants sur des formats vari\u00e9s. Certains optent pour la partie nord uniquement, quatre-vingt-dix kilom\u00e8tres de verticalit\u00e9 pure. D&rsquo;autres s&rsquo;attaquent \u00e0 l&rsquo;int\u00e9gralit\u00e9 en relais, se relayant aux refuges. Les solitaires en qu\u00eate absolue partent hors comp\u00e9tition, affrontant le sentier dans une communion solitaire avec la montagne. Ces coureurs d\u00e9veloppent une connaissance intime du terrain, m\u00e9morisant la position des rochers, anticipant les passages techniques, trouvant leur rythme dans la souffrance.<\/p>\n\n\n\n<p>Courir le GR20 r\u00e9v\u00e8le des paysages sous un angle diff\u00e9rent. Les levers de soleil sur le Monte Cinto, aper\u00e7us depuis les cr\u00eates en plein effort, impriment la r\u00e9tine de couleurs incandescentes. Les rencontres fugaces avec les randonneurs stup\u00e9faits de voir passer ces ombres l\u00e9g\u00e8res. L&rsquo;odeur du maquis, d\u00e9cupl\u00e9e par l&rsquo;intensit\u00e9 de l&rsquo;effort et l&rsquo;hyperventilation. Les animaux surpris \u00e0 l&rsquo;aube, mouflons bondissant entre les rochers, rapaces planant dans les thermiques matinaux. Cette vitesse offre une lecture acc\u00e9l\u00e9r\u00e9e du territoire, une travers\u00e9e cin\u00e9matographique o\u00f9 les d\u00e9cors d\u00e9filent en fondu encha\u00een\u00e9.<\/p>\n\n\n\n<p>Les dangers s&rsquo;intensifient proportionnellement \u00e0 la vitesse. Une cheville qui se tord sur une pierre instable, une chute dans une descente mal n\u00e9goci\u00e9e peuvent transformer l&rsquo;aventure en cauchemar. Les secours en montagne corse, bien qu&rsquo;efficaces, n\u00e9cessitent du temps pour atteindre les zones recul\u00e9es. Les coureurs exp\u00e9riment\u00e9s connaissent leurs limites, ralentissent dans les passages expos\u00e9s, pr\u00e9f\u00e8rent perdre quelques minutes que risquer l&rsquo;accident grave. Cette lucidit\u00e9 fait la diff\u00e9rence entre l&rsquo;exploit et l&rsquo;inconscience. Pour s\u00e9journer dans les meilleures conditions avant ou apr\u00e8s vos randonn\u00e9es, retrouvez la s\u00e9lection <a href=\"https:\/\/hoteliercorse.com\">Hoteliercorse, h\u00f4tels en Corse<\/a>.<\/p>\n\n\n\n<p><strong>Nord de la Corse, authenticit\u00e9 pr\u00e9serv\u00e9e et diversit\u00e9 des terroirs<\/strong><\/p>\n\n\n\n<p>Le nord corse offre une mosa\u00efque de territoires propices \u00e0 la randonn\u00e9e, loin des foules estivales qui concentrent sur le littoral sud. Le Cap Corse, p\u00e9ninsule \u00e9tir\u00e9e vers le nord sur quarante kilom\u00e8tres, propose le sentier des Douaniers. Cette ancienne voie de surveillance maritime relie villages de p\u00eacheurs, criques sauvages et tours g\u00e9noises. Les \u00e9tapes varient de deux \u00e0 cinq heures, accessibles \u00e0 tout marcheur habitu\u00e9. Les panoramas embrassent la M\u00e9diterran\u00e9e jusqu&rsquo;\u00e0 la Toscane par temps clair.<\/p>\n\n\n\n<p>La montagne du Cap r\u00e9v\u00e8le une autre facette lors de la randonn\u00e9e vers le Monte Stello, sommet culminant \u00e0 mille trois cent soixante-sept m\u00e8tres. Le d\u00e9part depuis le col de Sainte-Lucie, \u00e0 neuf cents m\u00e8tres d&rsquo;altitude, facilite l&rsquo;ascension. Trois heures de marche progressive m\u00e8nent au sommet d&rsquo;o\u00f9 le regard embrasse simultan\u00e9ment les deux fa\u00e7ades du Cap, orientale et occidentale. Le sentier traverse le maquis dense, ponctu\u00e9 de bergeries en ruine t\u00e9moignant d&rsquo;un pastoralisme s\u00e9culaire.<\/p>\n\n\n\n<p>La Balagne, jardin de la Corse, conjugue mer et montagne en douceur relative. Le sentier Mare e Monti relie Calenzana \u00e0 Carg\u00e8se en dix \u00e9tapes, alternant villages perch\u00e9s et plages d\u00e9sertes. Sant&rsquo;Antonino, Pigna, Corbara surgissent comme des nids d&rsquo;aigle dominant la plaine littorale. Les oliveraies centenaires, les vergers d&rsquo;agrumes, les ch\u00e2taigneraies composent un paysage m\u00e9diterran\u00e9en g\u00e9n\u00e9reux. Les g\u00eetes d&rsquo;\u00e9tape permettent de randonner l\u00e9ger, sans tente ni r\u00e9chaud.<\/p>\n\n\n\n<figure class=\"wp-block-image\"><img decoding=\"async\" loading=\"lazy\" width=\"835\" height=\"418\" src=\"https:\/\/www.locationencorse.eu\/blog\/wp-content\/uploads\/2025\/12\/3-le-Monte-Cinto-.jpg\" alt=\"\" class=\"wp-image-9785\" srcset=\"https:\/\/www.locationencorse.eu\/blog\/wp-content\/uploads\/2025\/12\/3-le-Monte-Cinto-.jpg 835w, https:\/\/www.locationencorse.eu\/blog\/wp-content\/uploads\/2025\/12\/3-le-Monte-Cinto--400x200.jpg 400w, https:\/\/www.locationencorse.eu\/blog\/wp-content\/uploads\/2025\/12\/3-le-Monte-Cinto--800x400.jpg 800w, https:\/\/www.locationencorse.eu\/blog\/wp-content\/uploads\/2025\/12\/3-le-Monte-Cinto--768x384.jpg 768w\" sizes=\"(max-width: 835px) 100vw, 835px\" \/><\/figure>\n\n\n\n<p>Les hautes vall\u00e9es du nord, Asco notamment, r\u00e9v\u00e8lent <a href=\"https:\/\/www.locationencorse.eu\/\">une Corse<\/a> alpine. La for\u00eat de Carrozica abrite des pins laricio atteignant cinquante m\u00e8tres, arbres majestueux vieux de quatre si\u00e8cles. La remont\u00e9e du vallon vers le cirque de Trimbolacciu d\u00e9voile des piscines naturelles creus\u00e9es dans le granite. L&rsquo;eau glac\u00e9e, translucide, invite \u00e0 la baignade apr\u00e8s l&rsquo;effort. Ces vall\u00e9es constituaient jadis les voies d&rsquo;acc\u00e8s privil\u00e9gi\u00e9es vers les hauts p\u00e2turages d&rsquo;\u00e9t\u00e9, chemins que les randonneurs empruntent aujourd&rsquo;hui pour leur beaut\u00e9 intacte.<\/p>\n\n\n\n<p><strong>Sud de la Corse, relief spectaculaire et lumi\u00e8re \u00e9clatante<\/strong><\/p>\n\n\n\n<p>Le sud corse frappe par la verticalit\u00e9 de ses reliefs et l&rsquo;intensit\u00e9 de sa luminosit\u00e9. Bavella r\u00e8gne en ma\u00eetre incontest\u00e9 sur le panth\u00e9on des sites de randonn\u00e9e m\u00e9ridionaux. Les aiguilles de porphyre rouge, sculptures naturelles \u00e9lanc\u00e9es vers le ciel, cr\u00e9ent un d\u00e9cor d&rsquo;une puissance visuelle extraordinaire. Le trou de la Bombe, arche naturelle de quinze m\u00e8tres de diam\u00e8tre, se rejoint par un sentier balis\u00e9 depuis le col de Bavella. Deux heures suffisent pour l&rsquo;aller-retour, accessible aux familles habitu\u00e9es \u00e0 la marche.<\/p>\n\n\n\n<p>Les randonneurs confirm\u00e9s s&rsquo;attaquent \u00e0 la travers\u00e9e du massif par le variante alpine du GR20. Les passages sur dalles inclin\u00e9es, l&rsquo;escalade de blocs rocheux, les cha\u00eenes m\u00e9talliques install\u00e9es dans les sections expos\u00e9es exigent absence de vertige et pied s\u00fbr. Les r\u00e9compenses se nomment Punta Velacu, Punta Tafunata, sommets d\u00e9passant les deux mille m\u00e8tres et offrant des panoramas \u00e0 couper le souffle. La for\u00eat de Bavella, peupl\u00e9e de pins laricio tortueux, apporte une ombre bienvenue lors des chaudes journ\u00e9es estivales.<\/p>\n\n\n\n<p>L&rsquo;Alta Rocca, r\u00e9gion montagneuse situ\u00e9e entre mer et montagne, d\u00e9roule des sentiers moins fr\u00e9quent\u00e9s mais tout aussi fascinants. Le plateau de Coscione, vaste \u00e9tendue d&rsquo;altitude ondulant autour de mille cinq cents m\u00e8tres, \u00e9voque les hauts plateaux d&rsquo;Asie centrale. Les pozzi, vasques d&rsquo;eau cristalline aliment\u00e9es par des sources p\u00e9rennes, ponctuent les parcours. Les troupeaux de vaches et de cochons en semi-libert\u00e9, race corse rustique, paissent ces espaces pr\u00e9serv\u00e9s. Le site arch\u00e9ologique de Cucuruzzu, village fortifi\u00e9 de l&rsquo;\u00e2ge du bronze, se d\u00e9couvre au terme d&rsquo;une marche facile d&rsquo;une heure.<\/p>\n\n\n\n<figure class=\"wp-block-image\"><img decoding=\"async\" loading=\"lazy\" width=\"831\" height=\"466\" src=\"https:\/\/www.locationencorse.eu\/blog\/wp-content\/uploads\/2025\/12\/6-La-cala-di-Conca-.jpg\" alt=\"\" class=\"wp-image-9788\" srcset=\"https:\/\/www.locationencorse.eu\/blog\/wp-content\/uploads\/2025\/12\/6-La-cala-di-Conca-.jpg 831w, https:\/\/www.locationencorse.eu\/blog\/wp-content\/uploads\/2025\/12\/6-La-cala-di-Conca--400x224.jpg 400w, https:\/\/www.locationencorse.eu\/blog\/wp-content\/uploads\/2025\/12\/6-La-cala-di-Conca--800x449.jpg 800w, https:\/\/www.locationencorse.eu\/blog\/wp-content\/uploads\/2025\/12\/6-La-cala-di-Conca--768x431.jpg 768w\" sizes=\"(max-width: 831px) 100vw, 831px\" \/><\/figure>\n\n\n\n<p>La combinaison randonn\u00e9e et mer trouve son expression parfaite dans le sud. De nombreux sentiers c\u00f4tiers partent de Porto-Vecchio ou Bonifacio vers des plages accessibles uniquement \u00e0 pied. La cala di Conca, la plage de Sperone atteinte depuis Bonifacio, les criques de Pinarello offrent la r\u00e9compense d&rsquo;une baignade dans des eaux turquoise apr\u00e8s plusieurs heures de marche sous le soleil m\u00e9diterran\u00e9en. Cette dualit\u00e9 montagne-mer caract\u00e9rise l&rsquo;identit\u00e9 du sud corse.<\/p>\n\n\n\n<p><strong>Centre Corse, Corte et les vall\u00e9es glaciaires<\/strong><\/p>\n\n\n\n<p>Corte, ancienne capitale de la Corse ind\u00e9pendante au XVIIIe si\u00e8cle, constitue le point de d\u00e9part privil\u00e9gi\u00e9 pour explorer les vall\u00e9es centrales. La Restonica, gorge \u00e9troite remontant vers les lacs glaciaires, attire les randonneurs en qu\u00eate de fra\u00eecheur estivale. La route s&rsquo;ach\u00e8ve au parking des bergeries de Grotelle, \u00e0 mille quatre cents m\u00e8tres d&rsquo;altitude. De l\u00e0, le sentier grimpe en deux heures jusqu&rsquo;au lac de Melo, premier joyau nich\u00e9 dans un cirque de granite.<\/p>\n\n\n\n<p>L&rsquo;eau du lac, d&rsquo;un vert laiteux d\u00fb aux particules rocheuses en suspension, atteint une fra\u00eecheur polaire m\u00eame en ao\u00fbt. Les plus courageux s&rsquo;y baignent, exp\u00e9rience revigorante garantie. La suite vers le lac de Capitello, perch\u00e9 cent cinquante m\u00e8tres plus haut, n\u00e9cessite une heure suppl\u00e9mentaire sur un terrain plus technique. Blocs erratiques, dalles inclin\u00e9es, c\u00e2bles d&rsquo;assistance jalonnent cette mont\u00e9e exigeante. Le lac sup\u00e9rieur, plus vaste et profond, repose dans un amphith\u00e9\u00e2tre min\u00e9ral de toute beaut\u00e9.<\/p>\n\n\n\n<p>La vall\u00e9e du Tavignano, jumelle moins fr\u00e9quent\u00e9e de la Restonica, offre une alternative s\u00e9duisante. Le d\u00e9part s&rsquo;effectue depuis Corte m\u00eame, traversant le Tavignano sur une passerelle suspendue. Le sentier remonte la rivi\u00e8re \u00e0 travers une for\u00eat mixte de pins et de ch\u00eanes. Les vasques successives invitent \u00e0 la baignade contemplative. La bergerie de Traghjete, refuge gard\u00e9 en \u00e9t\u00e9, permet de pousser l&rsquo;exploration sur plusieurs jours vers le lac de Nino, plateau d&rsquo;altitude ponctu\u00e9 de pozzi et parcouru par les chevaux sauvages.<\/p>\n\n\n\n<p>Ces vall\u00e9es centrales b\u00e9n\u00e9ficient d&rsquo;un microclimat particulier. Les pr\u00e9cipitations y sont plus abondantes qu&rsquo;ailleurs en Corse, alimentant une v\u00e9g\u00e9tation luxuriante. Les temp\u00e9ratures estivales restent supportables gr\u00e2ce \u00e0 l&rsquo;altitude et aux vents de vall\u00e9e. Le printemps r\u00e9v\u00e8le une explosion florale extraordinaire, an\u00e9mones, orchid\u00e9es sauvages, hell\u00e9bores tapissent les sous-bois. L&rsquo;automne pare les feuillus de teintes rousses et dor\u00e9es, transformant les paysages en tableaux impressionnistes.<\/p>\n\n\n\n<p><strong>Quand randonner en Corse et comment faire son choix<\/strong><\/p>\n\n\n\n<p>La saisonnalit\u00e9 influence profond\u00e9ment l&rsquo;exp\u00e9rience de randonn\u00e9e en Corse. L&rsquo;\u00e9t\u00e9, juillet et ao\u00fbt, concentre la fr\u00e9quentation touristique. Les sentiers mythiques comme le GR20 connaissent un engorgement relatif, les refuges affichent complet, la chaleur \u00e9crasante en basse altitude rend la marche p\u00e9nible entre onze heures et seize heures. Les d\u00e9parts matinaux, d\u00e8s l&rsquo;aube, s&rsquo;imposent pour profiter de la fra\u00eecheur et de la lumi\u00e8re dor\u00e9e rasante.<\/p>\n\n\n\n<figure class=\"wp-block-image\"><img decoding=\"async\" loading=\"lazy\" width=\"831\" height=\"462\" src=\"https:\/\/www.locationencorse.eu\/blog\/wp-content\/uploads\/2025\/12\/7-le-lac-de-Capitello-.jpg\" alt=\"\" class=\"wp-image-9789\" srcset=\"https:\/\/www.locationencorse.eu\/blog\/wp-content\/uploads\/2025\/12\/7-le-lac-de-Capitello-.jpg 831w, https:\/\/www.locationencorse.eu\/blog\/wp-content\/uploads\/2025\/12\/7-le-lac-de-Capitello--400x222.jpg 400w, https:\/\/www.locationencorse.eu\/blog\/wp-content\/uploads\/2025\/12\/7-le-lac-de-Capitello--800x445.jpg 800w, https:\/\/www.locationencorse.eu\/blog\/wp-content\/uploads\/2025\/12\/7-le-lac-de-Capitello--768x427.jpg 768w\" sizes=\"(max-width: 831px) 100vw, 831px\" \/><\/figure>\n\n\n\n<p>Le printemps, mai et juin, constitue la p\u00e9riode id\u00e9ale pour la randonn\u00e9e corse. Les temp\u00e9ratures cl\u00e9mentes autorisent l&rsquo;effort sans souffrance, la nature explose en floraisons multicolores, les rivi\u00e8res charrient une eau abondante remplissant g\u00e9n\u00e9reusement les vasques. Les nuits restent fra\u00eeches, parfois froides en altitude, n\u00e9cessitant un \u00e9quipement adapt\u00e9. La neige persiste sur les sommets d\u00e9passant deux mille m\u00e8tres jusqu&rsquo;\u00e0 fin juin, rendant certains passages du GR20 impraticables.<\/p>\n\n\n\n<p>L&rsquo;automne, septembre et octobre, offre une seconde fen\u00eatre privil\u00e9gi\u00e9e. La mer conserve une temp\u00e9rature estivale, permettant des baignades r\u00e9paratrices apr\u00e8s la marche. Les foules estivales se sont dispers\u00e9es, restituant aux sentiers leur qui\u00e9tude. Les lumi\u00e8res automnales, plus obliques, sculptent les reliefs et intensifient les couleurs. Les ch\u00e2taignes jonchent le sol des for\u00eats de Castagniccia, les arbousiers se parent de fruits rouge vif, le maquis embaume d&rsquo;ar\u00f4mes concentr\u00e9s.<\/p>\n\n\n\n<p>Le choix entre nord et sud d\u00e9pend finalement des aspirations personnelles. Le nord s\u00e9duit les amateurs d&rsquo;authenticit\u00e9, de villages pr\u00e9serv\u00e9s, de randonn\u00e9es moins fr\u00e9quent\u00e9es. Le sud attire les passionn\u00e9s de paysages spectaculaires, de d\u00e9fis techniques, de combinaison marche-baignade. Le centre convient aux chercheurs de fra\u00eecheur estivale, aux amoureux de for\u00eats ancestrales, aux randonneurs d\u00e9sirant rayonner depuis une base fixe. La Corse permet toutes les approches, tous les niveaux, toutes les dur\u00e9es, des balades familiales de deux heures aux trekkings de deux semaines.<\/p>\n\n\n\n<p><strong>La Corse, territoire de randonn\u00e9e aux multiples visages<\/strong><\/p>\n\n\n\n<p>Opposer nord et sud corse reviendrait \u00e0 appauvrir la richesse d&rsquo;un territoire qui m\u00e9rite d&rsquo;\u00eatre explor\u00e9 dans sa globalit\u00e9. Les deux r\u00e9gions se compl\u00e8tent, dialoguent, r\u00e9v\u00e8lent des facettes diff\u00e9rentes d&rsquo;une m\u00eame identit\u00e9 insulaire fa\u00e7onn\u00e9e par le granite, le maquis et la M\u00e9diterran\u00e9e. Le randonneur id\u00e9al planifie plusieurs s\u00e9jours, d\u00e9couvrant progressivement la palette compl\u00e8te des paysages corses.<\/p>\n\n\n\n<p>Les sentiers de l&rsquo;\u00eele tissent des liens entre pr\u00e9sent et pass\u00e9, nature et culture, effort et contemplation. Marcher en Corse, c&rsquo;est fouler les chemins emprunt\u00e9s par les g\u00e9n\u00e9rations de bergers, d\u00e9couvrir les vestiges d&rsquo;une civilisation agro-pastorale mill\u00e9naire, comprendre l&rsquo;\u00e2me d&rsquo;un peuple attach\u00e9 visc\u00e9ralement \u00e0 sa terre. C&rsquo;est aussi exp\u00e9rimenter cette sensation unique de libert\u00e9 que procure la marche en milieu naturel pr\u00e9serv\u00e9. Que vous choisissiez les villages perch\u00e9s de Balagne, les aiguilles flamboyantes de Bavella, les lacs glaciaires de Restonica ou les sentiers c\u00f4tiers du Cap Corse, vous d\u00e9couvrirez une \u00eele g\u00e9n\u00e9reuse en \u00e9motions. Pr\u00e9parez vos chaussures de marche, \u00e9tudiez les cartes, v\u00e9rifiez les conditions m\u00e9t\u00e9orologiques, et laissez-vous guider par l&rsquo;appel des sommets corses. L&rsquo;\u00eele de Beaut\u00e9 r\u00e9v\u00e8le ses plus beaux secrets \u00e0 ceux qui prennent le temps de la parcourir \u00e0 pied, au rythme lent et profond de la randonn\u00e9e.<\/p>\n\n\n\n<figure class=\"wp-block-image\"><img decoding=\"async\" loading=\"lazy\" width=\"829\" height=\"469\" src=\"https:\/\/www.locationencorse.eu\/blog\/wp-content\/uploads\/2025\/12\/8-les-lacs-glaciaires-de-Restonica-.jpg\" alt=\"\" class=\"wp-image-9790\" srcset=\"https:\/\/www.locationencorse.eu\/blog\/wp-content\/uploads\/2025\/12\/8-les-lacs-glaciaires-de-Restonica-.jpg 829w, https:\/\/www.locationencorse.eu\/blog\/wp-content\/uploads\/2025\/12\/8-les-lacs-glaciaires-de-Restonica--400x226.jpg 400w, https:\/\/www.locationencorse.eu\/blog\/wp-content\/uploads\/2025\/12\/8-les-lacs-glaciaires-de-Restonica--800x453.jpg 800w, https:\/\/www.locationencorse.eu\/blog\/wp-content\/uploads\/2025\/12\/8-les-lacs-glaciaires-de-Restonica--768x434.jpg 768w\" sizes=\"(max-width: 829px) 100vw, 829px\" \/><\/figure>\n<!-- AddThis Advanced Settings generic via filter on the_content --><!-- AddThis Share Buttons generic via filter on the_content -->","protected":false},"excerpt":{"rendered":"<p>L&rsquo;\u00eele de Beaut\u00e9 d\u00e9ploie ses sentiers comme une invitation permanente \u00e0 l&rsquo;aventure p\u00e9destre. Des cr\u00eates vertigineuses du Cap Corse aux aiguilles de Bavella, des for\u00eats de pins laricio de la Restonica aux plages secr\u00e8tes du d\u00e9sert des Agriates, la Corse &hellip; <a href=\"https:\/\/www.locationencorse.eu\/blog\/randonnees-en-corse-nord-ou-sud-quelle-region-choisir-pour-vos-plus-belles-marches\/\">Continuer la lecture <span class=\"meta-nav\">&rarr;<\/span><\/a><!-- AddThis Advanced Settings generic via filter on get_the_excerpt --><!-- AddThis Share Buttons generic via filter on get_the_excerpt --><\/p>\n","protected":false},"author":2,"featured_media":9789,"comment_status":"open","ping_status":"closed","sticky":false,"template":"","format":"standard","meta":{"_mi_skip_tracking":false,"_monsterinsights_sitenote_active":false,"_monsterinsights_sitenote_note":"","_monsterinsights_sitenote_category":0,"ngg_post_thumbnail":0,"footnotes":""},"categories":[1],"tags":[],"yoast_head":"<!-- This site is optimized with the Yoast SEO plugin v21.1 - https:\/\/yoast.com\/wordpress\/plugins\/seo\/ -->\n<title>Randonn\u00e9e corse | Location en corse | Corse<\/title>\n<meta name=\"robots\" content=\"index, follow, max-snippet:-1, max-image-preview:large, max-video-preview:-1\" \/>\n<link rel=\"canonical\" href=\"https:\/\/www.locationencorse.eu\/blog\/randonnees-en-corse-nord-ou-sud-quelle-region-choisir-pour-vos-plus-belles-marches\/\" \/>\n<meta property=\"og:locale\" content=\"fr_FR\" \/>\n<meta property=\"og:type\" content=\"article\" \/>\n<meta property=\"og:title\" content=\"Randonn\u00e9e corse | Location en corse | Corse\" \/>\n<meta property=\"og:description\" content=\"L&rsquo;\u00eele de Beaut\u00e9 d\u00e9ploie ses sentiers comme une invitation permanente \u00e0 l&rsquo;aventure p\u00e9destre. Des cr\u00eates vertigineuses du Cap Corse aux aiguilles de Bavella, des for\u00eats de pins laricio de la Restonica aux plages secr\u00e8tes du d\u00e9sert des Agriates, la Corse &hellip; Continuer la lecture &rarr;\" \/>\n<meta property=\"og:url\" content=\"https:\/\/www.locationencorse.eu\/blog\/randonnees-en-corse-nord-ou-sud-quelle-region-choisir-pour-vos-plus-belles-marches\/\" \/>\n<meta property=\"og:site_name\" content=\"La Corse\" \/>\n<meta property=\"article:author\" content=\"https:\/\/www.facebook.com\/locationencorse.eu\/\" \/>\n<meta property=\"article:published_time\" content=\"2025-12-07T17:30:52+00:00\" \/>\n<meta property=\"article:modified_time\" content=\"2026-04-12T17:51:01+00:00\" \/>\n<meta property=\"og:image\" content=\"https:\/\/www.locationencorse.eu\/blog\/wp-content\/uploads\/2025\/12\/7-le-lac-de-Capitello-.jpg\" \/>\n\t<meta property=\"og:image:width\" content=\"831\" \/>\n\t<meta property=\"og:image:height\" content=\"462\" \/>\n\t<meta property=\"og:image:type\" content=\"image\/jpeg\" \/>\n<meta name=\"author\" content=\"Newchallenge\" \/>\n<meta name=\"twitter:label1\" content=\"\u00c9crit par\" \/>\n\t<meta name=\"twitter:data1\" content=\"Newchallenge\" \/>\n\t<meta name=\"twitter:label2\" content=\"Dur\u00e9e de lecture estim\u00e9e\" \/>\n\t<meta name=\"twitter:data2\" content=\"14 minutes\" \/>\n<script type=\"application\/ld+json\" class=\"yoast-schema-graph\">{\"@context\":\"https:\/\/schema.org\",\"@graph\":[{\"@type\":\"WebPage\",\"@id\":\"https:\/\/www.locationencorse.eu\/blog\/randonnees-en-corse-nord-ou-sud-quelle-region-choisir-pour-vos-plus-belles-marches\/\",\"url\":\"https:\/\/www.locationencorse.eu\/blog\/randonnees-en-corse-nord-ou-sud-quelle-region-choisir-pour-vos-plus-belles-marches\/\",\"name\":\"Randonn\u00e9e corse | Location en corse | Corse\",\"isPartOf\":{\"@id\":\"https:\/\/www.locationencorse.eu\/blog\/#website\"},\"datePublished\":\"2025-12-07T17:30:52+00:00\",\"dateModified\":\"2026-04-12T17:51:01+00:00\",\"author\":{\"@id\":\"https:\/\/www.locationencorse.eu\/blog\/#\/schema\/person\/4aa76a779067073b7500fdabe0a4a51c\"},\"breadcrumb\":{\"@id\":\"https:\/\/www.locationencorse.eu\/blog\/randonnees-en-corse-nord-ou-sud-quelle-region-choisir-pour-vos-plus-belles-marches\/#breadcrumb\"},\"inLanguage\":\"fr-FR\",\"potentialAction\":[{\"@type\":\"ReadAction\",\"target\":[\"https:\/\/www.locationencorse.eu\/blog\/randonnees-en-corse-nord-ou-sud-quelle-region-choisir-pour-vos-plus-belles-marches\/\"]}]},{\"@type\":\"BreadcrumbList\",\"@id\":\"https:\/\/www.locationencorse.eu\/blog\/randonnees-en-corse-nord-ou-sud-quelle-region-choisir-pour-vos-plus-belles-marches\/#breadcrumb\",\"itemListElement\":[{\"@type\":\"ListItem\",\"position\":1,\"name\":\"Accueil\",\"item\":\"https:\/\/www.locationencorse.eu\/blog\/\"},{\"@type\":\"ListItem\",\"position\":2,\"name\":\"Randonn\u00e9es en Corse, nord ou sud, quelle r\u00e9gion choisir pour vos plus belles marches ?\"}]},{\"@type\":\"WebSite\",\"@id\":\"https:\/\/www.locationencorse.eu\/blog\/#website\",\"url\":\"https:\/\/www.locationencorse.eu\/blog\/\",\"name\":\"La Corse\",\"description\":\"Vacances en Corse sur \u00cele de beaut\u00e9\",\"potentialAction\":[{\"@type\":\"SearchAction\",\"target\":{\"@type\":\"EntryPoint\",\"urlTemplate\":\"https:\/\/www.locationencorse.eu\/blog\/?s={search_term_string}\"},\"query-input\":\"required name=search_term_string\"}],\"inLanguage\":\"fr-FR\"},{\"@type\":\"Person\",\"@id\":\"https:\/\/www.locationencorse.eu\/blog\/#\/schema\/person\/4aa76a779067073b7500fdabe0a4a51c\",\"name\":\"Newchallenge\",\"image\":{\"@type\":\"ImageObject\",\"inLanguage\":\"fr-FR\",\"@id\":\"https:\/\/www.locationencorse.eu\/blog\/#\/schema\/person\/image\/\",\"url\":\"https:\/\/secure.gravatar.com\/avatar\/ad5f2a69d252f48179a77d3cb09e1fa7?s=96&r=g\",\"contentUrl\":\"https:\/\/secure.gravatar.com\/avatar\/ad5f2a69d252f48179a77d3cb09e1fa7?s=96&r=g\",\"caption\":\"Newchallenge\"},\"sameAs\":[\"http:\/\/www.locationencorse.eu\",\"https:\/\/www.facebook.com\/locationencorse.eu\/\"],\"url\":\"https:\/\/www.locationencorse.eu\/blog\/author\/martinenewchallenge-fr\/\"}]}<\/script>\n<!-- \/ Yoast SEO plugin. -->","yoast_head_json":{"title":"Randonn\u00e9e corse | Location en corse | Corse","robots":{"index":"index","follow":"follow","max-snippet":"max-snippet:-1","max-image-preview":"max-image-preview:large","max-video-preview":"max-video-preview:-1"},"canonical":"https:\/\/www.locationencorse.eu\/blog\/randonnees-en-corse-nord-ou-sud-quelle-region-choisir-pour-vos-plus-belles-marches\/","og_locale":"fr_FR","og_type":"article","og_title":"Randonn\u00e9e corse | Location en corse | Corse","og_description":"L&rsquo;\u00eele de Beaut\u00e9 d\u00e9ploie ses sentiers comme une invitation permanente \u00e0 l&rsquo;aventure p\u00e9destre. Des cr\u00eates vertigineuses du Cap Corse aux aiguilles de Bavella, des for\u00eats de pins laricio de la Restonica aux plages secr\u00e8tes du d\u00e9sert des Agriates, la Corse &hellip; Continuer la lecture &rarr;","og_url":"https:\/\/www.locationencorse.eu\/blog\/randonnees-en-corse-nord-ou-sud-quelle-region-choisir-pour-vos-plus-belles-marches\/","og_site_name":"La Corse","article_author":"https:\/\/www.facebook.com\/locationencorse.eu\/","article_published_time":"2025-12-07T17:30:52+00:00","article_modified_time":"2026-04-12T17:51:01+00:00","og_image":[{"width":831,"height":462,"url":"https:\/\/www.locationencorse.eu\/blog\/wp-content\/uploads\/2025\/12\/7-le-lac-de-Capitello-.jpg","type":"image\/jpeg"}],"author":"Newchallenge","twitter_misc":{"\u00c9crit par":"Newchallenge","Dur\u00e9e de lecture estim\u00e9e":"14 minutes"},"schema":{"@context":"https:\/\/schema.org","@graph":[{"@type":"WebPage","@id":"https:\/\/www.locationencorse.eu\/blog\/randonnees-en-corse-nord-ou-sud-quelle-region-choisir-pour-vos-plus-belles-marches\/","url":"https:\/\/www.locationencorse.eu\/blog\/randonnees-en-corse-nord-ou-sud-quelle-region-choisir-pour-vos-plus-belles-marches\/","name":"Randonn\u00e9e corse | Location en corse | Corse","isPartOf":{"@id":"https:\/\/www.locationencorse.eu\/blog\/#website"},"datePublished":"2025-12-07T17:30:52+00:00","dateModified":"2026-04-12T17:51:01+00:00","author":{"@id":"https:\/\/www.locationencorse.eu\/blog\/#\/schema\/person\/4aa76a779067073b7500fdabe0a4a51c"},"breadcrumb":{"@id":"https:\/\/www.locationencorse.eu\/blog\/randonnees-en-corse-nord-ou-sud-quelle-region-choisir-pour-vos-plus-belles-marches\/#breadcrumb"},"inLanguage":"fr-FR","potentialAction":[{"@type":"ReadAction","target":["https:\/\/www.locationencorse.eu\/blog\/randonnees-en-corse-nord-ou-sud-quelle-region-choisir-pour-vos-plus-belles-marches\/"]}]},{"@type":"BreadcrumbList","@id":"https:\/\/www.locationencorse.eu\/blog\/randonnees-en-corse-nord-ou-sud-quelle-region-choisir-pour-vos-plus-belles-marches\/#breadcrumb","itemListElement":[{"@type":"ListItem","position":1,"name":"Accueil","item":"https:\/\/www.locationencorse.eu\/blog\/"},{"@type":"ListItem","position":2,"name":"Randonn\u00e9es en Corse, nord ou sud, quelle r\u00e9gion choisir pour vos plus belles marches ?"}]},{"@type":"WebSite","@id":"https:\/\/www.locationencorse.eu\/blog\/#website","url":"https:\/\/www.locationencorse.eu\/blog\/","name":"La Corse","description":"Vacances en Corse sur \u00cele de beaut\u00e9","potentialAction":[{"@type":"SearchAction","target":{"@type":"EntryPoint","urlTemplate":"https:\/\/www.locationencorse.eu\/blog\/?s={search_term_string}"},"query-input":"required name=search_term_string"}],"inLanguage":"fr-FR"},{"@type":"Person","@id":"https:\/\/www.locationencorse.eu\/blog\/#\/schema\/person\/4aa76a779067073b7500fdabe0a4a51c","name":"Newchallenge","image":{"@type":"ImageObject","inLanguage":"fr-FR","@id":"https:\/\/www.locationencorse.eu\/blog\/#\/schema\/person\/image\/","url":"https:\/\/secure.gravatar.com\/avatar\/ad5f2a69d252f48179a77d3cb09e1fa7?s=96&r=g","contentUrl":"https:\/\/secure.gravatar.com\/avatar\/ad5f2a69d252f48179a77d3cb09e1fa7?s=96&r=g","caption":"Newchallenge"},"sameAs":["http:\/\/www.locationencorse.eu","https:\/\/www.facebook.com\/locationencorse.eu\/"],"url":"https:\/\/www.locationencorse.eu\/blog\/author\/martinenewchallenge-fr\/"}]}},"jetpack_featured_media_url":"https:\/\/www.locationencorse.eu\/blog\/wp-content\/uploads\/2025\/12\/7-le-lac-de-Capitello-.jpg","_links":{"self":[{"href":"https:\/\/www.locationencorse.eu\/blog\/wp-json\/wp\/v2\/posts\/9781"}],"collection":[{"href":"https:\/\/www.locationencorse.eu\/blog\/wp-json\/wp\/v2\/posts"}],"about":[{"href":"https:\/\/www.locationencorse.eu\/blog\/wp-json\/wp\/v2\/types\/post"}],"author":[{"embeddable":true,"href":"https:\/\/www.locationencorse.eu\/blog\/wp-json\/wp\/v2\/users\/2"}],"replies":[{"embeddable":true,"href":"https:\/\/www.locationencorse.eu\/blog\/wp-json\/wp\/v2\/comments?post=9781"}],"version-history":[{"count":7,"href":"https:\/\/www.locationencorse.eu\/blog\/wp-json\/wp\/v2\/posts\/9781\/revisions"}],"predecessor-version":[{"id":10328,"href":"https:\/\/www.locationencorse.eu\/blog\/wp-json\/wp\/v2\/posts\/9781\/revisions\/10328"}],"wp:featuredmedia":[{"embeddable":true,"href":"https:\/\/www.locationencorse.eu\/blog\/wp-json\/wp\/v2\/media\/9789"}],"wp:attachment":[{"href":"https:\/\/www.locationencorse.eu\/blog\/wp-json\/wp\/v2\/media?parent=9781"}],"wp:term":[{"taxonomy":"category","embeddable":true,"href":"https:\/\/www.locationencorse.eu\/blog\/wp-json\/wp\/v2\/categories?post=9781"},{"taxonomy":"post_tag","embeddable":true,"href":"https:\/\/www.locationencorse.eu\/blog\/wp-json\/wp\/v2\/tags?post=9781"}],"curies":[{"name":"wp","href":"https:\/\/api.w.org\/{rel}","templated":true}]}}