{"id":93,"date":"2014-01-10T22:05:01","date_gmt":"2014-01-10T21:05:01","guid":{"rendered":"http:\/\/www.locationencorse.eu\/blog\/?p=93"},"modified":"2020-02-25T09:37:20","modified_gmt":"2020-02-25T08:37:20","slug":"la-route-des-artisans","status":"publish","type":"post","link":"https:\/\/www.locationencorse.eu\/blog\/la-route-des-artisans\/","title":{"rendered":"La route des artisans"},"content":{"rendered":"<p style=\"text-align: left;\">La route des artisans en haute Corse:<br \/>\n25 &#8211; <strong><a title=\"atelier codolina\" href=\"http:\/\/www.locationencorse.eu\/activites\/santa-reparata-di-balagna\/atelier-de-ceramique-d-art-codolina-a-santa-reparata-di-balagna-en-corse-150\" target=\"_blank\" rel=\"noopener\">Atelier \u00abCodolina\u00bb<\/a> C\u00e9ramique d\u2019art<\/strong>: Ouvert toute l\u2019ann\u00e9e, de 10h \u00e0 19h du lundi au vendredi. Hors saison, il est conseill\u00e9 de prendre rendez-vous.<br \/>\nC\u00e9ramique artistique, d\u00e9corative ou utilitaire en gr\u00e8s et Raku : vases, coffrets, lampes et vaisselle. Pi\u00e8ces uniques sculpt\u00e9es : animaux, nus, statuettes et bas-reliefs.<\/p>\n<p style=\"text-align: left;\">19 &#8211; <strong><a title=\"cera volta\" href=\"http:\/\/www.locationencorse.eu\/activites\/monticello\/-c-era-una-volta-decoration-d-interieur-artisanat-fabrique-en-corse--en-corse-136\">C&rsquo;era una volta<\/a> <\/strong>: Pierre, M\u00e9tal &amp; Bois Flott\u00e9. Ouvert toute l&rsquo;ann\u00e9e mais il est conseill\u00e9 de t\u00e9l\u00e9phoner. Fabrication d&rsquo;objets d\u00e9co en pierres et bois flott\u00e9s de Corse : luminaires, cadres photos, miroirs, bougeoirs&#8230; (livraison et exp\u00e9ditions).<\/p>\n<p>Afin de suivre le chemin des artisans dans toute la Corse vous pouvez proc\u00e9der \u00e0 une <a href=\"https:\/\/corsicarentvans.fr\">location de van am\u00e9nag\u00e9<\/a> qui vous permettra d&rsquo;aller d&rsquo;atelier en atelier afin de d\u00e9couvrir la richesse artisanale Corse en toute libert\u00e9 qu&rsquo;apportent les vans.<\/p>\n<p><a href=\"http:\/\/www.locationencorse.eu\/blog\/wp-content\/uploads\/2014\/01\/laroute-des-artisans.jpg\" target=\"_blank\" rel=\"noopener\" data-rel=\"lightbox-image-0\" data-rl_title=\"\" data-rl_caption=\"\"><img decoding=\"async\" loading=\"lazy\" class=\"wp-image-94 size-medium aligncenter\" title=\"\" src=\"http:\/\/www.locationencorse.eu\/blog\/wp-content\/uploads\/2014\/01\/laroute-des-artisans-400x266.jpg\" alt=\"laroute des artisans\" width=\"400\" height=\"266\" srcset=\"https:\/\/www.locationencorse.eu\/blog\/wp-content\/uploads\/2014\/01\/laroute-des-artisans-400x266.jpg 400w, https:\/\/www.locationencorse.eu\/blog\/wp-content\/uploads\/2014\/01\/laroute-des-artisans-1024x681.jpg 1024w, https:\/\/www.locationencorse.eu\/blog\/wp-content\/uploads\/2014\/01\/laroute-des-artisans.jpg 1188w\" sizes=\"(max-width: 400px) 100vw, 400px\" \/><\/a><\/p>\n<!-- AddThis Advanced Settings generic via filter on the_content --><!-- AddThis Share Buttons generic via filter on the_content -->","protected":false},"excerpt":{"rendered":"<p>La route des artisans en haute Corse: 25 &#8211; Atelier \u00abCodolina\u00bb C\u00e9ramique d\u2019art: Ouvert toute l\u2019ann\u00e9e, de 10h \u00e0 19h du lundi au vendredi. Hors saison, il est conseill\u00e9 de prendre rendez-vous. C\u00e9ramique artistique, d\u00e9corative ou utilitaire en gr\u00e8s et &hellip; <a href=\"https:\/\/www.locationencorse.eu\/blog\/la-route-des-artisans\/\">Continuer la lecture <span class=\"meta-nav\">&rarr;<\/span><\/a><!-- AddThis Advanced Settings generic via filter on get_the_excerpt --><!-- AddThis Share Buttons generic via filter on get_the_excerpt --><\/p>\n","protected":false},"author":2,"featured_media":0,"comment_status":"open","ping_status":"open","sticky":false,"template":"","format":"image","meta":{"_mi_skip_tracking":false,"_monsterinsights_sitenote_active":false,"_monsterinsights_sitenote_note":"","_monsterinsights_sitenote_category":0,"ngg_post_thumbnail":0,"footnotes":""},"categories":[176,8],"tags":[11],"yoast_head":"<!-- This site is optimized with the Yoast SEO plugin v21.1 - https:\/\/yoast.com\/wordpress\/plugins\/seo\/ -->\n<title>La route des artisans en Corse en louant un van am\u00e9nag\u00e9<\/title>\n<meta name=\"description\" content=\"La route des artisans en Corse est une promenade en suivant les boutiques et ateliers des artisans. Vous pouvez louer un van am\u00e9nag\u00e9 en Corse pour la balade\" \/>\n<meta name=\"robots\" content=\"index, follow, max-snippet:-1, max-image-preview:large, max-video-preview:-1\" \/>\n<link rel=\"canonical\" href=\"https:\/\/www.locationencorse.eu\/blog\/la-route-des-artisans\/\" \/>\n<meta property=\"og:locale\" content=\"fr_FR\" \/>\n<meta property=\"og:type\" content=\"article\" \/>\n<meta property=\"og:title\" content=\"La route des artisans en Corse en louant un van am\u00e9nag\u00e9\" \/>\n<meta property=\"og:description\" content=\"La route des artisans en Corse est une promenade en suivant les boutiques et ateliers des artisans. Vous pouvez louer un van am\u00e9nag\u00e9 en Corse pour la balade\" \/>\n<meta property=\"og:url\" content=\"https:\/\/www.locationencorse.eu\/blog\/la-route-des-artisans\/\" \/>\n<meta property=\"og:site_name\" content=\"La Corse\" \/>\n<meta property=\"article:author\" content=\"https:\/\/www.facebook.com\/locationencorse.eu\/\" \/>\n<meta property=\"article:published_time\" content=\"2014-01-10T21:05:01+00:00\" \/>\n<meta property=\"article:modified_time\" content=\"2020-02-25T08:37:20+00:00\" \/>\n<meta property=\"og:image\" content=\"http:\/\/www.locationencorse.eu\/blog\/wp-content\/uploads\/2014\/01\/laroute-des-artisans-400x266.jpg\" \/>\n<meta name=\"author\" content=\"Newchallenge\" \/>\n<meta name=\"twitter:label1\" content=\"\u00c9crit par\" \/>\n\t<meta name=\"twitter:data1\" content=\"Newchallenge\" \/>\n\t<meta name=\"twitter:label2\" content=\"Dur\u00e9e de lecture estim\u00e9e\" \/>\n\t<meta name=\"twitter:data2\" content=\"1 minute\" \/>\n<script type=\"application\/ld+json\" class=\"yoast-schema-graph\">{\"@context\":\"https:\/\/schema.org\",\"@graph\":[{\"@type\":\"WebPage\",\"@id\":\"https:\/\/www.locationencorse.eu\/blog\/la-route-des-artisans\/\",\"url\":\"https:\/\/www.locationencorse.eu\/blog\/la-route-des-artisans\/\",\"name\":\"La route des artisans en Corse en louant un van am\u00e9nag\u00e9\",\"isPartOf\":{\"@id\":\"https:\/\/www.locationencorse.eu\/blog\/#website\"},\"datePublished\":\"2014-01-10T21:05:01+00:00\",\"dateModified\":\"2020-02-25T08:37:20+00:00\",\"author\":{\"@id\":\"https:\/\/www.locationencorse.eu\/blog\/#\/schema\/person\/4aa76a779067073b7500fdabe0a4a51c\"},\"description\":\"La route des artisans en Corse est une promenade en suivant les boutiques et ateliers des artisans. Vous pouvez louer un van am\u00e9nag\u00e9 en Corse pour la balade\",\"breadcrumb\":{\"@id\":\"https:\/\/www.locationencorse.eu\/blog\/la-route-des-artisans\/#breadcrumb\"},\"inLanguage\":\"fr-FR\",\"potentialAction\":[{\"@type\":\"ReadAction\",\"target\":[\"https:\/\/www.locationencorse.eu\/blog\/la-route-des-artisans\/\"]}]},{\"@type\":\"BreadcrumbList\",\"@id\":\"https:\/\/www.locationencorse.eu\/blog\/la-route-des-artisans\/#breadcrumb\",\"itemListElement\":[{\"@type\":\"ListItem\",\"position\":1,\"name\":\"Accueil\",\"item\":\"https:\/\/www.locationencorse.eu\/blog\/\"},{\"@type\":\"ListItem\",\"position\":2,\"name\":\"La route des artisans\"}]},{\"@type\":\"WebSite\",\"@id\":\"https:\/\/www.locationencorse.eu\/blog\/#website\",\"url\":\"https:\/\/www.locationencorse.eu\/blog\/\",\"name\":\"La Corse\",\"description\":\"Vacances en Corse sur \u00cele de beaut\u00e9\",\"potentialAction\":[{\"@type\":\"SearchAction\",\"target\":{\"@type\":\"EntryPoint\",\"urlTemplate\":\"https:\/\/www.locationencorse.eu\/blog\/?s={search_term_string}\"},\"query-input\":\"required name=search_term_string\"}],\"inLanguage\":\"fr-FR\"},{\"@type\":\"Person\",\"@id\":\"https:\/\/www.locationencorse.eu\/blog\/#\/schema\/person\/4aa76a779067073b7500fdabe0a4a51c\",\"name\":\"Newchallenge\",\"image\":{\"@type\":\"ImageObject\",\"inLanguage\":\"fr-FR\",\"@id\":\"https:\/\/www.locationencorse.eu\/blog\/#\/schema\/person\/image\/\",\"url\":\"https:\/\/secure.gravatar.com\/avatar\/ad5f2a69d252f48179a77d3cb09e1fa7?s=96&r=g\",\"contentUrl\":\"https:\/\/secure.gravatar.com\/avatar\/ad5f2a69d252f48179a77d3cb09e1fa7?s=96&r=g\",\"caption\":\"Newchallenge\"},\"sameAs\":[\"http:\/\/www.locationencorse.eu\",\"https:\/\/www.facebook.com\/locationencorse.eu\/\"],\"url\":\"https:\/\/www.locationencorse.eu\/blog\/author\/martinenewchallenge-fr\/\"}]}<\/script>\n<!-- \/ Yoast SEO plugin. -->","yoast_head_json":{"title":"La route des artisans en Corse en louant un van am\u00e9nag\u00e9","description":"La route des artisans en Corse est une promenade en suivant les boutiques et ateliers des artisans. Vous pouvez louer un van am\u00e9nag\u00e9 en Corse pour la balade","robots":{"index":"index","follow":"follow","max-snippet":"max-snippet:-1","max-image-preview":"max-image-preview:large","max-video-preview":"max-video-preview:-1"},"canonical":"https:\/\/www.locationencorse.eu\/blog\/la-route-des-artisans\/","og_locale":"fr_FR","og_type":"article","og_title":"La route des artisans en Corse en louant un van am\u00e9nag\u00e9","og_description":"La route des artisans en Corse est une promenade en suivant les boutiques et ateliers des artisans. Vous pouvez louer un van am\u00e9nag\u00e9 en Corse pour la balade","og_url":"https:\/\/www.locationencorse.eu\/blog\/la-route-des-artisans\/","og_site_name":"La Corse","article_author":"https:\/\/www.facebook.com\/locationencorse.eu\/","article_published_time":"2014-01-10T21:05:01+00:00","article_modified_time":"2020-02-25T08:37:20+00:00","og_image":[{"url":"http:\/\/www.locationencorse.eu\/blog\/wp-content\/uploads\/2014\/01\/laroute-des-artisans-400x266.jpg"}],"author":"Newchallenge","twitter_misc":{"\u00c9crit par":"Newchallenge","Dur\u00e9e de lecture estim\u00e9e":"1 minute"},"schema":{"@context":"https:\/\/schema.org","@graph":[{"@type":"WebPage","@id":"https:\/\/www.locationencorse.eu\/blog\/la-route-des-artisans\/","url":"https:\/\/www.locationencorse.eu\/blog\/la-route-des-artisans\/","name":"La route des artisans en Corse en louant un van am\u00e9nag\u00e9","isPartOf":{"@id":"https:\/\/www.locationencorse.eu\/blog\/#website"},"datePublished":"2014-01-10T21:05:01+00:00","dateModified":"2020-02-25T08:37:20+00:00","author":{"@id":"https:\/\/www.locationencorse.eu\/blog\/#\/schema\/person\/4aa76a779067073b7500fdabe0a4a51c"},"description":"La route des artisans en Corse est une promenade en suivant les boutiques et ateliers des artisans. Vous pouvez louer un van am\u00e9nag\u00e9 en Corse pour la balade","breadcrumb":{"@id":"https:\/\/www.locationencorse.eu\/blog\/la-route-des-artisans\/#breadcrumb"},"inLanguage":"fr-FR","potentialAction":[{"@type":"ReadAction","target":["https:\/\/www.locationencorse.eu\/blog\/la-route-des-artisans\/"]}]},{"@type":"BreadcrumbList","@id":"https:\/\/www.locationencorse.eu\/blog\/la-route-des-artisans\/#breadcrumb","itemListElement":[{"@type":"ListItem","position":1,"name":"Accueil","item":"https:\/\/www.locationencorse.eu\/blog\/"},{"@type":"ListItem","position":2,"name":"La route des artisans"}]},{"@type":"WebSite","@id":"https:\/\/www.locationencorse.eu\/blog\/#website","url":"https:\/\/www.locationencorse.eu\/blog\/","name":"La Corse","description":"Vacances en Corse sur \u00cele de beaut\u00e9","potentialAction":[{"@type":"SearchAction","target":{"@type":"EntryPoint","urlTemplate":"https:\/\/www.locationencorse.eu\/blog\/?s={search_term_string}"},"query-input":"required name=search_term_string"}],"inLanguage":"fr-FR"},{"@type":"Person","@id":"https:\/\/www.locationencorse.eu\/blog\/#\/schema\/person\/4aa76a779067073b7500fdabe0a4a51c","name":"Newchallenge","image":{"@type":"ImageObject","inLanguage":"fr-FR","@id":"https:\/\/www.locationencorse.eu\/blog\/#\/schema\/person\/image\/","url":"https:\/\/secure.gravatar.com\/avatar\/ad5f2a69d252f48179a77d3cb09e1fa7?s=96&r=g","contentUrl":"https:\/\/secure.gravatar.com\/avatar\/ad5f2a69d252f48179a77d3cb09e1fa7?s=96&r=g","caption":"Newchallenge"},"sameAs":["http:\/\/www.locationencorse.eu","https:\/\/www.facebook.com\/locationencorse.eu\/"],"url":"https:\/\/www.locationencorse.eu\/blog\/author\/martinenewchallenge-fr\/"}]}},"jetpack_featured_media_url":"","_links":{"self":[{"href":"https:\/\/www.locationencorse.eu\/blog\/wp-json\/wp\/v2\/posts\/93"}],"collection":[{"href":"https:\/\/www.locationencorse.eu\/blog\/wp-json\/wp\/v2\/posts"}],"about":[{"href":"https:\/\/www.locationencorse.eu\/blog\/wp-json\/wp\/v2\/types\/post"}],"author":[{"embeddable":true,"href":"https:\/\/www.locationencorse.eu\/blog\/wp-json\/wp\/v2\/users\/2"}],"replies":[{"embeddable":true,"href":"https:\/\/www.locationencorse.eu\/blog\/wp-json\/wp\/v2\/comments?post=93"}],"version-history":[{"count":10,"href":"https:\/\/www.locationencorse.eu\/blog\/wp-json\/wp\/v2\/posts\/93\/revisions"}],"predecessor-version":[{"id":7368,"href":"https:\/\/www.locationencorse.eu\/blog\/wp-json\/wp\/v2\/posts\/93\/revisions\/7368"}],"wp:attachment":[{"href":"https:\/\/www.locationencorse.eu\/blog\/wp-json\/wp\/v2\/media?parent=93"}],"wp:term":[{"taxonomy":"category","embeddable":true,"href":"https:\/\/www.locationencorse.eu\/blog\/wp-json\/wp\/v2\/categories?post=93"},{"taxonomy":"post_tag","embeddable":true,"href":"https:\/\/www.locationencorse.eu\/blog\/wp-json\/wp\/v2\/tags?post=93"}],"curies":[{"name":"wp","href":"https:\/\/api.w.org\/{rel}","templated":true}]}}