{"id":7154,"date":"2017-05-20T12:28:21","date_gmt":"2017-05-20T10:28:21","guid":{"rendered":"http:\/\/www.locationencorse.eu\/blog\/?p=7154"},"modified":"2023-09-15T15:37:03","modified_gmt":"2023-09-15T13:37:03","slug":"petit-encas-mode-corse-apres-plage","status":"publish","type":"post","link":"https:\/\/www.locationencorse.eu\/blog\/petit-encas-mode-corse-apres-plage\/","title":{"rendered":"Un petit encas mode corse apr\u00e8s la plage"},"content":{"rendered":"<h1>Encas mode corse<\/h1>\n<p>Une petite faim apr\u00e8s la plage? un <a href=\"https:\/\/www.terradicatoni.com\">petit encas mode Corse<\/a> vous tente?<\/p>\n<p>Temps de pr\u00e9paration : 10 minutes. Temps de cuisson : 10 minutes.<\/p>\n<p><a href=\"http:\/\/www.locationencorse.eu\/blog\/wp-content\/uploads\/2017\/05\/Prissuttu-et-fromage-corse.jpg\" data-rel=\"lightbox-image-0\" data-rl_title=\"\" data-rl_caption=\"\"><img decoding=\"async\" loading=\"lazy\" class=\"aligncenter wp-image-7157 size-full\" title=\"\" src=\"https:\/\/www.locationencorse.eu\/blog\/wp-content\/uploads\/2017\/05\/Prissuttu-et-fromage-corse.jpg\" alt=\"Encas mode corse fromage et prizuttu\" width=\"800\" height=\"300\" srcset=\"https:\/\/www.locationencorse.eu\/blog\/wp-content\/uploads\/2017\/05\/Prissuttu-et-fromage-corse.jpg 800w, https:\/\/www.locationencorse.eu\/blog\/wp-content\/uploads\/2017\/05\/Prissuttu-et-fromage-corse-400x150.jpg 400w, https:\/\/www.locationencorse.eu\/blog\/wp-content\/uploads\/2017\/05\/Prissuttu-et-fromage-corse-768x288.jpg 768w\" sizes=\"(max-width: 800px) 100vw, 800px\" \/><\/a><\/p>\n<h4>&nbsp;Ingr\u00e9dients (pour 2 personnes) :<\/h4>\n<p>&#8211; Du fromage de ch\u00e8vre ou de brebis frais<\/p>\n<p>&#8211; 4 tranches de pain de campagne ou aux c\u00e9r\u00e9ales ou \u00e0 la farine de ch\u00e2taigne.<\/p>\n<p>&#8211; 1 cuill\u00e8re \u00e0 soupe de miel de pr\u00e9f\u00e9rence Corse<\/p>\n<p>&#8211; quelques cerneaux de noix concass\u00e9s<\/p>\n<p>&nbsp;&#8211; un filet d\u2019huile de noix<\/p>\n<p>&#8211; 2 \u00e0 4 tranches de Prisuttu (Jambon sec de Corse Le \u00ab&nbsp;Prisuttu&nbsp;\u00bb se caract\u00e9rise par un bouquet aromatique riche, une saveur douce au go\u00fbt de noisette et une texture plut\u00f4t ferme et onctueuse)<\/p>\n<p>&nbsp;Pr\u00e9paration de la recette :<\/p>\n<p>&nbsp;Couper quatre tranches de pain.<\/p>\n<p>&nbsp;D\u00e9poser le Prisuttu et les lamelles de fromage frais de ch\u00e8vre ou de brebis. Parsemer de noix, et verser ensuite un filet d&rsquo;huile de noix.<\/p>\n<p>&nbsp;Enfourner pendant 10 min, \u00e0 180\u00b0C (thermostat 6); et 30 secondes environ avant la fin, verser un g\u00e9n\u00e9reux filet de miel sur les tartines. Id\u00e9al et rapide pour un repas du soir apr\u00e8s la plage, &nbsp;accompagn\u00e9 d\u2019une bonne salade verte. Ou petites tartines \u00e0 l&rsquo;ap\u00e9ro entre amis.<\/p>\n<h4>Recette du pain \u00e0 la ch\u00e2taigne.<\/h4>\n<p>Voir la recette sur ce site&nbsp;la toque de travers ou recette ci-dessous<\/p>\n<p><a href=\"http:\/\/www.locationencorse.eu\/blog\/wp-content\/uploads\/2017\/05\/pain.jpg\" rel=\"Encas mode corse le pain\" data-rel=\"lightbox-image-1\" data-rl_title=\"\" data-rl_caption=\"\" title=\"\"><img decoding=\"async\" loading=\"lazy\" class=\"aligncenter wp-image-7158 size-full\" src=\"https:\/\/www.locationencorse.eu\/blog\/wp-content\/uploads\/2017\/05\/pain.jpg\" alt=\"pain pour Encas mode corse\" width=\"800\" height=\"517\" srcset=\"https:\/\/www.locationencorse.eu\/blog\/wp-content\/uploads\/2017\/05\/pain.jpg 800w, https:\/\/www.locationencorse.eu\/blog\/wp-content\/uploads\/2017\/05\/pain-400x259.jpg 400w, https:\/\/www.locationencorse.eu\/blog\/wp-content\/uploads\/2017\/05\/pain-768x496.jpg 768w\" sizes=\"(max-width: 800px) 100vw, 800px\" \/><\/a><\/p>\n<p>Placer dans la cuve de la MAP, dans l&rsquo;ordre habituel :<\/p>\n<p>2 cc de levure s\u00e8che<\/p>\n<p>350g de farine T55 ou T65<\/p>\n<p>100g de farine de ch\u00e2taigne<\/p>\n<p>1 cs d&rsquo;huile<\/p>\n<p>1,5 cc de sel<\/p>\n<p>1 cc de sucre<\/p>\n<p>290 ml d&rsquo;eau<\/p>\n<p>Lancer le programme \u00ab\u00a0pizza\u00a0\u00bb, et laisser lever une trentaine de minutes apr\u00e8s la fin du programme.<\/p>\n<p>Sortir le p\u00e2ton de la cuve, le d\u00e9gazer (deux trois coups bien plac\u00e9s du plat de la main), puis mettre en forme, et placer sur une plaque de four farin\u00e9e.<\/p>\n<p>Taillader la surface \u00e0 l&rsquo;aide d&rsquo;une lame de rasoir.<\/p>\n<p>Couvrir d&rsquo;un linge, et laisser gonfler 30 \u00e0 45 mn.<\/p>\n<p>Badigeonner d&rsquo;eau sal\u00e9e, et enfourner \u00e0 205\u00b0C.<\/p>\n<p>Ne pas oublier le \u00ab\u00a0coup de bu\u00e9e\u00a0\u00bb*, et laisser cuire jusqu&rsquo;\u00e0 20 \u00e0 30 mn.<\/p>\n<p>&nbsp;<\/p>\n<p>Pour profiter de toutes ces bonnes recettes, pr\u00e9parez vos vacances en <a href=\"https:\/\/www.locationencorse.eu\">Corse<\/a> sur le portail<\/p>\n<!-- AddThis Advanced Settings generic via filter on the_content --><!-- AddThis Share Buttons generic via filter on the_content -->","protected":false},"excerpt":{"rendered":"<p>Encas mode corse Une petite faim apr\u00e8s la plage? un petit encas mode Corse vous tente? Temps de pr\u00e9paration : 10 minutes. Temps de cuisson : 10 minutes. &nbsp;Ingr\u00e9dients (pour 2 personnes) : &#8211; Du fromage de ch\u00e8vre ou de &hellip; <a href=\"https:\/\/www.locationencorse.eu\/blog\/petit-encas-mode-corse-apres-plage\/\">Continuer la lecture <span class=\"meta-nav\">&rarr;<\/span><\/a><!-- AddThis Advanced Settings generic via filter on get_the_excerpt --><!-- AddThis Share Buttons generic via filter on get_the_excerpt --><\/p>\n","protected":false},"author":2,"featured_media":0,"comment_status":"open","ping_status":"closed","sticky":false,"template":"","format":"standard","meta":{"_mi_skip_tracking":false,"_monsterinsights_sitenote_active":false,"_monsterinsights_sitenote_note":"","_monsterinsights_sitenote_category":0,"ngg_post_thumbnail":0,"footnotes":""},"categories":[157,178,12],"tags":[],"yoast_head":"<!-- This site is optimized with the Yoast SEO plugin v21.1 - https:\/\/yoast.com\/wordpress\/plugins\/seo\/ -->\n<title>Encas mode corse apr\u00e8s la plage en vacances en Corse<\/title>\n<meta name=\"description\" content=\"Vous avez une petite faim apr\u00e8s la plage en vacances?d\u00e9couvrez un petit encas mode Corse! Temps de pr\u00e9paration seulement 10 minutes.top chrono.\" \/>\n<meta name=\"robots\" content=\"index, follow, max-snippet:-1, max-image-preview:large, max-video-preview:-1\" \/>\n<link rel=\"canonical\" href=\"https:\/\/www.locationencorse.eu\/blog\/petit-encas-mode-corse-apres-plage\/\" \/>\n<meta property=\"og:locale\" content=\"fr_FR\" \/>\n<meta property=\"og:type\" content=\"article\" \/>\n<meta property=\"og:title\" content=\"Encas mode corse apr\u00e8s la plage en vacances en Corse\" \/>\n<meta property=\"og:description\" content=\"Vous avez une petite faim apr\u00e8s la plage en vacances?d\u00e9couvrez un petit encas mode Corse! Temps de pr\u00e9paration seulement 10 minutes.top chrono.\" \/>\n<meta property=\"og:url\" content=\"https:\/\/www.locationencorse.eu\/blog\/petit-encas-mode-corse-apres-plage\/\" \/>\n<meta property=\"og:site_name\" content=\"La Corse\" \/>\n<meta property=\"article:author\" content=\"https:\/\/www.facebook.com\/locationencorse.eu\/\" \/>\n<meta property=\"article:published_time\" content=\"2017-05-20T10:28:21+00:00\" \/>\n<meta property=\"article:modified_time\" content=\"2023-09-15T13:37:03+00:00\" \/>\n<meta property=\"og:image\" content=\"https:\/\/www.locationencorse.eu\/blog\/wp-content\/uploads\/2017\/05\/Prissuttu-et-fromage-corse.jpg\" \/>\n<meta name=\"author\" content=\"Newchallenge\" \/>\n<meta name=\"twitter:label1\" content=\"\u00c9crit par\" \/>\n\t<meta name=\"twitter:data1\" content=\"Newchallenge\" \/>\n\t<meta name=\"twitter:label2\" content=\"Dur\u00e9e de lecture estim\u00e9e\" \/>\n\t<meta name=\"twitter:data2\" content=\"2 minutes\" \/>\n<script type=\"application\/ld+json\" class=\"yoast-schema-graph\">{\"@context\":\"https:\/\/schema.org\",\"@graph\":[{\"@type\":\"WebPage\",\"@id\":\"https:\/\/www.locationencorse.eu\/blog\/petit-encas-mode-corse-apres-plage\/\",\"url\":\"https:\/\/www.locationencorse.eu\/blog\/petit-encas-mode-corse-apres-plage\/\",\"name\":\"Encas mode corse apr\u00e8s la plage en vacances en Corse\",\"isPartOf\":{\"@id\":\"https:\/\/www.locationencorse.eu\/blog\/#website\"},\"datePublished\":\"2017-05-20T10:28:21+00:00\",\"dateModified\":\"2023-09-15T13:37:03+00:00\",\"author\":{\"@id\":\"https:\/\/www.locationencorse.eu\/blog\/#\/schema\/person\/4aa76a779067073b7500fdabe0a4a51c\"},\"description\":\"Vous avez une petite faim apr\u00e8s la plage en vacances?d\u00e9couvrez un petit encas mode Corse! Temps de pr\u00e9paration seulement 10 minutes.top chrono.\",\"breadcrumb\":{\"@id\":\"https:\/\/www.locationencorse.eu\/blog\/petit-encas-mode-corse-apres-plage\/#breadcrumb\"},\"inLanguage\":\"fr-FR\",\"potentialAction\":[{\"@type\":\"ReadAction\",\"target\":[\"https:\/\/www.locationencorse.eu\/blog\/petit-encas-mode-corse-apres-plage\/\"]}]},{\"@type\":\"BreadcrumbList\",\"@id\":\"https:\/\/www.locationencorse.eu\/blog\/petit-encas-mode-corse-apres-plage\/#breadcrumb\",\"itemListElement\":[{\"@type\":\"ListItem\",\"position\":1,\"name\":\"Accueil\",\"item\":\"https:\/\/www.locationencorse.eu\/blog\/\"},{\"@type\":\"ListItem\",\"position\":2,\"name\":\"Un petit encas mode corse apr\u00e8s la plage\"}]},{\"@type\":\"WebSite\",\"@id\":\"https:\/\/www.locationencorse.eu\/blog\/#website\",\"url\":\"https:\/\/www.locationencorse.eu\/blog\/\",\"name\":\"La Corse\",\"description\":\"Vacances en Corse sur \u00cele de beaut\u00e9\",\"potentialAction\":[{\"@type\":\"SearchAction\",\"target\":{\"@type\":\"EntryPoint\",\"urlTemplate\":\"https:\/\/www.locationencorse.eu\/blog\/?s={search_term_string}\"},\"query-input\":\"required name=search_term_string\"}],\"inLanguage\":\"fr-FR\"},{\"@type\":\"Person\",\"@id\":\"https:\/\/www.locationencorse.eu\/blog\/#\/schema\/person\/4aa76a779067073b7500fdabe0a4a51c\",\"name\":\"Newchallenge\",\"image\":{\"@type\":\"ImageObject\",\"inLanguage\":\"fr-FR\",\"@id\":\"https:\/\/www.locationencorse.eu\/blog\/#\/schema\/person\/image\/\",\"url\":\"https:\/\/secure.gravatar.com\/avatar\/ad5f2a69d252f48179a77d3cb09e1fa7?s=96&r=g\",\"contentUrl\":\"https:\/\/secure.gravatar.com\/avatar\/ad5f2a69d252f48179a77d3cb09e1fa7?s=96&r=g\",\"caption\":\"Newchallenge\"},\"sameAs\":[\"http:\/\/www.locationencorse.eu\",\"https:\/\/www.facebook.com\/locationencorse.eu\/\"],\"url\":\"https:\/\/www.locationencorse.eu\/blog\/author\/martinenewchallenge-fr\/\"}]}<\/script>\n<!-- \/ Yoast SEO plugin. -->","yoast_head_json":{"title":"Encas mode corse apr\u00e8s la plage en vacances en Corse","description":"Vous avez une petite faim apr\u00e8s la plage en vacances?d\u00e9couvrez un petit encas mode Corse! Temps de pr\u00e9paration seulement 10 minutes.top chrono.","robots":{"index":"index","follow":"follow","max-snippet":"max-snippet:-1","max-image-preview":"max-image-preview:large","max-video-preview":"max-video-preview:-1"},"canonical":"https:\/\/www.locationencorse.eu\/blog\/petit-encas-mode-corse-apres-plage\/","og_locale":"fr_FR","og_type":"article","og_title":"Encas mode corse apr\u00e8s la plage en vacances en Corse","og_description":"Vous avez une petite faim apr\u00e8s la plage en vacances?d\u00e9couvrez un petit encas mode Corse! Temps de pr\u00e9paration seulement 10 minutes.top chrono.","og_url":"https:\/\/www.locationencorse.eu\/blog\/petit-encas-mode-corse-apres-plage\/","og_site_name":"La Corse","article_author":"https:\/\/www.facebook.com\/locationencorse.eu\/","article_published_time":"2017-05-20T10:28:21+00:00","article_modified_time":"2023-09-15T13:37:03+00:00","og_image":[{"url":"https:\/\/www.locationencorse.eu\/blog\/wp-content\/uploads\/2017\/05\/Prissuttu-et-fromage-corse.jpg"}],"author":"Newchallenge","twitter_misc":{"\u00c9crit par":"Newchallenge","Dur\u00e9e de lecture estim\u00e9e":"2 minutes"},"schema":{"@context":"https:\/\/schema.org","@graph":[{"@type":"WebPage","@id":"https:\/\/www.locationencorse.eu\/blog\/petit-encas-mode-corse-apres-plage\/","url":"https:\/\/www.locationencorse.eu\/blog\/petit-encas-mode-corse-apres-plage\/","name":"Encas mode corse apr\u00e8s la plage en vacances en Corse","isPartOf":{"@id":"https:\/\/www.locationencorse.eu\/blog\/#website"},"datePublished":"2017-05-20T10:28:21+00:00","dateModified":"2023-09-15T13:37:03+00:00","author":{"@id":"https:\/\/www.locationencorse.eu\/blog\/#\/schema\/person\/4aa76a779067073b7500fdabe0a4a51c"},"description":"Vous avez une petite faim apr\u00e8s la plage en vacances?d\u00e9couvrez un petit encas mode Corse! Temps de pr\u00e9paration seulement 10 minutes.top chrono.","breadcrumb":{"@id":"https:\/\/www.locationencorse.eu\/blog\/petit-encas-mode-corse-apres-plage\/#breadcrumb"},"inLanguage":"fr-FR","potentialAction":[{"@type":"ReadAction","target":["https:\/\/www.locationencorse.eu\/blog\/petit-encas-mode-corse-apres-plage\/"]}]},{"@type":"BreadcrumbList","@id":"https:\/\/www.locationencorse.eu\/blog\/petit-encas-mode-corse-apres-plage\/#breadcrumb","itemListElement":[{"@type":"ListItem","position":1,"name":"Accueil","item":"https:\/\/www.locationencorse.eu\/blog\/"},{"@type":"ListItem","position":2,"name":"Un petit encas mode corse apr\u00e8s la plage"}]},{"@type":"WebSite","@id":"https:\/\/www.locationencorse.eu\/blog\/#website","url":"https:\/\/www.locationencorse.eu\/blog\/","name":"La Corse","description":"Vacances en Corse sur \u00cele de beaut\u00e9","potentialAction":[{"@type":"SearchAction","target":{"@type":"EntryPoint","urlTemplate":"https:\/\/www.locationencorse.eu\/blog\/?s={search_term_string}"},"query-input":"required name=search_term_string"}],"inLanguage":"fr-FR"},{"@type":"Person","@id":"https:\/\/www.locationencorse.eu\/blog\/#\/schema\/person\/4aa76a779067073b7500fdabe0a4a51c","name":"Newchallenge","image":{"@type":"ImageObject","inLanguage":"fr-FR","@id":"https:\/\/www.locationencorse.eu\/blog\/#\/schema\/person\/image\/","url":"https:\/\/secure.gravatar.com\/avatar\/ad5f2a69d252f48179a77d3cb09e1fa7?s=96&r=g","contentUrl":"https:\/\/secure.gravatar.com\/avatar\/ad5f2a69d252f48179a77d3cb09e1fa7?s=96&r=g","caption":"Newchallenge"},"sameAs":["http:\/\/www.locationencorse.eu","https:\/\/www.facebook.com\/locationencorse.eu\/"],"url":"https:\/\/www.locationencorse.eu\/blog\/author\/martinenewchallenge-fr\/"}]}},"jetpack_featured_media_url":"","_links":{"self":[{"href":"https:\/\/www.locationencorse.eu\/blog\/wp-json\/wp\/v2\/posts\/7154"}],"collection":[{"href":"https:\/\/www.locationencorse.eu\/blog\/wp-json\/wp\/v2\/posts"}],"about":[{"href":"https:\/\/www.locationencorse.eu\/blog\/wp-json\/wp\/v2\/types\/post"}],"author":[{"embeddable":true,"href":"https:\/\/www.locationencorse.eu\/blog\/wp-json\/wp\/v2\/users\/2"}],"replies":[{"embeddable":true,"href":"https:\/\/www.locationencorse.eu\/blog\/wp-json\/wp\/v2\/comments?post=7154"}],"version-history":[{"count":10,"href":"https:\/\/www.locationencorse.eu\/blog\/wp-json\/wp\/v2\/posts\/7154\/revisions"}],"predecessor-version":[{"id":8437,"href":"https:\/\/www.locationencorse.eu\/blog\/wp-json\/wp\/v2\/posts\/7154\/revisions\/8437"}],"wp:attachment":[{"href":"https:\/\/www.locationencorse.eu\/blog\/wp-json\/wp\/v2\/media?parent=7154"}],"wp:term":[{"taxonomy":"category","embeddable":true,"href":"https:\/\/www.locationencorse.eu\/blog\/wp-json\/wp\/v2\/categories?post=7154"},{"taxonomy":"post_tag","embeddable":true,"href":"https:\/\/www.locationencorse.eu\/blog\/wp-json\/wp\/v2\/tags?post=7154"}],"curies":[{"name":"wp","href":"https:\/\/api.w.org\/{rel}","templated":true}]}}