{"id":682,"date":"2014-01-25T09:10:55","date_gmt":"2014-01-25T08:10:55","guid":{"rendered":"http:\/\/www.locationencorse.eu\/blog\/?p=682"},"modified":"2023-09-27T14:19:49","modified_gmt":"2023-09-27T12:19:49","slug":"la-corse-promenade-cap-corse","status":"publish","type":"post","link":"https:\/\/www.locationencorse.eu\/blog\/la-corse-promenade-cap-corse\/","title":{"rendered":"La corse: petite promenade dans le Cap Corse"},"content":{"rendered":"<p><strong><span style=\"color: #ff6600;\">La corse: petite promenade dans le Cap Corse : <\/span><\/strong><\/p>\n<p>Que vous d\u00e9cidiez de voyager en Corse, \u00e0 l&rsquo;extr\u00eame sud, au centre, sur la Costa S\u00e9r\u00e9na, en Balagne, au <a href=\"https:\/\/www.amazon.fr\/Guide-Cap-Corse-Pauline-Nicoli\/dp\/B09X2Q4GH9\">Cap Corse<\/a>, chacune de vos visites vous transportera dans un pays diff\u00e9rent. Avec ses plages paradisiaques ou bien sauvages bord\u00e9es de maquis, fr\u00e9quent\u00e9es par les vaches ou les ch\u00e8vres tout aussi sauvages, ou sa c\u00f4te rebelle balay\u00e9e par les vents , avec ses for\u00eats de ch\u00e2taigner, ses rochers de granit, dignes des Seychelles, ou ses ruelles \u00e9troites qui vous m\u00e8neront en\u00a0\u00bb Italie,\u00a0\u00bb vous passerez en quelques minutes d&rsquo;un monde \u00e0 un autre. Ce voyage aura l&rsquo;avantage de vous priver de tous les inconv\u00e9nients des d\u00e9calages horaires et des probl\u00e8mes de communication car vous resterez toujours en Corse!!!!<\/p>\n<p>La mer n&rsquo;est jamais bien loin et c&rsquo;est bien ELLE la Ma\u00eetresse de ces lieux. Fa\u00e7onnant les paysages au gr\u00e9 du temps, elle vous offre une palette de couleurs dignes des mers lointaines et des lagons, couchant des arbres, isolant des lambeaux de terre cr\u00e9ant ainsi des \u00eeles, ou bien isolant une tour g\u00e9noise auparavant rattach\u00e9e \u00e0 la c\u00f4te. C&rsquo;est encore elle qui vous baignera de senteurs pr\u00e9lev\u00e9es par-ci par-l\u00e0&#8230;.C&rsquo;est d&rsquo;elle aussi&nbsp; que sont venus tous ces envahisseurs, chargeant ainsi cette \u00eele d&rsquo;histoire et de l\u00e9gendes.<\/p>\n<p>C&rsquo;est ainsi qu&rsquo;on peut dire du Cap Corse qu&rsquo;il est v\u00e9ritablement le \u00ab\u00a0Pays de la Mer\u00a0\u00bb. Pour profiter pleinement du charme de cette r\u00e9gion, pr\u00e9f\u00e9rez les bonnes chaussures de marche au confort de la voiture, vous aurez ainsi la r\u00e9compense de participer \u00e0 la pr\u00e9servation de cette c\u00f4te sauvage et authentique.<\/p>\n<p><a href=\"http:\/\/www.locationencorse.eu\/blog\/wp-content\/uploads\/2014\/01\/IMG_3004-e1417164526626.jpg\" rel=\"attachment wp-att-688\" data-rel=\"lightbox-image-0\" data-rl_title=\"\" data-rl_caption=\"\" title=\"\"><img decoding=\"async\" loading=\"lazy\" class=\"aligncenter wp-image-688 size-full\" src=\"http:\/\/www.locationencorse.eu\/blog\/wp-content\/uploads\/2014\/01\/IMG_3004-e1417164526626.jpg\" alt=\"la tour\" width=\"800\" height=\"600\"><\/a>Les sentiers balis\u00e9s ne manquent pas, ni les possibilit\u00e9s de randonn\u00e9es. Une de ces id\u00e9es consiste, apr\u00e8s avoir opt\u00e9 pour l&rsquo;incontournable&nbsp;croisi\u00e8re en bateau de 2h depuis Macinaggio (visite de la R\u00e9serve Naturelle) poursuivre par le pittoresque et inoubliable \u00ab\u00a0chemin des douaniers\u00a0\u00bb. La <em>Tour Santa Maria<\/em>, pos\u00e9e sur l&rsquo;eau telle une ruine de ch\u00e2teau hant\u00e9, vous guidera jusqu&rsquo;au charmant petit village de Centuri. Il faut compter quand m\u00eame 8h aller-retour avec la possibilit\u00e9, en vous renseignant, d&rsquo;\u00eatre r\u00e9cup\u00e9r\u00e9s \u00e0 votre retour en bateau. Prenez votre temps, quitte \u00e0 faire une halte dans un petit havre de paix, pour savourer pleinement la richesse et la beaut\u00e9 de .cette r\u00e9gion (possibilit\u00e9 d&rsquo;h\u00e9bergement en h\u00f4tel ou location) depuis la photo ci dessus, <strong>la petite maisonnette de la tour Santa Maria&nbsp;a \u00e9t\u00e9 d\u00e9molie<\/strong>.<\/p>\n<p><a href=\"http:\/\/www.locationencorse.eu\/blog\/wp-content\/uploads\/2014\/01\/tour-santa-Maria.jpg\" data-rel=\"lightbox-image-1\" data-rl_title=\"\" data-rl_caption=\"\" title=\"\"><img decoding=\"async\" loading=\"lazy\" class=\"aligncenter size-full wp-image-5740\" src=\"http:\/\/www.locationencorse.eu\/blog\/wp-content\/uploads\/2014\/01\/tour-santa-Maria.jpg\" alt=\"tour santa Maria\" width=\"800\" height=\"600\" srcset=\"https:\/\/www.locationencorse.eu\/blog\/wp-content\/uploads\/2014\/01\/tour-santa-Maria.jpg 800w, https:\/\/www.locationencorse.eu\/blog\/wp-content\/uploads\/2014\/01\/tour-santa-Maria-400x300.jpg 400w\" sizes=\"(max-width: 800px) 100vw, 800px\" \/><\/a><\/p>\n<p>Si vous pr\u00e9f\u00e9rez admirer ruines et tours de plus pr\u00e8s, optez pour le \u00ab\u00a0chemin de l&rsquo;Antiquit\u00e9\u00a0\u00bb. Au d\u00e9part de la RD180, apr\u00e8s avoir laiss\u00e9 le hameau d&rsquo;A Piazza, prenez la direction du col de Ste Lucie. Arriv\u00e9s au panneau \u00ab\u00a0Funtuna di u Sorbu\u00a0\u00bb, comptez 2h de marche balis\u00e9e pour arriver au pied des tours g\u00eanoises magnifiques et sur les ruines d&rsquo;un ancien couvent. Ne craignez pas de vous \u00e9garer. Apr\u00e8s avoir effectu\u00e9 une boucle, ce sentier vous ram\u00e8nera \u00e0 la fontaine.<\/p>\n<p>Dans cette r\u00e9gion du Cap Corse, vous d\u00e9couvrirez ces Tours G\u00eanoises, particularit\u00e9 de cette \u00eele, gardiennes de la mer, garantes de la s\u00e9curit\u00e9 des habitants. A l&rsquo;\u00e9poque de leur construction, c&rsquo;est G\u00eane qui ordonna et finan\u00e7a leur construction avec l&rsquo;aide des villageois des alentours.<\/p>\n<p>Et enfin une autre possibilit\u00e9 de randonn\u00e9e ,avec vue imprenable sur la mer du haut des cr\u00eates durant une bonne partie de ces 5h30 de marche environ, vous est offerte si vous optez pour la d\u00e9couverte de sites magnifiques. Prenez le sentier en partant du hameau \u00ab\u00a0U Fenu\u00a0\u00bb (Luri); il passe par le rocher du Pinzu et vous m\u00e8nera \u00e0 la d\u00e9couverte d&rsquo;une balade charg\u00e9e d&rsquo;histoire dont celle de la Tour de S\u00e9n\u00e8que.<\/p>\n<p>Pour profiter pleinement de la mer une petite maison de <a title=\"location canari\" href=\"http:\/\/www.locationencorse.eu\/locations\/canari\/location-maison-gite-en-corse-57\">location \u00e0 Canari<\/a>, situ\u00e9e \u00e0 20 m\u00e8tres de la mer, id\u00e9ale pour les amateurs de p\u00e8che.<\/p>\n<p><a href=\"http:\/\/www.locationencorse.eu\/blog\/wp-content\/uploads\/2014\/01\/canari2-e1417164903253.jpg\" rel=\"attachment wp-att-702\" data-rel=\"lightbox-image-2\" data-rl_title=\"\" data-rl_caption=\"\" title=\"\"><img decoding=\"async\" loading=\"lazy\" class=\"wp-image-702 size-full aligncenter\" src=\"http:\/\/www.locationencorse.eu\/blog\/wp-content\/uploads\/2014\/01\/canari2-e1417164903253.jpg\" alt=\"location canari\" width=\"680\" height=\"439\"><\/a>Ou un joli g\u00eete \u00e0 Luri petit ville du cap corse&nbsp; pour vos vacances en corse, et visiter le Cap<\/p>\n<p><a href=\"http:\/\/www.locationencorse.eu\/blog\/wp-content\/uploads\/2014\/01\/luri.jpg\" rel=\"attachment wp-att-701\" data-rel=\"lightbox-image-3\" data-rl_title=\"\" data-rl_caption=\"\" title=\"\"><img decoding=\"async\" loading=\"lazy\" class=\"aligncenter wp-image-701 size-full\" src=\"http:\/\/www.locationencorse.eu\/blog\/wp-content\/uploads\/2014\/01\/luri.jpg\" alt=\"luri\" width=\"680\" height=\"510\" srcset=\"https:\/\/www.locationencorse.eu\/blog\/wp-content\/uploads\/2014\/01\/luri.jpg 680w, https:\/\/www.locationencorse.eu\/blog\/wp-content\/uploads\/2014\/01\/luri-400x300.jpg 400w\" sizes=\"(max-width: 680px) 100vw, 680px\" \/><\/a><br \/>\nAutres photos du Cap Corse<\/p>\n<p><a href=\"http:\/\/www.locationencorse.eu\/blog\/wp-content\/uploads\/2014\/01\/IMG_3037.jpg\" data-rel=\"lightbox-image-4\" data-rl_title=\"\" data-rl_caption=\"\" title=\"\"><img decoding=\"async\" loading=\"lazy\" class=\"aligncenter size-full wp-image-690\" src=\"http:\/\/www.locationencorse.eu\/blog\/wp-content\/uploads\/2014\/01\/IMG_3037.jpg\" alt=\"cap corse\" width=\"800\" height=\"600\" srcset=\"https:\/\/www.locationencorse.eu\/blog\/wp-content\/uploads\/2014\/01\/IMG_3037.jpg 800w, https:\/\/www.locationencorse.eu\/blog\/wp-content\/uploads\/2014\/01\/IMG_3037-400x300.jpg 400w\" sizes=\"(max-width: 800px) 100vw, 800px\" \/><\/a><\/p>\n<p><a href=\"http:\/\/www.locationencorse.eu\/blog\/wp-content\/uploads\/2014\/01\/IMG_3040.jpg\" data-rel=\"lightbox-image-5\" data-rl_title=\"\" data-rl_caption=\"\" title=\"\"><img decoding=\"async\" loading=\"lazy\" class=\"aligncenter size-full wp-image-691\" src=\"http:\/\/www.locationencorse.eu\/blog\/wp-content\/uploads\/2014\/01\/IMG_3040.jpg\" alt=\"cap corse\" width=\"800\" height=\"600\" srcset=\"https:\/\/www.locationencorse.eu\/blog\/wp-content\/uploads\/2014\/01\/IMG_3040.jpg 800w, https:\/\/www.locationencorse.eu\/blog\/wp-content\/uploads\/2014\/01\/IMG_3040-400x300.jpg 400w\" sizes=\"(max-width: 800px) 100vw, 800px\" \/><\/a><\/p>\n<p>Face de l\u2019ile de la Giraglia, se trouve le petit village de <a title=\"Tollare\" href=\"http:\/\/www.locationencorse.eu\/blog\/tollare\/\" target=\"_blank\" rel=\"noopener\">Tollare <\/a><\/p>\n<!-- AddThis Advanced Settings generic via filter on the_content --><!-- AddThis Share Buttons generic via filter on the_content -->","protected":false},"excerpt":{"rendered":"<p>La corse: petite promenade dans le Cap Corse : Que vous d\u00e9cidiez de voyager en Corse, \u00e0 l&rsquo;extr\u00eame sud, au centre, sur la Costa S\u00e9r\u00e9na, en Balagne, au Cap Corse, chacune de vos visites vous transportera dans un pays diff\u00e9rent. &hellip; <a href=\"https:\/\/www.locationencorse.eu\/blog\/la-corse-promenade-cap-corse\/\">Continuer la lecture <span class=\"meta-nav\">&rarr;<\/span><\/a><!-- AddThis Advanced Settings generic via filter on get_the_excerpt --><!-- AddThis Share Buttons generic via filter on get_the_excerpt --><\/p>\n","protected":false},"author":2,"featured_media":0,"comment_status":"open","ping_status":"open","sticky":false,"template":"","format":"standard","meta":{"_mi_skip_tracking":false,"_monsterinsights_sitenote_active":false,"_monsterinsights_sitenote_note":"","_monsterinsights_sitenote_category":0,"ngg_post_thumbnail":0,"footnotes":""},"categories":[177,8],"tags":[63,14,62,319],"yoast_head":"<!-- This site is optimized with the Yoast SEO plugin v21.1 - https:\/\/yoast.com\/wordpress\/plugins\/seo\/ -->\n<title>La corse: petite promenade dans le Cap Corse - La Corse<\/title>\n<meta name=\"robots\" content=\"index, follow, max-snippet:-1, max-image-preview:large, max-video-preview:-1\" \/>\n<link rel=\"canonical\" href=\"https:\/\/www.locationencorse.eu\/blog\/la-corse-promenade-cap-corse\/\" \/>\n<meta property=\"og:locale\" content=\"fr_FR\" \/>\n<meta property=\"og:type\" content=\"article\" \/>\n<meta property=\"og:title\" content=\"La corse: petite promenade dans le Cap Corse - La Corse\" \/>\n<meta property=\"og:description\" content=\"La corse: petite promenade dans le Cap Corse : Que vous d\u00e9cidiez de voyager en Corse, \u00e0 l&rsquo;extr\u00eame sud, au centre, sur la Costa S\u00e9r\u00e9na, en Balagne, au Cap Corse, chacune de vos visites vous transportera dans un pays diff\u00e9rent. &hellip; Continuer la lecture &rarr;\" \/>\n<meta property=\"og:url\" content=\"https:\/\/www.locationencorse.eu\/blog\/la-corse-promenade-cap-corse\/\" \/>\n<meta property=\"og:site_name\" content=\"La Corse\" \/>\n<meta property=\"article:author\" content=\"https:\/\/www.facebook.com\/locationencorse.eu\/\" \/>\n<meta property=\"article:published_time\" content=\"2014-01-25T08:10:55+00:00\" \/>\n<meta property=\"article:modified_time\" content=\"2023-09-27T12:19:49+00:00\" \/>\n<meta property=\"og:image\" content=\"http:\/\/www.locationencorse.eu\/blog\/wp-content\/uploads\/2014\/01\/IMG_3004-e1417164526626.jpg\" \/>\n<meta name=\"author\" content=\"Newchallenge\" \/>\n<meta name=\"twitter:label1\" content=\"\u00c9crit par\" \/>\n\t<meta name=\"twitter:data1\" content=\"Newchallenge\" \/>\n\t<meta name=\"twitter:label2\" content=\"Dur\u00e9e de lecture estim\u00e9e\" \/>\n\t<meta name=\"twitter:data2\" content=\"5 minutes\" \/>\n<script type=\"application\/ld+json\" class=\"yoast-schema-graph\">{\"@context\":\"https:\/\/schema.org\",\"@graph\":[{\"@type\":\"WebPage\",\"@id\":\"https:\/\/www.locationencorse.eu\/blog\/la-corse-promenade-cap-corse\/\",\"url\":\"https:\/\/www.locationencorse.eu\/blog\/la-corse-promenade-cap-corse\/\",\"name\":\"La corse: petite promenade dans le Cap Corse - La Corse\",\"isPartOf\":{\"@id\":\"https:\/\/www.locationencorse.eu\/blog\/#website\"},\"datePublished\":\"2014-01-25T08:10:55+00:00\",\"dateModified\":\"2023-09-27T12:19:49+00:00\",\"author\":{\"@id\":\"https:\/\/www.locationencorse.eu\/blog\/#\/schema\/person\/4aa76a779067073b7500fdabe0a4a51c\"},\"breadcrumb\":{\"@id\":\"https:\/\/www.locationencorse.eu\/blog\/la-corse-promenade-cap-corse\/#breadcrumb\"},\"inLanguage\":\"fr-FR\",\"potentialAction\":[{\"@type\":\"ReadAction\",\"target\":[\"https:\/\/www.locationencorse.eu\/blog\/la-corse-promenade-cap-corse\/\"]}]},{\"@type\":\"BreadcrumbList\",\"@id\":\"https:\/\/www.locationencorse.eu\/blog\/la-corse-promenade-cap-corse\/#breadcrumb\",\"itemListElement\":[{\"@type\":\"ListItem\",\"position\":1,\"name\":\"Accueil\",\"item\":\"https:\/\/www.locationencorse.eu\/blog\/\"},{\"@type\":\"ListItem\",\"position\":2,\"name\":\"La corse: petite promenade dans le Cap Corse\"}]},{\"@type\":\"WebSite\",\"@id\":\"https:\/\/www.locationencorse.eu\/blog\/#website\",\"url\":\"https:\/\/www.locationencorse.eu\/blog\/\",\"name\":\"La Corse\",\"description\":\"Vacances en Corse sur \u00cele de beaut\u00e9\",\"potentialAction\":[{\"@type\":\"SearchAction\",\"target\":{\"@type\":\"EntryPoint\",\"urlTemplate\":\"https:\/\/www.locationencorse.eu\/blog\/?s={search_term_string}\"},\"query-input\":\"required name=search_term_string\"}],\"inLanguage\":\"fr-FR\"},{\"@type\":\"Person\",\"@id\":\"https:\/\/www.locationencorse.eu\/blog\/#\/schema\/person\/4aa76a779067073b7500fdabe0a4a51c\",\"name\":\"Newchallenge\",\"image\":{\"@type\":\"ImageObject\",\"inLanguage\":\"fr-FR\",\"@id\":\"https:\/\/www.locationencorse.eu\/blog\/#\/schema\/person\/image\/\",\"url\":\"https:\/\/secure.gravatar.com\/avatar\/ad5f2a69d252f48179a77d3cb09e1fa7?s=96&r=g\",\"contentUrl\":\"https:\/\/secure.gravatar.com\/avatar\/ad5f2a69d252f48179a77d3cb09e1fa7?s=96&r=g\",\"caption\":\"Newchallenge\"},\"sameAs\":[\"http:\/\/www.locationencorse.eu\",\"https:\/\/www.facebook.com\/locationencorse.eu\/\"],\"url\":\"https:\/\/www.locationencorse.eu\/blog\/author\/martinenewchallenge-fr\/\"}]}<\/script>\n<!-- \/ Yoast SEO plugin. -->","yoast_head_json":{"title":"La corse: petite promenade dans le Cap Corse - La Corse","robots":{"index":"index","follow":"follow","max-snippet":"max-snippet:-1","max-image-preview":"max-image-preview:large","max-video-preview":"max-video-preview:-1"},"canonical":"https:\/\/www.locationencorse.eu\/blog\/la-corse-promenade-cap-corse\/","og_locale":"fr_FR","og_type":"article","og_title":"La corse: petite promenade dans le Cap Corse - La Corse","og_description":"La corse: petite promenade dans le Cap Corse : Que vous d\u00e9cidiez de voyager en Corse, \u00e0 l&rsquo;extr\u00eame sud, au centre, sur la Costa S\u00e9r\u00e9na, en Balagne, au Cap Corse, chacune de vos visites vous transportera dans un pays diff\u00e9rent. &hellip; Continuer la lecture &rarr;","og_url":"https:\/\/www.locationencorse.eu\/blog\/la-corse-promenade-cap-corse\/","og_site_name":"La Corse","article_author":"https:\/\/www.facebook.com\/locationencorse.eu\/","article_published_time":"2014-01-25T08:10:55+00:00","article_modified_time":"2023-09-27T12:19:49+00:00","og_image":[{"url":"http:\/\/www.locationencorse.eu\/blog\/wp-content\/uploads\/2014\/01\/IMG_3004-e1417164526626.jpg"}],"author":"Newchallenge","twitter_misc":{"\u00c9crit par":"Newchallenge","Dur\u00e9e de lecture estim\u00e9e":"5 minutes"},"schema":{"@context":"https:\/\/schema.org","@graph":[{"@type":"WebPage","@id":"https:\/\/www.locationencorse.eu\/blog\/la-corse-promenade-cap-corse\/","url":"https:\/\/www.locationencorse.eu\/blog\/la-corse-promenade-cap-corse\/","name":"La corse: petite promenade dans le Cap Corse - La Corse","isPartOf":{"@id":"https:\/\/www.locationencorse.eu\/blog\/#website"},"datePublished":"2014-01-25T08:10:55+00:00","dateModified":"2023-09-27T12:19:49+00:00","author":{"@id":"https:\/\/www.locationencorse.eu\/blog\/#\/schema\/person\/4aa76a779067073b7500fdabe0a4a51c"},"breadcrumb":{"@id":"https:\/\/www.locationencorse.eu\/blog\/la-corse-promenade-cap-corse\/#breadcrumb"},"inLanguage":"fr-FR","potentialAction":[{"@type":"ReadAction","target":["https:\/\/www.locationencorse.eu\/blog\/la-corse-promenade-cap-corse\/"]}]},{"@type":"BreadcrumbList","@id":"https:\/\/www.locationencorse.eu\/blog\/la-corse-promenade-cap-corse\/#breadcrumb","itemListElement":[{"@type":"ListItem","position":1,"name":"Accueil","item":"https:\/\/www.locationencorse.eu\/blog\/"},{"@type":"ListItem","position":2,"name":"La corse: petite promenade dans le Cap Corse"}]},{"@type":"WebSite","@id":"https:\/\/www.locationencorse.eu\/blog\/#website","url":"https:\/\/www.locationencorse.eu\/blog\/","name":"La Corse","description":"Vacances en Corse sur \u00cele de beaut\u00e9","potentialAction":[{"@type":"SearchAction","target":{"@type":"EntryPoint","urlTemplate":"https:\/\/www.locationencorse.eu\/blog\/?s={search_term_string}"},"query-input":"required name=search_term_string"}],"inLanguage":"fr-FR"},{"@type":"Person","@id":"https:\/\/www.locationencorse.eu\/blog\/#\/schema\/person\/4aa76a779067073b7500fdabe0a4a51c","name":"Newchallenge","image":{"@type":"ImageObject","inLanguage":"fr-FR","@id":"https:\/\/www.locationencorse.eu\/blog\/#\/schema\/person\/image\/","url":"https:\/\/secure.gravatar.com\/avatar\/ad5f2a69d252f48179a77d3cb09e1fa7?s=96&r=g","contentUrl":"https:\/\/secure.gravatar.com\/avatar\/ad5f2a69d252f48179a77d3cb09e1fa7?s=96&r=g","caption":"Newchallenge"},"sameAs":["http:\/\/www.locationencorse.eu","https:\/\/www.facebook.com\/locationencorse.eu\/"],"url":"https:\/\/www.locationencorse.eu\/blog\/author\/martinenewchallenge-fr\/"}]}},"jetpack_featured_media_url":"","_links":{"self":[{"href":"https:\/\/www.locationencorse.eu\/blog\/wp-json\/wp\/v2\/posts\/682"}],"collection":[{"href":"https:\/\/www.locationencorse.eu\/blog\/wp-json\/wp\/v2\/posts"}],"about":[{"href":"https:\/\/www.locationencorse.eu\/blog\/wp-json\/wp\/v2\/types\/post"}],"author":[{"embeddable":true,"href":"https:\/\/www.locationencorse.eu\/blog\/wp-json\/wp\/v2\/users\/2"}],"replies":[{"embeddable":true,"href":"https:\/\/www.locationencorse.eu\/blog\/wp-json\/wp\/v2\/comments?post=682"}],"version-history":[{"count":24,"href":"https:\/\/www.locationencorse.eu\/blog\/wp-json\/wp\/v2\/posts\/682\/revisions"}],"predecessor-version":[{"id":8550,"href":"https:\/\/www.locationencorse.eu\/blog\/wp-json\/wp\/v2\/posts\/682\/revisions\/8550"}],"wp:attachment":[{"href":"https:\/\/www.locationencorse.eu\/blog\/wp-json\/wp\/v2\/media?parent=682"}],"wp:term":[{"taxonomy":"category","embeddable":true,"href":"https:\/\/www.locationencorse.eu\/blog\/wp-json\/wp\/v2\/categories?post=682"},{"taxonomy":"post_tag","embeddable":true,"href":"https:\/\/www.locationencorse.eu\/blog\/wp-json\/wp\/v2\/tags?post=682"}],"curies":[{"name":"wp","href":"https:\/\/api.w.org\/{rel}","templated":true}]}}