{"id":670,"date":"2014-01-24T19:44:00","date_gmt":"2014-01-24T18:44:00","guid":{"rendered":"http:\/\/www.locationencorse.eu\/blog\/?p=670"},"modified":"2014-02-24T22:06:07","modified_gmt":"2014-02-24T21:06:07","slug":"la-devotion-mariale-en-corse","status":"publish","type":"post","link":"https:\/\/www.locationencorse.eu\/blog\/la-devotion-mariale-en-corse\/","title":{"rendered":"La d\u00e9votion Mariale en Corse"},"content":{"rendered":"<p><strong><span style=\"color: #ff6600;\">La d\u00e9votion Mariale en Corse:<\/span><\/strong> <span style=\"color: #0000ff;\"><strong>Article Dani\u00e8le Sanchez<\/strong><\/span><\/p>\n<p>On ne peut pas voyager en Corse, la parcourir dans tous les sens, sans remarquer le nombre impressionnant d&rsquo;\u00e9glises, de chapelles, d&rsquo;oratoires qui r\u00e9v\u00e8lent l&rsquo;identit\u00e9 Chr\u00e9tienne de ce peuple. M\u00eame\u00a0\u00a0 dans le plus petit village, l&rsquo;\u00e9glise tient une place importante, souvent imposante, en son c\u0153ur. Que vous soyez croyant ou pas, osez pousser leurs portes; elles sont pour la plupart d&rsquo;entre elles, ouvertes et vous r\u00e9serverons bien des surprises. La richesse de leur histoire, et de leur patrimoine culturel (architecture, peintures, tableaux, statues&#8230;.) ne vous laissera pas indiff\u00e9rents. En les visitant, vous ne pourrez plus ignorer l&rsquo;importance de la d\u00e9votion des Corses \u00e0 la Tr\u00e8s Sainte Vierge Marie. M\u00eame l&rsquo;hymne National Corse \u00ab\u00a0Dio vi Salve R\u00e9gina\u00a0\u00bb est une louange \u00e0 la Vierge.<\/p>\n<p>Il faut dire que cette \u00eele a \u00e9t\u00e9 le th\u00e9\u00e2tre d&rsquo;apparitions mariales, dont deux ont \u00e9t\u00e9 officiellement reconnues par l&rsquo;Eglise. Cette d\u00e9votion\u00a0 \u00e0 Marie remonte au lV\u00e8me si\u00e8cle et 126 \u00e9glises paroissiales lui sont consacr\u00e9es.<\/p>\n<p>Au XVlll\u00e8me si\u00e8cle, le village de Pancheraccia, situ\u00e9 \u00e0 92 Km de Bastia (1h 40 environ de route)\u00a0a v\u00e9cu l&rsquo;histoire extraordinaire de cette petite fille, gratifi\u00e9e de la visite de la Sainte Vierge. Marie a fait jaillir une source afin de venir en aide \u00e0 cette enfant qui allait mourir de soif. Depuis cette apparition, des fid\u00e8les venant de tous les coins de l&rsquo;\u00eele et m\u00eame du Continent, se r\u00e9unissent \u00e0 <a title=\"Pancheraccia : un \u00ab Lourdes en Corse \u00bb.\" href=\"http:\/\/www.locationencorse.eu\/blog\/pancheraccia-un-lourdes-en-corse\/\">Pancheraccia<\/a>. Apr\u00e8s avoir pri\u00e9 en procession le long d&rsquo;un sentier marqu\u00e9 d&rsquo;un chemin de croix, les fid\u00e8les se retrouvent dans la petite chapelle d\u00e9di\u00e9e \u00e0 Notre Dame pour y puiser de l&rsquo;eau provenant de cette source miraculeuse et assister \u00e0 une messe en hommage \u00e0 la Madone. Ne traversez pas ce village sans vous rafra\u00eechir \u00e0 la source et faire une halte sur la petite place ombrag\u00e9e qui s&rsquo;ouvre sur la plaine et la mer.<\/p>\n<p>Si vous avez la chance d&rsquo;\u00eatre en <a title=\"visiter le centre corse\" href=\"http:\/\/www.locationencorse.eu\/visiter-centre-corse\/\">vacances en Corse <\/a>dans ce village ou aux alentours, les 7 et 8 Septembre, posez votre voiture loin de la chapelle, suivez les p\u00e8lerins pour vous m\u00ealer aux fid\u00e8les nombreux, rassembl\u00e9s l\u00e0 pour rendre ce culte marial dans l&rsquo;espoir d&rsquo;obtenir Gr\u00e2ces et gu\u00e9risons. Voir<a title=\"Pancheraccia : un \u00ab Lourdes en Corse \u00bb.\" href=\"http:\/\/www.locationencorse.eu\/blog\/pancheraccia-un-lourdes-en-corse\/\"> l&rsquo;histoire de Madone<\/a>.<\/p>\n<p>C&rsquo;est \u00e0 Campitello exactement, petite commune situ\u00e9e \u00e0 42Km de Bastia, qu&rsquo;a eu lieu la seconde apparition. La Vierge est apparue \u00e0 Madeleine dite Lellena, enfant n\u00e9e d&rsquo;une famille nombreuse, pauvre et pieuse, environ 17 fois, sous le vocable, comme \u00e0 Lourdes, de\u00a0\u00bb Notre Dame de l&rsquo;Immacul\u00e9e Conception.\u00a0\u00bb La premi\u00e8re fois fut le 26 Juin 1899. A cette \u00e9poque le village comptait 50 familles et comportait 3 hameaux : Bagnolo, Progliolo, Panicale. Le rocher sur lequel apparaissait la Vierge \u00e0 Madeleine puis \u00e0 d&rsquo;autres enfants\u00a0puis \u00e0 quelques privil\u00e9gi\u00e9s, est situ\u00e9 tout en bas d&rsquo;un chemin caillouteux, au d\u00e9part de la petite \u00e9glise du village. Le cadre ne vous fera pas regretter votre descente&#8230;..<\/p>\n<p>Pourquoi ne pas consacrer un peu de vos vacances en Corse pour partir sur les pas de ces lieux d&rsquo;apparitions Mariales? Peut-\u00eatre y rajouterez-vous un circuit \u00ab\u00a0d&rsquo;\u00e9glises en \u00e9glises\u00a0\u00bb ou de \u00ab\u00a0chapelles en chapelles\u00a0\u00bb si,\u00a0vous aussi, vous\u00a0vouez une d\u00e9votion particuli\u00e8re \u00e0 Marie ou si vous \u00eates simplement curieux ou amoureux du patrimoine religieux de la Corse.<\/p>\n<p>A Madonna di Pancheraccia (2013)<\/p>\n<p style=\"text-align: center;\"><iframe loading=\"lazy\" src=\"\/\/www.youtube.com\/embed\/IqeXObQPESw\" height=\"315\" width=\"560\" allowfullscreen=\"\" frameborder=\"0\"><\/iframe><\/p>\n<!-- AddThis Advanced Settings generic via filter on the_content --><!-- AddThis Share Buttons generic via filter on the_content -->","protected":false},"excerpt":{"rendered":"<p>La d\u00e9votion Mariale en Corse: Article Dani\u00e8le Sanchez On ne peut pas voyager en Corse, la parcourir dans tous les sens, sans remarquer le nombre impressionnant d&rsquo;\u00e9glises, de chapelles, d&rsquo;oratoires qui r\u00e9v\u00e8lent l&rsquo;identit\u00e9 Chr\u00e9tienne de ce peuple. M\u00eame\u00a0\u00a0 dans le &hellip; <a href=\"https:\/\/www.locationencorse.eu\/blog\/la-devotion-mariale-en-corse\/\">Continuer la lecture <span class=\"meta-nav\">&rarr;<\/span><\/a><!-- AddThis Advanced Settings generic via filter on get_the_excerpt --><!-- AddThis Share Buttons generic via filter on get_the_excerpt --><\/p>\n","protected":false},"author":2,"featured_media":0,"comment_status":"open","ping_status":"open","sticky":false,"template":"","format":"standard","meta":{"_mi_skip_tracking":false,"_monsterinsights_sitenote_active":false,"_monsterinsights_sitenote_note":"","_monsterinsights_sitenote_category":0,"ngg_post_thumbnail":0,"footnotes":""},"categories":[157,162],"tags":[148],"yoast_head":"<!-- This site is optimized with the Yoast SEO plugin v21.1 - https:\/\/yoast.com\/wordpress\/plugins\/seo\/ -->\n<title>La d\u00e9votion Mariale en Corse - La Corse<\/title>\n<meta name=\"robots\" content=\"index, follow, max-snippet:-1, max-image-preview:large, max-video-preview:-1\" \/>\n<link rel=\"canonical\" href=\"https:\/\/www.locationencorse.eu\/blog\/la-devotion-mariale-en-corse\/\" \/>\n<meta property=\"og:locale\" content=\"fr_FR\" \/>\n<meta property=\"og:type\" content=\"article\" \/>\n<meta property=\"og:title\" content=\"La d\u00e9votion Mariale en Corse - La Corse\" \/>\n<meta property=\"og:description\" content=\"La d\u00e9votion Mariale en Corse: Article Dani\u00e8le Sanchez On ne peut pas voyager en Corse, la parcourir dans tous les sens, sans remarquer le nombre impressionnant d&rsquo;\u00e9glises, de chapelles, d&rsquo;oratoires qui r\u00e9v\u00e8lent l&rsquo;identit\u00e9 Chr\u00e9tienne de ce peuple. M\u00eame\u00a0\u00a0 dans le &hellip; Continuer la lecture &rarr;\" \/>\n<meta property=\"og:url\" content=\"https:\/\/www.locationencorse.eu\/blog\/la-devotion-mariale-en-corse\/\" \/>\n<meta property=\"og:site_name\" content=\"La Corse\" \/>\n<meta property=\"article:author\" content=\"https:\/\/www.facebook.com\/locationencorse.eu\/\" \/>\n<meta property=\"article:published_time\" content=\"2014-01-24T18:44:00+00:00\" \/>\n<meta property=\"article:modified_time\" content=\"2014-02-24T21:06:07+00:00\" \/>\n<meta name=\"author\" content=\"Newchallenge\" \/>\n<meta name=\"twitter:label1\" content=\"\u00c9crit par\" \/>\n\t<meta name=\"twitter:data1\" content=\"Newchallenge\" \/>\n\t<meta name=\"twitter:label2\" content=\"Dur\u00e9e de lecture estim\u00e9e\" \/>\n\t<meta name=\"twitter:data2\" content=\"3 minutes\" \/>\n<script type=\"application\/ld+json\" class=\"yoast-schema-graph\">{\"@context\":\"https:\/\/schema.org\",\"@graph\":[{\"@type\":\"WebPage\",\"@id\":\"https:\/\/www.locationencorse.eu\/blog\/la-devotion-mariale-en-corse\/\",\"url\":\"https:\/\/www.locationencorse.eu\/blog\/la-devotion-mariale-en-corse\/\",\"name\":\"La d\u00e9votion Mariale en Corse - La Corse\",\"isPartOf\":{\"@id\":\"https:\/\/www.locationencorse.eu\/blog\/#website\"},\"datePublished\":\"2014-01-24T18:44:00+00:00\",\"dateModified\":\"2014-02-24T21:06:07+00:00\",\"author\":{\"@id\":\"https:\/\/www.locationencorse.eu\/blog\/#\/schema\/person\/4aa76a779067073b7500fdabe0a4a51c\"},\"breadcrumb\":{\"@id\":\"https:\/\/www.locationencorse.eu\/blog\/la-devotion-mariale-en-corse\/#breadcrumb\"},\"inLanguage\":\"fr-FR\",\"potentialAction\":[{\"@type\":\"ReadAction\",\"target\":[\"https:\/\/www.locationencorse.eu\/blog\/la-devotion-mariale-en-corse\/\"]}]},{\"@type\":\"BreadcrumbList\",\"@id\":\"https:\/\/www.locationencorse.eu\/blog\/la-devotion-mariale-en-corse\/#breadcrumb\",\"itemListElement\":[{\"@type\":\"ListItem\",\"position\":1,\"name\":\"Accueil\",\"item\":\"https:\/\/www.locationencorse.eu\/blog\/\"},{\"@type\":\"ListItem\",\"position\":2,\"name\":\"La d\u00e9votion Mariale en Corse\"}]},{\"@type\":\"WebSite\",\"@id\":\"https:\/\/www.locationencorse.eu\/blog\/#website\",\"url\":\"https:\/\/www.locationencorse.eu\/blog\/\",\"name\":\"La Corse\",\"description\":\"Vacances en Corse sur \u00cele de beaut\u00e9\",\"potentialAction\":[{\"@type\":\"SearchAction\",\"target\":{\"@type\":\"EntryPoint\",\"urlTemplate\":\"https:\/\/www.locationencorse.eu\/blog\/?s={search_term_string}\"},\"query-input\":\"required name=search_term_string\"}],\"inLanguage\":\"fr-FR\"},{\"@type\":\"Person\",\"@id\":\"https:\/\/www.locationencorse.eu\/blog\/#\/schema\/person\/4aa76a779067073b7500fdabe0a4a51c\",\"name\":\"Newchallenge\",\"image\":{\"@type\":\"ImageObject\",\"inLanguage\":\"fr-FR\",\"@id\":\"https:\/\/www.locationencorse.eu\/blog\/#\/schema\/person\/image\/\",\"url\":\"https:\/\/secure.gravatar.com\/avatar\/ad5f2a69d252f48179a77d3cb09e1fa7?s=96&r=g\",\"contentUrl\":\"https:\/\/secure.gravatar.com\/avatar\/ad5f2a69d252f48179a77d3cb09e1fa7?s=96&r=g\",\"caption\":\"Newchallenge\"},\"sameAs\":[\"http:\/\/www.locationencorse.eu\",\"https:\/\/www.facebook.com\/locationencorse.eu\/\"],\"url\":\"https:\/\/www.locationencorse.eu\/blog\/author\/martinenewchallenge-fr\/\"}]}<\/script>\n<!-- \/ Yoast SEO plugin. -->","yoast_head_json":{"title":"La d\u00e9votion Mariale en Corse - La Corse","robots":{"index":"index","follow":"follow","max-snippet":"max-snippet:-1","max-image-preview":"max-image-preview:large","max-video-preview":"max-video-preview:-1"},"canonical":"https:\/\/www.locationencorse.eu\/blog\/la-devotion-mariale-en-corse\/","og_locale":"fr_FR","og_type":"article","og_title":"La d\u00e9votion Mariale en Corse - La Corse","og_description":"La d\u00e9votion Mariale en Corse: Article Dani\u00e8le Sanchez On ne peut pas voyager en Corse, la parcourir dans tous les sens, sans remarquer le nombre impressionnant d&rsquo;\u00e9glises, de chapelles, d&rsquo;oratoires qui r\u00e9v\u00e8lent l&rsquo;identit\u00e9 Chr\u00e9tienne de ce peuple. M\u00eame\u00a0\u00a0 dans le &hellip; Continuer la lecture &rarr;","og_url":"https:\/\/www.locationencorse.eu\/blog\/la-devotion-mariale-en-corse\/","og_site_name":"La Corse","article_author":"https:\/\/www.facebook.com\/locationencorse.eu\/","article_published_time":"2014-01-24T18:44:00+00:00","article_modified_time":"2014-02-24T21:06:07+00:00","author":"Newchallenge","twitter_misc":{"\u00c9crit par":"Newchallenge","Dur\u00e9e de lecture estim\u00e9e":"3 minutes"},"schema":{"@context":"https:\/\/schema.org","@graph":[{"@type":"WebPage","@id":"https:\/\/www.locationencorse.eu\/blog\/la-devotion-mariale-en-corse\/","url":"https:\/\/www.locationencorse.eu\/blog\/la-devotion-mariale-en-corse\/","name":"La d\u00e9votion Mariale en Corse - La Corse","isPartOf":{"@id":"https:\/\/www.locationencorse.eu\/blog\/#website"},"datePublished":"2014-01-24T18:44:00+00:00","dateModified":"2014-02-24T21:06:07+00:00","author":{"@id":"https:\/\/www.locationencorse.eu\/blog\/#\/schema\/person\/4aa76a779067073b7500fdabe0a4a51c"},"breadcrumb":{"@id":"https:\/\/www.locationencorse.eu\/blog\/la-devotion-mariale-en-corse\/#breadcrumb"},"inLanguage":"fr-FR","potentialAction":[{"@type":"ReadAction","target":["https:\/\/www.locationencorse.eu\/blog\/la-devotion-mariale-en-corse\/"]}]},{"@type":"BreadcrumbList","@id":"https:\/\/www.locationencorse.eu\/blog\/la-devotion-mariale-en-corse\/#breadcrumb","itemListElement":[{"@type":"ListItem","position":1,"name":"Accueil","item":"https:\/\/www.locationencorse.eu\/blog\/"},{"@type":"ListItem","position":2,"name":"La d\u00e9votion Mariale en Corse"}]},{"@type":"WebSite","@id":"https:\/\/www.locationencorse.eu\/blog\/#website","url":"https:\/\/www.locationencorse.eu\/blog\/","name":"La Corse","description":"Vacances en Corse sur \u00cele de beaut\u00e9","potentialAction":[{"@type":"SearchAction","target":{"@type":"EntryPoint","urlTemplate":"https:\/\/www.locationencorse.eu\/blog\/?s={search_term_string}"},"query-input":"required name=search_term_string"}],"inLanguage":"fr-FR"},{"@type":"Person","@id":"https:\/\/www.locationencorse.eu\/blog\/#\/schema\/person\/4aa76a779067073b7500fdabe0a4a51c","name":"Newchallenge","image":{"@type":"ImageObject","inLanguage":"fr-FR","@id":"https:\/\/www.locationencorse.eu\/blog\/#\/schema\/person\/image\/","url":"https:\/\/secure.gravatar.com\/avatar\/ad5f2a69d252f48179a77d3cb09e1fa7?s=96&r=g","contentUrl":"https:\/\/secure.gravatar.com\/avatar\/ad5f2a69d252f48179a77d3cb09e1fa7?s=96&r=g","caption":"Newchallenge"},"sameAs":["http:\/\/www.locationencorse.eu","https:\/\/www.facebook.com\/locationencorse.eu\/"],"url":"https:\/\/www.locationencorse.eu\/blog\/author\/martinenewchallenge-fr\/"}]}},"jetpack_featured_media_url":"","_links":{"self":[{"href":"https:\/\/www.locationencorse.eu\/blog\/wp-json\/wp\/v2\/posts\/670"}],"collection":[{"href":"https:\/\/www.locationencorse.eu\/blog\/wp-json\/wp\/v2\/posts"}],"about":[{"href":"https:\/\/www.locationencorse.eu\/blog\/wp-json\/wp\/v2\/types\/post"}],"author":[{"embeddable":true,"href":"https:\/\/www.locationencorse.eu\/blog\/wp-json\/wp\/v2\/users\/2"}],"replies":[{"embeddable":true,"href":"https:\/\/www.locationencorse.eu\/blog\/wp-json\/wp\/v2\/comments?post=670"}],"version-history":[{"count":9,"href":"https:\/\/www.locationencorse.eu\/blog\/wp-json\/wp\/v2\/posts\/670\/revisions"}],"predecessor-version":[{"id":1808,"href":"https:\/\/www.locationencorse.eu\/blog\/wp-json\/wp\/v2\/posts\/670\/revisions\/1808"}],"wp:attachment":[{"href":"https:\/\/www.locationencorse.eu\/blog\/wp-json\/wp\/v2\/media?parent=670"}],"wp:term":[{"taxonomy":"category","embeddable":true,"href":"https:\/\/www.locationencorse.eu\/blog\/wp-json\/wp\/v2\/categories?post=670"},{"taxonomy":"post_tag","embeddable":true,"href":"https:\/\/www.locationencorse.eu\/blog\/wp-json\/wp\/v2\/tags?post=670"}],"curies":[{"name":"wp","href":"https:\/\/api.w.org\/{rel}","templated":true}]}}