{"id":6418,"date":"2015-08-10T22:09:55","date_gmt":"2015-08-10T20:09:55","guid":{"rendered":"http:\/\/www.locationencorse.eu\/blog\/?p=6418"},"modified":"2022-04-22T15:23:00","modified_gmt":"2022-04-22T13:23:00","slug":"orages-en-balagne","status":"publish","type":"post","link":"https:\/\/www.locationencorse.eu\/blog\/orages-en-balagne\/","title":{"rendered":"Orages violent en Balagne"},"content":{"rendered":"<p>Des Orages violents pr\u00e8s quelques mois de s\u00e9cheresse, lundi matin en plein mois d\u2019Aout, alerte orange en <a href=\"https:\/\/hoteliercorse.com\/hotels\/\">haute corse<\/a>, surtout en Balagne. En 2 heures, on a relev\u00e9 62mm d\u2019eau, ce qui a provoqu\u00e9 de nombreuses inondations, dans toute la r\u00e9gion.<\/p>\n<p>Embouteillage monstre sur la RN 197. La visibilit\u00e9 \u00e9tait faible.<\/p>\n<p>Quelques photos du centre ville d&rsquo;Ile Rousse<\/p>\n<p><a href=\"http:\/\/www.locationencorse.eu\/blog\/wp-content\/uploads\/2015\/08\/ile-rousse-inondation.jpg\" target=\"_blank\" rel=\"noopener\" data-rel=\"lightbox-image-0\" data-rl_title=\"\" data-rl_caption=\"\"><img decoding=\"async\" loading=\"lazy\" class=\"aligncenter wp-image-6419 size-full\" title=\"\" src=\"http:\/\/www.locationencorse.eu\/blog\/wp-content\/uploads\/2015\/08\/ile-rousse-inondation.jpg\" alt=\"ile rousse inondation\" width=\"800\" height=\"450\" srcset=\"https:\/\/www.locationencorse.eu\/blog\/wp-content\/uploads\/2015\/08\/ile-rousse-inondation.jpg 800w, https:\/\/www.locationencorse.eu\/blog\/wp-content\/uploads\/2015\/08\/ile-rousse-inondation-400x225.jpg 400w\" sizes=\"(max-width: 800px) 100vw, 800px\" \/><\/a> <a href=\"http:\/\/www.locationencorse.eu\/blog\/wp-content\/uploads\/2015\/08\/inondation-centre-ile-rousse.jpg\" data-rel=\"lightbox-image-1\" data-rl_title=\"\" data-rl_caption=\"\"><img decoding=\"async\" loading=\"lazy\" class=\"aligncenter wp-image-6421 size-full\" title=\"\" src=\"https:\/\/www.locationencorse.eu\/blog\/wp-content\/uploads\/2015\/08\/inondation-centre-ile-rousse.jpg\" alt=\"inondation centre ile rousse\" width=\"800\" height=\"450\" srcset=\"https:\/\/www.locationencorse.eu\/blog\/wp-content\/uploads\/2015\/08\/inondation-centre-ile-rousse.jpg 800w, https:\/\/www.locationencorse.eu\/blog\/wp-content\/uploads\/2015\/08\/inondation-centre-ile-rousse-400x225.jpg 400w\" sizes=\"(max-width: 800px) 100vw, 800px\" \/><\/a><\/p>\n<!-- AddThis Advanced Settings generic via filter on the_content --><!-- AddThis Share Buttons generic via filter on the_content -->","protected":false},"excerpt":{"rendered":"<p>Des Orages violents pr\u00e8s quelques mois de s\u00e9cheresse, lundi matin en plein mois d\u2019Aout, alerte orange en haute corse, surtout en Balagne. En 2 heures, on a relev\u00e9 62mm d\u2019eau, ce qui a provoqu\u00e9 de nombreuses inondations, dans toute la &hellip; <a href=\"https:\/\/www.locationencorse.eu\/blog\/orages-en-balagne\/\">Continuer la lecture <span class=\"meta-nav\">&rarr;<\/span><\/a><!-- AddThis Advanced Settings generic via filter on get_the_excerpt --><!-- AddThis Share Buttons generic via filter on get_the_excerpt --><\/p>\n","protected":false},"author":2,"featured_media":0,"comment_status":"closed","ping_status":"closed","sticky":false,"template":"","format":"standard","meta":{"_mi_skip_tracking":false,"_monsterinsights_sitenote_active":false,"_monsterinsights_sitenote_note":"","_monsterinsights_sitenote_category":0,"ngg_post_thumbnail":0,"footnotes":""},"categories":[184,157],"tags":[355],"yoast_head":"<!-- This site is optimized with the Yoast SEO plugin v21.1 - https:\/\/yoast.com\/wordpress\/plugins\/seo\/ -->\n<title>Orages violents en Balagne apr\u00e8s la s\u00e9cheresse - La haute Corse<\/title>\n<meta name=\"description\" content=\"Des Orages violents apr\u00e8s quelques mois de s\u00e9cheresse, lundi matin en plein mois d\u2019Aout, alerte orange en haute corse, En 2 heures, on a relev\u00e9 62mm d\u2019eau,\" \/>\n<meta name=\"robots\" content=\"index, follow, max-snippet:-1, max-image-preview:large, max-video-preview:-1\" \/>\n<link rel=\"canonical\" href=\"https:\/\/www.locationencorse.eu\/blog\/orages-en-balagne\/\" \/>\n<meta property=\"og:locale\" content=\"fr_FR\" \/>\n<meta property=\"og:type\" content=\"article\" \/>\n<meta property=\"og:title\" content=\"Orages violents en Balagne apr\u00e8s la s\u00e9cheresse - La haute Corse\" \/>\n<meta property=\"og:description\" content=\"Des Orages violents apr\u00e8s quelques mois de s\u00e9cheresse, lundi matin en plein mois d\u2019Aout, alerte orange en haute corse, En 2 heures, on a relev\u00e9 62mm d\u2019eau,\" \/>\n<meta property=\"og:url\" content=\"https:\/\/www.locationencorse.eu\/blog\/orages-en-balagne\/\" \/>\n<meta property=\"og:site_name\" content=\"La Corse\" \/>\n<meta property=\"article:author\" content=\"https:\/\/www.facebook.com\/locationencorse.eu\/\" \/>\n<meta property=\"article:published_time\" content=\"2015-08-10T20:09:55+00:00\" \/>\n<meta property=\"article:modified_time\" content=\"2022-04-22T13:23:00+00:00\" \/>\n<meta property=\"og:image\" content=\"http:\/\/www.locationencorse.eu\/blog\/wp-content\/uploads\/2015\/08\/ile-rousse-inondation.jpg\" \/>\n<meta name=\"author\" content=\"Newchallenge\" \/>\n<meta name=\"twitter:label1\" content=\"\u00c9crit par\" \/>\n\t<meta name=\"twitter:data1\" content=\"Newchallenge\" \/>\n<script type=\"application\/ld+json\" class=\"yoast-schema-graph\">{\"@context\":\"https:\/\/schema.org\",\"@graph\":[{\"@type\":\"WebPage\",\"@id\":\"https:\/\/www.locationencorse.eu\/blog\/orages-en-balagne\/\",\"url\":\"https:\/\/www.locationencorse.eu\/blog\/orages-en-balagne\/\",\"name\":\"Orages violents en Balagne apr\u00e8s la s\u00e9cheresse - La haute Corse\",\"isPartOf\":{\"@id\":\"https:\/\/www.locationencorse.eu\/blog\/#website\"},\"datePublished\":\"2015-08-10T20:09:55+00:00\",\"dateModified\":\"2022-04-22T13:23:00+00:00\",\"author\":{\"@id\":\"https:\/\/www.locationencorse.eu\/blog\/#\/schema\/person\/4aa76a779067073b7500fdabe0a4a51c\"},\"description\":\"Des Orages violents apr\u00e8s quelques mois de s\u00e9cheresse, lundi matin en plein mois d\u2019Aout, alerte orange en haute corse, En 2 heures, on a relev\u00e9 62mm d\u2019eau,\",\"breadcrumb\":{\"@id\":\"https:\/\/www.locationencorse.eu\/blog\/orages-en-balagne\/#breadcrumb\"},\"inLanguage\":\"fr-FR\",\"potentialAction\":[{\"@type\":\"ReadAction\",\"target\":[\"https:\/\/www.locationencorse.eu\/blog\/orages-en-balagne\/\"]}]},{\"@type\":\"BreadcrumbList\",\"@id\":\"https:\/\/www.locationencorse.eu\/blog\/orages-en-balagne\/#breadcrumb\",\"itemListElement\":[{\"@type\":\"ListItem\",\"position\":1,\"name\":\"Accueil\",\"item\":\"https:\/\/www.locationencorse.eu\/blog\/\"},{\"@type\":\"ListItem\",\"position\":2,\"name\":\"Orages violent en Balagne\"}]},{\"@type\":\"WebSite\",\"@id\":\"https:\/\/www.locationencorse.eu\/blog\/#website\",\"url\":\"https:\/\/www.locationencorse.eu\/blog\/\",\"name\":\"La Corse\",\"description\":\"Vacances en Corse sur \u00cele de beaut\u00e9\",\"potentialAction\":[{\"@type\":\"SearchAction\",\"target\":{\"@type\":\"EntryPoint\",\"urlTemplate\":\"https:\/\/www.locationencorse.eu\/blog\/?s={search_term_string}\"},\"query-input\":\"required name=search_term_string\"}],\"inLanguage\":\"fr-FR\"},{\"@type\":\"Person\",\"@id\":\"https:\/\/www.locationencorse.eu\/blog\/#\/schema\/person\/4aa76a779067073b7500fdabe0a4a51c\",\"name\":\"Newchallenge\",\"image\":{\"@type\":\"ImageObject\",\"inLanguage\":\"fr-FR\",\"@id\":\"https:\/\/www.locationencorse.eu\/blog\/#\/schema\/person\/image\/\",\"url\":\"https:\/\/secure.gravatar.com\/avatar\/ad5f2a69d252f48179a77d3cb09e1fa7?s=96&r=g\",\"contentUrl\":\"https:\/\/secure.gravatar.com\/avatar\/ad5f2a69d252f48179a77d3cb09e1fa7?s=96&r=g\",\"caption\":\"Newchallenge\"},\"sameAs\":[\"http:\/\/www.locationencorse.eu\",\"https:\/\/www.facebook.com\/locationencorse.eu\/\"],\"url\":\"https:\/\/www.locationencorse.eu\/blog\/author\/martinenewchallenge-fr\/\"}]}<\/script>\n<!-- \/ Yoast SEO plugin. -->","yoast_head_json":{"title":"Orages violents en Balagne apr\u00e8s la s\u00e9cheresse - La haute Corse","description":"Des Orages violents apr\u00e8s quelques mois de s\u00e9cheresse, lundi matin en plein mois d\u2019Aout, alerte orange en haute corse, En 2 heures, on a relev\u00e9 62mm d\u2019eau,","robots":{"index":"index","follow":"follow","max-snippet":"max-snippet:-1","max-image-preview":"max-image-preview:large","max-video-preview":"max-video-preview:-1"},"canonical":"https:\/\/www.locationencorse.eu\/blog\/orages-en-balagne\/","og_locale":"fr_FR","og_type":"article","og_title":"Orages violents en Balagne apr\u00e8s la s\u00e9cheresse - La haute Corse","og_description":"Des Orages violents apr\u00e8s quelques mois de s\u00e9cheresse, lundi matin en plein mois d\u2019Aout, alerte orange en haute corse, En 2 heures, on a relev\u00e9 62mm d\u2019eau,","og_url":"https:\/\/www.locationencorse.eu\/blog\/orages-en-balagne\/","og_site_name":"La Corse","article_author":"https:\/\/www.facebook.com\/locationencorse.eu\/","article_published_time":"2015-08-10T20:09:55+00:00","article_modified_time":"2022-04-22T13:23:00+00:00","og_image":[{"url":"http:\/\/www.locationencorse.eu\/blog\/wp-content\/uploads\/2015\/08\/ile-rousse-inondation.jpg"}],"author":"Newchallenge","twitter_misc":{"\u00c9crit par":"Newchallenge"},"schema":{"@context":"https:\/\/schema.org","@graph":[{"@type":"WebPage","@id":"https:\/\/www.locationencorse.eu\/blog\/orages-en-balagne\/","url":"https:\/\/www.locationencorse.eu\/blog\/orages-en-balagne\/","name":"Orages violents en Balagne apr\u00e8s la s\u00e9cheresse - La haute Corse","isPartOf":{"@id":"https:\/\/www.locationencorse.eu\/blog\/#website"},"datePublished":"2015-08-10T20:09:55+00:00","dateModified":"2022-04-22T13:23:00+00:00","author":{"@id":"https:\/\/www.locationencorse.eu\/blog\/#\/schema\/person\/4aa76a779067073b7500fdabe0a4a51c"},"description":"Des Orages violents apr\u00e8s quelques mois de s\u00e9cheresse, lundi matin en plein mois d\u2019Aout, alerte orange en haute corse, En 2 heures, on a relev\u00e9 62mm d\u2019eau,","breadcrumb":{"@id":"https:\/\/www.locationencorse.eu\/blog\/orages-en-balagne\/#breadcrumb"},"inLanguage":"fr-FR","potentialAction":[{"@type":"ReadAction","target":["https:\/\/www.locationencorse.eu\/blog\/orages-en-balagne\/"]}]},{"@type":"BreadcrumbList","@id":"https:\/\/www.locationencorse.eu\/blog\/orages-en-balagne\/#breadcrumb","itemListElement":[{"@type":"ListItem","position":1,"name":"Accueil","item":"https:\/\/www.locationencorse.eu\/blog\/"},{"@type":"ListItem","position":2,"name":"Orages violent en Balagne"}]},{"@type":"WebSite","@id":"https:\/\/www.locationencorse.eu\/blog\/#website","url":"https:\/\/www.locationencorse.eu\/blog\/","name":"La Corse","description":"Vacances en Corse sur \u00cele de beaut\u00e9","potentialAction":[{"@type":"SearchAction","target":{"@type":"EntryPoint","urlTemplate":"https:\/\/www.locationencorse.eu\/blog\/?s={search_term_string}"},"query-input":"required name=search_term_string"}],"inLanguage":"fr-FR"},{"@type":"Person","@id":"https:\/\/www.locationencorse.eu\/blog\/#\/schema\/person\/4aa76a779067073b7500fdabe0a4a51c","name":"Newchallenge","image":{"@type":"ImageObject","inLanguage":"fr-FR","@id":"https:\/\/www.locationencorse.eu\/blog\/#\/schema\/person\/image\/","url":"https:\/\/secure.gravatar.com\/avatar\/ad5f2a69d252f48179a77d3cb09e1fa7?s=96&r=g","contentUrl":"https:\/\/secure.gravatar.com\/avatar\/ad5f2a69d252f48179a77d3cb09e1fa7?s=96&r=g","caption":"Newchallenge"},"sameAs":["http:\/\/www.locationencorse.eu","https:\/\/www.facebook.com\/locationencorse.eu\/"],"url":"https:\/\/www.locationencorse.eu\/blog\/author\/martinenewchallenge-fr\/"}]}},"jetpack_featured_media_url":"","_links":{"self":[{"href":"https:\/\/www.locationencorse.eu\/blog\/wp-json\/wp\/v2\/posts\/6418"}],"collection":[{"href":"https:\/\/www.locationencorse.eu\/blog\/wp-json\/wp\/v2\/posts"}],"about":[{"href":"https:\/\/www.locationencorse.eu\/blog\/wp-json\/wp\/v2\/types\/post"}],"author":[{"embeddable":true,"href":"https:\/\/www.locationencorse.eu\/blog\/wp-json\/wp\/v2\/users\/2"}],"replies":[{"embeddable":true,"href":"https:\/\/www.locationencorse.eu\/blog\/wp-json\/wp\/v2\/comments?post=6418"}],"version-history":[{"count":9,"href":"https:\/\/www.locationencorse.eu\/blog\/wp-json\/wp\/v2\/posts\/6418\/revisions"}],"predecessor-version":[{"id":8086,"href":"https:\/\/www.locationencorse.eu\/blog\/wp-json\/wp\/v2\/posts\/6418\/revisions\/8086"}],"wp:attachment":[{"href":"https:\/\/www.locationencorse.eu\/blog\/wp-json\/wp\/v2\/media?parent=6418"}],"wp:term":[{"taxonomy":"category","embeddable":true,"href":"https:\/\/www.locationencorse.eu\/blog\/wp-json\/wp\/v2\/categories?post=6418"},{"taxonomy":"post_tag","embeddable":true,"href":"https:\/\/www.locationencorse.eu\/blog\/wp-json\/wp\/v2\/tags?post=6418"}],"curies":[{"name":"wp","href":"https:\/\/api.w.org\/{rel}","templated":true}]}}