{"id":6385,"date":"2015-07-10T08:56:59","date_gmt":"2015-07-10T06:56:59","guid":{"rendered":"http:\/\/www.locationencorse.eu\/blog\/?p=6385"},"modified":"2022-04-22T15:23:43","modified_gmt":"2022-04-22T13:23:43","slug":"plage-de-calzarellu","status":"publish","type":"post","link":"https:\/\/www.locationencorse.eu\/blog\/plage-de-calzarellu\/","title":{"rendered":"Plage de Calzarellu"},"content":{"rendered":"<p>La <strong>plage de Calzarellu<\/strong> est situ\u00e9e sur la <a href=\"https:\/\/hoteliercorse.com\/hotels\/hotels-coste-verde\/\">plaine Orientale<\/a>, apr\u00e8s la <a href=\"http:\/\/www.locationencorse.eu\/blog\/plage-de-vignale-a-ghisonaccia\/\" target=\"_blank\" rel=\"noopener\">plage de Vignale<\/a>.<\/p>\n<p>A partir de la sortie sud de Ghisonaccia, \u00e0 1km5 environ, au rond point de Prunelli Di Fium&rsquo; Orbu prenez sur la gauche la RN 244. Vous trouverez la plage \u00e0 4km et une aire de stationnement ainsi qu\u2019un acc\u00e8s pour handicap\u00e9s. Cette plage se trouve au pied de la <strong>tour de Calzarellu<\/strong>. Une buvette et un snack sont \u00e0 votre disposition. Elle n\u2019est surveill\u00e9e qu\u2019en haute saison. Le paysage que vous offre le Fiumorbu vous enchantera, vous aurez du mal \u00e0 imaginer qu\u2019il puisse, par temps de crues, se transformer en torrent d\u00e9vastant tout sur son passage.<\/p>\n<p>La plage est r\u00e9guli\u00e8rement nettoy\u00e9e. Un poste de secours est ouvert 7 jours sur 7 en saison estivale ce qui permet d\u2019assurer la s\u00e9curit\u00e9 des baigneurs.<\/p>\n<p><a href=\"http:\/\/www.locationencorse.eu\/blog\/wp-content\/uploads\/2015\/07\/Plage-de-Calzarellu.jpg\" target=\"_blank\" rel=\"noopener\" data-rel=\"lightbox-image-0\" data-rl_title=\"\" data-rl_caption=\"\"><img decoding=\"async\" loading=\"lazy\" class=\"aligncenter wp-image-6386 size-full\" title=\"\" src=\"http:\/\/www.locationencorse.eu\/blog\/wp-content\/uploads\/2015\/07\/Plage-de-Calzarellu.jpg\" alt=\"Plage de Calzarellu\" width=\"800\" height=\"600\" srcset=\"https:\/\/www.locationencorse.eu\/blog\/wp-content\/uploads\/2015\/07\/Plage-de-Calzarellu.jpg 800w, https:\/\/www.locationencorse.eu\/blog\/wp-content\/uploads\/2015\/07\/Plage-de-Calzarellu-400x300.jpg 400w\" sizes=\"(max-width: 800px) 100vw, 800px\" \/><\/a><\/p>\n<p>&nbsp;<\/p>\n<p>&nbsp;<\/p>\n<!-- AddThis Advanced Settings generic via filter on the_content --><!-- AddThis Share Buttons generic via filter on the_content -->","protected":false},"excerpt":{"rendered":"<p>La plage de Calzarellu est situ\u00e9e sur la plaine Orientale, apr\u00e8s la plage de Vignale. A partir de la sortie sud de Ghisonaccia, \u00e0 1km5 environ, au rond point de Prunelli Di Fium&rsquo; Orbu prenez sur la gauche la RN &hellip; <a href=\"https:\/\/www.locationencorse.eu\/blog\/plage-de-calzarellu\/\">Continuer la lecture <span class=\"meta-nav\">&rarr;<\/span><\/a><!-- AddThis Advanced Settings generic via filter on get_the_excerpt --><!-- AddThis Share Buttons generic via filter on get_the_excerpt --><\/p>\n","protected":false},"author":2,"featured_media":0,"comment_status":"closed","ping_status":"closed","sticky":false,"template":"","format":"standard","meta":{"_mi_skip_tracking":false,"_monsterinsights_sitenote_active":false,"_monsterinsights_sitenote_note":"","_monsterinsights_sitenote_category":0,"ngg_post_thumbnail":0,"footnotes":""},"categories":[170,345,8],"tags":[349],"yoast_head":"<!-- This site is optimized with the Yoast SEO plugin v21.1 - https:\/\/yoast.com\/wordpress\/plugins\/seo\/ -->\n<title>Plage de Calzarellu - en plaine orientale Corse du sud<\/title>\n<meta name=\"description\" content=\"La plage de Calzarellu est situ\u00e9e sur la cote Orientale, apr\u00e8s la plage de Vignale. A partir de la sortie sud de Ghisonaccia, \u00e0 1km5 environ, au rond point\" \/>\n<meta name=\"robots\" content=\"index, follow, max-snippet:-1, max-image-preview:large, max-video-preview:-1\" \/>\n<link rel=\"canonical\" href=\"https:\/\/www.locationencorse.eu\/blog\/plage-de-calzarellu\/\" \/>\n<meta property=\"og:locale\" content=\"fr_FR\" \/>\n<meta property=\"og:type\" content=\"article\" \/>\n<meta property=\"og:title\" content=\"Plage de Calzarellu - en plaine orientale Corse du sud\" \/>\n<meta property=\"og:description\" content=\"La plage de Calzarellu est situ\u00e9e sur la cote Orientale, apr\u00e8s la plage de Vignale. A partir de la sortie sud de Ghisonaccia, \u00e0 1km5 environ, au rond point\" \/>\n<meta property=\"og:url\" content=\"https:\/\/www.locationencorse.eu\/blog\/plage-de-calzarellu\/\" \/>\n<meta property=\"og:site_name\" content=\"La Corse\" \/>\n<meta property=\"article:author\" content=\"https:\/\/www.facebook.com\/locationencorse.eu\/\" \/>\n<meta property=\"article:published_time\" content=\"2015-07-10T06:56:59+00:00\" \/>\n<meta property=\"article:modified_time\" content=\"2022-04-22T13:23:43+00:00\" \/>\n<meta property=\"og:image\" content=\"http:\/\/www.locationencorse.eu\/blog\/wp-content\/uploads\/2015\/07\/Plage-de-Calzarellu.jpg\" \/>\n<meta name=\"author\" content=\"Newchallenge\" \/>\n<meta name=\"twitter:label1\" content=\"\u00c9crit par\" \/>\n\t<meta name=\"twitter:data1\" content=\"Newchallenge\" \/>\n\t<meta name=\"twitter:label2\" content=\"Dur\u00e9e de lecture estim\u00e9e\" \/>\n\t<meta name=\"twitter:data2\" content=\"1 minute\" \/>\n<script type=\"application\/ld+json\" class=\"yoast-schema-graph\">{\"@context\":\"https:\/\/schema.org\",\"@graph\":[{\"@type\":\"WebPage\",\"@id\":\"https:\/\/www.locationencorse.eu\/blog\/plage-de-calzarellu\/\",\"url\":\"https:\/\/www.locationencorse.eu\/blog\/plage-de-calzarellu\/\",\"name\":\"Plage de Calzarellu - en plaine orientale Corse du sud\",\"isPartOf\":{\"@id\":\"https:\/\/www.locationencorse.eu\/blog\/#website\"},\"datePublished\":\"2015-07-10T06:56:59+00:00\",\"dateModified\":\"2022-04-22T13:23:43+00:00\",\"author\":{\"@id\":\"https:\/\/www.locationencorse.eu\/blog\/#\/schema\/person\/4aa76a779067073b7500fdabe0a4a51c\"},\"description\":\"La plage de Calzarellu est situ\u00e9e sur la cote Orientale, apr\u00e8s la plage de Vignale. A partir de la sortie sud de Ghisonaccia, \u00e0 1km5 environ, au rond point\",\"breadcrumb\":{\"@id\":\"https:\/\/www.locationencorse.eu\/blog\/plage-de-calzarellu\/#breadcrumb\"},\"inLanguage\":\"fr-FR\",\"potentialAction\":[{\"@type\":\"ReadAction\",\"target\":[\"https:\/\/www.locationencorse.eu\/blog\/plage-de-calzarellu\/\"]}]},{\"@type\":\"BreadcrumbList\",\"@id\":\"https:\/\/www.locationencorse.eu\/blog\/plage-de-calzarellu\/#breadcrumb\",\"itemListElement\":[{\"@type\":\"ListItem\",\"position\":1,\"name\":\"Accueil\",\"item\":\"https:\/\/www.locationencorse.eu\/blog\/\"},{\"@type\":\"ListItem\",\"position\":2,\"name\":\"Plage de Calzarellu\"}]},{\"@type\":\"WebSite\",\"@id\":\"https:\/\/www.locationencorse.eu\/blog\/#website\",\"url\":\"https:\/\/www.locationencorse.eu\/blog\/\",\"name\":\"La Corse\",\"description\":\"Vacances en Corse sur \u00cele de beaut\u00e9\",\"potentialAction\":[{\"@type\":\"SearchAction\",\"target\":{\"@type\":\"EntryPoint\",\"urlTemplate\":\"https:\/\/www.locationencorse.eu\/blog\/?s={search_term_string}\"},\"query-input\":\"required name=search_term_string\"}],\"inLanguage\":\"fr-FR\"},{\"@type\":\"Person\",\"@id\":\"https:\/\/www.locationencorse.eu\/blog\/#\/schema\/person\/4aa76a779067073b7500fdabe0a4a51c\",\"name\":\"Newchallenge\",\"image\":{\"@type\":\"ImageObject\",\"inLanguage\":\"fr-FR\",\"@id\":\"https:\/\/www.locationencorse.eu\/blog\/#\/schema\/person\/image\/\",\"url\":\"https:\/\/secure.gravatar.com\/avatar\/ad5f2a69d252f48179a77d3cb09e1fa7?s=96&r=g\",\"contentUrl\":\"https:\/\/secure.gravatar.com\/avatar\/ad5f2a69d252f48179a77d3cb09e1fa7?s=96&r=g\",\"caption\":\"Newchallenge\"},\"sameAs\":[\"http:\/\/www.locationencorse.eu\",\"https:\/\/www.facebook.com\/locationencorse.eu\/\"],\"url\":\"https:\/\/www.locationencorse.eu\/blog\/author\/martinenewchallenge-fr\/\"}]}<\/script>\n<!-- \/ Yoast SEO plugin. -->","yoast_head_json":{"title":"Plage de Calzarellu - en plaine orientale Corse du sud","description":"La plage de Calzarellu est situ\u00e9e sur la cote Orientale, apr\u00e8s la plage de Vignale. A partir de la sortie sud de Ghisonaccia, \u00e0 1km5 environ, au rond point","robots":{"index":"index","follow":"follow","max-snippet":"max-snippet:-1","max-image-preview":"max-image-preview:large","max-video-preview":"max-video-preview:-1"},"canonical":"https:\/\/www.locationencorse.eu\/blog\/plage-de-calzarellu\/","og_locale":"fr_FR","og_type":"article","og_title":"Plage de Calzarellu - en plaine orientale Corse du sud","og_description":"La plage de Calzarellu est situ\u00e9e sur la cote Orientale, apr\u00e8s la plage de Vignale. A partir de la sortie sud de Ghisonaccia, \u00e0 1km5 environ, au rond point","og_url":"https:\/\/www.locationencorse.eu\/blog\/plage-de-calzarellu\/","og_site_name":"La Corse","article_author":"https:\/\/www.facebook.com\/locationencorse.eu\/","article_published_time":"2015-07-10T06:56:59+00:00","article_modified_time":"2022-04-22T13:23:43+00:00","og_image":[{"url":"http:\/\/www.locationencorse.eu\/blog\/wp-content\/uploads\/2015\/07\/Plage-de-Calzarellu.jpg"}],"author":"Newchallenge","twitter_misc":{"\u00c9crit par":"Newchallenge","Dur\u00e9e de lecture estim\u00e9e":"1 minute"},"schema":{"@context":"https:\/\/schema.org","@graph":[{"@type":"WebPage","@id":"https:\/\/www.locationencorse.eu\/blog\/plage-de-calzarellu\/","url":"https:\/\/www.locationencorse.eu\/blog\/plage-de-calzarellu\/","name":"Plage de Calzarellu - en plaine orientale Corse du sud","isPartOf":{"@id":"https:\/\/www.locationencorse.eu\/blog\/#website"},"datePublished":"2015-07-10T06:56:59+00:00","dateModified":"2022-04-22T13:23:43+00:00","author":{"@id":"https:\/\/www.locationencorse.eu\/blog\/#\/schema\/person\/4aa76a779067073b7500fdabe0a4a51c"},"description":"La plage de Calzarellu est situ\u00e9e sur la cote Orientale, apr\u00e8s la plage de Vignale. A partir de la sortie sud de Ghisonaccia, \u00e0 1km5 environ, au rond point","breadcrumb":{"@id":"https:\/\/www.locationencorse.eu\/blog\/plage-de-calzarellu\/#breadcrumb"},"inLanguage":"fr-FR","potentialAction":[{"@type":"ReadAction","target":["https:\/\/www.locationencorse.eu\/blog\/plage-de-calzarellu\/"]}]},{"@type":"BreadcrumbList","@id":"https:\/\/www.locationencorse.eu\/blog\/plage-de-calzarellu\/#breadcrumb","itemListElement":[{"@type":"ListItem","position":1,"name":"Accueil","item":"https:\/\/www.locationencorse.eu\/blog\/"},{"@type":"ListItem","position":2,"name":"Plage de Calzarellu"}]},{"@type":"WebSite","@id":"https:\/\/www.locationencorse.eu\/blog\/#website","url":"https:\/\/www.locationencorse.eu\/blog\/","name":"La Corse","description":"Vacances en Corse sur \u00cele de beaut\u00e9","potentialAction":[{"@type":"SearchAction","target":{"@type":"EntryPoint","urlTemplate":"https:\/\/www.locationencorse.eu\/blog\/?s={search_term_string}"},"query-input":"required name=search_term_string"}],"inLanguage":"fr-FR"},{"@type":"Person","@id":"https:\/\/www.locationencorse.eu\/blog\/#\/schema\/person\/4aa76a779067073b7500fdabe0a4a51c","name":"Newchallenge","image":{"@type":"ImageObject","inLanguage":"fr-FR","@id":"https:\/\/www.locationencorse.eu\/blog\/#\/schema\/person\/image\/","url":"https:\/\/secure.gravatar.com\/avatar\/ad5f2a69d252f48179a77d3cb09e1fa7?s=96&r=g","contentUrl":"https:\/\/secure.gravatar.com\/avatar\/ad5f2a69d252f48179a77d3cb09e1fa7?s=96&r=g","caption":"Newchallenge"},"sameAs":["http:\/\/www.locationencorse.eu","https:\/\/www.facebook.com\/locationencorse.eu\/"],"url":"https:\/\/www.locationencorse.eu\/blog\/author\/martinenewchallenge-fr\/"}]}},"jetpack_featured_media_url":"","_links":{"self":[{"href":"https:\/\/www.locationencorse.eu\/blog\/wp-json\/wp\/v2\/posts\/6385"}],"collection":[{"href":"https:\/\/www.locationencorse.eu\/blog\/wp-json\/wp\/v2\/posts"}],"about":[{"href":"https:\/\/www.locationencorse.eu\/blog\/wp-json\/wp\/v2\/types\/post"}],"author":[{"embeddable":true,"href":"https:\/\/www.locationencorse.eu\/blog\/wp-json\/wp\/v2\/users\/2"}],"replies":[{"embeddable":true,"href":"https:\/\/www.locationencorse.eu\/blog\/wp-json\/wp\/v2\/comments?post=6385"}],"version-history":[{"count":9,"href":"https:\/\/www.locationencorse.eu\/blog\/wp-json\/wp\/v2\/posts\/6385\/revisions"}],"predecessor-version":[{"id":8087,"href":"https:\/\/www.locationencorse.eu\/blog\/wp-json\/wp\/v2\/posts\/6385\/revisions\/8087"}],"wp:attachment":[{"href":"https:\/\/www.locationencorse.eu\/blog\/wp-json\/wp\/v2\/media?parent=6385"}],"wp:term":[{"taxonomy":"category","embeddable":true,"href":"https:\/\/www.locationencorse.eu\/blog\/wp-json\/wp\/v2\/categories?post=6385"},{"taxonomy":"post_tag","embeddable":true,"href":"https:\/\/www.locationencorse.eu\/blog\/wp-json\/wp\/v2\/tags?post=6385"}],"curies":[{"name":"wp","href":"https:\/\/api.w.org\/{rel}","templated":true}]}}