{"id":6278,"date":"2015-06-09T19:00:58","date_gmt":"2015-06-09T17:00:58","guid":{"rendered":"http:\/\/www.locationencorse.eu\/blog\/?p=6278"},"modified":"2024-02-14T10:59:35","modified_gmt":"2024-02-14T09:59:35","slug":"la-pointe-de-spanu-a-lumio","status":"publish","type":"post","link":"https:\/\/www.locationencorse.eu\/blog\/la-pointe-de-spanu-a-lumio\/","title":{"rendered":"La pointe de Spanu \u00e0 Lumio"},"content":{"rendered":"<p>On ne peut pas visiter <strong>la Corse<\/strong> sans \u00e9prouver le besoin de partager toutes ces d\u00e9couvertes avec ceux qui nous sont chers, la pointe de Spanu. Mais on se trouve si chanceux par rapport \u00e0 ceux qui sont rest\u00e9s travailler sur le continent qu\u2019on ressent le besoin aussi de transmettre les bonnes adresses, les petites merveilles&nbsp; souvent cach\u00e9es de la nature ou connues simplement des autochtones. Alors, si vous le voulez bien, laissez nous vous conter notre derni\u00e8re balade en <strong>Balagne<\/strong>.<\/p>\n<p>On connaissait bon nombre de ces coins de Balagne qui nous obligent \u00e0 y revenir \u00e0 chacun de nos voyages sur l\u2019\u00eele. C\u2019est un peu comme un retour aux sources, comme un p\u00e8lerinage&nbsp;: on ressent toujours l\u2019appel, le besoin de ressentir des senteurs particuli\u00e8res, une atmosph\u00e8re unique\u2026.. \u00ab&nbsp;Est-ce que rien n\u2019a chang\u00e9&nbsp;? Pas trop de nouvelles constructions&nbsp;?, j\u2019esp\u00e8re\u2026..&nbsp;\u00bb<\/p>\n<p>C\u2019est en quittant <strong>l\u2019\u00cele Rousse<\/strong>, en empruntant la route nationale qui m\u00e8ne \u00e0 <strong>Calvi<\/strong>, que nous avons voulu revoir la Marina de <a href=\"http:\/\/www.santambroggio.com\/\">Sant\u2019Ambroggio<\/a> (on a toujours r\u00eav\u00e9 de l\u2019habiter\u2026.), en prenant le chemin sur la droite qui m\u00e8ne aux nombreuses r\u00e9sidences, noy\u00e9es, il faut l\u2019avouer, dans une nature pr\u00e9serv\u00e9e de fa\u00e7on harmonieuse. Cette fois ci on a pouss\u00e9 un peu plus loin notre curiosit\u00e9 en prenant sur la gauche le chemin, juste avant la voie ferr\u00e9e. Au bout du chemin en terre, un parking et le panneau \u00ab&nbsp;SPANU&nbsp;\u00bb commune de LUMIO. Le spectacle qui s\u2019offre \u00e0 vous est magnifique. Autrefois un golf s\u2019\u00e9tendait sur tous ces espaces aux alentours. Depuis que celui-ci a \u00e9t\u00e9 d\u00e9plac\u00e9&nbsp;dans le R\u00e9ginu&nbsp;, les \u00ab&nbsp;griffes de sorci\u00e8res&nbsp;\u00bb et les champs d<a title=\"L\u2019immortelle Corse\" href=\"http:\/\/www.locationencorse.eu\/blog\/limmortelle-corse\/\" target=\"_blank\" rel=\"noopener\">\u2019immortelles<\/a> r\u00e8gnent en ma\u00eetresses de ces lieux, pour la plus grande joie de nos sens. Pour peu que la brise marine vienne s\u2019en m\u00ealer en caressant d\u00e9licatement ces bouquets d\u2019immortelles, le plaisir reste inoubliable\u2026..<\/p>\n<p><a href=\"http:\/\/www.locationencorse.eu\/blog\/wp-content\/uploads\/2015\/06\/la-pointe-de-spanu.jpg\" data-rel=\"lightbox-image-0\" data-rl_title=\"\" data-rl_caption=\"\" title=\"\"><img decoding=\"async\" loading=\"lazy\" class=\"aligncenter size-full wp-image-6283\" src=\"http:\/\/www.locationencorse.eu\/blog\/wp-content\/uploads\/2015\/06\/la-pointe-de-spanu.jpg\" alt=\"la pointe de spanu\" width=\"800\" height=\"600\" srcset=\"https:\/\/www.locationencorse.eu\/blog\/wp-content\/uploads\/2015\/06\/la-pointe-de-spanu.jpg 800w, https:\/\/www.locationencorse.eu\/blog\/wp-content\/uploads\/2015\/06\/la-pointe-de-spanu-400x300.jpg 400w\" sizes=\"(max-width: 800px) 100vw, 800px\" \/><\/a><\/p>\n<p>Ce jour l\u00e0, la lumi\u00e8re n\u2019est pas assez exceptionnelle&nbsp;pour mettre en valeur les rochers de granit qu\u2019on arpente sans difficult\u00e9, et pourtant\u2026\u2026 Tout contribue au charme de ce lieu&nbsp;: ces blocs majestueux nous permettent de photographier le site sous tous les angles. Au large on distingue Calvi et sa citadelle. Une petite plage accueillante, de sable au bord, plus authentique \u00e0 mesure que vous nagez et longez les rochers\u2026. Ceux-ci, bien polis et lisses, offrent l\u2019intimit\u00e9 que vous recherchez pour vous poser et admirer ou encore pour plonger. Quelques-uns, sculpt\u00e9s par l\u2019\u00e9rosion, vous offrent la possibilit\u00e9 de photographier un bout de mer\u2026. Et, si le hasard vous gratifie du passage d\u2019un voilier, vous immortaliserez un \u00ab&nbsp;cadre de ma\u00eetre&nbsp;\u00bb expos\u00e9 en pleine nature.<\/p>\n<p>Une construction basse et discr\u00e8te, compos\u00e9e de pierres et de bois, ne d\u00e9nature en rien ce lieu. Aucun panneau, aucun menu affich\u00e9 mais on se laisse dire que c\u2019est un restaurant \u00ab\u00a0Le Rocher\u00a0\u00bb et une discoth\u00e8que certainement au caract\u00e8re \u00ab&nbsp;priv\u00e9&nbsp;\u00bb souvent utilis\u00e9 comme une des&nbsp;salles de <a href=\"https:\/\/www.locationencorse.eu\/blog\/mariage-en-corse-autrefois\/\">mariage corse<\/a>&nbsp;au milieu d&rsquo;un paysage de r\u00eave pour c\u00e9r\u00e9monie r\u00e9ussie. Cette b\u00e2tisse aux allures de bergerie ouverte sur la mer a servi de cadre pour l\u2019enregistrement de l\u2019anniversaire de Jacques Dutronc. Pour ceux qui ont vu cette \u00e9mission de vari\u00e9t\u00e9 \u00e0 la t\u00e9l\u00e9vision, impossible d\u2019oublier ce cadre exceptionnel. Cette vue sur la mer et ses rochers de granit pouvait rappeler les \u00eeles Lavezzi par son c\u00f4t\u00e9 sauvage mais sur ces \u00eeles, pas de constructions\u2026\u2026 En arrivant \u00e0 Spanu, le myst\u00e8re est enfin d\u00e9voil\u00e9. Ce cadre inspire bien des cin\u00e9astes puisque ce jour-l\u00e0, nous avons rencontr\u00e9 une \u00e9quipe de France2, en rep\u00e9rage pour les 2 jours de tournage qui devaient avoir lieu&nbsp; d\u00e8s le lendemain. Ils nous apprennent qu\u2019un \u00e9pisode de \u00ab&nbsp;Duel au Soleil&nbsp;\u00bb avec la participation, entre autres de G Darmont, allait avoir lieu. Le rep\u00e9rage devait permettre de baliser la sc\u00e8ne pour \u00e9viter ainsi l\u2019intrusion des touristes d\u00e9j\u00e0 nombreux \u00e0 cette p\u00e9riode.<\/p>\n<p>Nous nous sommes promis de revenir un soir pour capturer sur nos tablettes l\u2019extraordinaire coucher de soleil de ce coin pr\u00e9serv\u00e9. Un spectacle \u00e0 ne pas manquer, \u00e0 immortaliser sous forme de fond d\u2019\u00e9cran pour les jours de blues, l\u2019hiver, \u00e0 Paris ou ailleurs\u2026..<\/p>\n<p>Bonne d\u00e9couverte et beaucoup de plaisir pour ce partage si vous passez par l\u00e0 au cours de vos vacances corses. Vous pourrez aussi louer \u00e0 la <a href=\"https:\/\/www.kallisteimmo.com\/2022\/02\/02\/la-marine-de-sant-ambroggio\/\">marine de Sant&rsquo; Ambroggio<\/a> des appartements pour 4 \u00e0 8 personnes.<\/p>\n<p>Nos photos de la pointe de Spanu ou la Punta Spano.<\/p>\n<div id='gallery-1' class='gallery galleryid-6278 gallery-columns-4 gallery-size-thumbnail'><dl class='gallery-item'>\n\t\t\t<dt class='gallery-icon landscape'>\n\t\t\t\t<a href='https:\/\/www.locationencorse.eu\/blog\/wp-content\/uploads\/2015\/06\/paulo-et-Daniele.jpg' title=\"\" data-rl_title=\"\" class=\"rl-gallery-link\" data-rl_caption=\"\" data-rel=\"lightbox-gallery-1\"><img width=\"150\" height=\"150\" src=\"https:\/\/www.locationencorse.eu\/blog\/wp-content\/uploads\/2015\/06\/paulo-et-Daniele-150x150.jpg\" class=\"attachment-thumbnail size-thumbnail\" alt=\"\" decoding=\"async\" aria-describedby=\"gallery-1-6292\" loading=\"lazy\" \/><\/a>\n\t\t\t<\/dt>\n\t\t\t\t<dd class='wp-caption-text gallery-caption' id='gallery-1-6292'>\n\t\t\t\tPaulo et Dani\u00e8le \u00e0 Sapnu\n\t\t\t\t<\/dd><\/dl><dl class='gallery-item'>\n\t\t\t<dt class='gallery-icon landscape'>\n\t\t\t\t<a href='https:\/\/www.locationencorse.eu\/blog\/wp-content\/uploads\/2015\/06\/la-punta-spano.jpg' title=\"\" data-rl_title=\"\" class=\"rl-gallery-link\" data-rl_caption=\"\" data-rel=\"lightbox-gallery-1\"><img width=\"150\" height=\"150\" src=\"https:\/\/www.locationencorse.eu\/blog\/wp-content\/uploads\/2015\/06\/la-punta-spano-150x150.jpg\" class=\"attachment-thumbnail size-thumbnail\" alt=\"\" decoding=\"async\" aria-describedby=\"gallery-1-6291\" loading=\"lazy\" \/><\/a>\n\t\t\t<\/dt>\n\t\t\t\t<dd class='wp-caption-text gallery-caption' id='gallery-1-6291'>\n\t\t\t\tpointe de spanu \u00e0 Lumio\n\t\t\t\t<\/dd><\/dl><dl class='gallery-item'>\n\t\t\t<dt class='gallery-icon landscape'>\n\t\t\t\t<a href='https:\/\/www.locationencorse.eu\/blog\/wp-content\/uploads\/2015\/06\/la-punta-spano-les-rochers.jpg' title=\"\" data-rl_title=\"\" class=\"rl-gallery-link\" data-rl_caption=\"\" data-rel=\"lightbox-gallery-1\"><img width=\"150\" height=\"150\" src=\"https:\/\/www.locationencorse.eu\/blog\/wp-content\/uploads\/2015\/06\/la-punta-spano-les-rochers-150x150.jpg\" class=\"attachment-thumbnail size-thumbnail\" alt=\"\" decoding=\"async\" aria-describedby=\"gallery-1-6290\" loading=\"lazy\" \/><\/a>\n\t\t\t<\/dt>\n\t\t\t\t<dd class='wp-caption-text gallery-caption' id='gallery-1-6290'>\n\t\t\t\tpointe de Spanu\n\t\t\t\t<\/dd><\/dl><dl class='gallery-item'>\n\t\t\t<dt class='gallery-icon landscape'>\n\t\t\t\t<a href='https:\/\/www.locationencorse.eu\/blog\/wp-content\/uploads\/2015\/06\/la-punta-spano-3.jpg' title=\"\" data-rl_title=\"\" class=\"rl-gallery-link\" data-rl_caption=\"\" data-rel=\"lightbox-gallery-1\"><img width=\"150\" height=\"150\" src=\"https:\/\/www.locationencorse.eu\/blog\/wp-content\/uploads\/2015\/06\/la-punta-spano-3-150x150.jpg\" class=\"attachment-thumbnail size-thumbnail\" alt=\"\" decoding=\"async\" aria-describedby=\"gallery-1-6289\" loading=\"lazy\" \/><\/a>\n\t\t\t<\/dt>\n\t\t\t\t<dd class='wp-caption-text gallery-caption' id='gallery-1-6289'>\n\t\t\t\tpunta Spano\n\t\t\t\t<\/dd><\/dl><br style=\"clear: both\" \/><dl class='gallery-item'>\n\t\t\t<dt class='gallery-icon landscape'>\n\t\t\t\t<a href='https:\/\/www.locationencorse.eu\/blog\/wp-content\/uploads\/2015\/06\/la-punta-spano-2.jpg' title=\"\" data-rl_title=\"\" class=\"rl-gallery-link\" data-rl_caption=\"\" data-rel=\"lightbox-gallery-1\"><img width=\"150\" height=\"150\" src=\"https:\/\/www.locationencorse.eu\/blog\/wp-content\/uploads\/2015\/06\/la-punta-spano-2-150x150.jpg\" class=\"attachment-thumbnail size-thumbnail\" alt=\"\" decoding=\"async\" aria-describedby=\"gallery-1-6288\" loading=\"lazy\" \/><\/a>\n\t\t\t<\/dt>\n\t\t\t\t<dd class='wp-caption-text gallery-caption' id='gallery-1-6288'>\n\t\t\t\tpointe de Spanu\n\t\t\t\t<\/dd><\/dl><dl class='gallery-item'>\n\t\t\t<dt class='gallery-icon landscape'>\n\t\t\t\t<a href='https:\/\/www.locationencorse.eu\/blog\/wp-content\/uploads\/2015\/06\/immortelles.jpg' title=\"\" data-rl_title=\"\" class=\"rl-gallery-link\" data-rl_caption=\"\" data-rel=\"lightbox-gallery-1\"><img width=\"150\" height=\"150\" src=\"https:\/\/www.locationencorse.eu\/blog\/wp-content\/uploads\/2015\/06\/immortelles-150x150.jpg\" class=\"attachment-thumbnail size-thumbnail\" alt=\"\" decoding=\"async\" aria-describedby=\"gallery-1-6287\" loading=\"lazy\" \/><\/a>\n\t\t\t<\/dt>\n\t\t\t\t<dd class='wp-caption-text gallery-caption' id='gallery-1-6287'>\n\t\t\t\timmortelle\n\t\t\t\t<\/dd><\/dl><dl class='gallery-item'>\n\t\t\t<dt class='gallery-icon landscape'>\n\t\t\t\t<a href='https:\/\/www.locationencorse.eu\/blog\/wp-content\/uploads\/2015\/06\/coucher-de-soleil-Spanu.jpg' title=\"\" data-rl_title=\"\" class=\"rl-gallery-link\" data-rl_caption=\"\" data-rel=\"lightbox-gallery-1\"><img width=\"150\" height=\"150\" src=\"https:\/\/www.locationencorse.eu\/blog\/wp-content\/uploads\/2015\/06\/coucher-de-soleil-Spanu-150x150.jpg\" class=\"attachment-thumbnail size-thumbnail\" alt=\"\" decoding=\"async\" aria-describedby=\"gallery-1-6286\" loading=\"lazy\" \/><\/a>\n\t\t\t<\/dt>\n\t\t\t\t<dd class='wp-caption-text gallery-caption' id='gallery-1-6286'>\n\t\t\t\tcoucher du soleil\n\t\t\t\t<\/dd><\/dl><dl class='gallery-item'>\n\t\t\t<dt class='gallery-icon landscape'>\n\t\t\t\t<a href='https:\/\/www.locationencorse.eu\/blog\/wp-content\/uploads\/2015\/06\/coucher-de-soleil-Spanu-2.jpg' title=\"\" data-rl_title=\"\" class=\"rl-gallery-link\" data-rl_caption=\"\" data-rel=\"lightbox-gallery-1\"><img width=\"150\" height=\"150\" src=\"https:\/\/www.locationencorse.eu\/blog\/wp-content\/uploads\/2015\/06\/coucher-de-soleil-Spanu-2-150x150.jpg\" class=\"attachment-thumbnail size-thumbnail\" alt=\"\" decoding=\"async\" aria-describedby=\"gallery-1-6285\" loading=\"lazy\" \/><\/a>\n\t\t\t<\/dt>\n\t\t\t\t<dd class='wp-caption-text gallery-caption' id='gallery-1-6285'>\n\t\t\t\tcoucher du soleil\n\t\t\t\t<\/dd><\/dl><br style=\"clear: both\" \/>\n\t\t<\/div>\n\n<p>Plan pour aller \u00e0 la Punta Spanu du port de Sant Ambroggio<br \/>\n<iframe loading=\"lazy\" style=\"border: 0px currentColor;\" src=\"https:\/\/www.google.com\/maps\/embed?pb=!1m28!1m12!1m3!1d11747.639423211792!2d8.82628153417299!3d42.59965604623024!2m3!1f0!2f0!3f0!3m2!1i1024!2i768!4f13.1!4m13!3e6!4m5!1s0x12d0ea26e3a02f4f%3A0xd721154db611b4f3!2sRestaurant+Le+Rocher+-+Lumio%2C+Punta+Di+Spanu%2C+20260+Lumio%2C+France!3m2!1d42.600308!2d8.806829!4m5!1s0x12d0e9f83d9dd855%3A0x64ebcbe7d8f9024a!2sMarine+de+Sant+Ambroggio%2C+20260+Lumio!3m2!1d42.6030003!2d8.8269004!5e0!3m2!1sfr!2sfr!4v1433866277866\" width=\"600\" height=\"450\" frameborder=\"0\"><\/iframe><\/p>\n<!-- AddThis Advanced Settings generic via filter on the_content --><!-- AddThis Share Buttons generic via filter on the_content -->","protected":false},"excerpt":{"rendered":"<p>On ne peut pas visiter la Corse sans \u00e9prouver le besoin de partager toutes ces d\u00e9couvertes avec ceux qui nous sont chers, la pointe de Spanu. Mais on se trouve si chanceux par rapport \u00e0 ceux qui sont rest\u00e9s travailler &hellip; <a href=\"https:\/\/www.locationencorse.eu\/blog\/la-pointe-de-spanu-a-lumio\/\">Continuer la lecture <span class=\"meta-nav\">&rarr;<\/span><\/a><!-- AddThis Advanced Settings generic via filter on get_the_excerpt --><!-- AddThis Share Buttons generic via filter on get_the_excerpt --><\/p>\n","protected":false},"author":2,"featured_media":0,"comment_status":"closed","ping_status":"closed","sticky":false,"template":"","format":"standard","meta":{"_mi_skip_tracking":false,"_monsterinsights_sitenote_active":false,"_monsterinsights_sitenote_note":"","_monsterinsights_sitenote_category":0,"ngg_post_thumbnail":0,"footnotes":""},"categories":[176,1,280],"tags":[11,43,343],"yoast_head":"<!-- This site is optimized with the Yoast SEO plugin v21.1 - https:\/\/yoast.com\/wordpress\/plugins\/seo\/ -->\n<title>La pointe de Spanu \u00e0 Lumio - Un joyau naturelle \u00e0 Sant Ambroggio<\/title>\n<meta name=\"description\" content=\"On ne peut pas visiter la Corse sans \u00e9prouver le besoin de partager la pointe de Spanu \u00e0 Sant Ambroggio un des lieux de mariage les plus charmant de Corse.\" \/>\n<meta name=\"robots\" content=\"index, follow, max-snippet:-1, max-image-preview:large, max-video-preview:-1\" \/>\n<link rel=\"canonical\" href=\"https:\/\/www.locationencorse.eu\/blog\/la-pointe-de-spanu-a-lumio\/\" \/>\n<meta property=\"og:locale\" content=\"fr_FR\" \/>\n<meta property=\"og:type\" content=\"article\" \/>\n<meta property=\"og:title\" content=\"La pointe de Spanu \u00e0 Lumio - Un joyau naturelle \u00e0 Sant Ambroggio\" \/>\n<meta property=\"og:description\" content=\"On ne peut pas visiter la Corse sans \u00e9prouver le besoin de partager la pointe de Spanu \u00e0 Sant Ambroggio un des lieux de mariage les plus charmant de Corse.\" \/>\n<meta property=\"og:url\" content=\"https:\/\/www.locationencorse.eu\/blog\/la-pointe-de-spanu-a-lumio\/\" \/>\n<meta property=\"og:site_name\" content=\"La Corse\" \/>\n<meta property=\"article:author\" content=\"https:\/\/www.facebook.com\/locationencorse.eu\/\" \/>\n<meta property=\"article:published_time\" content=\"2015-06-09T17:00:58+00:00\" \/>\n<meta property=\"article:modified_time\" content=\"2024-02-14T09:59:35+00:00\" \/>\n<meta property=\"og:image\" content=\"https:\/\/www.locationencorse.eu\/blog\/wp-content\/uploads\/2015\/06\/paulo-et-Daniele-150x150.jpg\" \/>\n<meta name=\"author\" content=\"Newchallenge\" \/>\n<meta name=\"twitter:label1\" content=\"\u00c9crit par\" \/>\n\t<meta name=\"twitter:data1\" content=\"Newchallenge\" \/>\n\t<meta name=\"twitter:label2\" content=\"Dur\u00e9e de lecture estim\u00e9e\" \/>\n\t<meta name=\"twitter:data2\" content=\"4 minutes\" \/>\n<script type=\"application\/ld+json\" class=\"yoast-schema-graph\">{\"@context\":\"https:\/\/schema.org\",\"@graph\":[{\"@type\":\"WebPage\",\"@id\":\"https:\/\/www.locationencorse.eu\/blog\/la-pointe-de-spanu-a-lumio\/\",\"url\":\"https:\/\/www.locationencorse.eu\/blog\/la-pointe-de-spanu-a-lumio\/\",\"name\":\"La pointe de Spanu \u00e0 Lumio - Un joyau naturelle \u00e0 Sant Ambroggio\",\"isPartOf\":{\"@id\":\"https:\/\/www.locationencorse.eu\/blog\/#website\"},\"datePublished\":\"2015-06-09T17:00:58+00:00\",\"dateModified\":\"2024-02-14T09:59:35+00:00\",\"author\":{\"@id\":\"https:\/\/www.locationencorse.eu\/blog\/#\/schema\/person\/4aa76a779067073b7500fdabe0a4a51c\"},\"description\":\"On ne peut pas visiter la Corse sans \u00e9prouver le besoin de partager la pointe de Spanu \u00e0 Sant Ambroggio un des lieux de mariage les plus charmant de Corse.\",\"breadcrumb\":{\"@id\":\"https:\/\/www.locationencorse.eu\/blog\/la-pointe-de-spanu-a-lumio\/#breadcrumb\"},\"inLanguage\":\"fr-FR\",\"potentialAction\":[{\"@type\":\"ReadAction\",\"target\":[\"https:\/\/www.locationencorse.eu\/blog\/la-pointe-de-spanu-a-lumio\/\"]}]},{\"@type\":\"BreadcrumbList\",\"@id\":\"https:\/\/www.locationencorse.eu\/blog\/la-pointe-de-spanu-a-lumio\/#breadcrumb\",\"itemListElement\":[{\"@type\":\"ListItem\",\"position\":1,\"name\":\"Accueil\",\"item\":\"https:\/\/www.locationencorse.eu\/blog\/\"},{\"@type\":\"ListItem\",\"position\":2,\"name\":\"La pointe de Spanu \u00e0 Lumio\"}]},{\"@type\":\"WebSite\",\"@id\":\"https:\/\/www.locationencorse.eu\/blog\/#website\",\"url\":\"https:\/\/www.locationencorse.eu\/blog\/\",\"name\":\"La Corse\",\"description\":\"Vacances en Corse sur \u00cele de beaut\u00e9\",\"potentialAction\":[{\"@type\":\"SearchAction\",\"target\":{\"@type\":\"EntryPoint\",\"urlTemplate\":\"https:\/\/www.locationencorse.eu\/blog\/?s={search_term_string}\"},\"query-input\":\"required name=search_term_string\"}],\"inLanguage\":\"fr-FR\"},{\"@type\":\"Person\",\"@id\":\"https:\/\/www.locationencorse.eu\/blog\/#\/schema\/person\/4aa76a779067073b7500fdabe0a4a51c\",\"name\":\"Newchallenge\",\"image\":{\"@type\":\"ImageObject\",\"inLanguage\":\"fr-FR\",\"@id\":\"https:\/\/www.locationencorse.eu\/blog\/#\/schema\/person\/image\/\",\"url\":\"https:\/\/secure.gravatar.com\/avatar\/ad5f2a69d252f48179a77d3cb09e1fa7?s=96&r=g\",\"contentUrl\":\"https:\/\/secure.gravatar.com\/avatar\/ad5f2a69d252f48179a77d3cb09e1fa7?s=96&r=g\",\"caption\":\"Newchallenge\"},\"sameAs\":[\"http:\/\/www.locationencorse.eu\",\"https:\/\/www.facebook.com\/locationencorse.eu\/\"],\"url\":\"https:\/\/www.locationencorse.eu\/blog\/author\/martinenewchallenge-fr\/\"}]}<\/script>\n<!-- \/ Yoast SEO plugin. -->","yoast_head_json":{"title":"La pointe de Spanu \u00e0 Lumio - Un joyau naturelle \u00e0 Sant Ambroggio","description":"On ne peut pas visiter la Corse sans \u00e9prouver le besoin de partager la pointe de Spanu \u00e0 Sant Ambroggio un des lieux de mariage les plus charmant de Corse.","robots":{"index":"index","follow":"follow","max-snippet":"max-snippet:-1","max-image-preview":"max-image-preview:large","max-video-preview":"max-video-preview:-1"},"canonical":"https:\/\/www.locationencorse.eu\/blog\/la-pointe-de-spanu-a-lumio\/","og_locale":"fr_FR","og_type":"article","og_title":"La pointe de Spanu \u00e0 Lumio - Un joyau naturelle \u00e0 Sant Ambroggio","og_description":"On ne peut pas visiter la Corse sans \u00e9prouver le besoin de partager la pointe de Spanu \u00e0 Sant Ambroggio un des lieux de mariage les plus charmant de Corse.","og_url":"https:\/\/www.locationencorse.eu\/blog\/la-pointe-de-spanu-a-lumio\/","og_site_name":"La Corse","article_author":"https:\/\/www.facebook.com\/locationencorse.eu\/","article_published_time":"2015-06-09T17:00:58+00:00","article_modified_time":"2024-02-14T09:59:35+00:00","og_image":[{"url":"https:\/\/www.locationencorse.eu\/blog\/wp-content\/uploads\/2015\/06\/paulo-et-Daniele-150x150.jpg"}],"author":"Newchallenge","twitter_misc":{"\u00c9crit par":"Newchallenge","Dur\u00e9e de lecture estim\u00e9e":"4 minutes"},"schema":{"@context":"https:\/\/schema.org","@graph":[{"@type":"WebPage","@id":"https:\/\/www.locationencorse.eu\/blog\/la-pointe-de-spanu-a-lumio\/","url":"https:\/\/www.locationencorse.eu\/blog\/la-pointe-de-spanu-a-lumio\/","name":"La pointe de Spanu \u00e0 Lumio - Un joyau naturelle \u00e0 Sant Ambroggio","isPartOf":{"@id":"https:\/\/www.locationencorse.eu\/blog\/#website"},"datePublished":"2015-06-09T17:00:58+00:00","dateModified":"2024-02-14T09:59:35+00:00","author":{"@id":"https:\/\/www.locationencorse.eu\/blog\/#\/schema\/person\/4aa76a779067073b7500fdabe0a4a51c"},"description":"On ne peut pas visiter la Corse sans \u00e9prouver le besoin de partager la pointe de Spanu \u00e0 Sant Ambroggio un des lieux de mariage les plus charmant de Corse.","breadcrumb":{"@id":"https:\/\/www.locationencorse.eu\/blog\/la-pointe-de-spanu-a-lumio\/#breadcrumb"},"inLanguage":"fr-FR","potentialAction":[{"@type":"ReadAction","target":["https:\/\/www.locationencorse.eu\/blog\/la-pointe-de-spanu-a-lumio\/"]}]},{"@type":"BreadcrumbList","@id":"https:\/\/www.locationencorse.eu\/blog\/la-pointe-de-spanu-a-lumio\/#breadcrumb","itemListElement":[{"@type":"ListItem","position":1,"name":"Accueil","item":"https:\/\/www.locationencorse.eu\/blog\/"},{"@type":"ListItem","position":2,"name":"La pointe de Spanu \u00e0 Lumio"}]},{"@type":"WebSite","@id":"https:\/\/www.locationencorse.eu\/blog\/#website","url":"https:\/\/www.locationencorse.eu\/blog\/","name":"La Corse","description":"Vacances en Corse sur \u00cele de beaut\u00e9","potentialAction":[{"@type":"SearchAction","target":{"@type":"EntryPoint","urlTemplate":"https:\/\/www.locationencorse.eu\/blog\/?s={search_term_string}"},"query-input":"required name=search_term_string"}],"inLanguage":"fr-FR"},{"@type":"Person","@id":"https:\/\/www.locationencorse.eu\/blog\/#\/schema\/person\/4aa76a779067073b7500fdabe0a4a51c","name":"Newchallenge","image":{"@type":"ImageObject","inLanguage":"fr-FR","@id":"https:\/\/www.locationencorse.eu\/blog\/#\/schema\/person\/image\/","url":"https:\/\/secure.gravatar.com\/avatar\/ad5f2a69d252f48179a77d3cb09e1fa7?s=96&r=g","contentUrl":"https:\/\/secure.gravatar.com\/avatar\/ad5f2a69d252f48179a77d3cb09e1fa7?s=96&r=g","caption":"Newchallenge"},"sameAs":["http:\/\/www.locationencorse.eu","https:\/\/www.facebook.com\/locationencorse.eu\/"],"url":"https:\/\/www.locationencorse.eu\/blog\/author\/martinenewchallenge-fr\/"}]}},"jetpack_featured_media_url":"","_links":{"self":[{"href":"https:\/\/www.locationencorse.eu\/blog\/wp-json\/wp\/v2\/posts\/6278"}],"collection":[{"href":"https:\/\/www.locationencorse.eu\/blog\/wp-json\/wp\/v2\/posts"}],"about":[{"href":"https:\/\/www.locationencorse.eu\/blog\/wp-json\/wp\/v2\/types\/post"}],"author":[{"embeddable":true,"href":"https:\/\/www.locationencorse.eu\/blog\/wp-json\/wp\/v2\/users\/2"}],"replies":[{"embeddable":true,"href":"https:\/\/www.locationencorse.eu\/blog\/wp-json\/wp\/v2\/comments?post=6278"}],"version-history":[{"count":23,"href":"https:\/\/www.locationencorse.eu\/blog\/wp-json\/wp\/v2\/posts\/6278\/revisions"}],"predecessor-version":[{"id":8752,"href":"https:\/\/www.locationencorse.eu\/blog\/wp-json\/wp\/v2\/posts\/6278\/revisions\/8752"}],"wp:attachment":[{"href":"https:\/\/www.locationencorse.eu\/blog\/wp-json\/wp\/v2\/media?parent=6278"}],"wp:term":[{"taxonomy":"category","embeddable":true,"href":"https:\/\/www.locationencorse.eu\/blog\/wp-json\/wp\/v2\/categories?post=6278"},{"taxonomy":"post_tag","embeddable":true,"href":"https:\/\/www.locationencorse.eu\/blog\/wp-json\/wp\/v2\/tags?post=6278"}],"curies":[{"name":"wp","href":"https:\/\/api.w.org\/{rel}","templated":true}]}}