{"id":624,"date":"2014-01-24T11:19:05","date_gmt":"2014-01-24T10:19:05","guid":{"rendered":"http:\/\/www.locationencorse.eu\/blog\/?p=624"},"modified":"2015-01-07T09:04:33","modified_gmt":"2015-01-07T08:04:33","slug":"pietrapola-i-bagni","status":"publish","type":"post","link":"https:\/\/www.locationencorse.eu\/blog\/pietrapola-i-bagni\/","title":{"rendered":"Pietrapola I Bagni"},"content":{"rendered":"<p>Si vous s\u00e9journez sur la Costa S\u00e9r\u00e9na, d\u00e9laissez un moment les plages magnifiques et sauvages de cette r\u00e9gion pour effectuer une petite visite au hameau de \u00ab\u00a0<strong>Pietrapola I Bagni<\/strong>.\u00a0\u00bb Vous serez surpris car, non seulement il ne ressemble \u00e0 aucun autre village de par ses maisons traditionnelles \u00ab\u00a0trou\u00e9es\u00bb, regroup\u00e9es, aux fa\u00e7ades de granit mais aussi parce qu&rsquo;il y r\u00e8gne une atmosph\u00e8re particuli\u00e8re. Le calme et le silence enveloppent ce hameau et bien qu&rsquo;il ne se situe qu&rsquo;\u00e0 10 minutes de la RN198, de l&rsquo;agitation des communes plus peupl\u00e9es et plus touristiques du bord de mer, il vous donnera l&rsquo;impression d&rsquo;arriver \u00ab\u00a0au bout du monde\u00a0\u00bb.<img decoding=\"async\" loading=\"lazy\" class=\"aligncenter wp-image-630 size-full\" title=\"Pietrapola les bains\" src=\"http:\/\/www.locationencorse.eu\/blog\/wp-content\/uploads\/2014\/01\/IMG_7145.jpg\" alt=\"pietrapola\" width=\"800\" height=\"600\" srcset=\"https:\/\/www.locationencorse.eu\/blog\/wp-content\/uploads\/2014\/01\/IMG_7145.jpg 800w, https:\/\/www.locationencorse.eu\/blog\/wp-content\/uploads\/2014\/01\/IMG_7145-400x300.jpg 400w\" sizes=\"(max-width: 800px) 100vw, 800px\" \/><\/p>\n<p>A l&rsquo;entr\u00e9e du village, demandez aux habitants, si vous en croisez un, de vous indiquer l&#8217;emplacement de \u00ab\u00a0l&rsquo;Ucchjera\u00a0\u00bb, rocher d&rsquo;o\u00f9 s&rsquo;\u00e9coule un l\u00e9ger filet d&rsquo;eau, descendant des montagnes. Jadis, les villageois de la r\u00e9gion qui souffraient de probl\u00e8mes aux yeux, venaient les laver \u00e0 cette source en priant Ste Lucie, implorant son aide afin d&rsquo;obtenir la gu\u00e9rison.<\/p>\n<p><a href=\"http:\/\/www.locationencorse.eu\/blog\/wp-content\/uploads\/2014\/01\/IMG_7143.jpg\" rel=\"attachment wp-att-629\" data-rel=\"lightbox-image-0\" data-rl_title=\"\" data-rl_caption=\"\" title=\"\"><img decoding=\"async\" loading=\"lazy\" class=\"aligncenter wp-image-629 size-full\" src=\"http:\/\/www.locationencorse.eu\/blog\/wp-content\/uploads\/2014\/01\/IMG_7143.jpg\" alt=\"pietrapola les bain\" width=\"800\" height=\"600\" srcset=\"https:\/\/www.locationencorse.eu\/blog\/wp-content\/uploads\/2014\/01\/IMG_7143.jpg 800w, https:\/\/www.locationencorse.eu\/blog\/wp-content\/uploads\/2014\/01\/IMG_7143-400x300.jpg 400w\" sizes=\"(max-width: 800px) 100vw, 800px\" \/><\/a>En poursuivant votre visite, vous trouverez sur votre droite, un grand parking( au centre du village devant ce que l&rsquo;on appelle \u00ab\u00a0La Maison Carr\u00e9e\u00a0\u00bb. Ce grand b\u00e2timent en pierre, ancienne gendarmerie imp\u00e9riale \u00e0 l&rsquo;\u00e9poque de Napol\u00e9on lll , constitu\u00e9 d&rsquo;un patio et d&rsquo;un balcon circulaire, est occup\u00e9 par des familles du village. Sur sa fa\u00e7ade c\u00f4t\u00e9 rue, figure encore l&rsquo;enseigne d&rsquo;un ancien caf\u00e9. Ce b\u00e2timent, v\u00e9ritable tr\u00e9sor du patrimoine,\u00a0gagnerait beaucoup en charme s&rsquo;il pouvait \u00eatre restaur\u00e9&#8230;&#8230;<\/p>\n<p>Entre ce parking (\u00a0<em>En effet, cette place est un terrain priv\u00e9 et le stationnement est strictement r\u00e9serv\u00e9 aux riverains. Il existe dans le village d\u2019autres endroits pour se garer, notamment sur la place de l\u2019\u00e9glise, sur le parking \u00e0 cot\u00e9 de l\u2019\u00e9cole et le parking priv\u00e9 de l\u2019\u00e9tablissement thermal \u00e0 l\u2019entr\u00e9e du village, juste apr\u00e8s la maison de Brigitte et Christian<\/em>).et les thermes, vous trouverez la maison de Brigitte et Christian. N&rsquo;h\u00e9sitez pas \u00e0 passer le portillon et \u00e0 vous pr\u00e9senter \u00e0 l&rsquo;entr\u00e9e. Vous repartirez, les bras charg\u00e9s d&rsquo;excellentes confitures, de <a title=\"flan a la farine de chataigne\" href=\"http:\/\/www.locationencorse.eu\/blog\/?p=176\">farine de ch\u00e2taignes<\/a> et de ces fameux biscuits corses (canistrellis) \u00ab\u00a0faits maison\u00a0\u00bb.<a href=\"http:\/\/www.locationencorse.eu\/blog\/wp-content\/uploads\/2014\/01\/IMG_7148.jpg\" rel=\"attachment wp-att-631\" data-rel=\"lightbox-image-1\" data-rl_title=\"\" data-rl_caption=\"\" title=\"\"><img decoding=\"async\" loading=\"lazy\" class=\"aligncenter wp-image-631 size-full\" src=\"http:\/\/www.locationencorse.eu\/blog\/wp-content\/uploads\/2014\/01\/IMG_7148.jpg\" alt=\"pietrapola\" width=\"800\" height=\"600\" srcset=\"https:\/\/www.locationencorse.eu\/blog\/wp-content\/uploads\/2014\/01\/IMG_7148.jpg 800w, https:\/\/www.locationencorse.eu\/blog\/wp-content\/uploads\/2014\/01\/IMG_7148-400x300.jpg 400w\" sizes=\"(max-width: 800px) 100vw, 800px\" \/><\/a><\/p>\n<p>A gauche du parking, suivez les panneaux qui m\u00e8nent \u00e0 la station thermale et \u00e0 la rivi\u00e8re \u00ab\u00a0L&rsquo;Abatescu\u00a0\u00bb. En effet <a title=\"pietrapola\" href=\"http:\/\/www.locationencorse.eu\/les-thermes\/\">Pietrapola les Bains <\/a>poss\u00e8de des sources d&rsquo;eau sulfuris\u00e9es sodiques et hyperthermales, sortant des roches \u00e0 55 degr\u00e9s. L&rsquo;odeur risque de vous incommoder et de vous surprendre (forte odeur d&rsquo;\u0153uf pourri) mais vous vous y habituerez vite. Cette eau poss\u00e8de de v\u00e9ritables vertus pour soigner les rhumatismes et les affections de l&rsquo;appareil locomoteur. Cette station connue depuis l&rsquo;antiquit\u00e9 attirait les Romains\u00a0 et maintenant les insulaires et de plus en plus de \u00ab\u00a0continentaux\u00a0\u00bb tomb\u00e9s sous le charme de ces thermes. Il y a encore 2 ann\u00e9es, cet \u00e9tablissement offrait la possibilit\u00e9 de se loger et de se restaurer. Apr\u00e8s avoir \u00e9t\u00e9 rachet\u00e9e par le Conseil R\u00e9gional de Corse, d&rsquo;importants travaux de mise\u00a0aux normes ont \u00e9t\u00e9 entrepris. Les nouveaux g\u00e9rants, Marl\u00e8ne et L\u00e9o, tr\u00e8s accueillants, sympathiques et attachants ont consacr\u00e9 beaucoup de leur temps, pour offrir un espace convivial, familial o\u00f9 il fait bon vivre, o\u00f9 on ne peut se sentir \u00ab\u00a0qu&rsquo;\u00e0 la maison\u00a0\u00bb. Leur dynamisme avait permis aux curistes\u00a0 et aux externes de b\u00e9n\u00e9ficier de \u00ab\u00a0soir\u00e9es \u00e0 th\u00e8mes\u00bb. Malheureusement il faudra attendre encore quelques ann\u00e9es avant de voir la fin des travaux et de pouvoir b\u00e9n\u00e9ficier d&rsquo;un h\u00e9bergement moderne et confortable. Mais si vous avez le privil\u00e8ge de passer un moment de relaxation ou d&rsquo;effectuer une cure (l&rsquo;\u00e9tablissement est agr\u00e9e par la S\u00e9curit\u00e9 Sociale) les nombreux campings du bord de mer ou des locations de particuliers vous permettront de vous loger location en corse vous offrira de pr\u00e9cieux conseils.<\/p>\n<p><a href=\"http:\/\/www.locationencorse.eu\/blog\/wp-content\/uploads\/2014\/01\/IMG_7262.jpg\" data-rel=\"lightbox-image-2\" data-rl_title=\"\" data-rl_caption=\"\" title=\"\"><img decoding=\"async\" loading=\"lazy\" class=\"aligncenter wp-image-632 size-full\" src=\"http:\/\/www.locationencorse.eu\/blog\/wp-content\/uploads\/2014\/01\/IMG_7262.jpg\" alt=\"IMG_7262\" width=\"800\" height=\"600\" srcset=\"https:\/\/www.locationencorse.eu\/blog\/wp-content\/uploads\/2014\/01\/IMG_7262.jpg 800w, https:\/\/www.locationencorse.eu\/blog\/wp-content\/uploads\/2014\/01\/IMG_7262-400x300.jpg 400w\" sizes=\"(max-width: 800px) 100vw, 800px\" \/><\/a><\/p>\n<p><a href=\"http:\/\/www.locationencorse.eu\/blog\/wp-content\/uploads\/2014\/01\/IMG_7277.jpg\" data-rel=\"lightbox-image-3\" data-rl_title=\"\" data-rl_caption=\"\" title=\"\"><img decoding=\"async\" loading=\"lazy\" class=\"aligncenter wp-image-633 size-full\" src=\"http:\/\/www.locationencorse.eu\/blog\/wp-content\/uploads\/2014\/01\/IMG_7277.jpg\" alt=\"pietrapola les bains\" width=\"800\" height=\"600\" srcset=\"https:\/\/www.locationencorse.eu\/blog\/wp-content\/uploads\/2014\/01\/IMG_7277.jpg 800w, https:\/\/www.locationencorse.eu\/blog\/wp-content\/uploads\/2014\/01\/IMG_7277-400x300.jpg 400w\" sizes=\"(max-width: 800px) 100vw, 800px\" \/><\/a><\/p>\n<!-- AddThis Advanced Settings generic via filter on the_content --><!-- AddThis Share Buttons generic via filter on the_content -->","protected":false},"excerpt":{"rendered":"<p>Si vous s\u00e9journez sur la Costa S\u00e9r\u00e9na, d\u00e9laissez un moment les plages magnifiques et sauvages de cette r\u00e9gion pour effectuer une petite visite au hameau de \u00ab\u00a0Pietrapola I Bagni.\u00a0\u00bb Vous serez surpris car, non seulement il ne ressemble \u00e0 aucun &hellip; <a href=\"https:\/\/www.locationencorse.eu\/blog\/pietrapola-i-bagni\/\">Continuer la lecture <span class=\"meta-nav\">&rarr;<\/span><\/a><!-- AddThis Advanced Settings generic via filter on get_the_excerpt --><!-- AddThis Share Buttons generic via filter on get_the_excerpt --><\/p>\n","protected":false},"author":2,"featured_media":0,"comment_status":"open","ping_status":"open","sticky":false,"template":"","format":"standard","meta":{"_mi_skip_tracking":false,"_monsterinsights_sitenote_active":false,"_monsterinsights_sitenote_note":"","_monsterinsights_sitenote_category":0,"ngg_post_thumbnail":0,"footnotes":""},"categories":[170,8],"tags":[43,58,334],"yoast_head":"<!-- This site is optimized with the Yoast SEO plugin v21.1 - https:\/\/yoast.com\/wordpress\/plugins\/seo\/ -->\n<title>Pietrapola I Bagni - La Corse<\/title>\n<meta name=\"robots\" content=\"index, follow, max-snippet:-1, max-image-preview:large, max-video-preview:-1\" \/>\n<link rel=\"canonical\" href=\"https:\/\/www.locationencorse.eu\/blog\/pietrapola-i-bagni\/\" \/>\n<meta property=\"og:locale\" content=\"fr_FR\" \/>\n<meta property=\"og:type\" content=\"article\" \/>\n<meta property=\"og:title\" content=\"Pietrapola I Bagni - La Corse\" \/>\n<meta property=\"og:description\" content=\"Si vous s\u00e9journez sur la Costa S\u00e9r\u00e9na, d\u00e9laissez un moment les plages magnifiques et sauvages de cette r\u00e9gion pour effectuer une petite visite au hameau de \u00ab\u00a0Pietrapola I Bagni.\u00a0\u00bb Vous serez surpris car, non seulement il ne ressemble \u00e0 aucun &hellip; Continuer la lecture &rarr;\" \/>\n<meta property=\"og:url\" content=\"https:\/\/www.locationencorse.eu\/blog\/pietrapola-i-bagni\/\" \/>\n<meta property=\"og:site_name\" content=\"La Corse\" \/>\n<meta property=\"article:author\" content=\"https:\/\/www.facebook.com\/locationencorse.eu\/\" \/>\n<meta property=\"article:published_time\" content=\"2014-01-24T10:19:05+00:00\" \/>\n<meta property=\"article:modified_time\" content=\"2015-01-07T08:04:33+00:00\" \/>\n<meta property=\"og:image\" content=\"http:\/\/www.locationencorse.eu\/blog\/wp-content\/uploads\/2014\/01\/IMG_7145.jpg\" \/>\n<meta name=\"author\" content=\"Newchallenge\" \/>\n<meta name=\"twitter:label1\" content=\"\u00c9crit par\" \/>\n\t<meta name=\"twitter:data1\" content=\"Newchallenge\" \/>\n\t<meta name=\"twitter:label2\" content=\"Dur\u00e9e de lecture estim\u00e9e\" \/>\n\t<meta name=\"twitter:data2\" content=\"3 minutes\" \/>\n<script type=\"application\/ld+json\" class=\"yoast-schema-graph\">{\"@context\":\"https:\/\/schema.org\",\"@graph\":[{\"@type\":\"WebPage\",\"@id\":\"https:\/\/www.locationencorse.eu\/blog\/pietrapola-i-bagni\/\",\"url\":\"https:\/\/www.locationencorse.eu\/blog\/pietrapola-i-bagni\/\",\"name\":\"Pietrapola I Bagni - La Corse\",\"isPartOf\":{\"@id\":\"https:\/\/www.locationencorse.eu\/blog\/#website\"},\"datePublished\":\"2014-01-24T10:19:05+00:00\",\"dateModified\":\"2015-01-07T08:04:33+00:00\",\"author\":{\"@id\":\"https:\/\/www.locationencorse.eu\/blog\/#\/schema\/person\/4aa76a779067073b7500fdabe0a4a51c\"},\"breadcrumb\":{\"@id\":\"https:\/\/www.locationencorse.eu\/blog\/pietrapola-i-bagni\/#breadcrumb\"},\"inLanguage\":\"fr-FR\",\"potentialAction\":[{\"@type\":\"ReadAction\",\"target\":[\"https:\/\/www.locationencorse.eu\/blog\/pietrapola-i-bagni\/\"]}]},{\"@type\":\"BreadcrumbList\",\"@id\":\"https:\/\/www.locationencorse.eu\/blog\/pietrapola-i-bagni\/#breadcrumb\",\"itemListElement\":[{\"@type\":\"ListItem\",\"position\":1,\"name\":\"Accueil\",\"item\":\"https:\/\/www.locationencorse.eu\/blog\/\"},{\"@type\":\"ListItem\",\"position\":2,\"name\":\"Pietrapola I Bagni\"}]},{\"@type\":\"WebSite\",\"@id\":\"https:\/\/www.locationencorse.eu\/blog\/#website\",\"url\":\"https:\/\/www.locationencorse.eu\/blog\/\",\"name\":\"La Corse\",\"description\":\"Vacances en Corse sur \u00cele de beaut\u00e9\",\"potentialAction\":[{\"@type\":\"SearchAction\",\"target\":{\"@type\":\"EntryPoint\",\"urlTemplate\":\"https:\/\/www.locationencorse.eu\/blog\/?s={search_term_string}\"},\"query-input\":\"required name=search_term_string\"}],\"inLanguage\":\"fr-FR\"},{\"@type\":\"Person\",\"@id\":\"https:\/\/www.locationencorse.eu\/blog\/#\/schema\/person\/4aa76a779067073b7500fdabe0a4a51c\",\"name\":\"Newchallenge\",\"image\":{\"@type\":\"ImageObject\",\"inLanguage\":\"fr-FR\",\"@id\":\"https:\/\/www.locationencorse.eu\/blog\/#\/schema\/person\/image\/\",\"url\":\"https:\/\/secure.gravatar.com\/avatar\/ad5f2a69d252f48179a77d3cb09e1fa7?s=96&r=g\",\"contentUrl\":\"https:\/\/secure.gravatar.com\/avatar\/ad5f2a69d252f48179a77d3cb09e1fa7?s=96&r=g\",\"caption\":\"Newchallenge\"},\"sameAs\":[\"http:\/\/www.locationencorse.eu\",\"https:\/\/www.facebook.com\/locationencorse.eu\/\"],\"url\":\"https:\/\/www.locationencorse.eu\/blog\/author\/martinenewchallenge-fr\/\"}]}<\/script>\n<!-- \/ Yoast SEO plugin. -->","yoast_head_json":{"title":"Pietrapola I Bagni - La Corse","robots":{"index":"index","follow":"follow","max-snippet":"max-snippet:-1","max-image-preview":"max-image-preview:large","max-video-preview":"max-video-preview:-1"},"canonical":"https:\/\/www.locationencorse.eu\/blog\/pietrapola-i-bagni\/","og_locale":"fr_FR","og_type":"article","og_title":"Pietrapola I Bagni - La Corse","og_description":"Si vous s\u00e9journez sur la Costa S\u00e9r\u00e9na, d\u00e9laissez un moment les plages magnifiques et sauvages de cette r\u00e9gion pour effectuer une petite visite au hameau de \u00ab\u00a0Pietrapola I Bagni.\u00a0\u00bb Vous serez surpris car, non seulement il ne ressemble \u00e0 aucun &hellip; Continuer la lecture &rarr;","og_url":"https:\/\/www.locationencorse.eu\/blog\/pietrapola-i-bagni\/","og_site_name":"La Corse","article_author":"https:\/\/www.facebook.com\/locationencorse.eu\/","article_published_time":"2014-01-24T10:19:05+00:00","article_modified_time":"2015-01-07T08:04:33+00:00","og_image":[{"url":"http:\/\/www.locationencorse.eu\/blog\/wp-content\/uploads\/2014\/01\/IMG_7145.jpg"}],"author":"Newchallenge","twitter_misc":{"\u00c9crit par":"Newchallenge","Dur\u00e9e de lecture estim\u00e9e":"3 minutes"},"schema":{"@context":"https:\/\/schema.org","@graph":[{"@type":"WebPage","@id":"https:\/\/www.locationencorse.eu\/blog\/pietrapola-i-bagni\/","url":"https:\/\/www.locationencorse.eu\/blog\/pietrapola-i-bagni\/","name":"Pietrapola I Bagni - La Corse","isPartOf":{"@id":"https:\/\/www.locationencorse.eu\/blog\/#website"},"datePublished":"2014-01-24T10:19:05+00:00","dateModified":"2015-01-07T08:04:33+00:00","author":{"@id":"https:\/\/www.locationencorse.eu\/blog\/#\/schema\/person\/4aa76a779067073b7500fdabe0a4a51c"},"breadcrumb":{"@id":"https:\/\/www.locationencorse.eu\/blog\/pietrapola-i-bagni\/#breadcrumb"},"inLanguage":"fr-FR","potentialAction":[{"@type":"ReadAction","target":["https:\/\/www.locationencorse.eu\/blog\/pietrapola-i-bagni\/"]}]},{"@type":"BreadcrumbList","@id":"https:\/\/www.locationencorse.eu\/blog\/pietrapola-i-bagni\/#breadcrumb","itemListElement":[{"@type":"ListItem","position":1,"name":"Accueil","item":"https:\/\/www.locationencorse.eu\/blog\/"},{"@type":"ListItem","position":2,"name":"Pietrapola I Bagni"}]},{"@type":"WebSite","@id":"https:\/\/www.locationencorse.eu\/blog\/#website","url":"https:\/\/www.locationencorse.eu\/blog\/","name":"La Corse","description":"Vacances en Corse sur \u00cele de beaut\u00e9","potentialAction":[{"@type":"SearchAction","target":{"@type":"EntryPoint","urlTemplate":"https:\/\/www.locationencorse.eu\/blog\/?s={search_term_string}"},"query-input":"required name=search_term_string"}],"inLanguage":"fr-FR"},{"@type":"Person","@id":"https:\/\/www.locationencorse.eu\/blog\/#\/schema\/person\/4aa76a779067073b7500fdabe0a4a51c","name":"Newchallenge","image":{"@type":"ImageObject","inLanguage":"fr-FR","@id":"https:\/\/www.locationencorse.eu\/blog\/#\/schema\/person\/image\/","url":"https:\/\/secure.gravatar.com\/avatar\/ad5f2a69d252f48179a77d3cb09e1fa7?s=96&r=g","contentUrl":"https:\/\/secure.gravatar.com\/avatar\/ad5f2a69d252f48179a77d3cb09e1fa7?s=96&r=g","caption":"Newchallenge"},"sameAs":["http:\/\/www.locationencorse.eu","https:\/\/www.facebook.com\/locationencorse.eu\/"],"url":"https:\/\/www.locationencorse.eu\/blog\/author\/martinenewchallenge-fr\/"}]}},"jetpack_featured_media_url":"","_links":{"self":[{"href":"https:\/\/www.locationencorse.eu\/blog\/wp-json\/wp\/v2\/posts\/624"}],"collection":[{"href":"https:\/\/www.locationencorse.eu\/blog\/wp-json\/wp\/v2\/posts"}],"about":[{"href":"https:\/\/www.locationencorse.eu\/blog\/wp-json\/wp\/v2\/types\/post"}],"author":[{"embeddable":true,"href":"https:\/\/www.locationencorse.eu\/blog\/wp-json\/wp\/v2\/users\/2"}],"replies":[{"embeddable":true,"href":"https:\/\/www.locationencorse.eu\/blog\/wp-json\/wp\/v2\/comments?post=624"}],"version-history":[{"count":15,"href":"https:\/\/www.locationencorse.eu\/blog\/wp-json\/wp\/v2\/posts\/624\/revisions"}],"predecessor-version":[{"id":6186,"href":"https:\/\/www.locationencorse.eu\/blog\/wp-json\/wp\/v2\/posts\/624\/revisions\/6186"}],"wp:attachment":[{"href":"https:\/\/www.locationencorse.eu\/blog\/wp-json\/wp\/v2\/media?parent=624"}],"wp:term":[{"taxonomy":"category","embeddable":true,"href":"https:\/\/www.locationencorse.eu\/blog\/wp-json\/wp\/v2\/categories?post=624"},{"taxonomy":"post_tag","embeddable":true,"href":"https:\/\/www.locationencorse.eu\/blog\/wp-json\/wp\/v2\/tags?post=624"}],"curies":[{"name":"wp","href":"https:\/\/api.w.org\/{rel}","templated":true}]}}