{"id":5936,"date":"2014-12-08T23:04:34","date_gmt":"2014-12-08T22:04:34","guid":{"rendered":"http:\/\/www.locationencorse.eu\/blog\/?p=5936"},"modified":"2022-02-03T23:29:55","modified_gmt":"2022-02-03T22:29:55","slug":"ile-rousse-le-semaphore","status":"publish","type":"post","link":"https:\/\/www.locationencorse.eu\/blog\/ile-rousse-le-semaphore\/","title":{"rendered":"\u00cele Rousse le S\u00e9maphore"},"content":{"rendered":"<p>Une petite promenade jusqu&rsquo;au <strong>s\u00e9maphore de l&rsquo;\u00eele Rousse<\/strong>? Vous aurez une vue panoramique diff\u00e9rente de la ville, que l&rsquo;on peut voir habituellement. Et le panorama grandiose m\u00e9rite&nbsp;vraiment une visite lors de <a href=\"http:\/\/www.palumbare.com\">vos vacances dans une r\u00e9sidence \u00e0 \u00eele Rousse<\/a>&nbsp;avec vue sur les iles rouges et la montagne avec vue sur le village de Monticello, l&rsquo;\u00eele de la Pietra&nbsp;et de l&rsquo;autre on peut apercevoir toute la cote qui m\u00e8ne jusqu&rsquo;\u00e0 Calvi.<\/p>\n<p><a href=\"http:\/\/www.locationencorse.eu\/blog\/wp-content\/uploads\/2014\/12\/20141208_103215.jpg\" target=\"_blank\" rel=\"noopener\" data-rel=\"lightbox-image-0\" data-rl_title=\"\" data-rl_caption=\"\"><img decoding=\"async\" loading=\"lazy\" class=\"aligncenter wp-image-5947 size-full\" title=\"\" src=\"http:\/\/www.locationencorse.eu\/blog\/wp-content\/uploads\/2014\/12\/20141208_103215.jpg\" alt=\"L'\u00eele rousse le s\u00e9maphore\" width=\"800\" height=\"600\" srcset=\"https:\/\/www.locationencorse.eu\/blog\/wp-content\/uploads\/2014\/12\/20141208_103215.jpg 800w, https:\/\/www.locationencorse.eu\/blog\/wp-content\/uploads\/2014\/12\/20141208_103215-400x300.jpg 400w\" sizes=\"(max-width: 800px) 100vw, 800px\" \/><\/a><\/p>\n<p><strong><span style=\"color: #ff6600;\">Voici les explications que l&rsquo;on trouve \u00e0 l&rsquo;entr\u00e9e du S\u00e9maphore d&rsquo;\u00eele Rousse:<\/span><\/strong><\/p>\n<blockquote><p><em>Le <strong>s\u00e9maphore Ile Rousse<\/strong> est situ\u00e9 sur la commune de Corbara, situ\u00e9 sur la pointe Corborio (piton rocheux escarp\u00e9), la ligne du <a title=\"Le train des plages Ile Rousse Calvi\" href=\"http:\/\/www.locationencorse.eu\/blog\/le-train-des-plages-ile-rousse-calvi\/\" target=\"_blank\" rel=\"noopener\">chemin de fer<\/a> passe au pied de ce piton en longeant la mer. La commune Baln\u00e9aire d&rsquo;\u00eele Rousse se trouve \u00e0 environ 2 km du S\u00e9maphore. Le S\u00e9maphore identifie les navires entrant et sortant d&rsquo;\u00eele Rousse et Calvi (navires \u00e0 passagers et transbordements d&rsquo;explosifs)et \u00e9galement ceux en transit du sud vers l&rsquo;Italie, et l&rsquo;Italie vers la Sardaigne, l&rsquo;Espagne et l&rsquo;Afrique du nord. Le S\u00e9maphore surveille aussi la zone de mouillage interdite se trouvant \u00e0 proximit\u00e9.<\/em><br \/>\n<em> Il est aussi un poste principal d&rsquo;observations m\u00e9t\u00e9orologiques du r\u00e9seau synoptique national.<\/em><\/p>\n<p><em>Missions de service public:<\/em><br \/>\n<em>Sauvegarde de la vie humaine en liaison avec les cross (participation aux op\u00e9rations de sauvetages en mer). Veille des liaisons de s\u00e9curit\u00e9 et de d\u00e9tresse. Surveillance de l&rsquo;application des r\u00e8glements int\u00e9ressant les activit\u00e9s maritimes ou a\u00e9riennes dans leur zone: police des p\u00eaches, surveillance des zones interdites de mouillage, site arch\u00e9ologiques, zones de tir, balisage, limitations de vitesse<\/em>. <em>Participation aux actions de l&rsquo;\u00e9tat en mer de conserve avec les autres administrations. Concours au profit d&rsquo;autres administrations, affaires maritimes, douanes, gendarmerie<\/em>&#8230;<em>Et r\u00e9alisation d&rsquo;observations m\u00e9t\u00e9orologiques.<\/em><\/p><\/blockquote>\n<p>Un petite vid\u00e9o, pour admirer la vue depuis le <strong>s\u00e9maphore de l&rsquo;\u00eele Rousse<\/strong>.<\/p>\n<p style=\"text-align: center;\"><iframe loading=\"lazy\" src=\"\/\/www.youtube.com\/embed\/3t1UqAlBl1Q?rel=0\" width=\"640\" height=\"480\" frameborder=\"0\" allowfullscreen=\"allowfullscreen\"><\/iframe><\/p>\n<p style=\"text-align: left;\">&nbsp;Plan pour se rendre au s\u00e9maphore de l&rsquo;\u00eele Rousse: environ \u00e0&nbsp;2 km.<\/p>\n<p style=\"text-align: center;\"><iframe loading=\"lazy\" style=\"border: 0px currentColor;\" src=\"https:\/\/www.google.com\/maps\/embed?pb=!1m27!1m12!1m3!1d5870.62349410778!2d8.927044040004375!3d42.63355060067886!2m3!1f0!2f0!3f0!3m2!1i1024!2i768!4f13.1!4m12!1i0!3e0!4m5!1s0x12d0c45fab342c4b%3A0xa30db58621a93360!2sL'%C3%8Ele-Rousse!3m2!1d42.63651!2d8.937045999999998!4m3!3m2!1d42.6328618!2d8.922931!5e0!3m2!1sfr!2sfr!4v1418071018153\" width=\"600\" height=\"450\" frameborder=\"0\"><\/iframe><\/p>\n<p>&nbsp;<\/p>\n<!-- AddThis Advanced Settings generic via filter on the_content --><!-- AddThis Share Buttons generic via filter on the_content -->","protected":false},"excerpt":{"rendered":"<p>Une petite promenade jusqu&rsquo;au s\u00e9maphore de l&rsquo;\u00eele Rousse? Vous aurez une vue panoramique diff\u00e9rente de la ville, que l&rsquo;on peut voir habituellement. Et le panorama grandiose m\u00e9rite&nbsp;vraiment une visite lors de vos vacances dans une r\u00e9sidence \u00e0 \u00eele Rousse&nbsp;avec vue &hellip; <a href=\"https:\/\/www.locationencorse.eu\/blog\/ile-rousse-le-semaphore\/\">Continuer la lecture <span class=\"meta-nav\">&rarr;<\/span><\/a><!-- AddThis Advanced Settings generic via filter on get_the_excerpt --><!-- AddThis Share Buttons generic via filter on get_the_excerpt --><\/p>\n","protected":false},"author":2,"featured_media":0,"comment_status":"closed","ping_status":"closed","sticky":false,"template":"","format":"standard","meta":{"_mi_skip_tracking":false,"_monsterinsights_sitenote_active":false,"_monsterinsights_sitenote_note":"","_monsterinsights_sitenote_category":0,"ngg_post_thumbnail":0,"footnotes":""},"categories":[176,1,8],"tags":[11,43,25,317,327],"yoast_head":"<!-- This site is optimized with the Yoast SEO plugin v21.1 - https:\/\/yoast.com\/wordpress\/plugins\/seo\/ -->\n<title>\u00cele Rousse le S\u00e9maphore - La Corse en vacances vue mer<\/title>\n<meta name=\"description\" content=\"Vous aurez une vue panoramique diff\u00e9rente de la ville, que l&#039;on peut voir habituellement. Le panorama m\u00e9rite une visite lors de vos vacances \u00e0 \u00eele Rousse\" \/>\n<meta name=\"robots\" content=\"index, follow, max-snippet:-1, max-image-preview:large, max-video-preview:-1\" \/>\n<link rel=\"canonical\" href=\"https:\/\/www.locationencorse.eu\/blog\/ile-rousse-le-semaphore\/\" \/>\n<meta property=\"og:locale\" content=\"fr_FR\" \/>\n<meta property=\"og:type\" content=\"article\" \/>\n<meta property=\"og:title\" content=\"\u00cele Rousse le S\u00e9maphore - La Corse en vacances vue mer\" \/>\n<meta property=\"og:description\" content=\"Vous aurez une vue panoramique diff\u00e9rente de la ville, que l&#039;on peut voir habituellement. Le panorama m\u00e9rite une visite lors de vos vacances \u00e0 \u00eele Rousse\" \/>\n<meta property=\"og:url\" content=\"https:\/\/www.locationencorse.eu\/blog\/ile-rousse-le-semaphore\/\" \/>\n<meta property=\"og:site_name\" content=\"La Corse\" \/>\n<meta property=\"article:author\" content=\"https:\/\/www.facebook.com\/locationencorse.eu\/\" \/>\n<meta property=\"article:published_time\" content=\"2014-12-08T22:04:34+00:00\" \/>\n<meta property=\"article:modified_time\" content=\"2022-02-03T22:29:55+00:00\" \/>\n<meta property=\"og:image\" content=\"http:\/\/www.locationencorse.eu\/blog\/wp-content\/uploads\/2014\/12\/20141208_103215.jpg\" \/>\n<meta name=\"author\" content=\"Newchallenge\" \/>\n<meta name=\"twitter:label1\" content=\"\u00c9crit par\" \/>\n\t<meta name=\"twitter:data1\" content=\"Newchallenge\" \/>\n\t<meta name=\"twitter:label2\" content=\"Dur\u00e9e de lecture estim\u00e9e\" \/>\n\t<meta name=\"twitter:data2\" content=\"2 minutes\" \/>\n<script type=\"application\/ld+json\" class=\"yoast-schema-graph\">{\"@context\":\"https:\/\/schema.org\",\"@graph\":[{\"@type\":\"WebPage\",\"@id\":\"https:\/\/www.locationencorse.eu\/blog\/ile-rousse-le-semaphore\/\",\"url\":\"https:\/\/www.locationencorse.eu\/blog\/ile-rousse-le-semaphore\/\",\"name\":\"\u00cele Rousse le S\u00e9maphore - La Corse en vacances vue mer\",\"isPartOf\":{\"@id\":\"https:\/\/www.locationencorse.eu\/blog\/#website\"},\"datePublished\":\"2014-12-08T22:04:34+00:00\",\"dateModified\":\"2022-02-03T22:29:55+00:00\",\"author\":{\"@id\":\"https:\/\/www.locationencorse.eu\/blog\/#\/schema\/person\/4aa76a779067073b7500fdabe0a4a51c\"},\"description\":\"Vous aurez une vue panoramique diff\u00e9rente de la ville, que l'on peut voir habituellement. Le panorama m\u00e9rite une visite lors de vos vacances \u00e0 \u00eele Rousse\",\"breadcrumb\":{\"@id\":\"https:\/\/www.locationencorse.eu\/blog\/ile-rousse-le-semaphore\/#breadcrumb\"},\"inLanguage\":\"fr-FR\",\"potentialAction\":[{\"@type\":\"ReadAction\",\"target\":[\"https:\/\/www.locationencorse.eu\/blog\/ile-rousse-le-semaphore\/\"]}]},{\"@type\":\"BreadcrumbList\",\"@id\":\"https:\/\/www.locationencorse.eu\/blog\/ile-rousse-le-semaphore\/#breadcrumb\",\"itemListElement\":[{\"@type\":\"ListItem\",\"position\":1,\"name\":\"Accueil\",\"item\":\"https:\/\/www.locationencorse.eu\/blog\/\"},{\"@type\":\"ListItem\",\"position\":2,\"name\":\"\u00cele Rousse le S\u00e9maphore\"}]},{\"@type\":\"WebSite\",\"@id\":\"https:\/\/www.locationencorse.eu\/blog\/#website\",\"url\":\"https:\/\/www.locationencorse.eu\/blog\/\",\"name\":\"La Corse\",\"description\":\"Vacances en Corse sur \u00cele de beaut\u00e9\",\"potentialAction\":[{\"@type\":\"SearchAction\",\"target\":{\"@type\":\"EntryPoint\",\"urlTemplate\":\"https:\/\/www.locationencorse.eu\/blog\/?s={search_term_string}\"},\"query-input\":\"required name=search_term_string\"}],\"inLanguage\":\"fr-FR\"},{\"@type\":\"Person\",\"@id\":\"https:\/\/www.locationencorse.eu\/blog\/#\/schema\/person\/4aa76a779067073b7500fdabe0a4a51c\",\"name\":\"Newchallenge\",\"image\":{\"@type\":\"ImageObject\",\"inLanguage\":\"fr-FR\",\"@id\":\"https:\/\/www.locationencorse.eu\/blog\/#\/schema\/person\/image\/\",\"url\":\"https:\/\/secure.gravatar.com\/avatar\/ad5f2a69d252f48179a77d3cb09e1fa7?s=96&r=g\",\"contentUrl\":\"https:\/\/secure.gravatar.com\/avatar\/ad5f2a69d252f48179a77d3cb09e1fa7?s=96&r=g\",\"caption\":\"Newchallenge\"},\"sameAs\":[\"http:\/\/www.locationencorse.eu\",\"https:\/\/www.facebook.com\/locationencorse.eu\/\"],\"url\":\"https:\/\/www.locationencorse.eu\/blog\/author\/martinenewchallenge-fr\/\"}]}<\/script>\n<!-- \/ Yoast SEO plugin. -->","yoast_head_json":{"title":"\u00cele Rousse le S\u00e9maphore - La Corse en vacances vue mer","description":"Vous aurez une vue panoramique diff\u00e9rente de la ville, que l'on peut voir habituellement. Le panorama m\u00e9rite une visite lors de vos vacances \u00e0 \u00eele Rousse","robots":{"index":"index","follow":"follow","max-snippet":"max-snippet:-1","max-image-preview":"max-image-preview:large","max-video-preview":"max-video-preview:-1"},"canonical":"https:\/\/www.locationencorse.eu\/blog\/ile-rousse-le-semaphore\/","og_locale":"fr_FR","og_type":"article","og_title":"\u00cele Rousse le S\u00e9maphore - La Corse en vacances vue mer","og_description":"Vous aurez une vue panoramique diff\u00e9rente de la ville, que l'on peut voir habituellement. Le panorama m\u00e9rite une visite lors de vos vacances \u00e0 \u00eele Rousse","og_url":"https:\/\/www.locationencorse.eu\/blog\/ile-rousse-le-semaphore\/","og_site_name":"La Corse","article_author":"https:\/\/www.facebook.com\/locationencorse.eu\/","article_published_time":"2014-12-08T22:04:34+00:00","article_modified_time":"2022-02-03T22:29:55+00:00","og_image":[{"url":"http:\/\/www.locationencorse.eu\/blog\/wp-content\/uploads\/2014\/12\/20141208_103215.jpg"}],"author":"Newchallenge","twitter_misc":{"\u00c9crit par":"Newchallenge","Dur\u00e9e de lecture estim\u00e9e":"2 minutes"},"schema":{"@context":"https:\/\/schema.org","@graph":[{"@type":"WebPage","@id":"https:\/\/www.locationencorse.eu\/blog\/ile-rousse-le-semaphore\/","url":"https:\/\/www.locationencorse.eu\/blog\/ile-rousse-le-semaphore\/","name":"\u00cele Rousse le S\u00e9maphore - La Corse en vacances vue mer","isPartOf":{"@id":"https:\/\/www.locationencorse.eu\/blog\/#website"},"datePublished":"2014-12-08T22:04:34+00:00","dateModified":"2022-02-03T22:29:55+00:00","author":{"@id":"https:\/\/www.locationencorse.eu\/blog\/#\/schema\/person\/4aa76a779067073b7500fdabe0a4a51c"},"description":"Vous aurez une vue panoramique diff\u00e9rente de la ville, que l'on peut voir habituellement. Le panorama m\u00e9rite une visite lors de vos vacances \u00e0 \u00eele Rousse","breadcrumb":{"@id":"https:\/\/www.locationencorse.eu\/blog\/ile-rousse-le-semaphore\/#breadcrumb"},"inLanguage":"fr-FR","potentialAction":[{"@type":"ReadAction","target":["https:\/\/www.locationencorse.eu\/blog\/ile-rousse-le-semaphore\/"]}]},{"@type":"BreadcrumbList","@id":"https:\/\/www.locationencorse.eu\/blog\/ile-rousse-le-semaphore\/#breadcrumb","itemListElement":[{"@type":"ListItem","position":1,"name":"Accueil","item":"https:\/\/www.locationencorse.eu\/blog\/"},{"@type":"ListItem","position":2,"name":"\u00cele Rousse le S\u00e9maphore"}]},{"@type":"WebSite","@id":"https:\/\/www.locationencorse.eu\/blog\/#website","url":"https:\/\/www.locationencorse.eu\/blog\/","name":"La Corse","description":"Vacances en Corse sur \u00cele de beaut\u00e9","potentialAction":[{"@type":"SearchAction","target":{"@type":"EntryPoint","urlTemplate":"https:\/\/www.locationencorse.eu\/blog\/?s={search_term_string}"},"query-input":"required name=search_term_string"}],"inLanguage":"fr-FR"},{"@type":"Person","@id":"https:\/\/www.locationencorse.eu\/blog\/#\/schema\/person\/4aa76a779067073b7500fdabe0a4a51c","name":"Newchallenge","image":{"@type":"ImageObject","inLanguage":"fr-FR","@id":"https:\/\/www.locationencorse.eu\/blog\/#\/schema\/person\/image\/","url":"https:\/\/secure.gravatar.com\/avatar\/ad5f2a69d252f48179a77d3cb09e1fa7?s=96&r=g","contentUrl":"https:\/\/secure.gravatar.com\/avatar\/ad5f2a69d252f48179a77d3cb09e1fa7?s=96&r=g","caption":"Newchallenge"},"sameAs":["http:\/\/www.locationencorse.eu","https:\/\/www.facebook.com\/locationencorse.eu\/"],"url":"https:\/\/www.locationencorse.eu\/blog\/author\/martinenewchallenge-fr\/"}]}},"jetpack_featured_media_url":"","_links":{"self":[{"href":"https:\/\/www.locationencorse.eu\/blog\/wp-json\/wp\/v2\/posts\/5936"}],"collection":[{"href":"https:\/\/www.locationencorse.eu\/blog\/wp-json\/wp\/v2\/posts"}],"about":[{"href":"https:\/\/www.locationencorse.eu\/blog\/wp-json\/wp\/v2\/types\/post"}],"author":[{"embeddable":true,"href":"https:\/\/www.locationencorse.eu\/blog\/wp-json\/wp\/v2\/users\/2"}],"replies":[{"embeddable":true,"href":"https:\/\/www.locationencorse.eu\/blog\/wp-json\/wp\/v2\/comments?post=5936"}],"version-history":[{"count":26,"href":"https:\/\/www.locationencorse.eu\/blog\/wp-json\/wp\/v2\/posts\/5936\/revisions"}],"predecessor-version":[{"id":8015,"href":"https:\/\/www.locationencorse.eu\/blog\/wp-json\/wp\/v2\/posts\/5936\/revisions\/8015"}],"wp:attachment":[{"href":"https:\/\/www.locationencorse.eu\/blog\/wp-json\/wp\/v2\/media?parent=5936"}],"wp:term":[{"taxonomy":"category","embeddable":true,"href":"https:\/\/www.locationencorse.eu\/blog\/wp-json\/wp\/v2\/categories?post=5936"},{"taxonomy":"post_tag","embeddable":true,"href":"https:\/\/www.locationencorse.eu\/blog\/wp-json\/wp\/v2\/tags?post=5936"}],"curies":[{"name":"wp","href":"https:\/\/api.w.org\/{rel}","templated":true}]}}