{"id":5870,"date":"2014-12-07T20:25:35","date_gmt":"2014-12-07T19:25:35","guid":{"rendered":"http:\/\/www.locationencorse.eu\/blog\/?p=5870"},"modified":"2024-04-05T15:16:06","modified_gmt":"2024-04-05T13:16:06","slug":"le-train-des-plages-ile-rousse-calvi","status":"publish","type":"post","link":"https:\/\/www.locationencorse.eu\/blog\/le-train-des-plages-ile-rousse-calvi\/","title":{"rendered":"Le train des plages Ile Rousse Calvi"},"content":{"rendered":"<p>Le <strong>train des plages entre Calvi et \u00eele Rousse<\/strong>, nomm\u00e9 aussi le \u00ab\u00a0tramway\u00a0\u00bb des plages, o\u00f9 le U Trinichellu, comporte en tout 15&nbsp;arr\u00eats faculatifs&nbsp;entre ces 2 petites&nbsp;villes et 3 gares (Calvi, Algajola et Ile Rousse). Le trajet&nbsp; dure environ 40 minutes. Vous serez \u00e9merveill\u00e9s de longer les plus belles plages de Balagne, \u00e0 ne pas manquer pendant vos <em>vacances en Corse<\/em>, vous ne le regretterez pas ! Vous trouverez les horaires de tous ces arr\u00eats sur le site <a title=\"horaires du train calvi ile rousse\" href=\"https:\/\/www.locationencorse.eu\/blog\/le-train-corse-le-trinichellu\/\" target=\"_blank\" rel=\"noopener\">train corse<\/a>, Les horaires sont fluctuants en fonction de la saison (juillet-Ao\u00fbt) et du hors saison.<\/p>\n<p>La navette entre Calvi et l&rsquo;Ile-Rousse , est un moyen de locomotion, qui reste tr\u00e8s pris\u00e9 par les touristes.Offrant au voyageur des points de vue inaccessibles de la route.<\/p>\n<h3><strong>Tous les arr\u00eats du train des plages Ile Rousse Calvi en photos<\/strong>:<\/h3>\n<p><strong>Calvi<\/strong>, la gare de Calvi est le terminus ou le point de d\u00e9part de la <a href=\"https:\/\/www.kallisteimmo.com\">Balagne<\/a>. Elle se trouve juste avant la descente sur le port de plaisance.<\/p>\n<p><strong>Lido<\/strong>, l&rsquo;arr\u00eat permet d&rsquo;acc\u00e9der \u00e0 la plage du Lido. Arr\u00eat facultatif, il faut demander au conducteur pour qu&rsquo;il y ait un arr\u00eat du train.<br \/>\n<strong>Balagne-Orizontenovo<\/strong>, l&rsquo;arr\u00eat se situe dans la pin\u00e8de au bord de la plage du m\u00eame nom, face \u00e0 Calvi.<\/p>\n<p><a href=\"http:\/\/www.locationencorse.eu\/blog\/wp-content\/uploads\/2014\/12\/calvi-18-11-2014_04.jpg\" target=\"_blank\" rel=\"noopener\" data-rel=\"lightbox-image-0\" data-rl_title=\"\" data-rl_caption=\"\"><img decoding=\"async\" loading=\"lazy\" class=\"aligncenter wp-image-5879 size-full\" title=\"\" src=\"http:\/\/www.locationencorse.eu\/blog\/wp-content\/uploads\/2014\/12\/calvi-18-11-2014_04.jpg\" alt=\" arret du train Balagne-Orizontenovo\" width=\"800\" height=\"600\" srcset=\"https:\/\/www.locationencorse.eu\/blog\/wp-content\/uploads\/2014\/12\/calvi-18-11-2014_04.jpg 800w, https:\/\/www.locationencorse.eu\/blog\/wp-content\/uploads\/2014\/12\/calvi-18-11-2014_04-400x300.jpg 400w\" sizes=\"(max-width: 800px) 100vw, 800px\" \/><\/a> <a href=\"http:\/\/www.locationencorse.eu\/blog\/wp-content\/uploads\/2014\/12\/calvi-18-11-2014_05.jpg\" target=\"_blank\" rel=\"noopener\" data-rel=\"lightbox-image-1\" data-rl_title=\"\" data-rl_caption=\"\"><img decoding=\"async\" loading=\"lazy\" class=\"aligncenter wp-image-5880 size-full\" title=\"\" src=\"http:\/\/www.locationencorse.eu\/blog\/wp-content\/uploads\/2014\/12\/calvi-18-11-2014_05.jpg\" alt=\" arret du train Balagne-Orizontenovo\" width=\"800\" height=\"600\" srcset=\"https:\/\/www.locationencorse.eu\/blog\/wp-content\/uploads\/2014\/12\/calvi-18-11-2014_05.jpg 800w, https:\/\/www.locationencorse.eu\/blog\/wp-content\/uploads\/2014\/12\/calvi-18-11-2014_05-400x300.jpg 400w\" sizes=\"(max-width: 800px) 100vw, 800px\" \/><\/a><\/p>\n<p><strong>Tennis-Club: <\/strong>Arr\u00eat facultatif, il faut signaler sa pr\u00e9sence au conducteur pour qu&rsquo;il y ait un arr\u00eat du train des plages.<\/p>\n<p><strong>Club Olympique: <\/strong>Arr\u00eat facultatif, il faut signaler sa pr\u00e9sence au conducteur pour qu&rsquo;il y ait un arr\u00eat du train des plages.<\/p>\n<p><strong>Dolce Vita: <\/strong>Arr\u00eat facultatif, il faut signaler sa pr\u00e9sence au conducteur pour qu&rsquo;il y ait un arr\u00eat du train des plages.<\/p>\n<p><strong>Camp Raffalli GR20: <\/strong>Arr\u00eat facultatif, il faut signaler sa pr\u00e9sence au conducteur pour qu&rsquo;il y ait un arr\u00eat du train<\/p>\n<p><strong>Sainte-Restitude, <\/strong>l&rsquo;arr\u00eat permet l&rsquo;acc\u00e8s \u00e0 la <a title=\"Plage Sainte Restitude\" href=\"http:\/\/www.locationencorse.eu\/blog\/plage-sainte-restitude\/\" target=\"_blank\" rel=\"noopener\">plage de Sainte-Restitude<\/a>. Le stationnement des v\u00e9hicules est possible \u00e0 proximit\u00e9<strong>.<\/strong><\/p>\n<p><a href=\"http:\/\/www.locationencorse.eu\/blog\/wp-content\/uploads\/2015\/01\/arr\u00eat-tramway-de-la-plage-sainte-Restitude.jpg\" target=\"_blank\" rel=\"noopener\" data-rel=\"lightbox-image-2\" data-rl_title=\"\" data-rl_caption=\"\"><img decoding=\"async\" loading=\"lazy\" class=\"aligncenter wp-image-6125 size-full\" title=\"\" src=\"http:\/\/www.locationencorse.eu\/blog\/wp-content\/uploads\/2015\/01\/arr\u00eat-tramway-de-la-plage-sainte-Restitude.jpg\" alt=\"arr\u00eat tramway de la plage sainte Restitude\" width=\"800\" height=\"600\" srcset=\"https:\/\/www.locationencorse.eu\/blog\/wp-content\/uploads\/2015\/01\/arr\u00eat-tramway-de-la-plage-sainte-Restitude.jpg 800w, https:\/\/www.locationencorse.eu\/blog\/wp-content\/uploads\/2015\/01\/arr\u00eat-tramway-de-la-plage-sainte-Restitude-400x300.jpg 400w\" sizes=\"(max-width: 800px) 100vw, 800px\" \/><\/a> <a href=\"http:\/\/www.locationencorse.eu\/blog\/wp-content\/uploads\/2015\/01\/1-arr\u00eat-tramway-de-la-plage-sainte-Restitude.jpg\" data-rel=\"lightbox-image-3\" data-rl_title=\"\" data-rl_caption=\"\" title=\"\"><img decoding=\"async\" loading=\"lazy\" class=\"aligncenter size-full wp-image-6124\" src=\"http:\/\/www.locationencorse.eu\/blog\/wp-content\/uploads\/2015\/01\/1-arr\u00eat-tramway-de-la-plage-sainte-Restitude.jpg\" alt=\"arr\u00eat tramway de la plage sainte Restitude\" width=\"800\" height=\"600\" srcset=\"https:\/\/www.locationencorse.eu\/blog\/wp-content\/uploads\/2015\/01\/1-arr\u00eat-tramway-de-la-plage-sainte-Restitude.jpg 800w, https:\/\/www.locationencorse.eu\/blog\/wp-content\/uploads\/2015\/01\/1-arr\u00eat-tramway-de-la-plage-sainte-Restitude-400x300.jpg 400w\" sizes=\"(max-width: 800px) 100vw, 800px\" \/><\/a><\/p>\n<p><strong>Lumio-L&rsquo;Arinella<\/strong>: Arr\u00eat facultatif, il faut signaler sa pr\u00e9sence au conducteur pour qu&rsquo;il y ait un arr\u00eat du train, proche de la <a title=\"Plage Arinella Lumio\" href=\"http:\/\/www.locationencorse.eu\/blog\/plage-arinella-lumio\/\" target=\"_blank\" rel=\"noopener\">plage l&rsquo;Arinella<\/a>.<\/p>\n<p><strong>Giorgo:<\/strong>Arr\u00eat facultatif, il faut signaler sa pr\u00e9sence au conducteur pour qu&rsquo;il y ait un arr\u00eat du train des plages.<\/p>\n<p><strong>Club-Med Cocody<\/strong>: Arr\u00eat facultatif,&nbsp; dispose d&rsquo;un quai avec un abri. Le train ne s&rsquo;arr\u00eate que si la demande a \u00e9t\u00e9 faite au conducteur.<\/p>\n<p><strong>Sant&rsquo;Ambroggio<\/strong>:&nbsp;Arr\u00eat facultatif qui&nbsp;dessert le littoral et les lotissements proches. demander au conducteur de faire une halte.<\/p>\n<p><strong>Algajola<\/strong>, la petite gare&nbsp;d&rsquo;<a title=\"Algajola\" href=\"http:\/\/www.locationencorse.eu\/blog\/algajola\/\" target=\"_blank\" rel=\"noopener\">Algajola<\/a>&nbsp;se trouve \u00e0 l&rsquo;entr\u00e9e du village en venant de Calvi. C&rsquo;est une gare d&rsquo;\u00e9vitement avec une deuxi\u00e8me ligne pour le croisement des trains. Acc\u00e8s \u00e0 la ville et \u00e0 la plage.<\/p>\n<p><a href=\"http:\/\/www.locationencorse.eu\/blog\/wp-content\/uploads\/2014\/12\/algajola-03-12-2014_02.jpg\" data-rel=\"lightbox-image-4\" data-rl_title=\"\" data-rl_caption=\"\" title=\"\"><img decoding=\"async\" loading=\"lazy\" class=\"aligncenter size-full wp-image-5882\" src=\"http:\/\/www.locationencorse.eu\/blog\/wp-content\/uploads\/2014\/12\/algajola-03-12-2014_02.jpg\" alt=\"Gare algajola\" width=\"800\" height=\"600\" srcset=\"https:\/\/www.locationencorse.eu\/blog\/wp-content\/uploads\/2014\/12\/algajola-03-12-2014_02.jpg 800w, https:\/\/www.locationencorse.eu\/blog\/wp-content\/uploads\/2014\/12\/algajola-03-12-2014_02-400x300.jpg 400w\" sizes=\"(max-width: 800px) 100vw, 800px\" \/><\/a> <a href=\"http:\/\/www.locationencorse.eu\/blog\/wp-content\/uploads\/2014\/12\/algajola-03-12-2014_89.jpg\" data-rel=\"lightbox-image-5\" data-rl_title=\"\" data-rl_caption=\"\" title=\"\"><img decoding=\"async\" loading=\"lazy\" class=\"aligncenter size-full wp-image-5883\" src=\"http:\/\/www.locationencorse.eu\/blog\/wp-content\/uploads\/2014\/12\/algajola-03-12-2014_89.jpg\" alt=\"train algajola\" width=\"800\" height=\"600\" srcset=\"https:\/\/www.locationencorse.eu\/blog\/wp-content\/uploads\/2014\/12\/algajola-03-12-2014_89.jpg 800w, https:\/\/www.locationencorse.eu\/blog\/wp-content\/uploads\/2014\/12\/algajola-03-12-2014_89-400x300.jpg 400w\" sizes=\"(max-width: 800px) 100vw, 800px\" \/><\/a><\/p>\n<p><strong>Aregno, <\/strong>Un arr\u00eat pour la plage d&rsquo;Aregno, demander au conducteur du train&nbsp;de faire une halte.<\/p>\n<p><strong>Marines de Davia: <\/strong>&nbsp;Un arr\u00eat du petit train aux <a title=\"Plage marine de Davia\" href=\"http:\/\/www.locationencorse.eu\/blog\/plage-marine-de-davia\/\" target=\"_blank\" rel=\"noopener\">marines de Davia<\/a>, demander au conducteur de faire une halte. Acc\u00e8s \u00e0 la plage et aux villas de charme du domaine de Davia.<\/p>\n<p><a href=\"http:\/\/www.locationencorse.eu\/blog\/wp-content\/uploads\/2014\/12\/01-davia-03-12-2014_30.jpg\" data-rel=\"lightbox-image-6\" data-rl_title=\"\" data-rl_caption=\"\" title=\"\"><img decoding=\"async\" loading=\"lazy\" class=\"aligncenter size-full wp-image-5885\" src=\"http:\/\/www.locationencorse.eu\/blog\/wp-content\/uploads\/2014\/12\/01-davia-03-12-2014_30.jpg\" alt=\"Marine de Davia \" width=\"800\" height=\"600\" srcset=\"https:\/\/www.locationencorse.eu\/blog\/wp-content\/uploads\/2014\/12\/01-davia-03-12-2014_30.jpg 800w, https:\/\/www.locationencorse.eu\/blog\/wp-content\/uploads\/2014\/12\/01-davia-03-12-2014_30-400x300.jpg 400w\" sizes=\"(max-width: 800px) 100vw, 800px\" \/><\/a> <a href=\"http:\/\/www.locationencorse.eu\/blog\/wp-content\/uploads\/2014\/12\/02-davia-03-12-2014_29.jpg\" data-rel=\"lightbox-image-7\" data-rl_title=\"\" data-rl_caption=\"\" title=\"\"><img decoding=\"async\" loading=\"lazy\" class=\"aligncenter wp-image-5886 size-full\" src=\"http:\/\/www.locationencorse.eu\/blog\/wp-content\/uploads\/2014\/12\/02-davia-03-12-2014_29.jpg\" alt=\"Marine de Davia\" width=\"800\" height=\"600\" srcset=\"https:\/\/www.locationencorse.eu\/blog\/wp-content\/uploads\/2014\/12\/02-davia-03-12-2014_29.jpg 800w, https:\/\/www.locationencorse.eu\/blog\/wp-content\/uploads\/2014\/12\/02-davia-03-12-2014_29-400x300.jpg 400w\" sizes=\"(max-width: 800px) 100vw, 800px\" \/><\/a><\/p>\n<p><strong>Bodri<\/strong>, l&rsquo;arr\u00eat est situ\u00e9 sur la commune de Corbara,&nbsp;en limite&nbsp;du camping et de la plage de Bodri. C&rsquo;est juste une halte voyageur, demander au conducteur&nbsp; du train de s&rsquo;arr\u00eater. Il est plus simple d&rsquo;aller \u00e0 la plage de Bodri en train qu&rsquo;en voiture, le parking est payant (2.5\u20ac, et pas tr\u00e8s proche de la plage)<\/p>\n<p><strong>Ile Rousse,<\/strong> La gare se trouve sur la route du port, face au port.<\/p>\n<p><a href=\"http:\/\/www.locationencorse.eu\/blog\/wp-content\/uploads\/2014\/12\/01.jpg\" data-rel=\"lightbox-image-8\" data-rl_title=\"\" data-rl_caption=\"\" title=\"\"><img decoding=\"async\" loading=\"lazy\" class=\"aligncenter size-full wp-image-5893\" src=\"http:\/\/www.locationencorse.eu\/blog\/wp-content\/uploads\/2014\/12\/01.jpg\" alt=\"ile rousse la gare\" width=\"800\" height=\"600\" srcset=\"https:\/\/www.locationencorse.eu\/blog\/wp-content\/uploads\/2014\/12\/01.jpg 800w, https:\/\/www.locationencorse.eu\/blog\/wp-content\/uploads\/2014\/12\/01-400x300.jpg 400w\" sizes=\"(max-width: 800px) 100vw, 800px\" \/><\/a> <a href=\"http:\/\/www.locationencorse.eu\/blog\/wp-content\/uploads\/2014\/12\/02.jpg\" data-rel=\"lightbox-image-9\" data-rl_title=\"\" data-rl_caption=\"\" title=\"\"><img decoding=\"async\" loading=\"lazy\" class=\"aligncenter size-full wp-image-5894\" src=\"http:\/\/www.locationencorse.eu\/blog\/wp-content\/uploads\/2014\/12\/02.jpg\" alt=\"les rails ile rousse\" width=\"800\" height=\"600\" srcset=\"https:\/\/www.locationencorse.eu\/blog\/wp-content\/uploads\/2014\/12\/02.jpg 800w, https:\/\/www.locationencorse.eu\/blog\/wp-content\/uploads\/2014\/12\/02-400x300.jpg 400w\" sizes=\"(max-width: 800px) 100vw, 800px\" \/><\/a><br \/>\nVous pouvez passer des <a href=\"https:\/\/www.hotelacquale.com\">vacances \u00e0 Calvi<\/a> ou \u00e0 \u00eele Rousse sans voiture, et profiter pleinement des plages de la Balagne. Il y a &nbsp;2 ports et un a\u00e9roport. et bien s\u00fbr le petit train des plages au d\u00e9part de Calvi, ce qui \u00e9vite les embouteillages du retour des plages et les parkings payants. N&rsquo;h\u00e9sitez pas \u00e0 r\u00e9server un h\u00f4tel <a href=\"_wp_link_placeholder\" data-wplink-edit=\"true\">luxe 4 ou 5 \u00e9toiles \u00e0 Calvi<\/a>, le petit paradis corse.<\/p>\n<p>&nbsp;<\/p>\n<p>&nbsp;<\/p>\n<!-- AddThis Advanced Settings generic via filter on the_content --><!-- AddThis Share Buttons generic via filter on the_content -->","protected":false},"excerpt":{"rendered":"<p>Le train des plages entre Calvi et \u00eele Rousse, nomm\u00e9 aussi le \u00ab\u00a0tramway\u00a0\u00bb des plages, o\u00f9 le U Trinichellu, comporte en tout 15&nbsp;arr\u00eats faculatifs&nbsp;entre ces 2 petites&nbsp;villes et 3 gares (Calvi, Algajola et Ile Rousse). Le trajet&nbsp; dure environ 40 &hellip; <a href=\"https:\/\/www.locationencorse.eu\/blog\/le-train-des-plages-ile-rousse-calvi\/\">Continuer la lecture <span class=\"meta-nav\">&rarr;<\/span><\/a><!-- AddThis Advanced Settings generic via filter on get_the_excerpt --><!-- AddThis Share Buttons generic via filter on get_the_excerpt --><\/p>\n","protected":false},"author":2,"featured_media":0,"comment_status":"closed","ping_status":"closed","sticky":false,"template":"","format":"standard","meta":{"_mi_skip_tracking":false,"_monsterinsights_sitenote_active":false,"_monsterinsights_sitenote_note":"","_monsterinsights_sitenote_category":0,"ngg_post_thumbnail":0,"footnotes":""},"categories":[157,1,8],"tags":[11,43,322,323,324,326,325],"yoast_head":"<!-- This site is optimized with the Yoast SEO plugin v21.1 - https:\/\/yoast.com\/wordpress\/plugins\/seo\/ -->\n<title>Le train des plages Ile Rousse Calvi - En Balagne Corse du nord<\/title>\n<meta name=\"description\" content=\"Le train des plages \u00eele Rousse Calvi, nomm\u00e9 aussi le &quot;tramway&quot; des plages, o\u00f9 le U Trinichellu sarrette sur plusieurs plages, Calvi, Davia, Algajola ..\" \/>\n<meta name=\"robots\" content=\"index, follow, max-snippet:-1, max-image-preview:large, max-video-preview:-1\" \/>\n<link rel=\"canonical\" href=\"https:\/\/www.locationencorse.eu\/blog\/le-train-des-plages-ile-rousse-calvi\/\" \/>\n<meta property=\"og:locale\" content=\"fr_FR\" \/>\n<meta property=\"og:type\" content=\"article\" \/>\n<meta property=\"og:title\" content=\"Le train des plages Ile Rousse Calvi - En Balagne Corse du nord\" \/>\n<meta property=\"og:description\" content=\"Le train des plages \u00eele Rousse Calvi, nomm\u00e9 aussi le &quot;tramway&quot; des plages, o\u00f9 le U Trinichellu sarrette sur plusieurs plages, Calvi, Davia, Algajola ..\" \/>\n<meta property=\"og:url\" content=\"https:\/\/www.locationencorse.eu\/blog\/le-train-des-plages-ile-rousse-calvi\/\" \/>\n<meta property=\"og:site_name\" content=\"La Corse\" \/>\n<meta property=\"article:author\" content=\"https:\/\/www.facebook.com\/locationencorse.eu\/\" \/>\n<meta property=\"article:published_time\" content=\"2014-12-07T19:25:35+00:00\" \/>\n<meta property=\"article:modified_time\" content=\"2024-04-05T13:16:06+00:00\" \/>\n<meta property=\"og:image\" content=\"http:\/\/www.locationencorse.eu\/blog\/wp-content\/uploads\/2014\/12\/calvi-18-11-2014_04.jpg\" \/>\n<meta name=\"author\" content=\"Newchallenge\" \/>\n<meta name=\"twitter:label1\" content=\"\u00c9crit par\" \/>\n\t<meta name=\"twitter:data1\" content=\"Newchallenge\" \/>\n\t<meta name=\"twitter:label2\" content=\"Dur\u00e9e de lecture estim\u00e9e\" \/>\n\t<meta name=\"twitter:data2\" content=\"6 minutes\" \/>\n<script type=\"application\/ld+json\" class=\"yoast-schema-graph\">{\"@context\":\"https:\/\/schema.org\",\"@graph\":[{\"@type\":\"WebPage\",\"@id\":\"https:\/\/www.locationencorse.eu\/blog\/le-train-des-plages-ile-rousse-calvi\/\",\"url\":\"https:\/\/www.locationencorse.eu\/blog\/le-train-des-plages-ile-rousse-calvi\/\",\"name\":\"Le train des plages Ile Rousse Calvi - En Balagne Corse du nord\",\"isPartOf\":{\"@id\":\"https:\/\/www.locationencorse.eu\/blog\/#website\"},\"datePublished\":\"2014-12-07T19:25:35+00:00\",\"dateModified\":\"2024-04-05T13:16:06+00:00\",\"author\":{\"@id\":\"https:\/\/www.locationencorse.eu\/blog\/#\/schema\/person\/4aa76a779067073b7500fdabe0a4a51c\"},\"description\":\"Le train des plages \u00eele Rousse Calvi, nomm\u00e9 aussi le \\\"tramway\\\" des plages, o\u00f9 le U Trinichellu sarrette sur plusieurs plages, Calvi, Davia, Algajola ..\",\"breadcrumb\":{\"@id\":\"https:\/\/www.locationencorse.eu\/blog\/le-train-des-plages-ile-rousse-calvi\/#breadcrumb\"},\"inLanguage\":\"fr-FR\",\"potentialAction\":[{\"@type\":\"ReadAction\",\"target\":[\"https:\/\/www.locationencorse.eu\/blog\/le-train-des-plages-ile-rousse-calvi\/\"]}]},{\"@type\":\"BreadcrumbList\",\"@id\":\"https:\/\/www.locationencorse.eu\/blog\/le-train-des-plages-ile-rousse-calvi\/#breadcrumb\",\"itemListElement\":[{\"@type\":\"ListItem\",\"position\":1,\"name\":\"Accueil\",\"item\":\"https:\/\/www.locationencorse.eu\/blog\/\"},{\"@type\":\"ListItem\",\"position\":2,\"name\":\"Le train des plages Ile Rousse Calvi\"}]},{\"@type\":\"WebSite\",\"@id\":\"https:\/\/www.locationencorse.eu\/blog\/#website\",\"url\":\"https:\/\/www.locationencorse.eu\/blog\/\",\"name\":\"La Corse\",\"description\":\"Vacances en Corse sur \u00cele de beaut\u00e9\",\"potentialAction\":[{\"@type\":\"SearchAction\",\"target\":{\"@type\":\"EntryPoint\",\"urlTemplate\":\"https:\/\/www.locationencorse.eu\/blog\/?s={search_term_string}\"},\"query-input\":\"required name=search_term_string\"}],\"inLanguage\":\"fr-FR\"},{\"@type\":\"Person\",\"@id\":\"https:\/\/www.locationencorse.eu\/blog\/#\/schema\/person\/4aa76a779067073b7500fdabe0a4a51c\",\"name\":\"Newchallenge\",\"image\":{\"@type\":\"ImageObject\",\"inLanguage\":\"fr-FR\",\"@id\":\"https:\/\/www.locationencorse.eu\/blog\/#\/schema\/person\/image\/\",\"url\":\"https:\/\/secure.gravatar.com\/avatar\/ad5f2a69d252f48179a77d3cb09e1fa7?s=96&r=g\",\"contentUrl\":\"https:\/\/secure.gravatar.com\/avatar\/ad5f2a69d252f48179a77d3cb09e1fa7?s=96&r=g\",\"caption\":\"Newchallenge\"},\"sameAs\":[\"http:\/\/www.locationencorse.eu\",\"https:\/\/www.facebook.com\/locationencorse.eu\/\"],\"url\":\"https:\/\/www.locationencorse.eu\/blog\/author\/martinenewchallenge-fr\/\"}]}<\/script>\n<!-- \/ Yoast SEO plugin. -->","yoast_head_json":{"title":"Le train des plages Ile Rousse Calvi - En Balagne Corse du nord","description":"Le train des plages \u00eele Rousse Calvi, nomm\u00e9 aussi le \"tramway\" des plages, o\u00f9 le U Trinichellu sarrette sur plusieurs plages, Calvi, Davia, Algajola ..","robots":{"index":"index","follow":"follow","max-snippet":"max-snippet:-1","max-image-preview":"max-image-preview:large","max-video-preview":"max-video-preview:-1"},"canonical":"https:\/\/www.locationencorse.eu\/blog\/le-train-des-plages-ile-rousse-calvi\/","og_locale":"fr_FR","og_type":"article","og_title":"Le train des plages Ile Rousse Calvi - En Balagne Corse du nord","og_description":"Le train des plages \u00eele Rousse Calvi, nomm\u00e9 aussi le \"tramway\" des plages, o\u00f9 le U Trinichellu sarrette sur plusieurs plages, Calvi, Davia, Algajola ..","og_url":"https:\/\/www.locationencorse.eu\/blog\/le-train-des-plages-ile-rousse-calvi\/","og_site_name":"La Corse","article_author":"https:\/\/www.facebook.com\/locationencorse.eu\/","article_published_time":"2014-12-07T19:25:35+00:00","article_modified_time":"2024-04-05T13:16:06+00:00","og_image":[{"url":"http:\/\/www.locationencorse.eu\/blog\/wp-content\/uploads\/2014\/12\/calvi-18-11-2014_04.jpg"}],"author":"Newchallenge","twitter_misc":{"\u00c9crit par":"Newchallenge","Dur\u00e9e de lecture estim\u00e9e":"6 minutes"},"schema":{"@context":"https:\/\/schema.org","@graph":[{"@type":"WebPage","@id":"https:\/\/www.locationencorse.eu\/blog\/le-train-des-plages-ile-rousse-calvi\/","url":"https:\/\/www.locationencorse.eu\/blog\/le-train-des-plages-ile-rousse-calvi\/","name":"Le train des plages Ile Rousse Calvi - En Balagne Corse du nord","isPartOf":{"@id":"https:\/\/www.locationencorse.eu\/blog\/#website"},"datePublished":"2014-12-07T19:25:35+00:00","dateModified":"2024-04-05T13:16:06+00:00","author":{"@id":"https:\/\/www.locationencorse.eu\/blog\/#\/schema\/person\/4aa76a779067073b7500fdabe0a4a51c"},"description":"Le train des plages \u00eele Rousse Calvi, nomm\u00e9 aussi le \"tramway\" des plages, o\u00f9 le U Trinichellu sarrette sur plusieurs plages, Calvi, Davia, Algajola ..","breadcrumb":{"@id":"https:\/\/www.locationencorse.eu\/blog\/le-train-des-plages-ile-rousse-calvi\/#breadcrumb"},"inLanguage":"fr-FR","potentialAction":[{"@type":"ReadAction","target":["https:\/\/www.locationencorse.eu\/blog\/le-train-des-plages-ile-rousse-calvi\/"]}]},{"@type":"BreadcrumbList","@id":"https:\/\/www.locationencorse.eu\/blog\/le-train-des-plages-ile-rousse-calvi\/#breadcrumb","itemListElement":[{"@type":"ListItem","position":1,"name":"Accueil","item":"https:\/\/www.locationencorse.eu\/blog\/"},{"@type":"ListItem","position":2,"name":"Le train des plages Ile Rousse Calvi"}]},{"@type":"WebSite","@id":"https:\/\/www.locationencorse.eu\/blog\/#website","url":"https:\/\/www.locationencorse.eu\/blog\/","name":"La Corse","description":"Vacances en Corse sur \u00cele de beaut\u00e9","potentialAction":[{"@type":"SearchAction","target":{"@type":"EntryPoint","urlTemplate":"https:\/\/www.locationencorse.eu\/blog\/?s={search_term_string}"},"query-input":"required name=search_term_string"}],"inLanguage":"fr-FR"},{"@type":"Person","@id":"https:\/\/www.locationencorse.eu\/blog\/#\/schema\/person\/4aa76a779067073b7500fdabe0a4a51c","name":"Newchallenge","image":{"@type":"ImageObject","inLanguage":"fr-FR","@id":"https:\/\/www.locationencorse.eu\/blog\/#\/schema\/person\/image\/","url":"https:\/\/secure.gravatar.com\/avatar\/ad5f2a69d252f48179a77d3cb09e1fa7?s=96&r=g","contentUrl":"https:\/\/secure.gravatar.com\/avatar\/ad5f2a69d252f48179a77d3cb09e1fa7?s=96&r=g","caption":"Newchallenge"},"sameAs":["http:\/\/www.locationencorse.eu","https:\/\/www.facebook.com\/locationencorse.eu\/"],"url":"https:\/\/www.locationencorse.eu\/blog\/author\/martinenewchallenge-fr\/"}]}},"jetpack_featured_media_url":"","_links":{"self":[{"href":"https:\/\/www.locationencorse.eu\/blog\/wp-json\/wp\/v2\/posts\/5870"}],"collection":[{"href":"https:\/\/www.locationencorse.eu\/blog\/wp-json\/wp\/v2\/posts"}],"about":[{"href":"https:\/\/www.locationencorse.eu\/blog\/wp-json\/wp\/v2\/types\/post"}],"author":[{"embeddable":true,"href":"https:\/\/www.locationencorse.eu\/blog\/wp-json\/wp\/v2\/users\/2"}],"replies":[{"embeddable":true,"href":"https:\/\/www.locationencorse.eu\/blog\/wp-json\/wp\/v2\/comments?post=5870"}],"version-history":[{"count":71,"href":"https:\/\/www.locationencorse.eu\/blog\/wp-json\/wp\/v2\/posts\/5870\/revisions"}],"predecessor-version":[{"id":8890,"href":"https:\/\/www.locationencorse.eu\/blog\/wp-json\/wp\/v2\/posts\/5870\/revisions\/8890"}],"wp:attachment":[{"href":"https:\/\/www.locationencorse.eu\/blog\/wp-json\/wp\/v2\/media?parent=5870"}],"wp:term":[{"taxonomy":"category","embeddable":true,"href":"https:\/\/www.locationencorse.eu\/blog\/wp-json\/wp\/v2\/categories?post=5870"},{"taxonomy":"post_tag","embeddable":true,"href":"https:\/\/www.locationencorse.eu\/blog\/wp-json\/wp\/v2\/tags?post=5870"}],"curies":[{"name":"wp","href":"https:\/\/api.w.org\/{rel}","templated":true}]}}