{"id":5811,"date":"2014-12-04T22:04:37","date_gmt":"2014-12-04T21:04:37","guid":{"rendered":"http:\/\/www.locationencorse.eu\/blog\/?p=5811"},"modified":"2024-01-03T14:56:37","modified_gmt":"2024-01-03T13:56:37","slug":"plage-marine-de-davia","status":"publish","type":"post","link":"https:\/\/www.locationencorse.eu\/blog\/plage-marine-de-davia\/","title":{"rendered":"Plage marine de Davia"},"content":{"rendered":"<p>La plage de la <strong>marine de Davia<\/strong>, se situe dans un \u00ab\u00a0lotissement r\u00e9sidentiel\u00a0\u00bb en Balagne, sur la commune de Corbara.&nbsp; Elle est peu connue des touristes et pourtant accessible \u00e0 tous. Le domaine de Davia poss\u00e8de, &nbsp;3 plages, Vignola, Capit\u00e9 et Fornella: coin de paradis, au calme, dans un nid de verdure, fra\u00eecheur naturelle agr\u00e9ment\u00e9e de l&rsquo;air marin.<\/p>\n<p>La <strong>marine de Davia<\/strong> est \u00e0 quelques kilom\u00e8tres de l&rsquo;\u00eele Rousse, sur la route direction de Calvi. Lieux o\u00f9 les villas toutes plus belles&nbsp;les unes que les autres, vous feront r\u00eaver, certaines ont des acc\u00e8s priv\u00e9es sur la mer. Je vous en propose une pour vos vacances en <a href=\"https:\/\/hoteliercorse.com\/hotels-luxe\/\">hotel corse&nbsp;luxe et charme<\/a> en famille pour 8\/10 personnes sur le site locationencorse.eu, pas tr\u00e8s loin de la petite plage. De plus la marine est surveill\u00e9e 7 jours sur 7 par un gardien se trouvant \u00e0 l&rsquo;entr\u00e9e de la Marine dans une maisonnette. Elle offre aux vacanciers saisonniers le calme et la tranquillit\u00e9.<\/p>\n<p>Une autre fa\u00e7on d&rsquo;aller \u00e0 la <em>marine de Davia<\/em>, avec le petit train des plages baptis\u00e9 \u00ab <em>u trinichellu<\/em> \u00bb &nbsp;qui fait le trajet \u00eele Rousse \/Calvi et qui s&rsquo;arr\u00eate \u00e0 chaque plage. Vous trouverez les horaires&nbsp; des 17 stations plages sur le lien <a title=\"train\" href=\"http:\/\/www.train-corse.com\/hiver_2014_2015_tramways.pdf\" target=\"_blank\" rel=\"noopener\">ICI<\/a><\/p>\n<p><a href=\"http:\/\/www.locationencorse.eu\/blog\/wp-content\/uploads\/2014\/12\/arr\u00eat-du-tramway-des-plages.jpg\" data-rel=\"lightbox-image-0\" data-rl_title=\"\" data-rl_caption=\"\" title=\"\"><img decoding=\"async\" loading=\"lazy\" class=\"aligncenter size-full wp-image-5821\" src=\"http:\/\/www.locationencorse.eu\/blog\/wp-content\/uploads\/2014\/12\/arr\u00eat-du-tramway-des-plages.jpg\" alt=\"arr\u00eat du tramway des plages\" width=\"800\" height=\"600\" srcset=\"https:\/\/www.locationencorse.eu\/blog\/wp-content\/uploads\/2014\/12\/arr\u00eat-du-tramway-des-plages.jpg 800w, https:\/\/www.locationencorse.eu\/blog\/wp-content\/uploads\/2014\/12\/arr\u00eat-du-tramway-des-plages-400x300.jpg 400w\" sizes=\"(max-width: 800px) 100vw, 800px\" \/><\/a><\/p>\n<p>Puis descendre jusqu&rsquo;\u00e0 la plage, il y a un parking ombrag\u00e9 de tamaris pour les voitures.&nbsp;Un panneau vous signifie que la plage n&rsquo;est pas surveill\u00e9e.<br \/>\n<a href=\"http:\/\/www.locationencorse.eu\/blog\/wp-content\/uploads\/2014\/12\/davia-03-12-2014_06.jpg\" data-rel=\"lightbox-image-1\" data-rl_title=\"\" data-rl_caption=\"\" title=\"\"><img decoding=\"async\" loading=\"lazy\" class=\"aligncenter size-full wp-image-5827\" src=\"http:\/\/www.locationencorse.eu\/blog\/wp-content\/uploads\/2014\/12\/davia-03-12-2014_06.jpg\" alt=\"plage marine de Davia\" width=\"800\" height=\"600\" srcset=\"https:\/\/www.locationencorse.eu\/blog\/wp-content\/uploads\/2014\/12\/davia-03-12-2014_06.jpg 800w, https:\/\/www.locationencorse.eu\/blog\/wp-content\/uploads\/2014\/12\/davia-03-12-2014_06-400x300.jpg 400w\" sizes=\"(max-width: 800px) 100vw, 800px\" \/><\/a><\/p>\n<p>Et vous trouverez&nbsp; un joli escalier en pierre&nbsp;pour descendre sur la petite plage, bord\u00e9e de rochers et&nbsp;entour\u00e9e de faune et de flore diversifi\u00e9es.<\/p>\n<p><a href=\"http:\/\/www.locationencorse.eu\/blog\/wp-content\/uploads\/2014\/12\/davia2-03-12-2014_08.jpg\" data-rel=\"lightbox-image-2\" data-rl_title=\"\" data-rl_caption=\"\" title=\"\"><img decoding=\"async\" loading=\"lazy\" class=\"aligncenter size-full wp-image-5833\" src=\"http:\/\/www.locationencorse.eu\/blog\/wp-content\/uploads\/2014\/12\/davia2-03-12-2014_08.jpg\" alt=\"plage de Davia\" width=\"800\" height=\"600\" srcset=\"https:\/\/www.locationencorse.eu\/blog\/wp-content\/uploads\/2014\/12\/davia2-03-12-2014_08.jpg 800w, https:\/\/www.locationencorse.eu\/blog\/wp-content\/uploads\/2014\/12\/davia2-03-12-2014_08-400x300.jpg 400w\" sizes=\"(max-width: 800px) 100vw, 800px\" \/><\/a><\/p>\n<p>Voici la plage de la <em>marine de Davia<\/em>,&nbsp;la plus connue, del\u00e0 vous pourrez voir le \u00ab\u00a0tramway des plages\u00a0\u00bb passer juste au dessus, au milieu de la flore sauvage. La plage est abrit\u00e9e du vent. Elle est id\u00e9ale pour les premi\u00e8res baignades au printemps. Ne pas oublier l&rsquo;ombre solaire et votre parasol.<br \/>\n<a href=\"http:\/\/www.locationencorse.eu\/blog\/wp-content\/uploads\/2014\/12\/davia-03-12-2014_17.jpg\" data-rel=\"lightbox-image-3\" data-rl_title=\"\" data-rl_caption=\"\" title=\"\"><img decoding=\"async\" loading=\"lazy\" class=\"aligncenter size-full wp-image-5846\" src=\"http:\/\/www.locationencorse.eu\/blog\/wp-content\/uploads\/2014\/12\/davia-03-12-2014_17.jpg\" alt=\"Plage de la marine de Davia\" width=\"800\" height=\"600\" srcset=\"https:\/\/www.locationencorse.eu\/blog\/wp-content\/uploads\/2014\/12\/davia-03-12-2014_17.jpg 800w, https:\/\/www.locationencorse.eu\/blog\/wp-content\/uploads\/2014\/12\/davia-03-12-2014_17-400x300.jpg 400w\" sizes=\"(max-width: 800px) 100vw, 800px\" \/><\/a><a href=\"http:\/\/www.locationencorse.eu\/blog\/wp-content\/uploads\/2014\/12\/davia-03-12-2014_12.jpg\" data-rel=\"lightbox-image-4\" data-rl_title=\"\" data-rl_caption=\"\" title=\"\"><img decoding=\"async\" loading=\"lazy\" class=\"aligncenter size-full wp-image-5847\" src=\"http:\/\/www.locationencorse.eu\/blog\/wp-content\/uploads\/2014\/12\/davia-03-12-2014_12.jpg\" alt=\"tramway des plage a davia\" width=\"800\" height=\"600\" srcset=\"https:\/\/www.locationencorse.eu\/blog\/wp-content\/uploads\/2014\/12\/davia-03-12-2014_12.jpg 800w, https:\/\/www.locationencorse.eu\/blog\/wp-content\/uploads\/2014\/12\/davia-03-12-2014_12-400x300.jpg 400w\" sizes=\"(max-width: 800px) 100vw, 800px\" \/><\/a><\/p>\n<p>En quittant la Marine, vous pourrez admirer la vue sur <a title=\"L\u2019\u00cele Rousse, \u00cele de la Pietra\" href=\"http:\/\/www.locationencorse.eu\/blog\/lile-rousse-ile-de-la-pietra\/\" target=\"_blank\" rel=\"noopener\">l&rsquo;\u00eele de la Pietra <\/a>de l&rsquo;\u00eele Rousse.<br \/>\n<a href=\"http:\/\/www.locationencorse.eu\/blog\/wp-content\/uploads\/2014\/12\/davia-03-12-2014_05.jpg\" data-rel=\"lightbox-image-5\" data-rl_title=\"\" data-rl_caption=\"\" title=\"\"><img decoding=\"async\" loading=\"lazy\" class=\"aligncenter size-full wp-image-5851\" src=\"http:\/\/www.locationencorse.eu\/blog\/wp-content\/uploads\/2014\/12\/davia-03-12-2014_05.jpg\" alt=\"\u00eele de la Pietra\" width=\"800\" height=\"600\" srcset=\"https:\/\/www.locationencorse.eu\/blog\/wp-content\/uploads\/2014\/12\/davia-03-12-2014_05.jpg 800w, https:\/\/www.locationencorse.eu\/blog\/wp-content\/uploads\/2014\/12\/davia-03-12-2014_05-400x300.jpg 400w\" sizes=\"(max-width: 800px) 100vw, 800px\" \/><\/a>Une autre plage de la marine, mais plus difficile \u00e0 trouver, la descente \u00e0 la mer se fait par un petit chemin peu visible situ\u00e9&nbsp;entre 2 maisons.<br \/>\n<a href=\"http:\/\/www.locationencorse.eu\/blog\/wp-content\/uploads\/2014\/12\/davia-03-12-2014_01.jpg\" data-rel=\"lightbox-image-6\" data-rl_title=\"\" data-rl_caption=\"\" title=\"\"><img decoding=\"async\" loading=\"lazy\" class=\"aligncenter size-full wp-image-5859\" src=\"http:\/\/www.locationencorse.eu\/blog\/wp-content\/uploads\/2014\/12\/davia-03-12-2014_01.jpg\" alt=\"marine de Davia\" width=\"800\" height=\"600\" srcset=\"https:\/\/www.locationencorse.eu\/blog\/wp-content\/uploads\/2014\/12\/davia-03-12-2014_01.jpg 800w, https:\/\/www.locationencorse.eu\/blog\/wp-content\/uploads\/2014\/12\/davia-03-12-2014_01-400x300.jpg 400w\" sizes=\"(max-width: 800px) 100vw, 800px\" \/><\/a><\/p>\n<p style=\"text-align: left;\">&nbsp;Plan \u00eele Rousse- la marine de Davia environ 5km5.<\/p>\n<p style=\"text-align: center;\"><iframe loading=\"lazy\" style=\"border: 0px currentColor;\" src=\"https:\/\/www.google.com\/maps\/embed?pb=!1m29!1m12!1m3!1d23484.266929500787!2d8.894201084213838!3d42.628851544710095!2m3!1f0!2f0!3f0!3m2!1i1024!2i768!4f13.1!4m14!1i0!3e6!4m5!1s0x12d0c45fab342c4b%3A0xa30db58621a93360!2sL'%C3%8Ele-Rousse!3m2!1d42.63651!2d8.937045999999998!4m5!1s0x12d0c3b1c9fd5dc1%3A0x5f895587b664ba92!2sMarine+de+Davia%2C+20256+Corbara!3m2!1d42.625212999999995!2d8.888081!5e0!3m2!1sfr!2sfr!4v1417728616827\" width=\"600\" height=\"450\" frameborder=\"0\"><\/iframe><\/p>\n<p>&nbsp;Les photos ont \u00e9t\u00e9 faites d\u00e9but d\u00e9cembre 2014.<\/p>\n<!-- AddThis Advanced Settings generic via filter on the_content --><!-- AddThis Share Buttons generic via filter on the_content -->","protected":false},"excerpt":{"rendered":"<p>La plage de la marine de Davia, se situe dans un \u00ab\u00a0lotissement r\u00e9sidentiel\u00a0\u00bb en Balagne, sur la commune de Corbara.&nbsp; Elle est peu connue des touristes et pourtant accessible \u00e0 tous. Le domaine de Davia poss\u00e8de, &nbsp;3 plages, Vignola, Capit\u00e9 &hellip; <a href=\"https:\/\/www.locationencorse.eu\/blog\/plage-marine-de-davia\/\">Continuer la lecture <span class=\"meta-nav\">&rarr;<\/span><\/a><!-- AddThis Advanced Settings generic via filter on get_the_excerpt --><!-- AddThis Share Buttons generic via filter on get_the_excerpt --><\/p>\n","protected":false},"author":2,"featured_media":0,"comment_status":"closed","ping_status":"closed","sticky":false,"template":"","format":"standard","meta":{"_mi_skip_tracking":false,"_monsterinsights_sitenote_active":false,"_monsterinsights_sitenote_note":"","_monsterinsights_sitenote_category":0,"ngg_post_thumbnail":0,"footnotes":""},"categories":[1,311,8],"tags":[11,43,321,320],"yoast_head":"<!-- This site is optimized with the Yoast SEO plugin v21.1 - https:\/\/yoast.com\/wordpress\/plugins\/seo\/ -->\n<title>Plage marine de Davia - La Corse<\/title>\n<meta name=\"robots\" content=\"index, follow, max-snippet:-1, max-image-preview:large, max-video-preview:-1\" \/>\n<link rel=\"canonical\" href=\"https:\/\/www.locationencorse.eu\/blog\/plage-marine-de-davia\/\" \/>\n<meta property=\"og:locale\" content=\"fr_FR\" \/>\n<meta property=\"og:type\" content=\"article\" \/>\n<meta property=\"og:title\" content=\"Plage marine de Davia - La Corse\" \/>\n<meta property=\"og:description\" content=\"La plage de la marine de Davia, se situe dans un \u00ab\u00a0lotissement r\u00e9sidentiel\u00a0\u00bb en Balagne, sur la commune de Corbara.&nbsp; Elle est peu connue des touristes et pourtant accessible \u00e0 tous. Le domaine de Davia poss\u00e8de, &nbsp;3 plages, Vignola, Capit\u00e9 &hellip; Continuer la lecture &rarr;\" \/>\n<meta property=\"og:url\" content=\"https:\/\/www.locationencorse.eu\/blog\/plage-marine-de-davia\/\" \/>\n<meta property=\"og:site_name\" content=\"La Corse\" \/>\n<meta property=\"article:author\" content=\"https:\/\/www.facebook.com\/locationencorse.eu\/\" \/>\n<meta property=\"article:published_time\" content=\"2014-12-04T21:04:37+00:00\" \/>\n<meta property=\"article:modified_time\" content=\"2024-01-03T13:56:37+00:00\" \/>\n<meta property=\"og:image\" content=\"http:\/\/www.locationencorse.eu\/blog\/wp-content\/uploads\/2014\/12\/davia-03-12-2014_06.jpg\" \/>\n<meta name=\"author\" content=\"Newchallenge\" \/>\n<meta name=\"twitter:label1\" content=\"\u00c9crit par\" \/>\n\t<meta name=\"twitter:data1\" content=\"Newchallenge\" \/>\n\t<meta name=\"twitter:label2\" content=\"Dur\u00e9e de lecture estim\u00e9e\" \/>\n\t<meta name=\"twitter:data2\" content=\"4 minutes\" \/>\n<script type=\"application\/ld+json\" class=\"yoast-schema-graph\">{\"@context\":\"https:\/\/schema.org\",\"@graph\":[{\"@type\":\"WebPage\",\"@id\":\"https:\/\/www.locationencorse.eu\/blog\/plage-marine-de-davia\/\",\"url\":\"https:\/\/www.locationencorse.eu\/blog\/plage-marine-de-davia\/\",\"name\":\"Plage marine de Davia - La Corse\",\"isPartOf\":{\"@id\":\"https:\/\/www.locationencorse.eu\/blog\/#website\"},\"datePublished\":\"2014-12-04T21:04:37+00:00\",\"dateModified\":\"2024-01-03T13:56:37+00:00\",\"author\":{\"@id\":\"https:\/\/www.locationencorse.eu\/blog\/#\/schema\/person\/4aa76a779067073b7500fdabe0a4a51c\"},\"breadcrumb\":{\"@id\":\"https:\/\/www.locationencorse.eu\/blog\/plage-marine-de-davia\/#breadcrumb\"},\"inLanguage\":\"fr-FR\",\"potentialAction\":[{\"@type\":\"ReadAction\",\"target\":[\"https:\/\/www.locationencorse.eu\/blog\/plage-marine-de-davia\/\"]}]},{\"@type\":\"BreadcrumbList\",\"@id\":\"https:\/\/www.locationencorse.eu\/blog\/plage-marine-de-davia\/#breadcrumb\",\"itemListElement\":[{\"@type\":\"ListItem\",\"position\":1,\"name\":\"Accueil\",\"item\":\"https:\/\/www.locationencorse.eu\/blog\/\"},{\"@type\":\"ListItem\",\"position\":2,\"name\":\"Plage marine de Davia\"}]},{\"@type\":\"WebSite\",\"@id\":\"https:\/\/www.locationencorse.eu\/blog\/#website\",\"url\":\"https:\/\/www.locationencorse.eu\/blog\/\",\"name\":\"La Corse\",\"description\":\"Vacances en Corse sur \u00cele de beaut\u00e9\",\"potentialAction\":[{\"@type\":\"SearchAction\",\"target\":{\"@type\":\"EntryPoint\",\"urlTemplate\":\"https:\/\/www.locationencorse.eu\/blog\/?s={search_term_string}\"},\"query-input\":\"required name=search_term_string\"}],\"inLanguage\":\"fr-FR\"},{\"@type\":\"Person\",\"@id\":\"https:\/\/www.locationencorse.eu\/blog\/#\/schema\/person\/4aa76a779067073b7500fdabe0a4a51c\",\"name\":\"Newchallenge\",\"image\":{\"@type\":\"ImageObject\",\"inLanguage\":\"fr-FR\",\"@id\":\"https:\/\/www.locationencorse.eu\/blog\/#\/schema\/person\/image\/\",\"url\":\"https:\/\/secure.gravatar.com\/avatar\/ad5f2a69d252f48179a77d3cb09e1fa7?s=96&r=g\",\"contentUrl\":\"https:\/\/secure.gravatar.com\/avatar\/ad5f2a69d252f48179a77d3cb09e1fa7?s=96&r=g\",\"caption\":\"Newchallenge\"},\"sameAs\":[\"http:\/\/www.locationencorse.eu\",\"https:\/\/www.facebook.com\/locationencorse.eu\/\"],\"url\":\"https:\/\/www.locationencorse.eu\/blog\/author\/martinenewchallenge-fr\/\"}]}<\/script>\n<!-- \/ Yoast SEO plugin. -->","yoast_head_json":{"title":"Plage marine de Davia - La Corse","robots":{"index":"index","follow":"follow","max-snippet":"max-snippet:-1","max-image-preview":"max-image-preview:large","max-video-preview":"max-video-preview:-1"},"canonical":"https:\/\/www.locationencorse.eu\/blog\/plage-marine-de-davia\/","og_locale":"fr_FR","og_type":"article","og_title":"Plage marine de Davia - La Corse","og_description":"La plage de la marine de Davia, se situe dans un \u00ab\u00a0lotissement r\u00e9sidentiel\u00a0\u00bb en Balagne, sur la commune de Corbara.&nbsp; Elle est peu connue des touristes et pourtant accessible \u00e0 tous. Le domaine de Davia poss\u00e8de, &nbsp;3 plages, Vignola, Capit\u00e9 &hellip; Continuer la lecture &rarr;","og_url":"https:\/\/www.locationencorse.eu\/blog\/plage-marine-de-davia\/","og_site_name":"La Corse","article_author":"https:\/\/www.facebook.com\/locationencorse.eu\/","article_published_time":"2014-12-04T21:04:37+00:00","article_modified_time":"2024-01-03T13:56:37+00:00","og_image":[{"url":"http:\/\/www.locationencorse.eu\/blog\/wp-content\/uploads\/2014\/12\/davia-03-12-2014_06.jpg"}],"author":"Newchallenge","twitter_misc":{"\u00c9crit par":"Newchallenge","Dur\u00e9e de lecture estim\u00e9e":"4 minutes"},"schema":{"@context":"https:\/\/schema.org","@graph":[{"@type":"WebPage","@id":"https:\/\/www.locationencorse.eu\/blog\/plage-marine-de-davia\/","url":"https:\/\/www.locationencorse.eu\/blog\/plage-marine-de-davia\/","name":"Plage marine de Davia - La Corse","isPartOf":{"@id":"https:\/\/www.locationencorse.eu\/blog\/#website"},"datePublished":"2014-12-04T21:04:37+00:00","dateModified":"2024-01-03T13:56:37+00:00","author":{"@id":"https:\/\/www.locationencorse.eu\/blog\/#\/schema\/person\/4aa76a779067073b7500fdabe0a4a51c"},"breadcrumb":{"@id":"https:\/\/www.locationencorse.eu\/blog\/plage-marine-de-davia\/#breadcrumb"},"inLanguage":"fr-FR","potentialAction":[{"@type":"ReadAction","target":["https:\/\/www.locationencorse.eu\/blog\/plage-marine-de-davia\/"]}]},{"@type":"BreadcrumbList","@id":"https:\/\/www.locationencorse.eu\/blog\/plage-marine-de-davia\/#breadcrumb","itemListElement":[{"@type":"ListItem","position":1,"name":"Accueil","item":"https:\/\/www.locationencorse.eu\/blog\/"},{"@type":"ListItem","position":2,"name":"Plage marine de Davia"}]},{"@type":"WebSite","@id":"https:\/\/www.locationencorse.eu\/blog\/#website","url":"https:\/\/www.locationencorse.eu\/blog\/","name":"La Corse","description":"Vacances en Corse sur \u00cele de beaut\u00e9","potentialAction":[{"@type":"SearchAction","target":{"@type":"EntryPoint","urlTemplate":"https:\/\/www.locationencorse.eu\/blog\/?s={search_term_string}"},"query-input":"required name=search_term_string"}],"inLanguage":"fr-FR"},{"@type":"Person","@id":"https:\/\/www.locationencorse.eu\/blog\/#\/schema\/person\/4aa76a779067073b7500fdabe0a4a51c","name":"Newchallenge","image":{"@type":"ImageObject","inLanguage":"fr-FR","@id":"https:\/\/www.locationencorse.eu\/blog\/#\/schema\/person\/image\/","url":"https:\/\/secure.gravatar.com\/avatar\/ad5f2a69d252f48179a77d3cb09e1fa7?s=96&r=g","contentUrl":"https:\/\/secure.gravatar.com\/avatar\/ad5f2a69d252f48179a77d3cb09e1fa7?s=96&r=g","caption":"Newchallenge"},"sameAs":["http:\/\/www.locationencorse.eu","https:\/\/www.facebook.com\/locationencorse.eu\/"],"url":"https:\/\/www.locationencorse.eu\/blog\/author\/martinenewchallenge-fr\/"}]}},"jetpack_featured_media_url":"","_links":{"self":[{"href":"https:\/\/www.locationencorse.eu\/blog\/wp-json\/wp\/v2\/posts\/5811"}],"collection":[{"href":"https:\/\/www.locationencorse.eu\/blog\/wp-json\/wp\/v2\/posts"}],"about":[{"href":"https:\/\/www.locationencorse.eu\/blog\/wp-json\/wp\/v2\/types\/post"}],"author":[{"embeddable":true,"href":"https:\/\/www.locationencorse.eu\/blog\/wp-json\/wp\/v2\/users\/2"}],"replies":[{"embeddable":true,"href":"https:\/\/www.locationencorse.eu\/blog\/wp-json\/wp\/v2\/comments?post=5811"}],"version-history":[{"count":45,"href":"https:\/\/www.locationencorse.eu\/blog\/wp-json\/wp\/v2\/posts\/5811\/revisions"}],"predecessor-version":[{"id":8693,"href":"https:\/\/www.locationencorse.eu\/blog\/wp-json\/wp\/v2\/posts\/5811\/revisions\/8693"}],"wp:attachment":[{"href":"https:\/\/www.locationencorse.eu\/blog\/wp-json\/wp\/v2\/media?parent=5811"}],"wp:term":[{"taxonomy":"category","embeddable":true,"href":"https:\/\/www.locationencorse.eu\/blog\/wp-json\/wp\/v2\/categories?post=5811"},{"taxonomy":"post_tag","embeddable":true,"href":"https:\/\/www.locationencorse.eu\/blog\/wp-json\/wp\/v2\/tags?post=5811"}],"curies":[{"name":"wp","href":"https:\/\/api.w.org\/{rel}","templated":true}]}}