{"id":5491,"date":"2014-11-14T11:53:33","date_gmt":"2014-11-14T10:53:33","guid":{"rendered":"http:\/\/www.locationencorse.eu\/blog\/?p=5491"},"modified":"2014-11-14T19:07:35","modified_gmt":"2014-11-14T18:07:35","slug":"plage-arinella-lumio","status":"publish","type":"post","link":"https:\/\/www.locationencorse.eu\/blog\/plage-arinella-lumio\/","title":{"rendered":"Plage Arinella Lumio"},"content":{"rendered":"<p>La plage Arinella est une petite plage paradisiaque, situ\u00e9e sur la commune de Lumio. Elle poss\u00e8de une vue magnifique sur Calvi et sur la pointe de la Revellata. La <strong>plage de l&rsquo;Arinella<\/strong>, \u00e0 Lumio, prolonge celle de Sainte Restitude. Sur la droite vous apercevez la tour ruin\u00e9e de Caldanu. L&rsquo; environnement est remarquable, eau translucide\u00a0et bord\u00e9e de rochers.<\/p>\n<p><a href=\"http:\/\/www.locationencorse.eu\/blog\/wp-content\/uploads\/2014\/11\/011.jpg\" data-rel=\"lightbox-image-0\" data-rl_title=\"\" data-rl_caption=\"\" title=\"\"><img decoding=\"async\" loading=\"lazy\" class=\"aligncenter size-full wp-image-5494\" src=\"http:\/\/www.locationencorse.eu\/blog\/wp-content\/uploads\/2014\/11\/011.jpg\" alt=\"plage Arinella lumio\" width=\"800\" height=\"600\" srcset=\"https:\/\/www.locationencorse.eu\/blog\/wp-content\/uploads\/2014\/11\/011.jpg 800w, https:\/\/www.locationencorse.eu\/blog\/wp-content\/uploads\/2014\/11\/011-400x300.jpg 400w, https:\/\/www.locationencorse.eu\/blog\/wp-content\/uploads\/2014\/11\/011-750x562.jpg 750w\" sizes=\"(max-width: 800px) 100vw, 800px\" \/><\/a><\/p>\n<p>Pour acc\u00e9der \u00e0 la plage Arinella, tournez \u00e0 la petite route qui se trouve devant la pharmacie sur la RN197, et descendez sur 3 kilom\u00e8tres environ Au bout de la petite route, vous trouverez un parking gratuit ombrag\u00e9 de Tamaris. Un petit rappel nos amis les animaux sont interdis.La plage est aussi joignable par le petit train Calvi- \u00eele Rousse et descendre \u00e0 la station Ondari-Arinella. <a title=\"horaires train calvi ile rousse\" href=\"http:\/\/www.cf-corse.fr\/IMG\/pdf\/calvi-ile_rousse-2.pdf\" target=\"_blank\">Les horaires du petit train Calvi \u00eele Rousse\u00a0<\/a>, que l&rsquo;on surnomme aussi \u00a0le tramway de la Balagne ou le \u00ab\u00a0<a title=\"le trinichellu\" href=\"http:\/\/www.locationencorse.eu\/blog\/le-train-corse-le-trinichellu\/\" target=\"_blank\">le trinichellu<\/a>\u00ab\u00a0.<\/p>\n<p>Id\u00e9ale pour les amateurs de petite plong\u00e9e entre les rochers. Une petite promenade le soir vous d\u00e9couvrirez les plus beaux couchers de soleil sur la baie de Calvi.<\/p>\n<p>Petite vid\u00e9o\u00a0de la plage Arinella\u00a0du 13 novembre 2014, par une tr\u00e8s belle journ\u00e9e. L&rsquo;arri\u00e8re saison en Corse est souvent tr\u00e8s douce. La plage sent bon le maquis et les embruns<\/p>\n<p><iframe loading=\"lazy\" src=\"\/\/www.youtube.com\/embed\/LhjXcuGMBDw?rel=0\" width=\"640\" height=\"480\" frameborder=\"0\" allowfullscreen=\"allowfullscreen\"><\/iframe><\/p>\n<p>En continuant en voiture la petite route sur votre droite\u00a0juste avant le parking de la plage Arinella, elle \u00a0vous am\u00e8ne \u00e0 la <strong>tour g\u00e9noise ruin\u00e9e\u00a0de Caldanu<\/strong>. Elle est entour\u00e9e de dalles rocheuses tr\u00e8s caract\u00e9ristiques.Le panorama offert sur le golfe de Calvi, sa citadelle et la pointe de la Revellata est remarquable.<\/p>\n<div id=\"attachment_5510\" style=\"width: 810px\" class=\"wp-caption aligncenter\"><a href=\"http:\/\/www.locationencorse.eu\/blog\/wp-content\/uploads\/2014\/11\/la-tour-de-Caldanu1.jpg\" data-rel=\"lightbox-image-1\" data-rl_title=\"\" data-rl_caption=\"\" title=\"\"><img aria-describedby=\"caption-attachment-5510\" decoding=\"async\" loading=\"lazy\" class=\"size-full wp-image-5510\" src=\"http:\/\/www.locationencorse.eu\/blog\/wp-content\/uploads\/2014\/11\/la-tour-de-Caldanu1.jpg\" alt=\"La petite route sans issue\" width=\"800\" height=\"600\" srcset=\"https:\/\/www.locationencorse.eu\/blog\/wp-content\/uploads\/2014\/11\/la-tour-de-Caldanu1.jpg 800w, https:\/\/www.locationencorse.eu\/blog\/wp-content\/uploads\/2014\/11\/la-tour-de-Caldanu1-400x300.jpg 400w, https:\/\/www.locationencorse.eu\/blog\/wp-content\/uploads\/2014\/11\/la-tour-de-Caldanu1-750x562.jpg 750w\" sizes=\"(max-width: 800px) 100vw, 800px\" \/><\/a><p id=\"caption-attachment-5510\" class=\"wp-caption-text\">La petite route sans issue menant \u00e0 la tour Caldanu<\/p><\/div>\n<p>&nbsp;<\/p>\n<div id=\"attachment_5511\" style=\"width: 810px\" class=\"wp-caption aligncenter\"><a href=\"http:\/\/www.locationencorse.eu\/blog\/wp-content\/uploads\/2014\/11\/la-tour-de-Caldanu3.jpg\" data-rel=\"lightbox-image-2\" data-rl_title=\"\" data-rl_caption=\"\" title=\"\"><img aria-describedby=\"caption-attachment-5511\" decoding=\"async\" loading=\"lazy\" class=\"size-full wp-image-5511\" src=\"http:\/\/www.locationencorse.eu\/blog\/wp-content\/uploads\/2014\/11\/la-tour-de-Caldanu3.jpg\" alt=\"La tour Caldanu avec vue sur Calvi\" width=\"800\" height=\"600\" srcset=\"https:\/\/www.locationencorse.eu\/blog\/wp-content\/uploads\/2014\/11\/la-tour-de-Caldanu3.jpg 800w, https:\/\/www.locationencorse.eu\/blog\/wp-content\/uploads\/2014\/11\/la-tour-de-Caldanu3-400x300.jpg 400w, https:\/\/www.locationencorse.eu\/blog\/wp-content\/uploads\/2014\/11\/la-tour-de-Caldanu3-750x562.jpg 750w\" sizes=\"(max-width: 800px) 100vw, 800px\" \/><\/a><p id=\"caption-attachment-5511\" class=\"wp-caption-text\">La tour Caldanu avec vue sur Calvi<\/p><\/div>\n<p>&nbsp;<\/p>\n<div id=\"attachment_5512\" style=\"width: 810px\" class=\"wp-caption aligncenter\"><a href=\"http:\/\/www.locationencorse.eu\/blog\/wp-content\/uploads\/2014\/11\/tour-de-Caldan2.jpg\" data-rel=\"lightbox-image-3\" data-rl_title=\"\" data-rl_caption=\"\" title=\"\"><img aria-describedby=\"caption-attachment-5512\" decoding=\"async\" loading=\"lazy\" class=\"size-full wp-image-5512\" src=\"http:\/\/www.locationencorse.eu\/blog\/wp-content\/uploads\/2014\/11\/tour-de-Caldan2.jpg\" alt=\"dalles rocheuses tr\u00e8s caract\u00e9ristiques de la tour de Caldanu\" width=\"800\" height=\"600\" srcset=\"https:\/\/www.locationencorse.eu\/blog\/wp-content\/uploads\/2014\/11\/tour-de-Caldan2.jpg 800w, https:\/\/www.locationencorse.eu\/blog\/wp-content\/uploads\/2014\/11\/tour-de-Caldan2-400x300.jpg 400w, https:\/\/www.locationencorse.eu\/blog\/wp-content\/uploads\/2014\/11\/tour-de-Caldan2-750x562.jpg 750w\" sizes=\"(max-width: 800px) 100vw, 800px\" \/><\/a><p id=\"caption-attachment-5512\" class=\"wp-caption-text\">dalles rocheuses tr\u00e8s caract\u00e9ristiques de la tour de Caldanu<\/p><\/div>\n<p>&nbsp;<\/p>\n<div id=\"attachment_5509\" style=\"width: 810px\" class=\"wp-caption aligncenter\"><a href=\"http:\/\/www.locationencorse.eu\/blog\/wp-content\/uploads\/2014\/11\/la-tour-de-Caldanu.jpg\" data-rel=\"lightbox-image-4\" data-rl_title=\"\" data-rl_caption=\"\" title=\"\"><img aria-describedby=\"caption-attachment-5509\" decoding=\"async\" loading=\"lazy\" class=\"size-full wp-image-5509\" src=\"http:\/\/www.locationencorse.eu\/blog\/wp-content\/uploads\/2014\/11\/la-tour-de-Caldanu.jpg\" alt=\"La tour de Caldanu \" width=\"800\" height=\"600\" srcset=\"https:\/\/www.locationencorse.eu\/blog\/wp-content\/uploads\/2014\/11\/la-tour-de-Caldanu.jpg 800w, https:\/\/www.locationencorse.eu\/blog\/wp-content\/uploads\/2014\/11\/la-tour-de-Caldanu-400x300.jpg 400w, https:\/\/www.locationencorse.eu\/blog\/wp-content\/uploads\/2014\/11\/la-tour-de-Caldanu-750x562.jpg 750w\" sizes=\"(max-width: 800px) 100vw, 800px\" \/><\/a><p id=\"caption-attachment-5509\" class=\"wp-caption-text\">La tour de Caldanu<\/p><\/div>\n<!-- AddThis Advanced Settings generic via filter on the_content --><!-- AddThis Share Buttons generic via filter on the_content -->","protected":false},"excerpt":{"rendered":"<p>La plage Arinella est une petite plage paradisiaque, situ\u00e9e sur la commune de Lumio. Elle poss\u00e8de une vue magnifique sur Calvi et sur la pointe de la Revellata. La plage de l&rsquo;Arinella, \u00e0 Lumio, prolonge celle de Sainte Restitude. Sur &hellip; <a href=\"https:\/\/www.locationencorse.eu\/blog\/plage-arinella-lumio\/\">Continuer la lecture <span class=\"meta-nav\">&rarr;<\/span><\/a><!-- AddThis Advanced Settings generic via filter on get_the_excerpt --><!-- AddThis Share Buttons generic via filter on get_the_excerpt --><\/p>\n","protected":false},"author":2,"featured_media":0,"comment_status":"closed","ping_status":"closed","sticky":false,"template":"","format":"standard","meta":{"_mi_skip_tracking":false,"_monsterinsights_sitenote_active":false,"_monsterinsights_sitenote_note":"","_monsterinsights_sitenote_category":0,"ngg_post_thumbnail":0,"footnotes":""},"categories":[1,311,8],"tags":[11,278,310,312],"yoast_head":"<!-- This site is optimized with the Yoast SEO plugin v21.1 - https:\/\/yoast.com\/wordpress\/plugins\/seo\/ -->\n<title>Plage Arinella Lumio - La Corse<\/title>\n<meta name=\"robots\" content=\"index, follow, max-snippet:-1, max-image-preview:large, max-video-preview:-1\" \/>\n<link rel=\"canonical\" href=\"https:\/\/www.locationencorse.eu\/blog\/plage-arinella-lumio\/\" \/>\n<meta property=\"og:locale\" content=\"fr_FR\" \/>\n<meta property=\"og:type\" content=\"article\" \/>\n<meta property=\"og:title\" content=\"Plage Arinella Lumio - La Corse\" \/>\n<meta property=\"og:description\" content=\"La plage Arinella est une petite plage paradisiaque, situ\u00e9e sur la commune de Lumio. Elle poss\u00e8de une vue magnifique sur Calvi et sur la pointe de la Revellata. La plage de l&rsquo;Arinella, \u00e0 Lumio, prolonge celle de Sainte Restitude. Sur &hellip; Continuer la lecture &rarr;\" \/>\n<meta property=\"og:url\" content=\"https:\/\/www.locationencorse.eu\/blog\/plage-arinella-lumio\/\" \/>\n<meta property=\"og:site_name\" content=\"La Corse\" \/>\n<meta property=\"article:author\" content=\"https:\/\/www.facebook.com\/locationencorse.eu\/\" \/>\n<meta property=\"article:published_time\" content=\"2014-11-14T10:53:33+00:00\" \/>\n<meta property=\"article:modified_time\" content=\"2014-11-14T18:07:35+00:00\" \/>\n<meta property=\"og:image\" content=\"http:\/\/www.locationencorse.eu\/blog\/wp-content\/uploads\/2014\/11\/011.jpg\" \/>\n<meta name=\"author\" content=\"Newchallenge\" \/>\n<meta name=\"twitter:label1\" content=\"\u00c9crit par\" \/>\n\t<meta name=\"twitter:data1\" content=\"Newchallenge\" \/>\n\t<meta name=\"twitter:label2\" content=\"Dur\u00e9e de lecture estim\u00e9e\" \/>\n\t<meta name=\"twitter:data2\" content=\"2 minutes\" \/>\n<script type=\"application\/ld+json\" class=\"yoast-schema-graph\">{\"@context\":\"https:\/\/schema.org\",\"@graph\":[{\"@type\":\"WebPage\",\"@id\":\"https:\/\/www.locationencorse.eu\/blog\/plage-arinella-lumio\/\",\"url\":\"https:\/\/www.locationencorse.eu\/blog\/plage-arinella-lumio\/\",\"name\":\"Plage Arinella Lumio - La Corse\",\"isPartOf\":{\"@id\":\"https:\/\/www.locationencorse.eu\/blog\/#website\"},\"datePublished\":\"2014-11-14T10:53:33+00:00\",\"dateModified\":\"2014-11-14T18:07:35+00:00\",\"author\":{\"@id\":\"https:\/\/www.locationencorse.eu\/blog\/#\/schema\/person\/4aa76a779067073b7500fdabe0a4a51c\"},\"breadcrumb\":{\"@id\":\"https:\/\/www.locationencorse.eu\/blog\/plage-arinella-lumio\/#breadcrumb\"},\"inLanguage\":\"fr-FR\",\"potentialAction\":[{\"@type\":\"ReadAction\",\"target\":[\"https:\/\/www.locationencorse.eu\/blog\/plage-arinella-lumio\/\"]}]},{\"@type\":\"BreadcrumbList\",\"@id\":\"https:\/\/www.locationencorse.eu\/blog\/plage-arinella-lumio\/#breadcrumb\",\"itemListElement\":[{\"@type\":\"ListItem\",\"position\":1,\"name\":\"Accueil\",\"item\":\"https:\/\/www.locationencorse.eu\/blog\/\"},{\"@type\":\"ListItem\",\"position\":2,\"name\":\"Plage Arinella Lumio\"}]},{\"@type\":\"WebSite\",\"@id\":\"https:\/\/www.locationencorse.eu\/blog\/#website\",\"url\":\"https:\/\/www.locationencorse.eu\/blog\/\",\"name\":\"La Corse\",\"description\":\"Vacances en Corse sur \u00cele de beaut\u00e9\",\"potentialAction\":[{\"@type\":\"SearchAction\",\"target\":{\"@type\":\"EntryPoint\",\"urlTemplate\":\"https:\/\/www.locationencorse.eu\/blog\/?s={search_term_string}\"},\"query-input\":\"required name=search_term_string\"}],\"inLanguage\":\"fr-FR\"},{\"@type\":\"Person\",\"@id\":\"https:\/\/www.locationencorse.eu\/blog\/#\/schema\/person\/4aa76a779067073b7500fdabe0a4a51c\",\"name\":\"Newchallenge\",\"image\":{\"@type\":\"ImageObject\",\"inLanguage\":\"fr-FR\",\"@id\":\"https:\/\/www.locationencorse.eu\/blog\/#\/schema\/person\/image\/\",\"url\":\"https:\/\/secure.gravatar.com\/avatar\/ad5f2a69d252f48179a77d3cb09e1fa7?s=96&r=g\",\"contentUrl\":\"https:\/\/secure.gravatar.com\/avatar\/ad5f2a69d252f48179a77d3cb09e1fa7?s=96&r=g\",\"caption\":\"Newchallenge\"},\"sameAs\":[\"http:\/\/www.locationencorse.eu\",\"https:\/\/www.facebook.com\/locationencorse.eu\/\"],\"url\":\"https:\/\/www.locationencorse.eu\/blog\/author\/martinenewchallenge-fr\/\"}]}<\/script>\n<!-- \/ Yoast SEO plugin. -->","yoast_head_json":{"title":"Plage Arinella Lumio - La Corse","robots":{"index":"index","follow":"follow","max-snippet":"max-snippet:-1","max-image-preview":"max-image-preview:large","max-video-preview":"max-video-preview:-1"},"canonical":"https:\/\/www.locationencorse.eu\/blog\/plage-arinella-lumio\/","og_locale":"fr_FR","og_type":"article","og_title":"Plage Arinella Lumio - La Corse","og_description":"La plage Arinella est une petite plage paradisiaque, situ\u00e9e sur la commune de Lumio. Elle poss\u00e8de une vue magnifique sur Calvi et sur la pointe de la Revellata. La plage de l&rsquo;Arinella, \u00e0 Lumio, prolonge celle de Sainte Restitude. Sur &hellip; Continuer la lecture &rarr;","og_url":"https:\/\/www.locationencorse.eu\/blog\/plage-arinella-lumio\/","og_site_name":"La Corse","article_author":"https:\/\/www.facebook.com\/locationencorse.eu\/","article_published_time":"2014-11-14T10:53:33+00:00","article_modified_time":"2014-11-14T18:07:35+00:00","og_image":[{"url":"http:\/\/www.locationencorse.eu\/blog\/wp-content\/uploads\/2014\/11\/011.jpg"}],"author":"Newchallenge","twitter_misc":{"\u00c9crit par":"Newchallenge","Dur\u00e9e de lecture estim\u00e9e":"2 minutes"},"schema":{"@context":"https:\/\/schema.org","@graph":[{"@type":"WebPage","@id":"https:\/\/www.locationencorse.eu\/blog\/plage-arinella-lumio\/","url":"https:\/\/www.locationencorse.eu\/blog\/plage-arinella-lumio\/","name":"Plage Arinella Lumio - La Corse","isPartOf":{"@id":"https:\/\/www.locationencorse.eu\/blog\/#website"},"datePublished":"2014-11-14T10:53:33+00:00","dateModified":"2014-11-14T18:07:35+00:00","author":{"@id":"https:\/\/www.locationencorse.eu\/blog\/#\/schema\/person\/4aa76a779067073b7500fdabe0a4a51c"},"breadcrumb":{"@id":"https:\/\/www.locationencorse.eu\/blog\/plage-arinella-lumio\/#breadcrumb"},"inLanguage":"fr-FR","potentialAction":[{"@type":"ReadAction","target":["https:\/\/www.locationencorse.eu\/blog\/plage-arinella-lumio\/"]}]},{"@type":"BreadcrumbList","@id":"https:\/\/www.locationencorse.eu\/blog\/plage-arinella-lumio\/#breadcrumb","itemListElement":[{"@type":"ListItem","position":1,"name":"Accueil","item":"https:\/\/www.locationencorse.eu\/blog\/"},{"@type":"ListItem","position":2,"name":"Plage Arinella Lumio"}]},{"@type":"WebSite","@id":"https:\/\/www.locationencorse.eu\/blog\/#website","url":"https:\/\/www.locationencorse.eu\/blog\/","name":"La Corse","description":"Vacances en Corse sur \u00cele de beaut\u00e9","potentialAction":[{"@type":"SearchAction","target":{"@type":"EntryPoint","urlTemplate":"https:\/\/www.locationencorse.eu\/blog\/?s={search_term_string}"},"query-input":"required name=search_term_string"}],"inLanguage":"fr-FR"},{"@type":"Person","@id":"https:\/\/www.locationencorse.eu\/blog\/#\/schema\/person\/4aa76a779067073b7500fdabe0a4a51c","name":"Newchallenge","image":{"@type":"ImageObject","inLanguage":"fr-FR","@id":"https:\/\/www.locationencorse.eu\/blog\/#\/schema\/person\/image\/","url":"https:\/\/secure.gravatar.com\/avatar\/ad5f2a69d252f48179a77d3cb09e1fa7?s=96&r=g","contentUrl":"https:\/\/secure.gravatar.com\/avatar\/ad5f2a69d252f48179a77d3cb09e1fa7?s=96&r=g","caption":"Newchallenge"},"sameAs":["http:\/\/www.locationencorse.eu","https:\/\/www.facebook.com\/locationencorse.eu\/"],"url":"https:\/\/www.locationencorse.eu\/blog\/author\/martinenewchallenge-fr\/"}]}},"jetpack_featured_media_url":"","_links":{"self":[{"href":"https:\/\/www.locationencorse.eu\/blog\/wp-json\/wp\/v2\/posts\/5491"}],"collection":[{"href":"https:\/\/www.locationencorse.eu\/blog\/wp-json\/wp\/v2\/posts"}],"about":[{"href":"https:\/\/www.locationencorse.eu\/blog\/wp-json\/wp\/v2\/types\/post"}],"author":[{"embeddable":true,"href":"https:\/\/www.locationencorse.eu\/blog\/wp-json\/wp\/v2\/users\/2"}],"replies":[{"embeddable":true,"href":"https:\/\/www.locationencorse.eu\/blog\/wp-json\/wp\/v2\/comments?post=5491"}],"version-history":[{"count":24,"href":"https:\/\/www.locationencorse.eu\/blog\/wp-json\/wp\/v2\/posts\/5491\/revisions"}],"predecessor-version":[{"id":5521,"href":"https:\/\/www.locationencorse.eu\/blog\/wp-json\/wp\/v2\/posts\/5491\/revisions\/5521"}],"wp:attachment":[{"href":"https:\/\/www.locationencorse.eu\/blog\/wp-json\/wp\/v2\/media?parent=5491"}],"wp:term":[{"taxonomy":"category","embeddable":true,"href":"https:\/\/www.locationencorse.eu\/blog\/wp-json\/wp\/v2\/categories?post=5491"},{"taxonomy":"post_tag","embeddable":true,"href":"https:\/\/www.locationencorse.eu\/blog\/wp-json\/wp\/v2\/tags?post=5491"}],"curies":[{"name":"wp","href":"https:\/\/api.w.org\/{rel}","templated":true}]}}