{"id":4842,"date":"2014-05-26T09:52:24","date_gmt":"2014-05-26T07:52:24","guid":{"rendered":"http:\/\/www.locationencorse.eu\/blog\/?p=4842"},"modified":"2020-03-14T18:28:00","modified_gmt":"2020-03-14T17:28:00","slug":"quartier-diamant-ajaccio","status":"publish","type":"post","link":"https:\/\/www.locationencorse.eu\/blog\/quartier-diamant-ajaccio\/","title":{"rendered":"Le quartier Diamant \u00e0 Ajaccio"},"content":{"rendered":"<p>La place du G\u00e9n\u00e9ral-de-Gaulle, que tout Ajaccio, appelle toujours la place du Diamant. Bord\u00e9e d\u2019immeubles qui s\u2019appelle \u00ab&nbsp;Diamant I&nbsp;\u00bb, \u00ab&nbsp;Diamant II&nbsp;\u00bb, etc.., la place a du mal \u00e0 \u00e9chapper \u00e0 son ancien nom. Elle est le lieu de concerts l\u2019\u00e9t\u00e9. C\u2019est le quartier le plus central de la ville. N&rsquo; oubliez pas de venir voir cette jolie place, si vous prenez une <a title=\"location ajaccio\" href=\"http:\/\/www.locationencorse.eu\/\" target=\"_blank\" rel=\"noopener\">location de vacances \u00e0 Ajaccio<\/a>. Elle est splendide.<\/p>\n<p>Il faut traverser la <strong>place du&nbsp;G\u00e9n\u00e9ral-de-Gaulle<\/strong> pour aller vers la salle des congr\u00e8s,, le Casino et les bars du boulevard Pascal-Rossini. De l\u2019autre c\u00f4t\u00e9 l\u2019avenue de Paris descend vers le cours Napol\u00e9on et remonte vers le cours Grandval. La rue Mar\u00e9chal Ornano, contribue aussi \u00e0 animer par ses commerces ce quartier d\u2019Ajaccio.<\/p>\n<p><a href=\"http:\/\/www.locationencorse.eu\/blog\/wp-content\/uploads\/2014\/05\/place-ajaccio.jpg\" target=\"_blank\" rel=\"noopener\" data-rel=\"lightbox-image-0\" data-rl_title=\"\" data-rl_caption=\"\"><img decoding=\"async\" loading=\"lazy\" class=\"aligncenter wp-image-4848 size-large\" title=\"\" src=\"http:\/\/www.locationencorse.eu\/blog\/wp-content\/uploads\/2014\/05\/place-ajaccio-750x402.jpg\" alt=\"place ajaccio\" width=\"620\" height=\"332\" srcset=\"https:\/\/www.locationencorse.eu\/blog\/wp-content\/uploads\/2014\/05\/place-ajaccio-750x402.jpg 750w, https:\/\/www.locationencorse.eu\/blog\/wp-content\/uploads\/2014\/05\/place-ajaccio-400x214.jpg 400w, https:\/\/www.locationencorse.eu\/blog\/wp-content\/uploads\/2014\/05\/place-ajaccio.jpg 889w\" sizes=\"(max-width: 620px) 100vw, 620px\" \/><\/a><\/p>\n<p>Dans ce petit p\u00e9rim\u00e8tre, on trouve des cin\u00e9mas, des bars mythiques, des commerces qui sont de v\u00e9ritables institutions ajacciennes, le lyc\u00e9e Fesch ainsi que la pr\u00e9fecture Corse<a href=\"http:\/\/www.locationencorse.eu\/blog\/quartier-diamant-ajaccio\/parking\/\" rel=\"attachment wp-att-4863\"><img decoding=\"async\" loading=\"lazy\" class=\"alignright size-thumbnail wp-image-4863\" src=\"http:\/\/www.locationencorse.eu\/blog\/wp-content\/uploads\/2014\/05\/parking-150x150.jpg\" alt=\"parking PLACE DU DIAMAND\" width=\"150\" height=\"150\"><\/a>.<\/p>\n<p>La place du Diamant ou la place de Gaulle a un rythme de vie tout \u00e0 fait atypique, mais tellement ajaccien. Elle fait 10&nbsp;000 m2. Dans les ann\u00e9es soixante, le lieu a subit des transformations \u00e9tonnantes, qui l\u2019ont consid\u00e9rablement d\u00e9natur\u00e9. Pour \u00e9lever les \u00ab&nbsp;b\u00e2timents Diamant&nbsp;\u00bb, cr\u00e9er un <strong>parking<\/strong> et moderniser la place, on a purement et simplement ras\u00e9 les maisons g\u00e9noises de l\u2019\u00eelot 18, la caserne Abbatucci, le s\u00e9minaire, l\u2019h\u00f4pital militaire, l\u2019ancien couvent Saint-Fran\u00e7ois et le dernier vestige du mur d\u2019enceinte.<\/p>\n<h3><strong><span style=\"color: #0000ff;\">A voir aussi&nbsp;:<\/span><\/strong><\/h3>\n<p><strong>La statue de Napol\u00e9on<\/strong> et ses fr\u00e8res&nbsp;sur&nbsp;la place du G\u00e9n\u00e9ral-de-Gaulle,Monument datant de 1865&nbsp;\u00e9rig\u00e9 \u00e0 la gloire&nbsp;de Napol\u00e9on et ses fr\u00e8res, coul\u00e9e dans un bronze offert par Napol\u00e9on III, et scell\u00e9e sur un pi\u00e9destal de granite rose. Tous sont habill\u00e9s \u00e0 la romaine. Napol\u00e9on est l&rsquo;\u0153uvre du sculpteur Barry, Lucien celle de Thomas, &nbsp;Joseph et Louis de Petit et J\u00e9r\u00f4me de Maillet.<\/p>\n<p><a href=\"http:\/\/www.locationencorse.eu\/blog\/wp-content\/uploads\/2014\/05\/statue.jpg\" data-rel=\"lightbox-image-1\" data-rl_title=\"\" data-rl_caption=\"\" title=\"\"><img decoding=\"async\" loading=\"lazy\" class=\"aligncenter size-full wp-image-4851\" src=\"http:\/\/www.locationencorse.eu\/blog\/wp-content\/uploads\/2014\/05\/statue.jpg\" alt=\"statue\" width=\"450\" height=\"296\" srcset=\"https:\/\/www.locationencorse.eu\/blog\/wp-content\/uploads\/2014\/05\/statue.jpg 450w, https:\/\/www.locationencorse.eu\/blog\/wp-content\/uploads\/2014\/05\/statue-400x263.jpg 400w\" sizes=\"(max-width: 450px) 100vw, 450px\" \/><\/a><strong>le Kiosque<\/strong> , proche de la fontaine. Un kiosque \u00e0 musique fut install\u00e9 sur la place, il s&rsquo;est aujourd&rsquo;hui volatilis\u00e9 au profit d&rsquo;un kiosque plus moderne qui n&rsquo;a pas encore trouv\u00e9 sa vocation.<\/p>\n<p><a href=\"http:\/\/www.locationencorse.eu\/blog\/wp-content\/uploads\/2014\/05\/kiosque.jpg\" data-rel=\"lightbox-image-2\" data-rl_title=\"\" data-rl_caption=\"\" title=\"\"><img decoding=\"async\" loading=\"lazy\" class=\"aligncenter size-large wp-image-4859\" src=\"http:\/\/www.locationencorse.eu\/blog\/wp-content\/uploads\/2014\/05\/kiosque-750x531.jpg\" alt=\"kiosque\" width=\"620\" height=\"438\" srcset=\"https:\/\/www.locationencorse.eu\/blog\/wp-content\/uploads\/2014\/05\/kiosque-750x531.jpg 750w, https:\/\/www.locationencorse.eu\/blog\/wp-content\/uploads\/2014\/05\/kiosque-400x283.jpg 400w, https:\/\/www.locationencorse.eu\/blog\/wp-content\/uploads\/2014\/05\/kiosque.jpg 851w\" sizes=\"(max-width: 620px) 100vw, 620px\" \/><\/a><\/p>\n<p><strong>Le lyc\u00e9e Fesch<\/strong>, l\u2019\u00e9tablissement inaugur\u00e9 en 1936 s\u2019\u00e9tend c\u00f4t\u00e9 cours Grandval sur 135 m\u00e8tres. Ses deux ailes descendent vers le boulevard Lantivy, cr\u00e9ant une importante cour int\u00e9rieure qui d\u00e9limite la partie coll\u00e8ge et la partie lyc\u00e9e de l\u2019\u00e9difice. Ses fa\u00e7ades r\u00e9alis\u00e9es en parties \u00e0 l\u2019aide de bloc de granit de Saint-Antoine et couvertes d\u2019un enduit color\u00e9, ont la particularit\u00e9 d\u2019\u00eatre d\u00e9cor\u00e9es de belles frises en c\u00e9ramiques et en briques \u00e9maill\u00e9es.<\/p>\n<p><a href=\"http:\/\/www.locationencorse.eu\/blog\/wp-content\/uploads\/2014\/05\/lycee.jpg\" data-rel=\"lightbox-image-3\" data-rl_title=\"\" data-rl_caption=\"\" title=\"\"><img decoding=\"async\" loading=\"lazy\" class=\"aligncenter size-full wp-image-4853\" src=\"http:\/\/www.locationencorse.eu\/blog\/wp-content\/uploads\/2014\/05\/lycee.jpg\" alt=\"lycee\" width=\"300\" height=\"225\"><\/a><\/p>\n<p><strong>Le Mus\u00e9e de A Bandera<\/strong>, situ\u00e9 rue G\u00e9n\u00e9ral-Levie, une rue perpendiculaire \u00e0 la rue Mar\u00e9chal-Ornano, ce <a title=\"mus\u00e9e bandera\" href=\"http:\/\/www.musee-abandera.fr\/Historique\" target=\"_blank\" rel=\"noopener\">mus\u00e9e est facile <\/a>a rep\u00e9rer gr\u00e2ce aux fresques peintes sur ses murs ext\u00e9rieurs. Enti\u00e8rement consacr\u00e9 \u00e0 l\u2019histoire Corse et m\u00e9diterran\u00e9enne. Plus on avance dans le mus\u00e9e et plus on avance vers l\u2019\u00e9poque moderne. Ce petit mus\u00e9e associatif collecte de nombreux objets et envisage de d\u00e9m\u00e9nager vers un local plus spacieux.<\/p>\n<p><a href=\"http:\/\/www.locationencorse.eu\/blog\/wp-content\/uploads\/2014\/05\/MUS2E-A-BANDERA.jpg\" data-rel=\"lightbox-image-4\" data-rl_title=\"\" data-rl_caption=\"\" title=\"\"><img decoding=\"async\" loading=\"lazy\" class=\"aligncenter size-full wp-image-4856\" src=\"http:\/\/www.locationencorse.eu\/blog\/wp-content\/uploads\/2014\/05\/MUS2E-A-BANDERA.jpg\" alt=\"Mus\u00e9e A Bandera\" width=\"695\" height=\"303\" srcset=\"https:\/\/www.locationencorse.eu\/blog\/wp-content\/uploads\/2014\/05\/MUS2E-A-BANDERA.jpg 695w, https:\/\/www.locationencorse.eu\/blog\/wp-content\/uploads\/2014\/05\/MUS2E-A-BANDERA-400x174.jpg 400w\" sizes=\"(max-width: 695px) 100vw, 695px\" \/><\/a><\/p>\n<p>Google map: place du G\u00e9n\u00e9rale de Gaulle &#8211; le lyc\u00e9e Fesch- mus\u00e9e Bandera.<\/p>\n<p style=\"text-align: center;\"><iframe loading=\"lazy\" style=\"border: 0px currentColor;\" src=\"https:\/\/www.google.com\/maps\/embed?pb=!1m35!1m12!1m3!1d2968.8068479136723!2d8.731948180637653!3d41.918510771670576!2m3!1f0!2f0!3f0!3m2!1i1024!2i768!4f13.1!4m20!1i0!3e2!4m5!1s0x12da69e949c95199%3A0xed7c03d615164edc!2sLyc%C3%A9e+Fesch%2C+5+Cours+Grandval%2C+20000+Ajaccio!3m2!1d41.9176!2d8.731126!4m5!1s0x12da69ee0dcdd21b%3A0x6c1333b0de20215b!2sPlace+du+G%C3%A9n%C3%A9ral+de+Gaulle%2C+20169+Ajaccio!3m2!1d41.917739999999995!2d8.736785!4m5!1s0x12da69edd27eb32d%3A0xf40166659724b624!2sMus%C3%A9e+A+Bandera%2C+1+Rue+G%C3%A9n%C3%A9ral+Levie%2C+20000+Ajaccio!3m2!1d41.919157999999996!2d8.734551999999999!5e0!3m2!1sfr!2sfr!4v1401084143378\" width=\"600\" height=\"450\" frameborder=\"0\"><\/iframe><\/p>\n<p style=\"text-align: left;\">Quelques cartes postales anciennes de la place du Diamant.<\/p>\n<div id='gallery-1' class='gallery galleryid-4842 gallery-columns-3 gallery-size-thumbnail'><dl class='gallery-item'>\n\t\t\t<dt class='gallery-icon landscape'>\n\t\t\t\t<a href='https:\/\/www.locationencorse.eu\/blog\/wp-content\/uploads\/2014\/05\/carte-postale-ancienne-place-du-diamand-2.jpg' title=\"\" data-rl_title=\"\" class=\"rl-gallery-link\" data-rl_caption=\"\" data-rel=\"lightbox-gallery-1\"><img width=\"150\" height=\"150\" src=\"https:\/\/www.locationencorse.eu\/blog\/wp-content\/uploads\/2014\/05\/carte-postale-ancienne-place-du-diamand-2-150x150.jpg\" class=\"attachment-thumbnail size-thumbnail\" alt=\"\" decoding=\"async\" aria-describedby=\"gallery-1-4867\" loading=\"lazy\" \/><\/a>\n\t\t\t<\/dt>\n\t\t\t\t<dd class='wp-caption-text gallery-caption' id='gallery-1-4867'>\n\t\t\t\tla place du diamand\n\t\t\t\t<\/dd><\/dl><dl class='gallery-item'>\n\t\t\t<dt class='gallery-icon landscape'>\n\t\t\t\t<a href='https:\/\/www.locationencorse.eu\/blog\/wp-content\/uploads\/2014\/05\/carte-postale-ancienne-place-du-diamand.jpg' title=\"\" data-rl_title=\"\" class=\"rl-gallery-link\" data-rl_caption=\"\" data-rel=\"lightbox-gallery-1\"><img width=\"150\" height=\"150\" src=\"https:\/\/www.locationencorse.eu\/blog\/wp-content\/uploads\/2014\/05\/carte-postale-ancienne-place-du-diamand-150x150.jpg\" class=\"attachment-thumbnail size-thumbnail\" alt=\"\" decoding=\"async\" aria-describedby=\"gallery-1-4868\" loading=\"lazy\" \/><\/a>\n\t\t\t<\/dt>\n\t\t\t\t<dd class='wp-caption-text gallery-caption' id='gallery-1-4868'>\n\t\t\t\tla place du diamand avec son kiosque\n\t\t\t\t<\/dd><\/dl><dl class='gallery-item'>\n\t\t\t<dt class='gallery-icon landscape'>\n\t\t\t\t<a href='https:\/\/www.locationencorse.eu\/blog\/wp-content\/uploads\/2014\/05\/carte-postale-ancienne-place-du-diamand3.jpg' title=\"\" data-rl_title=\"\" class=\"rl-gallery-link\" data-rl_caption=\"\" data-rel=\"lightbox-gallery-1\"><img width=\"150\" height=\"150\" src=\"https:\/\/www.locationencorse.eu\/blog\/wp-content\/uploads\/2014\/05\/carte-postale-ancienne-place-du-diamand3-150x150.jpg\" class=\"attachment-thumbnail size-thumbnail\" alt=\"\" decoding=\"async\" aria-describedby=\"gallery-1-4869\" loading=\"lazy\" \/><\/a>\n\t\t\t<\/dt>\n\t\t\t\t<dd class='wp-caption-text gallery-caption' id='gallery-1-4869'>\n\t\t\t\tstatue de Napol\u00e9on et ses fr\u00e8res\n\t\t\t\t<\/dd><\/dl><br style=\"clear: both\" \/><dl class='gallery-item'>\n\t\t\t<dt class='gallery-icon landscape'>\n\t\t\t\t<a href='https:\/\/www.locationencorse.eu\/blog\/wp-content\/uploads\/2014\/05\/carte-postale-ancienne-place-du-diamand4.jpg' title=\"\" data-rl_title=\"\" class=\"rl-gallery-link\" data-rl_caption=\"\" data-rel=\"lightbox-gallery-1\"><img width=\"150\" height=\"150\" src=\"https:\/\/www.locationencorse.eu\/blog\/wp-content\/uploads\/2014\/05\/carte-postale-ancienne-place-du-diamand4-150x150.jpg\" class=\"attachment-thumbnail size-thumbnail\" alt=\"\" decoding=\"async\" aria-describedby=\"gallery-1-4870\" loading=\"lazy\" \/><\/a>\n\t\t\t<\/dt>\n\t\t\t\t<dd class='wp-caption-text gallery-caption' id='gallery-1-4870'>\n\t\t\t\tl&rsquo; ancien kiosque a musique\n\t\t\t\t<\/dd><\/dl><dl class='gallery-item'>\n\t\t\t<dt class='gallery-icon landscape'>\n\t\t\t\t<a href='https:\/\/www.locationencorse.eu\/blog\/wp-content\/uploads\/2014\/05\/carte-postale-ancienne-place-du-diamand5.jpg' title=\"\" data-rl_title=\"\" class=\"rl-gallery-link\" data-rl_caption=\"\" data-rel=\"lightbox-gallery-1\"><img width=\"150\" height=\"150\" src=\"https:\/\/www.locationencorse.eu\/blog\/wp-content\/uploads\/2014\/05\/carte-postale-ancienne-place-du-diamand5-150x150.jpg\" class=\"attachment-thumbnail size-thumbnail\" alt=\"\" decoding=\"async\" aria-describedby=\"gallery-1-4871\" loading=\"lazy\" \/><\/a>\n\t\t\t<\/dt>\n\t\t\t\t<dd class='wp-caption-text gallery-caption' id='gallery-1-4871'>\n\t\t\t\trevue des troupes sur la place\n\t\t\t\t<\/dd><\/dl>\n\t\t\t<br style='clear: both' \/>\n\t\t<\/div>\n\n<p>voir d&rsquo;autres articles sur Ajaccio: <a title=\"ajaccio\" href=\"http:\/\/www.locationencorse.eu\/blog\/la-ballade-decouverte-dajaccio\/\"><span style=\"color: #009bc2;\">La balade d\u00e9couverte d\u2019Ajaccio<\/span><\/a>&nbsp;&#8211; <a title=\"ville Ajaccio..\" href=\"http:\/\/www.locationencorse.eu\/blog\/et-si-on-parlait-d-ajaccio\/\"><span style=\"color: #009bc2;\">Et si on parlait d\u2019 Ajaccio<\/span><\/a>&nbsp;&#8211; <a title=\"Quartier Le Borgo et le mus\u00e9e fesch \u00e0 Ajaccio\" href=\"http:\/\/www.locationencorse.eu\/blog\/quartier-borgo-ajaccio\/\"><span style=\"color: #009bc2;\">Le Borgo et son mus\u00e9e Fesch<\/span><\/a>&nbsp;&#8211; <a title=\"Ajaccio la vieille ville\" href=\"http:\/\/www.locationencorse.eu\/blog\/ajaccio-vieille-ville\/\"><span style=\"color: #009bc2;\">la vieille ville d\u2019Ajaccio<\/span><\/a>&nbsp;&#8211;<\/p>\n<!-- AddThis Advanced Settings generic via filter on the_content --><!-- AddThis Share Buttons generic via filter on the_content -->","protected":false},"excerpt":{"rendered":"<p>La place du G\u00e9n\u00e9ral-de-Gaulle, que tout Ajaccio, appelle toujours la place du Diamant. Bord\u00e9e d\u2019immeubles qui s\u2019appelle \u00ab&nbsp;Diamant I&nbsp;\u00bb, \u00ab&nbsp;Diamant II&nbsp;\u00bb, etc.., la place a du mal \u00e0 \u00e9chapper \u00e0 son ancien nom. Elle est le lieu de concerts l\u2019\u00e9t\u00e9. &hellip; <a href=\"https:\/\/www.locationencorse.eu\/blog\/quartier-diamant-ajaccio\/\">Continuer la lecture <span class=\"meta-nav\">&rarr;<\/span><\/a><!-- AddThis Advanced Settings generic via filter on get_the_excerpt --><!-- AddThis Share Buttons generic via filter on get_the_excerpt --><\/p>\n","protected":false},"author":2,"featured_media":0,"comment_status":"open","ping_status":"open","sticky":false,"template":"","format":"standard","meta":{"_mi_skip_tracking":false,"_monsterinsights_sitenote_active":false,"_monsterinsights_sitenote_note":"","_monsterinsights_sitenote_category":0,"ngg_post_thumbnail":0,"footnotes":""},"categories":[174,8],"tags":[123],"yoast_head":"<!-- This site is optimized with the Yoast SEO plugin v21.1 - https:\/\/yoast.com\/wordpress\/plugins\/seo\/ -->\n<title>Le quartier Diamant \u00e0 Ajaccio - Joyau de la Corse du sud<\/title>\n<meta name=\"description\" content=\"La place du G\u00e9n\u00e9ral-de-Gaulle, que tout Ajaccio, appelle toujours la place du Diamant. Bord\u00e9e d\u2019immeubles qui s\u2019appelle \u00ab Diamant I \u00bb richesse et noblesse.\" \/>\n<meta name=\"robots\" content=\"index, follow, max-snippet:-1, max-image-preview:large, max-video-preview:-1\" \/>\n<link rel=\"canonical\" href=\"https:\/\/www.locationencorse.eu\/blog\/quartier-diamant-ajaccio\/\" \/>\n<meta property=\"og:locale\" content=\"fr_FR\" \/>\n<meta property=\"og:type\" content=\"article\" \/>\n<meta property=\"og:title\" content=\"Le quartier Diamant \u00e0 Ajaccio - Joyau de la Corse du sud\" \/>\n<meta property=\"og:description\" content=\"La place du G\u00e9n\u00e9ral-de-Gaulle, que tout Ajaccio, appelle toujours la place du Diamant. Bord\u00e9e d\u2019immeubles qui s\u2019appelle \u00ab Diamant I \u00bb richesse et noblesse.\" \/>\n<meta property=\"og:url\" content=\"https:\/\/www.locationencorse.eu\/blog\/quartier-diamant-ajaccio\/\" \/>\n<meta property=\"og:site_name\" content=\"La Corse\" \/>\n<meta property=\"article:author\" content=\"https:\/\/www.facebook.com\/locationencorse.eu\/\" \/>\n<meta property=\"article:published_time\" content=\"2014-05-26T07:52:24+00:00\" \/>\n<meta property=\"article:modified_time\" content=\"2020-03-14T17:28:00+00:00\" \/>\n<meta property=\"og:image\" content=\"https:\/\/www.locationencorse.eu\/blog\/wp-content\/uploads\/2014\/05\/carte-postale-ancienne-place-du-diamand-2-150x150.jpg\" \/>\n<meta name=\"author\" content=\"Newchallenge\" \/>\n<meta name=\"twitter:label1\" content=\"\u00c9crit par\" \/>\n\t<meta name=\"twitter:data1\" content=\"Newchallenge\" \/>\n\t<meta name=\"twitter:label2\" content=\"Dur\u00e9e de lecture estim\u00e9e\" \/>\n\t<meta name=\"twitter:data2\" content=\"3 minutes\" \/>\n<script type=\"application\/ld+json\" class=\"yoast-schema-graph\">{\"@context\":\"https:\/\/schema.org\",\"@graph\":[{\"@type\":\"WebPage\",\"@id\":\"https:\/\/www.locationencorse.eu\/blog\/quartier-diamant-ajaccio\/\",\"url\":\"https:\/\/www.locationencorse.eu\/blog\/quartier-diamant-ajaccio\/\",\"name\":\"Le quartier Diamant \u00e0 Ajaccio - Joyau de la Corse du sud\",\"isPartOf\":{\"@id\":\"https:\/\/www.locationencorse.eu\/blog\/#website\"},\"datePublished\":\"2014-05-26T07:52:24+00:00\",\"dateModified\":\"2020-03-14T17:28:00+00:00\",\"author\":{\"@id\":\"https:\/\/www.locationencorse.eu\/blog\/#\/schema\/person\/4aa76a779067073b7500fdabe0a4a51c\"},\"description\":\"La place du G\u00e9n\u00e9ral-de-Gaulle, que tout Ajaccio, appelle toujours la place du Diamant. Bord\u00e9e d\u2019immeubles qui s\u2019appelle \u00ab Diamant I \u00bb richesse et noblesse.\",\"breadcrumb\":{\"@id\":\"https:\/\/www.locationencorse.eu\/blog\/quartier-diamant-ajaccio\/#breadcrumb\"},\"inLanguage\":\"fr-FR\",\"potentialAction\":[{\"@type\":\"ReadAction\",\"target\":[\"https:\/\/www.locationencorse.eu\/blog\/quartier-diamant-ajaccio\/\"]}]},{\"@type\":\"BreadcrumbList\",\"@id\":\"https:\/\/www.locationencorse.eu\/blog\/quartier-diamant-ajaccio\/#breadcrumb\",\"itemListElement\":[{\"@type\":\"ListItem\",\"position\":1,\"name\":\"Accueil\",\"item\":\"https:\/\/www.locationencorse.eu\/blog\/\"},{\"@type\":\"ListItem\",\"position\":2,\"name\":\"Le quartier Diamant \u00e0 Ajaccio\"}]},{\"@type\":\"WebSite\",\"@id\":\"https:\/\/www.locationencorse.eu\/blog\/#website\",\"url\":\"https:\/\/www.locationencorse.eu\/blog\/\",\"name\":\"La Corse\",\"description\":\"Vacances en Corse sur \u00cele de beaut\u00e9\",\"potentialAction\":[{\"@type\":\"SearchAction\",\"target\":{\"@type\":\"EntryPoint\",\"urlTemplate\":\"https:\/\/www.locationencorse.eu\/blog\/?s={search_term_string}\"},\"query-input\":\"required name=search_term_string\"}],\"inLanguage\":\"fr-FR\"},{\"@type\":\"Person\",\"@id\":\"https:\/\/www.locationencorse.eu\/blog\/#\/schema\/person\/4aa76a779067073b7500fdabe0a4a51c\",\"name\":\"Newchallenge\",\"image\":{\"@type\":\"ImageObject\",\"inLanguage\":\"fr-FR\",\"@id\":\"https:\/\/www.locationencorse.eu\/blog\/#\/schema\/person\/image\/\",\"url\":\"https:\/\/secure.gravatar.com\/avatar\/ad5f2a69d252f48179a77d3cb09e1fa7?s=96&r=g\",\"contentUrl\":\"https:\/\/secure.gravatar.com\/avatar\/ad5f2a69d252f48179a77d3cb09e1fa7?s=96&r=g\",\"caption\":\"Newchallenge\"},\"sameAs\":[\"http:\/\/www.locationencorse.eu\",\"https:\/\/www.facebook.com\/locationencorse.eu\/\"],\"url\":\"https:\/\/www.locationencorse.eu\/blog\/author\/martinenewchallenge-fr\/\"}]}<\/script>\n<!-- \/ Yoast SEO plugin. -->","yoast_head_json":{"title":"Le quartier Diamant \u00e0 Ajaccio - Joyau de la Corse du sud","description":"La place du G\u00e9n\u00e9ral-de-Gaulle, que tout Ajaccio, appelle toujours la place du Diamant. Bord\u00e9e d\u2019immeubles qui s\u2019appelle \u00ab Diamant I \u00bb richesse et noblesse.","robots":{"index":"index","follow":"follow","max-snippet":"max-snippet:-1","max-image-preview":"max-image-preview:large","max-video-preview":"max-video-preview:-1"},"canonical":"https:\/\/www.locationencorse.eu\/blog\/quartier-diamant-ajaccio\/","og_locale":"fr_FR","og_type":"article","og_title":"Le quartier Diamant \u00e0 Ajaccio - Joyau de la Corse du sud","og_description":"La place du G\u00e9n\u00e9ral-de-Gaulle, que tout Ajaccio, appelle toujours la place du Diamant. Bord\u00e9e d\u2019immeubles qui s\u2019appelle \u00ab Diamant I \u00bb richesse et noblesse.","og_url":"https:\/\/www.locationencorse.eu\/blog\/quartier-diamant-ajaccio\/","og_site_name":"La Corse","article_author":"https:\/\/www.facebook.com\/locationencorse.eu\/","article_published_time":"2014-05-26T07:52:24+00:00","article_modified_time":"2020-03-14T17:28:00+00:00","og_image":[{"url":"https:\/\/www.locationencorse.eu\/blog\/wp-content\/uploads\/2014\/05\/carte-postale-ancienne-place-du-diamand-2-150x150.jpg"}],"author":"Newchallenge","twitter_misc":{"\u00c9crit par":"Newchallenge","Dur\u00e9e de lecture estim\u00e9e":"3 minutes"},"schema":{"@context":"https:\/\/schema.org","@graph":[{"@type":"WebPage","@id":"https:\/\/www.locationencorse.eu\/blog\/quartier-diamant-ajaccio\/","url":"https:\/\/www.locationencorse.eu\/blog\/quartier-diamant-ajaccio\/","name":"Le quartier Diamant \u00e0 Ajaccio - Joyau de la Corse du sud","isPartOf":{"@id":"https:\/\/www.locationencorse.eu\/blog\/#website"},"datePublished":"2014-05-26T07:52:24+00:00","dateModified":"2020-03-14T17:28:00+00:00","author":{"@id":"https:\/\/www.locationencorse.eu\/blog\/#\/schema\/person\/4aa76a779067073b7500fdabe0a4a51c"},"description":"La place du G\u00e9n\u00e9ral-de-Gaulle, que tout Ajaccio, appelle toujours la place du Diamant. Bord\u00e9e d\u2019immeubles qui s\u2019appelle \u00ab Diamant I \u00bb richesse et noblesse.","breadcrumb":{"@id":"https:\/\/www.locationencorse.eu\/blog\/quartier-diamant-ajaccio\/#breadcrumb"},"inLanguage":"fr-FR","potentialAction":[{"@type":"ReadAction","target":["https:\/\/www.locationencorse.eu\/blog\/quartier-diamant-ajaccio\/"]}]},{"@type":"BreadcrumbList","@id":"https:\/\/www.locationencorse.eu\/blog\/quartier-diamant-ajaccio\/#breadcrumb","itemListElement":[{"@type":"ListItem","position":1,"name":"Accueil","item":"https:\/\/www.locationencorse.eu\/blog\/"},{"@type":"ListItem","position":2,"name":"Le quartier Diamant \u00e0 Ajaccio"}]},{"@type":"WebSite","@id":"https:\/\/www.locationencorse.eu\/blog\/#website","url":"https:\/\/www.locationencorse.eu\/blog\/","name":"La Corse","description":"Vacances en Corse sur \u00cele de beaut\u00e9","potentialAction":[{"@type":"SearchAction","target":{"@type":"EntryPoint","urlTemplate":"https:\/\/www.locationencorse.eu\/blog\/?s={search_term_string}"},"query-input":"required name=search_term_string"}],"inLanguage":"fr-FR"},{"@type":"Person","@id":"https:\/\/www.locationencorse.eu\/blog\/#\/schema\/person\/4aa76a779067073b7500fdabe0a4a51c","name":"Newchallenge","image":{"@type":"ImageObject","inLanguage":"fr-FR","@id":"https:\/\/www.locationencorse.eu\/blog\/#\/schema\/person\/image\/","url":"https:\/\/secure.gravatar.com\/avatar\/ad5f2a69d252f48179a77d3cb09e1fa7?s=96&r=g","contentUrl":"https:\/\/secure.gravatar.com\/avatar\/ad5f2a69d252f48179a77d3cb09e1fa7?s=96&r=g","caption":"Newchallenge"},"sameAs":["http:\/\/www.locationencorse.eu","https:\/\/www.facebook.com\/locationencorse.eu\/"],"url":"https:\/\/www.locationencorse.eu\/blog\/author\/martinenewchallenge-fr\/"}]}},"jetpack_featured_media_url":"","_links":{"self":[{"href":"https:\/\/www.locationencorse.eu\/blog\/wp-json\/wp\/v2\/posts\/4842"}],"collection":[{"href":"https:\/\/www.locationencorse.eu\/blog\/wp-json\/wp\/v2\/posts"}],"about":[{"href":"https:\/\/www.locationencorse.eu\/blog\/wp-json\/wp\/v2\/types\/post"}],"author":[{"embeddable":true,"href":"https:\/\/www.locationencorse.eu\/blog\/wp-json\/wp\/v2\/users\/2"}],"replies":[{"embeddable":true,"href":"https:\/\/www.locationencorse.eu\/blog\/wp-json\/wp\/v2\/comments?post=4842"}],"version-history":[{"count":26,"href":"https:\/\/www.locationencorse.eu\/blog\/wp-json\/wp\/v2\/posts\/4842\/revisions"}],"predecessor-version":[{"id":7676,"href":"https:\/\/www.locationencorse.eu\/blog\/wp-json\/wp\/v2\/posts\/4842\/revisions\/7676"}],"wp:attachment":[{"href":"https:\/\/www.locationencorse.eu\/blog\/wp-json\/wp\/v2\/media?parent=4842"}],"wp:term":[{"taxonomy":"category","embeddable":true,"href":"https:\/\/www.locationencorse.eu\/blog\/wp-json\/wp\/v2\/categories?post=4842"},{"taxonomy":"post_tag","embeddable":true,"href":"https:\/\/www.locationencorse.eu\/blog\/wp-json\/wp\/v2\/tags?post=4842"}],"curies":[{"name":"wp","href":"https:\/\/api.w.org\/{rel}","templated":true}]}}