{"id":4715,"date":"2014-05-22T08:55:58","date_gmt":"2014-05-22T06:55:58","guid":{"rendered":"http:\/\/www.locationencorse.eu\/blog\/?p=4715"},"modified":"2022-05-06T17:06:54","modified_gmt":"2022-05-06T15:06:54","slug":"tour-domigna","status":"publish","type":"post","link":"https:\/\/www.locationencorse.eu\/blog\/tour-domigna\/","title":{"rendered":"La tour d\u2019Omigna"},"content":{"rendered":"<p>Une belle balade marine sur la pointe qui va \u00e0 la tour d\u2019Omigna, battue par les flots, jusqu\u2019\u00e0 sa tour g\u00e9noise restaur\u00e9e. Vous pouvez visiter l\u2019int\u00e9rieur, avec une petite escalade. Une agr\u00e9able promenade lors d&rsquo;une location de vacances corse dans la r\u00e9gion.<\/p>\n<p>D\u00e9part de Carg\u00e8se, prendre la route communale en descente en direction de la <strong>plage de Pero <\/strong>en <a href=\"https:\/\/www.locationencorse.eu\/vacances-en-corse\/le-sud\/\">Corse du sud<\/a>. En bas tourner \u00e0 gauche au panneau indiquant la route Omigna, puis faire encore 500 m\u00e8tres, avant de tourner \u00e0 gauche en mont\u00e9, la route s\u2019arr\u00eate \u00e0 une barri\u00e8re. Ouvrir et refermer le portail m\u00e9tallique et suivre la route en terre jusqu&rsquo;\u00e0 la tour. Dur\u00e9e de la randonn\u00e9e : 2h00 (aller-retour, facile). Pensez bien \u00e0 refermer le portail.<\/p>\n<p><a href=\"http:\/\/www.locationencorse.eu\/blog\/wp-content\/uploads\/2014\/05\/plage.jpg\" data-rel=\"lightbox-image-0\" data-rl_title=\"\" data-rl_caption=\"\" title=\"\"><img decoding=\"async\" loading=\"lazy\" class=\"aligncenter size-full wp-image-4721\" src=\"http:\/\/www.locationencorse.eu\/blog\/wp-content\/uploads\/2014\/05\/plage.jpg\" alt=\"plage tour omigna\" width=\"750\" height=\"280\" srcset=\"https:\/\/www.locationencorse.eu\/blog\/wp-content\/uploads\/2014\/05\/plage.jpg 750w, https:\/\/www.locationencorse.eu\/blog\/wp-content\/uploads\/2014\/05\/plage-400x149.jpg 400w\" sizes=\"(max-width: 750px) 100vw, 750px\" \/><\/a><\/p>\n<p>Une piste passe successivement pr\u00e8s de 2<strong> bergeries<\/strong> et conduit rapidement \u00e0 une station d\u2019\u00e9puration \u00e0 environ 15 minutes, juste avant le b\u00e2timent, un sentier d\u00e9marre \u00e0 gauche en contrebas et descend o\u00f9 la presqu\u2019\u00eele est la plus \u00e9troite. Passer une barri\u00e8re avant de remonter l\u00e9g\u00e8rement&nbsp;: le chemin passe plus loin pr\u00e8s d\u2019une bergerie en ruine et de son <strong>four en pierre<\/strong>. Puis continuer tout droit, sur la trace \u00e9troite et sinueuse du sentier dans le maquis.<\/p>\n<p><a href=\"http:\/\/www.locationencorse.eu\/blog\/wp-content\/uploads\/2014\/05\/bergerie.jpg\" data-rel=\"lightbox-image-1\" data-rl_title=\"\" data-rl_caption=\"\" title=\"\"><img decoding=\"async\" loading=\"lazy\" class=\"aligncenter size-large wp-image-4724\" src=\"http:\/\/www.locationencorse.eu\/blog\/wp-content\/uploads\/2014\/05\/bergerie-750x249.jpg\" alt=\"bergerie\" width=\"620\" height=\"205\" srcset=\"https:\/\/www.locationencorse.eu\/blog\/wp-content\/uploads\/2014\/05\/bergerie-750x249.jpg 750w, https:\/\/www.locationencorse.eu\/blog\/wp-content\/uploads\/2014\/05\/bergerie-400x133.jpg 400w, https:\/\/www.locationencorse.eu\/blog\/wp-content\/uploads\/2014\/05\/bergerie.jpg 802w\" sizes=\"(max-width: 620px) 100vw, 620px\" \/><\/a> <a href=\"http:\/\/www.locationencorse.eu\/blog\/wp-content\/uploads\/2014\/05\/four.jpg\" data-rel=\"lightbox-image-2\" data-rl_title=\"\" data-rl_caption=\"\" title=\"\"><img decoding=\"async\" loading=\"lazy\" class=\"aligncenter size-large wp-image-4725\" src=\"http:\/\/www.locationencorse.eu\/blog\/wp-content\/uploads\/2014\/05\/four-750x430.jpg\" alt=\"four\" width=\"620\" height=\"355\" srcset=\"https:\/\/www.locationencorse.eu\/blog\/wp-content\/uploads\/2014\/05\/four-750x430.jpg 750w, https:\/\/www.locationencorse.eu\/blog\/wp-content\/uploads\/2014\/05\/four-400x229.jpg 400w, https:\/\/www.locationencorse.eu\/blog\/wp-content\/uploads\/2014\/05\/four.jpg 893w\" sizes=\"(max-width: 620px) 100vw, 620px\" \/><\/a><\/p>\n<p>On arrive bient\u00f4t au bout de quarante cinq minutes, en vue de la pointe vers laquelle il faut descendre (on rejoint une piste) sur une terre de plus en plus pel\u00e9e et rocailleuse, pour remonter l\u00e9g\u00e8rement \u00e0 la fin \u00e0 l\u2019approche de la <strong>tour<\/strong> soit \u00e0 55 minutes. Install\u00e9e sur un beau promontoire abrupt. La prudence s\u2019impose pour monter dans la tour par l\u2019ouverture de la porte situ\u00e9e en hauteur (vagues restes d\u2019\u00e9chafaudage).<\/p>\n<p><a href=\"http:\/\/www.locationencorse.eu\/blog\/wp-content\/uploads\/2014\/05\/tour3.jpg\" data-rel=\"lightbox-image-3\" data-rl_title=\"\" data-rl_caption=\"\" title=\"\"><img decoding=\"async\" loading=\"lazy\" class=\"aligncenter size-large wp-image-4727\" src=\"http:\/\/www.locationencorse.eu\/blog\/wp-content\/uploads\/2014\/05\/tour3-750x625.jpg\" alt=\"tour\" width=\"620\" height=\"516\" srcset=\"https:\/\/www.locationencorse.eu\/blog\/wp-content\/uploads\/2014\/05\/tour3-750x625.jpg 750w, https:\/\/www.locationencorse.eu\/blog\/wp-content\/uploads\/2014\/05\/tour3-400x333.jpg 400w, https:\/\/www.locationencorse.eu\/blog\/wp-content\/uploads\/2014\/05\/tour3.jpg 761w\" sizes=\"(max-width: 620px) 100vw, 620px\" \/><\/a><\/p>\n<p>Retour par le m\u00eame itin\u00e9raire. Sous la station d\u2019\u00e9puration, continuer naturellement sur la piste qui rejoindra apr\u00e8s quelques virages la piste principale.<\/p>\n<p>La Tour d\u2019Omigna, \u00e0 l\u2019histoire mouvement\u00e9e, sa construction a \u00e9t\u00e9 d\u00e9cid\u00e9e dans les ann\u00e9es 1604-1605, et comme celle de Capo Rosso, le chantier a \u00e9t\u00e9 difficile et dangereux, l\u00e0 aussi l\u2019\u00e9quipe de ma\u00e7ons sont loin de tout, et il faut pr\u00e9voir dans les frais la grosse d\u00e9pense que repr\u00e9sente cinquante soldats charg\u00e9s de faire le coup de feu contre les pirates turcs qui cherchent \u00e0 emp\u00eacher la construction de la tour.La tour est ronde, elle est haute de 12 m\u00e8tres et a une circonf\u00e9rence de 34 m\u00e8tres \u00e0 la base, avec une guardiola en terrasse. Elle a \u00e9t\u00e9 enti\u00e8rement restaur\u00e9e et on peut la visiter, <strong>vue panoramique<\/strong>. Carg\u00e8se la grecque n\u2019existait pas encore \u00e0 cette \u00e9poque.<\/p>\n<p><a href=\"http:\/\/www.locationencorse.eu\/blog\/wp-content\/uploads\/2014\/05\/terrasse-de-la-tour.jpg\" data-rel=\"lightbox-image-4\" data-rl_title=\"\" data-rl_caption=\"\" title=\"\"><img decoding=\"async\" loading=\"lazy\" class=\"aligncenter size-large wp-image-4733\" src=\"http:\/\/www.locationencorse.eu\/blog\/wp-content\/uploads\/2014\/05\/terrasse-de-la-tour-750x418.jpg\" alt=\"terrasse de la tour\" width=\"620\" height=\"345\" srcset=\"https:\/\/www.locationencorse.eu\/blog\/wp-content\/uploads\/2014\/05\/terrasse-de-la-tour-750x418.jpg 750w, https:\/\/www.locationencorse.eu\/blog\/wp-content\/uploads\/2014\/05\/terrasse-de-la-tour-400x223.jpg 400w, https:\/\/www.locationencorse.eu\/blog\/wp-content\/uploads\/2014\/05\/terrasse-de-la-tour.jpg 777w\" sizes=\"(max-width: 620px) 100vw, 620px\" \/><\/a><\/p>\n<p>Une autre possibilit\u00e9 s&rsquo;offre \u00e0 vous, c&rsquo;est de d\u00e9couvrir la tour d&rsquo;Omigna de la mer avec <a href=\"https:\/\/www.cargese-snorkeling.com\" target=\"_blank\" rel=\"noopener\">Carg\u00e8se Snorkeling <\/a><\/p>\n<p>&nbsp;<\/p>\n<p>&nbsp;<\/p>\n<p>&nbsp;<\/p>\n<p>Carte Plage de Pero &#8211; Punta D&rsquo;Omigna<\/p>\n<p><a href=\"http:\/\/www.locationencorse.eu\/blog\/wp-content\/uploads\/2014\/05\/carte.jpg\" data-rel=\"lightbox-image-5\" data-rl_title=\"\" data-rl_caption=\"\" title=\"\"><img decoding=\"async\" loading=\"lazy\" class=\"aligncenter size-full wp-image-4730\" src=\"http:\/\/www.locationencorse.eu\/blog\/wp-content\/uploads\/2014\/05\/carte.jpg\" alt=\"carte\" width=\"659\" height=\"441\" srcset=\"https:\/\/www.locationencorse.eu\/blog\/wp-content\/uploads\/2014\/05\/carte.jpg 659w, https:\/\/www.locationencorse.eu\/blog\/wp-content\/uploads\/2014\/05\/carte-400x267.jpg 400w\" sizes=\"(max-width: 659px) 100vw, 659px\" \/><\/a><\/p>\n<!-- AddThis Advanced Settings generic via filter on the_content --><!-- AddThis Share Buttons generic via filter on the_content -->","protected":false},"excerpt":{"rendered":"<p>Une belle balade marine sur la pointe qui va \u00e0 la tour d\u2019Omigna, battue par les flots, jusqu\u2019\u00e0 sa tour g\u00e9noise restaur\u00e9e. Vous pouvez visiter l\u2019int\u00e9rieur, avec une petite escalade. Une agr\u00e9able promenade lors d&rsquo;une location de vacances corse dans &hellip; <a href=\"https:\/\/www.locationencorse.eu\/blog\/tour-domigna\/\">Continuer la lecture <span class=\"meta-nav\">&rarr;<\/span><\/a><!-- AddThis Advanced Settings generic via filter on get_the_excerpt --><!-- AddThis Share Buttons generic via filter on get_the_excerpt --><\/p>\n","protected":false},"author":2,"featured_media":0,"comment_status":"open","ping_status":"open","sticky":false,"template":"","format":"standard","meta":{"_mi_skip_tracking":false,"_monsterinsights_sitenote_active":false,"_monsterinsights_sitenote_note":"","_monsterinsights_sitenote_category":0,"ngg_post_thumbnail":0,"footnotes":""},"categories":[157,160],"tags":[55,272],"yoast_head":"<!-- This site is optimized with the Yoast SEO plugin v21.1 - https:\/\/yoast.com\/wordpress\/plugins\/seo\/ -->\n<title>La tour d\u2019Omigna une magnifique tour genoise en Corse du sud<\/title>\n<meta name=\"description\" content=\"La tour d\u2019Omigna une belle balade marine sur la pointe qui va \u00e0 battue par les flots, jusqu\u2019\u00e0 sa tour g\u00e9noise restaur\u00e9e que vous pouvez visiter.\" \/>\n<meta name=\"robots\" content=\"index, follow, max-snippet:-1, max-image-preview:large, max-video-preview:-1\" \/>\n<link rel=\"canonical\" href=\"https:\/\/www.locationencorse.eu\/blog\/tour-domigna\/\" \/>\n<meta property=\"og:locale\" content=\"fr_FR\" \/>\n<meta property=\"og:type\" content=\"article\" \/>\n<meta property=\"og:title\" content=\"La tour d\u2019Omigna une magnifique tour genoise en Corse du sud\" \/>\n<meta property=\"og:description\" content=\"La tour d\u2019Omigna une belle balade marine sur la pointe qui va \u00e0 battue par les flots, jusqu\u2019\u00e0 sa tour g\u00e9noise restaur\u00e9e que vous pouvez visiter.\" \/>\n<meta property=\"og:url\" content=\"https:\/\/www.locationencorse.eu\/blog\/tour-domigna\/\" \/>\n<meta property=\"og:site_name\" content=\"La Corse\" \/>\n<meta property=\"article:author\" content=\"https:\/\/www.facebook.com\/locationencorse.eu\/\" \/>\n<meta property=\"article:published_time\" content=\"2014-05-22T06:55:58+00:00\" \/>\n<meta property=\"article:modified_time\" content=\"2022-05-06T15:06:54+00:00\" \/>\n<meta property=\"og:image\" content=\"http:\/\/www.locationencorse.eu\/blog\/wp-content\/uploads\/2014\/05\/plage.jpg\" \/>\n<meta name=\"author\" content=\"Newchallenge\" \/>\n<meta name=\"twitter:label1\" content=\"\u00c9crit par\" \/>\n\t<meta name=\"twitter:data1\" content=\"Newchallenge\" \/>\n\t<meta name=\"twitter:label2\" content=\"Dur\u00e9e de lecture estim\u00e9e\" \/>\n\t<meta name=\"twitter:data2\" content=\"2 minutes\" \/>\n<script type=\"application\/ld+json\" class=\"yoast-schema-graph\">{\"@context\":\"https:\/\/schema.org\",\"@graph\":[{\"@type\":\"WebPage\",\"@id\":\"https:\/\/www.locationencorse.eu\/blog\/tour-domigna\/\",\"url\":\"https:\/\/www.locationencorse.eu\/blog\/tour-domigna\/\",\"name\":\"La tour d\u2019Omigna une magnifique tour genoise en Corse du sud\",\"isPartOf\":{\"@id\":\"https:\/\/www.locationencorse.eu\/blog\/#website\"},\"datePublished\":\"2014-05-22T06:55:58+00:00\",\"dateModified\":\"2022-05-06T15:06:54+00:00\",\"author\":{\"@id\":\"https:\/\/www.locationencorse.eu\/blog\/#\/schema\/person\/4aa76a779067073b7500fdabe0a4a51c\"},\"description\":\"La tour d\u2019Omigna une belle balade marine sur la pointe qui va \u00e0 battue par les flots, jusqu\u2019\u00e0 sa tour g\u00e9noise restaur\u00e9e que vous pouvez visiter.\",\"breadcrumb\":{\"@id\":\"https:\/\/www.locationencorse.eu\/blog\/tour-domigna\/#breadcrumb\"},\"inLanguage\":\"fr-FR\",\"potentialAction\":[{\"@type\":\"ReadAction\",\"target\":[\"https:\/\/www.locationencorse.eu\/blog\/tour-domigna\/\"]}]},{\"@type\":\"BreadcrumbList\",\"@id\":\"https:\/\/www.locationencorse.eu\/blog\/tour-domigna\/#breadcrumb\",\"itemListElement\":[{\"@type\":\"ListItem\",\"position\":1,\"name\":\"Accueil\",\"item\":\"https:\/\/www.locationencorse.eu\/blog\/\"},{\"@type\":\"ListItem\",\"position\":2,\"name\":\"La tour d\u2019Omigna\"}]},{\"@type\":\"WebSite\",\"@id\":\"https:\/\/www.locationencorse.eu\/blog\/#website\",\"url\":\"https:\/\/www.locationencorse.eu\/blog\/\",\"name\":\"La Corse\",\"description\":\"Vacances en Corse sur \u00cele de beaut\u00e9\",\"potentialAction\":[{\"@type\":\"SearchAction\",\"target\":{\"@type\":\"EntryPoint\",\"urlTemplate\":\"https:\/\/www.locationencorse.eu\/blog\/?s={search_term_string}\"},\"query-input\":\"required name=search_term_string\"}],\"inLanguage\":\"fr-FR\"},{\"@type\":\"Person\",\"@id\":\"https:\/\/www.locationencorse.eu\/blog\/#\/schema\/person\/4aa76a779067073b7500fdabe0a4a51c\",\"name\":\"Newchallenge\",\"image\":{\"@type\":\"ImageObject\",\"inLanguage\":\"fr-FR\",\"@id\":\"https:\/\/www.locationencorse.eu\/blog\/#\/schema\/person\/image\/\",\"url\":\"https:\/\/secure.gravatar.com\/avatar\/ad5f2a69d252f48179a77d3cb09e1fa7?s=96&r=g\",\"contentUrl\":\"https:\/\/secure.gravatar.com\/avatar\/ad5f2a69d252f48179a77d3cb09e1fa7?s=96&r=g\",\"caption\":\"Newchallenge\"},\"sameAs\":[\"http:\/\/www.locationencorse.eu\",\"https:\/\/www.facebook.com\/locationencorse.eu\/\"],\"url\":\"https:\/\/www.locationencorse.eu\/blog\/author\/martinenewchallenge-fr\/\"}]}<\/script>\n<!-- \/ Yoast SEO plugin. -->","yoast_head_json":{"title":"La tour d\u2019Omigna une magnifique tour genoise en Corse du sud","description":"La tour d\u2019Omigna une belle balade marine sur la pointe qui va \u00e0 battue par les flots, jusqu\u2019\u00e0 sa tour g\u00e9noise restaur\u00e9e que vous pouvez visiter.","robots":{"index":"index","follow":"follow","max-snippet":"max-snippet:-1","max-image-preview":"max-image-preview:large","max-video-preview":"max-video-preview:-1"},"canonical":"https:\/\/www.locationencorse.eu\/blog\/tour-domigna\/","og_locale":"fr_FR","og_type":"article","og_title":"La tour d\u2019Omigna une magnifique tour genoise en Corse du sud","og_description":"La tour d\u2019Omigna une belle balade marine sur la pointe qui va \u00e0 battue par les flots, jusqu\u2019\u00e0 sa tour g\u00e9noise restaur\u00e9e que vous pouvez visiter.","og_url":"https:\/\/www.locationencorse.eu\/blog\/tour-domigna\/","og_site_name":"La Corse","article_author":"https:\/\/www.facebook.com\/locationencorse.eu\/","article_published_time":"2014-05-22T06:55:58+00:00","article_modified_time":"2022-05-06T15:06:54+00:00","og_image":[{"url":"http:\/\/www.locationencorse.eu\/blog\/wp-content\/uploads\/2014\/05\/plage.jpg"}],"author":"Newchallenge","twitter_misc":{"\u00c9crit par":"Newchallenge","Dur\u00e9e de lecture estim\u00e9e":"2 minutes"},"schema":{"@context":"https:\/\/schema.org","@graph":[{"@type":"WebPage","@id":"https:\/\/www.locationencorse.eu\/blog\/tour-domigna\/","url":"https:\/\/www.locationencorse.eu\/blog\/tour-domigna\/","name":"La tour d\u2019Omigna une magnifique tour genoise en Corse du sud","isPartOf":{"@id":"https:\/\/www.locationencorse.eu\/blog\/#website"},"datePublished":"2014-05-22T06:55:58+00:00","dateModified":"2022-05-06T15:06:54+00:00","author":{"@id":"https:\/\/www.locationencorse.eu\/blog\/#\/schema\/person\/4aa76a779067073b7500fdabe0a4a51c"},"description":"La tour d\u2019Omigna une belle balade marine sur la pointe qui va \u00e0 battue par les flots, jusqu\u2019\u00e0 sa tour g\u00e9noise restaur\u00e9e que vous pouvez visiter.","breadcrumb":{"@id":"https:\/\/www.locationencorse.eu\/blog\/tour-domigna\/#breadcrumb"},"inLanguage":"fr-FR","potentialAction":[{"@type":"ReadAction","target":["https:\/\/www.locationencorse.eu\/blog\/tour-domigna\/"]}]},{"@type":"BreadcrumbList","@id":"https:\/\/www.locationencorse.eu\/blog\/tour-domigna\/#breadcrumb","itemListElement":[{"@type":"ListItem","position":1,"name":"Accueil","item":"https:\/\/www.locationencorse.eu\/blog\/"},{"@type":"ListItem","position":2,"name":"La tour d\u2019Omigna"}]},{"@type":"WebSite","@id":"https:\/\/www.locationencorse.eu\/blog\/#website","url":"https:\/\/www.locationencorse.eu\/blog\/","name":"La Corse","description":"Vacances en Corse sur \u00cele de beaut\u00e9","potentialAction":[{"@type":"SearchAction","target":{"@type":"EntryPoint","urlTemplate":"https:\/\/www.locationencorse.eu\/blog\/?s={search_term_string}"},"query-input":"required name=search_term_string"}],"inLanguage":"fr-FR"},{"@type":"Person","@id":"https:\/\/www.locationencorse.eu\/blog\/#\/schema\/person\/4aa76a779067073b7500fdabe0a4a51c","name":"Newchallenge","image":{"@type":"ImageObject","inLanguage":"fr-FR","@id":"https:\/\/www.locationencorse.eu\/blog\/#\/schema\/person\/image\/","url":"https:\/\/secure.gravatar.com\/avatar\/ad5f2a69d252f48179a77d3cb09e1fa7?s=96&r=g","contentUrl":"https:\/\/secure.gravatar.com\/avatar\/ad5f2a69d252f48179a77d3cb09e1fa7?s=96&r=g","caption":"Newchallenge"},"sameAs":["http:\/\/www.locationencorse.eu","https:\/\/www.facebook.com\/locationencorse.eu\/"],"url":"https:\/\/www.locationencorse.eu\/blog\/author\/martinenewchallenge-fr\/"}]}},"jetpack_featured_media_url":"","_links":{"self":[{"href":"https:\/\/www.locationencorse.eu\/blog\/wp-json\/wp\/v2\/posts\/4715"}],"collection":[{"href":"https:\/\/www.locationencorse.eu\/blog\/wp-json\/wp\/v2\/posts"}],"about":[{"href":"https:\/\/www.locationencorse.eu\/blog\/wp-json\/wp\/v2\/types\/post"}],"author":[{"embeddable":true,"href":"https:\/\/www.locationencorse.eu\/blog\/wp-json\/wp\/v2\/users\/2"}],"replies":[{"embeddable":true,"href":"https:\/\/www.locationencorse.eu\/blog\/wp-json\/wp\/v2\/comments?post=4715"}],"version-history":[{"count":17,"href":"https:\/\/www.locationencorse.eu\/blog\/wp-json\/wp\/v2\/posts\/4715\/revisions"}],"predecessor-version":[{"id":8110,"href":"https:\/\/www.locationencorse.eu\/blog\/wp-json\/wp\/v2\/posts\/4715\/revisions\/8110"}],"wp:attachment":[{"href":"https:\/\/www.locationencorse.eu\/blog\/wp-json\/wp\/v2\/media?parent=4715"}],"wp:term":[{"taxonomy":"category","embeddable":true,"href":"https:\/\/www.locationencorse.eu\/blog\/wp-json\/wp\/v2\/categories?post=4715"},{"taxonomy":"post_tag","embeddable":true,"href":"https:\/\/www.locationencorse.eu\/blog\/wp-json\/wp\/v2\/tags?post=4715"}],"curies":[{"name":"wp","href":"https:\/\/api.w.org\/{rel}","templated":true}]}}