{"id":4660,"date":"2014-05-20T10:09:12","date_gmt":"2014-05-20T08:09:12","guid":{"rendered":"http:\/\/www.locationencorse.eu\/blog\/?p=4660"},"modified":"2020-03-17T16:36:14","modified_gmt":"2020-03-17T15:36:14","slug":"senetosa-phare","status":"publish","type":"post","link":"https:\/\/www.locationencorse.eu\/blog\/senetosa-phare\/","title":{"rendered":"Senetosa et son phare"},"content":{"rendered":"<p>Senetosa, d\u00e9part de la tr\u00e8s belle plage de Conca, loin de la route, est une balade facile le long d\u2019une c\u00f4te tr\u00e8s sauvage, En saison, une paillotte est ouverte o\u00f9 l&rsquo;o, d\u00e9part de la tr\u00e8s belle plage de Conca, loin de la route, est une balade facile le long d\u2019une c\u00f4te tr\u00e8s sauvage, En saison, une paillotte est ouverte o\u00f9 l&rsquo;on peut se restaurer les pieds dans le sable. Au bout vous trouverez le phare de Senetosa le plus original de Corse et une des plus belles tours g\u00e9noises du secteur, perch\u00e9e sur son rocher. Randonn\u00e9e de 2h15 environ, avec un d\u00e9nivel\u00e9 de 120m. Randonn\u00e9e \u00e0 d\u00e9couvrir pendant vos vacances corse, lors d&rsquo;un s\u00e9jour \u00e0 Sart\u00e8ne en corse du sud.<\/p>\n<p><a href=\"http:\/\/www.locationencorse.eu\/blog\/senetosa-phare\/phare\/\" rel=\"attachment wp-att-4669\"><img decoding=\"async\" loading=\"lazy\" class=\"aligncenter size-large wp-image-4669\" src=\"http:\/\/www.locationencorse.eu\/blog\/wp-content\/uploads\/2014\/05\/phare-750x508.jpg\" alt=\"phare\" width=\"620\" height=\"419\" srcset=\"https:\/\/www.locationencorse.eu\/blog\/wp-content\/uploads\/2014\/05\/phare-750x508.jpg 750w, https:\/\/www.locationencorse.eu\/blog\/wp-content\/uploads\/2014\/05\/phare-400x271.jpg 400w, https:\/\/www.locationencorse.eu\/blog\/wp-content\/uploads\/2014\/05\/phare.jpg 795w\" sizes=\"(max-width: 620px) 100vw, 620px\" \/><\/a><\/p>\n<p>Quelques m\u00e8tres avant la plage emprunter la piste qui remonte sur la gauche vers une <strong>maison en ruine la Casa d&rsquo;Ana <\/strong>&nbsp;dominant la mer. Cette piste laisse la ruine sur la droite et se prolonge quelques centaines de m\u00e8tres avant de devenir sentier.<\/p>\n<p><a href=\"http:\/\/www.locationencorse.eu\/blog\/wp-content\/uploads\/2014\/05\/casa-dana.jpg\" data-rel=\"lightbox-image-0\" data-rl_title=\"\" data-rl_caption=\"\" title=\"\"><img decoding=\"async\" loading=\"lazy\" class=\"aligncenter size-large wp-image-4677\" src=\"http:\/\/www.locationencorse.eu\/blog\/wp-content\/uploads\/2014\/05\/casa-dana-750x302.jpg\" alt=\"casa d'ana\" width=\"620\" height=\"249\" srcset=\"https:\/\/www.locationencorse.eu\/blog\/wp-content\/uploads\/2014\/05\/casa-dana-750x302.jpg 750w, https:\/\/www.locationencorse.eu\/blog\/wp-content\/uploads\/2014\/05\/casa-dana-400x161.jpg 400w, https:\/\/www.locationencorse.eu\/blog\/wp-content\/uploads\/2014\/05\/casa-dana.jpg 1171w\" sizes=\"(max-width: 620px) 100vw, 620px\" \/><\/a><\/p>\n<p>Au bout de dix minutes, on franchit un muret, on longe une petite plage de sable avant de traverser un vague champ et d\u2019arriver \u00e0 une seconde plage. En arri\u00e8re, sur un sommet la tour devient bient\u00f4t visible apr\u00e8s 25 minutes de marche, \u00e0 partir de l\u00e0 ne pas h\u00e9siter \u00e0 faire un crochet vers la mer pour d\u00e9couvrir les caprices de l\u2019\u00e9rosion sur les rochers.<\/p>\n<p><a href=\"http:\/\/www.locationencorse.eu\/blog\/senetosa-phare\/phare2\/\" rel=\"attachment wp-att-4675\"><img decoding=\"async\" loading=\"lazy\" class=\"alignleft size-thumbnail wp-image-4675\" src=\"http:\/\/www.locationencorse.eu\/blog\/wp-content\/uploads\/2014\/05\/phare2-150x150.jpg\" alt=\"phare2\" width=\"150\" height=\"150\"><\/a>Sur une hauteur \u00e0 gauche, on verra ensuite les deux \u00e9oliennes qui assurent l&rsquo;\u00e9lectrification du phare. Un peu avant de rejoindre une piste, on prendra \u00e0 gauche pour le <strong>phare<\/strong> en faisant sur la piste, le tour de la butte qui le porte. Le phare de Senetosa, est le plus original de la Corse avec ses tourelles de 15 m\u00e8tres de haut encadrant le b\u00e2timent principal. Le Conservatoire du <a title=\"phare de senetosa\" href=\"http:\/\/www.corsematin.com\/diaporama\/le-phare-de-senetosa-transforme-en-refuge.1133276.html?idx=1#top-diapo\" target=\"_blank\" rel=\"noopener\">littoral le transforme en refuge<\/a>.<\/p>\n<p>Pour aller \u00e0 la <strong>tour g\u00e9noise<\/strong>, l\u00e2cher la piste juste avant l&rsquo;esplanade du phare, au niveau du panneau \u00ab\u00a0d\u00e9fense d&rsquo;entrer\u00a0\u00bb prendre le sentier \u00e0 droite montant vers les \u00e9oliennes. Apr\u00e8s cinq minutes, n\u00e9gliger un sentier \u00e0 gauche. Atteindre un replat, puis monter \u00e0 nouveau sur la droite du massif rocheux servant de base \u00e0 la tour g\u00e9noise, environ au bout d&rsquo;1h20. On peut acc\u00e9der \u00e0 l\u2019int\u00e9rieur de la tour par l\u2019interm\u00e9diaire d\u2019une \u00e9chelle en fer qu\u2019on gravit si on a pas le vertige ! On arrive au premier \u00e9tage de la tour, ou l\u2019on trouve la pi\u00e8ce circulaire caract\u00e9ristique et sa chemin\u00e9e. Un escalier en pierre permet de monter au sommet de la tour.. De l\u00e0, vous avez une vue splendide sur le <a href=\"https:\/\/www.locationencorse.eu\/vacances-en-corse\/le-sud\/\">Sartenais et la Corse du sud<\/a>.<\/p>\n<p><a href=\"http:\/\/www.locationencorse.eu\/blog\/senetosa-phare\/tour-5\/\" rel=\"attachment wp-att-4671\"><img decoding=\"async\" loading=\"lazy\" class=\"aligncenter size-full wp-image-4671\" src=\"http:\/\/www.locationencorse.eu\/blog\/wp-content\/uploads\/2014\/05\/tour1.jpg\" alt=\"tour\" width=\"520\" height=\"296\" srcset=\"https:\/\/www.locationencorse.eu\/blog\/wp-content\/uploads\/2014\/05\/tour1.jpg 520w, https:\/\/www.locationencorse.eu\/blog\/wp-content\/uploads\/2014\/05\/tour1-400x227.jpg 400w\" sizes=\"(max-width: 520px) 100vw, 520px\" \/><\/a> <a href=\"http:\/\/www.locationencorse.eu\/blog\/senetosa-phare\/tour2\/\" rel=\"attachment wp-att-4672\"><img decoding=\"async\" loading=\"lazy\" class=\"aligncenter size-large wp-image-4672\" src=\"http:\/\/www.locationencorse.eu\/blog\/wp-content\/uploads\/2014\/05\/tour2.jpg\" alt=\"tour2\" width=\"520\" height=\"271\" srcset=\"https:\/\/www.locationencorse.eu\/blog\/wp-content\/uploads\/2014\/05\/tour2.jpg 520w, https:\/\/www.locationencorse.eu\/blog\/wp-content\/uploads\/2014\/05\/tour2-400x208.jpg 400w\" sizes=\"(max-width: 520px) 100vw, 520px\" \/><\/a><\/p>\n<p>Retour par le m\u00eame itin\u00e9raire.<\/p>\n<p>Plan du Parking de la plage de Conca \u00e0 Capu di Senetosa Apr\u00e8s un virage \u00e0 droite presque qu&rsquo;arriv\u00e9e \u00e0 la plage de Conca, chercher en contre-bas \u00e0 gauche un portail en fer, avec une inscription signalant du b\u00e9tail en libert\u00e9.&nbsp;C&rsquo;est le d\u00e9part de la piste de Conca.<\/p>\n<p style=\"text-align: center;\"><iframe loading=\"lazy\" style=\"border: 0px currentColor;\" src=\"https:\/\/www.google.com\/maps\/embed?pb=!1m27!1m12!1m3!1d11940.224897958232!2d8.788068396590851!3d41.56802773487751!2m3!1f0!2f0!3f0!3m2!1i1024!2i768!4f13.1!4m12!1i0!3e0!4m3!3m2!1d41.574844999999996!2d8.804722!4m5!1s0x12dbb4e11d7e2f4f%3A0x8c5264e948a572fd!2sCapu+Di+Senetosa!3m2!1d41.56117!2d8.788580999999998!5e0!3m2!1sfr!2sfr!4v1400566713345\" width=\"600\" height=\"450\" frameborder=\"0\"><\/iframe><\/p>\n<p style=\"text-align: left;\"><strong>Compl\u00e9ter la randonn\u00e9e :<\/strong><\/p>\n<p style=\"text-align: left;\">Au portail du d\u00e9part, on peut l&rsquo;autre c\u00f4t\u00e9 de la route en quelques minutes au Castellu pr\u00e9historique d&rsquo;Alo Bisughje (\u00e2ge de Bronze), voire les vestige de la Torra et l&rsquo;enceinte.<\/p>\n<!-- AddThis Advanced Settings generic via filter on the_content --><!-- AddThis Share Buttons generic via filter on the_content -->","protected":false},"excerpt":{"rendered":"<p>Senetosa, d\u00e9part de la tr\u00e8s belle plage de Conca, loin de la route, est une balade facile le long d\u2019une c\u00f4te tr\u00e8s sauvage, En saison, une paillotte est ouverte o\u00f9 l&rsquo;o, d\u00e9part de la tr\u00e8s belle plage de Conca, loin &hellip; <a href=\"https:\/\/www.locationencorse.eu\/blog\/senetosa-phare\/\">Continuer la lecture <span class=\"meta-nav\">&rarr;<\/span><\/a><!-- AddThis Advanced Settings generic via filter on get_the_excerpt --><!-- AddThis Share Buttons generic via filter on get_the_excerpt --><\/p>\n","protected":false},"author":2,"featured_media":0,"comment_status":"open","ping_status":"open","sticky":false,"template":"","format":"standard","meta":{"_mi_skip_tracking":false,"_monsterinsights_sitenote_active":false,"_monsterinsights_sitenote_note":"","_monsterinsights_sitenote_category":0,"ngg_post_thumbnail":0,"footnotes":""},"categories":[157,160],"tags":[55,271],"yoast_head":"<!-- This site is optimized with the Yoast SEO plugin v21.1 - https:\/\/yoast.com\/wordpress\/plugins\/seo\/ -->\n<title>Senetosa et son phare le fleuron du su de la Corse<\/title>\n<meta name=\"description\" content=\"Senetosa, d\u00e9part de la tr\u00e8s belle plage de Conca, loin de la route, est une balade facile le long d\u2019une c\u00f4te tr\u00e8s sauvage, En saison, une paillotte.\" \/>\n<meta name=\"robots\" content=\"index, follow, max-snippet:-1, max-image-preview:large, max-video-preview:-1\" \/>\n<link rel=\"canonical\" href=\"https:\/\/www.locationencorse.eu\/blog\/senetosa-phare\/\" \/>\n<meta property=\"og:locale\" content=\"fr_FR\" \/>\n<meta property=\"og:type\" content=\"article\" \/>\n<meta property=\"og:title\" content=\"Senetosa et son phare le fleuron du su de la Corse\" \/>\n<meta property=\"og:description\" content=\"Senetosa, d\u00e9part de la tr\u00e8s belle plage de Conca, loin de la route, est une balade facile le long d\u2019une c\u00f4te tr\u00e8s sauvage, En saison, une paillotte.\" \/>\n<meta property=\"og:url\" content=\"https:\/\/www.locationencorse.eu\/blog\/senetosa-phare\/\" \/>\n<meta property=\"og:site_name\" content=\"La Corse\" \/>\n<meta property=\"article:author\" content=\"https:\/\/www.facebook.com\/locationencorse.eu\/\" \/>\n<meta property=\"article:published_time\" content=\"2014-05-20T08:09:12+00:00\" \/>\n<meta property=\"article:modified_time\" content=\"2020-03-17T15:36:14+00:00\" \/>\n<meta property=\"og:image\" content=\"http:\/\/www.locationencorse.eu\/blog\/wp-content\/uploads\/2014\/05\/phare-750x508.jpg\" \/>\n<meta name=\"author\" content=\"Newchallenge\" \/>\n<meta name=\"twitter:label1\" content=\"\u00c9crit par\" \/>\n\t<meta name=\"twitter:data1\" content=\"Newchallenge\" \/>\n\t<meta name=\"twitter:label2\" content=\"Dur\u00e9e de lecture estim\u00e9e\" \/>\n\t<meta name=\"twitter:data2\" content=\"3 minutes\" \/>\n<script type=\"application\/ld+json\" class=\"yoast-schema-graph\">{\"@context\":\"https:\/\/schema.org\",\"@graph\":[{\"@type\":\"WebPage\",\"@id\":\"https:\/\/www.locationencorse.eu\/blog\/senetosa-phare\/\",\"url\":\"https:\/\/www.locationencorse.eu\/blog\/senetosa-phare\/\",\"name\":\"Senetosa et son phare le fleuron du su de la Corse\",\"isPartOf\":{\"@id\":\"https:\/\/www.locationencorse.eu\/blog\/#website\"},\"datePublished\":\"2014-05-20T08:09:12+00:00\",\"dateModified\":\"2020-03-17T15:36:14+00:00\",\"author\":{\"@id\":\"https:\/\/www.locationencorse.eu\/blog\/#\/schema\/person\/4aa76a779067073b7500fdabe0a4a51c\"},\"description\":\"Senetosa, d\u00e9part de la tr\u00e8s belle plage de Conca, loin de la route, est une balade facile le long d\u2019une c\u00f4te tr\u00e8s sauvage, En saison, une paillotte.\",\"breadcrumb\":{\"@id\":\"https:\/\/www.locationencorse.eu\/blog\/senetosa-phare\/#breadcrumb\"},\"inLanguage\":\"fr-FR\",\"potentialAction\":[{\"@type\":\"ReadAction\",\"target\":[\"https:\/\/www.locationencorse.eu\/blog\/senetosa-phare\/\"]}]},{\"@type\":\"BreadcrumbList\",\"@id\":\"https:\/\/www.locationencorse.eu\/blog\/senetosa-phare\/#breadcrumb\",\"itemListElement\":[{\"@type\":\"ListItem\",\"position\":1,\"name\":\"Accueil\",\"item\":\"https:\/\/www.locationencorse.eu\/blog\/\"},{\"@type\":\"ListItem\",\"position\":2,\"name\":\"Senetosa et son phare\"}]},{\"@type\":\"WebSite\",\"@id\":\"https:\/\/www.locationencorse.eu\/blog\/#website\",\"url\":\"https:\/\/www.locationencorse.eu\/blog\/\",\"name\":\"La Corse\",\"description\":\"Vacances en Corse sur \u00cele de beaut\u00e9\",\"potentialAction\":[{\"@type\":\"SearchAction\",\"target\":{\"@type\":\"EntryPoint\",\"urlTemplate\":\"https:\/\/www.locationencorse.eu\/blog\/?s={search_term_string}\"},\"query-input\":\"required name=search_term_string\"}],\"inLanguage\":\"fr-FR\"},{\"@type\":\"Person\",\"@id\":\"https:\/\/www.locationencorse.eu\/blog\/#\/schema\/person\/4aa76a779067073b7500fdabe0a4a51c\",\"name\":\"Newchallenge\",\"image\":{\"@type\":\"ImageObject\",\"inLanguage\":\"fr-FR\",\"@id\":\"https:\/\/www.locationencorse.eu\/blog\/#\/schema\/person\/image\/\",\"url\":\"https:\/\/secure.gravatar.com\/avatar\/ad5f2a69d252f48179a77d3cb09e1fa7?s=96&r=g\",\"contentUrl\":\"https:\/\/secure.gravatar.com\/avatar\/ad5f2a69d252f48179a77d3cb09e1fa7?s=96&r=g\",\"caption\":\"Newchallenge\"},\"sameAs\":[\"http:\/\/www.locationencorse.eu\",\"https:\/\/www.facebook.com\/locationencorse.eu\/\"],\"url\":\"https:\/\/www.locationencorse.eu\/blog\/author\/martinenewchallenge-fr\/\"}]}<\/script>\n<!-- \/ Yoast SEO plugin. -->","yoast_head_json":{"title":"Senetosa et son phare le fleuron du su de la Corse","description":"Senetosa, d\u00e9part de la tr\u00e8s belle plage de Conca, loin de la route, est une balade facile le long d\u2019une c\u00f4te tr\u00e8s sauvage, En saison, une paillotte.","robots":{"index":"index","follow":"follow","max-snippet":"max-snippet:-1","max-image-preview":"max-image-preview:large","max-video-preview":"max-video-preview:-1"},"canonical":"https:\/\/www.locationencorse.eu\/blog\/senetosa-phare\/","og_locale":"fr_FR","og_type":"article","og_title":"Senetosa et son phare le fleuron du su de la Corse","og_description":"Senetosa, d\u00e9part de la tr\u00e8s belle plage de Conca, loin de la route, est une balade facile le long d\u2019une c\u00f4te tr\u00e8s sauvage, En saison, une paillotte.","og_url":"https:\/\/www.locationencorse.eu\/blog\/senetosa-phare\/","og_site_name":"La Corse","article_author":"https:\/\/www.facebook.com\/locationencorse.eu\/","article_published_time":"2014-05-20T08:09:12+00:00","article_modified_time":"2020-03-17T15:36:14+00:00","og_image":[{"url":"http:\/\/www.locationencorse.eu\/blog\/wp-content\/uploads\/2014\/05\/phare-750x508.jpg"}],"author":"Newchallenge","twitter_misc":{"\u00c9crit par":"Newchallenge","Dur\u00e9e de lecture estim\u00e9e":"3 minutes"},"schema":{"@context":"https:\/\/schema.org","@graph":[{"@type":"WebPage","@id":"https:\/\/www.locationencorse.eu\/blog\/senetosa-phare\/","url":"https:\/\/www.locationencorse.eu\/blog\/senetosa-phare\/","name":"Senetosa et son phare le fleuron du su de la Corse","isPartOf":{"@id":"https:\/\/www.locationencorse.eu\/blog\/#website"},"datePublished":"2014-05-20T08:09:12+00:00","dateModified":"2020-03-17T15:36:14+00:00","author":{"@id":"https:\/\/www.locationencorse.eu\/blog\/#\/schema\/person\/4aa76a779067073b7500fdabe0a4a51c"},"description":"Senetosa, d\u00e9part de la tr\u00e8s belle plage de Conca, loin de la route, est une balade facile le long d\u2019une c\u00f4te tr\u00e8s sauvage, En saison, une paillotte.","breadcrumb":{"@id":"https:\/\/www.locationencorse.eu\/blog\/senetosa-phare\/#breadcrumb"},"inLanguage":"fr-FR","potentialAction":[{"@type":"ReadAction","target":["https:\/\/www.locationencorse.eu\/blog\/senetosa-phare\/"]}]},{"@type":"BreadcrumbList","@id":"https:\/\/www.locationencorse.eu\/blog\/senetosa-phare\/#breadcrumb","itemListElement":[{"@type":"ListItem","position":1,"name":"Accueil","item":"https:\/\/www.locationencorse.eu\/blog\/"},{"@type":"ListItem","position":2,"name":"Senetosa et son phare"}]},{"@type":"WebSite","@id":"https:\/\/www.locationencorse.eu\/blog\/#website","url":"https:\/\/www.locationencorse.eu\/blog\/","name":"La Corse","description":"Vacances en Corse sur \u00cele de beaut\u00e9","potentialAction":[{"@type":"SearchAction","target":{"@type":"EntryPoint","urlTemplate":"https:\/\/www.locationencorse.eu\/blog\/?s={search_term_string}"},"query-input":"required name=search_term_string"}],"inLanguage":"fr-FR"},{"@type":"Person","@id":"https:\/\/www.locationencorse.eu\/blog\/#\/schema\/person\/4aa76a779067073b7500fdabe0a4a51c","name":"Newchallenge","image":{"@type":"ImageObject","inLanguage":"fr-FR","@id":"https:\/\/www.locationencorse.eu\/blog\/#\/schema\/person\/image\/","url":"https:\/\/secure.gravatar.com\/avatar\/ad5f2a69d252f48179a77d3cb09e1fa7?s=96&r=g","contentUrl":"https:\/\/secure.gravatar.com\/avatar\/ad5f2a69d252f48179a77d3cb09e1fa7?s=96&r=g","caption":"Newchallenge"},"sameAs":["http:\/\/www.locationencorse.eu","https:\/\/www.facebook.com\/locationencorse.eu\/"],"url":"https:\/\/www.locationencorse.eu\/blog\/author\/martinenewchallenge-fr\/"}]}},"jetpack_featured_media_url":"","_links":{"self":[{"href":"https:\/\/www.locationencorse.eu\/blog\/wp-json\/wp\/v2\/posts\/4660"}],"collection":[{"href":"https:\/\/www.locationencorse.eu\/blog\/wp-json\/wp\/v2\/posts"}],"about":[{"href":"https:\/\/www.locationencorse.eu\/blog\/wp-json\/wp\/v2\/types\/post"}],"author":[{"embeddable":true,"href":"https:\/\/www.locationencorse.eu\/blog\/wp-json\/wp\/v2\/users\/2"}],"replies":[{"embeddable":true,"href":"https:\/\/www.locationencorse.eu\/blog\/wp-json\/wp\/v2\/comments?post=4660"}],"version-history":[{"count":24,"href":"https:\/\/www.locationencorse.eu\/blog\/wp-json\/wp\/v2\/posts\/4660\/revisions"}],"predecessor-version":[{"id":7699,"href":"https:\/\/www.locationencorse.eu\/blog\/wp-json\/wp\/v2\/posts\/4660\/revisions\/7699"}],"wp:attachment":[{"href":"https:\/\/www.locationencorse.eu\/blog\/wp-json\/wp\/v2\/media?parent=4660"}],"wp:term":[{"taxonomy":"category","embeddable":true,"href":"https:\/\/www.locationencorse.eu\/blog\/wp-json\/wp\/v2\/categories?post=4660"},{"taxonomy":"post_tag","embeddable":true,"href":"https:\/\/www.locationencorse.eu\/blog\/wp-json\/wp\/v2\/tags?post=4660"}],"curies":[{"name":"wp","href":"https:\/\/api.w.org\/{rel}","templated":true}]}}