{"id":4173,"date":"2014-05-04T09:37:57","date_gmt":"2014-05-04T07:37:57","guid":{"rendered":"http:\/\/www.locationencorse.eu\/blog\/?p=4173"},"modified":"2020-11-28T19:27:12","modified_gmt":"2020-11-28T18:27:12","slug":"bastia-les-edifices-baroques","status":"publish","type":"post","link":"https:\/\/www.locationencorse.eu\/blog\/bastia-les-edifices-baroques\/","title":{"rendered":"Bastia, les \u00e9difices baroques"},"content":{"rendered":"<p>Voici quelques visites lors de vos vacances Corse, sympathique et commer\u00e7ante la rue Napol\u00e9on d\u00e9voile une premi\u00e8re chapelle de confr\u00e9rie&nbsp;: <strong>l\u2019Oratoire de Saint Roch<\/strong>. Reconstruite en 1604, il a \u00e9t\u00e9 enrichi d\u2019un certain nombre d\u2019ajouts parmi lesquels son fronton n\u00e9oclassique.. L\u2019int\u00e9rieur est d\u00e9cor\u00e9 de stues que l\u2019on doit \u00e0 Fran\u00e7ois Marengo en 1617. Le d\u00e9cor de la voute d\u00e9voile des caissons et guirlandes en trompe-l\u2019\u0153il crev\u00e9s par l\u2019ascension toute baroque d\u2019un saint Roch en gloire. On remarquera le retable du ma\u00eetre-autel, les stalles de bois, les damas rouges et le bel orgue du XVIIIe si\u00e8cle.<\/p>\n<p><a href=\"http:\/\/www.locationencorse.eu\/blog\/wp-content\/uploads\/2014\/05\/saint-roch.jpg\" data-rel=\"lightbox-image-0\" data-rl_title=\"\" data-rl_caption=\"\" title=\"\"><img decoding=\"async\" loading=\"lazy\" class=\"aligncenter size-full wp-image-4176\" src=\"http:\/\/www.locationencorse.eu\/blog\/wp-content\/uploads\/2014\/05\/saint-roch.jpg\" alt=\"saint roch\" width=\"648\" height=\"432\" srcset=\"https:\/\/www.locationencorse.eu\/blog\/wp-content\/uploads\/2014\/05\/saint-roch.jpg 648w, https:\/\/www.locationencorse.eu\/blog\/wp-content\/uploads\/2014\/05\/saint-roch-400x266.jpg 400w\" sizes=\"(max-width: 648px) 100vw, 648px\" \/><\/a><\/p>\n<p>A peine sorti de ce lieu magique, la rue Napol\u00e9on va offrir sont deuxi\u00e8me cadeau en l\u2019Oratoire de l\u2019immacul\u00e9e-Conception. Achev\u00e9 en 1609, il pr\u00e9sente une fa\u00e7ade compos\u00e9e de parements de marbre datant de 1859. Un coup d\u2019\u0153il sur la <strong>mosa\u00efque en galets du parvis<\/strong> s\u2019impose avant d\u2019entrer dans l\u2019\u00e9difice. Tout de stalles, de damas rouge, de velours de g\u00eanes et de stues dor\u00e9s \u00e0 la feuille, l\u2019oratoire est un petit bijou.<\/p>\n<p><a href=\"http:\/\/www.locationencorse.eu\/blog\/wp-content\/uploads\/2014\/05\/parvis.jpg\" data-rel=\"lightbox-image-1\" data-rl_title=\"\" data-rl_caption=\"\" title=\"\"><img decoding=\"async\" loading=\"lazy\" class=\"aligncenter size-full wp-image-4178\" src=\"http:\/\/www.locationencorse.eu\/blog\/wp-content\/uploads\/2014\/05\/parvis.jpg\" alt=\"parvis\" width=\"600\" height=\"450\" srcset=\"https:\/\/www.locationencorse.eu\/blog\/wp-content\/uploads\/2014\/05\/parvis.jpg 600w, https:\/\/www.locationencorse.eu\/blog\/wp-content\/uploads\/2014\/05\/parvis-400x300.jpg 400w\" sizes=\"(max-width: 600px) 100vw, 600px\" \/><\/a><\/p>\n<p>A la fin de cette m\u00eame rue, il suffit de bifurquer \u00e0 gauche vers la place du March\u00e9 pour d\u00e9couvrir <strong>l\u2019\u00e9glise Saint-Jean-Baptiste<\/strong>, construite entre en 1636 et 1666. Orn\u00e9e de trompe l\u2019\u0153il, elle rec\u00e8le parmi ses tr\u00e9sors un ma\u00eetre-autel en marbre polychrome r\u00e9alis\u00e9 par Honor\u00e9 Pelle.<\/p>\n<p><a href=\"http:\/\/www.locationencorse.eu\/blog\/wp-content\/uploads\/2014\/05\/st-jean-Baptiste.jpg\" data-rel=\"lightbox-image-2\" data-rl_title=\"\" data-rl_caption=\"\" title=\"\"><img decoding=\"async\" loading=\"lazy\" class=\"aligncenter size-large wp-image-4181\" src=\"http:\/\/www.locationencorse.eu\/blog\/wp-content\/uploads\/2014\/05\/st-jean-Baptiste-750x511.jpg\" alt=\"st jean Baptiste\" width=\"620\" height=\"422\" srcset=\"https:\/\/www.locationencorse.eu\/blog\/wp-content\/uploads\/2014\/05\/st-jean-Baptiste-750x511.jpg 750w, https:\/\/www.locationencorse.eu\/blog\/wp-content\/uploads\/2014\/05\/st-jean-Baptiste-400x272.jpg 400w, https:\/\/www.locationencorse.eu\/blog\/wp-content\/uploads\/2014\/05\/st-jean-Baptiste.jpg 999w\" sizes=\"(max-width: 620px) 100vw, 620px\" \/><\/a><\/p>\n<p>Une petite marche d\u2019\u00e0 peine 10 minutes permet de rejoindre la citadelle. En rentrant par la place d\u2019armes, la majestueuse <strong>cath\u00e9drale Sainte Marie<\/strong> s\u2019impose dans ses couleurs pastel, Cath\u00e9drale du dioc\u00e8se de Mariana, elle fut construite entre 1600 et 1622.<\/p>\n<p><a href=\"http:\/\/www.locationencorse.eu\/blog\/wp-content\/uploads\/2014\/05\/sainte-marie.jpg\" data-rel=\"lightbox-image-3\" data-rl_title=\"\" data-rl_caption=\"\" title=\"\"><img decoding=\"async\" loading=\"lazy\" class=\"aligncenter size-full wp-image-4183\" src=\"http:\/\/www.locationencorse.eu\/blog\/wp-content\/uploads\/2014\/05\/sainte-marie.jpg\" alt=\"sainte marie\" width=\"550\" height=\"367\" srcset=\"https:\/\/www.locationencorse.eu\/blog\/wp-content\/uploads\/2014\/05\/sainte-marie.jpg 550w, https:\/\/www.locationencorse.eu\/blog\/wp-content\/uploads\/2014\/05\/sainte-marie-400x266.jpg 400w\" sizes=\"(max-width: 550px) 100vw, 550px\" \/><\/a><\/p>\n<p>Derri\u00e8re en passant \u00e0 gauche de la cath\u00e9drale, la rue de l\u2019\u00e9v\u00each\u00e9 conduit vers l\u2019entr\u00e9e de <strong>l\u2019oratoire Sainte Croix<\/strong> reconstruit en 1600. A l\u2019int\u00e9rieur, la chapelle du Crucifix-de-Miracles abrite un christ noir que deux p\u00e9cheurs auraient trouv\u00e9 flottant dans le port de Bastia en 1428.<\/p>\n<p><img decoding=\"async\" loading=\"lazy\" class=\"aligncenter size-full wp-image-4186\" src=\"http:\/\/www.locationencorse.eu\/blog\/wp-content\/uploads\/2014\/05\/saint-croix.jpg\" alt=\"saint croix\" width=\"600\" height=\"600\" srcset=\"https:\/\/www.locationencorse.eu\/blog\/wp-content\/uploads\/2014\/05\/saint-croix.jpg 600w, https:\/\/www.locationencorse.eu\/blog\/wp-content\/uploads\/2014\/05\/saint-croix-150x150.jpg 150w, https:\/\/www.locationencorse.eu\/blog\/wp-content\/uploads\/2014\/05\/saint-croix-400x400.jpg 400w\" sizes=\"(max-width: 600px) 100vw, 600px\" \/>La ville&nbsp;de Bastia poss\u00e8de aussi un tr\u00e9sor en espaces verts et a mis en place un syst\u00e8me de jardinage et d&rsquo;<a href=\"https:\/\/www.aev-debroussaillage.com\/\">entretien des espaces verts<\/a>.<\/p>\n<p>Voir aussi: <a title=\"La d\u00e9couverte de Bastia\" href=\"http:\/\/www.locationencorse.eu\/blog\/la-decouverte-de-bastia\/\" target=\"_blank\" rel=\"noopener\">La d\u00e9couverte de Bastia<\/a> et <a title=\"Bastia et sa place st Nicolas\" href=\"http:\/\/www.locationencorse.eu\/blog\/bastia-et-sa-place-st-nicolas\/\" target=\"_blank\" rel=\"noopener\">Bastia et sa place st Nicolas<\/a><\/p>\n<!-- AddThis Advanced Settings generic via filter on the_content --><!-- AddThis Share Buttons generic via filter on the_content -->","protected":false},"excerpt":{"rendered":"<p>Voici quelques visites lors de vos vacances Corse, sympathique et commer\u00e7ante la rue Napol\u00e9on d\u00e9voile une premi\u00e8re chapelle de confr\u00e9rie&nbsp;: l\u2019Oratoire de Saint Roch. Reconstruite en 1604, il a \u00e9t\u00e9 enrichi d\u2019un certain nombre d\u2019ajouts parmi lesquels son fronton n\u00e9oclassique.. &hellip; <a href=\"https:\/\/www.locationencorse.eu\/blog\/bastia-les-edifices-baroques\/\">Continuer la lecture <span class=\"meta-nav\">&rarr;<\/span><\/a><!-- AddThis Advanced Settings generic via filter on get_the_excerpt --><!-- AddThis Share Buttons generic via filter on get_the_excerpt --><\/p>\n","protected":false},"author":2,"featured_media":0,"comment_status":"open","ping_status":"open","sticky":false,"template":"","format":"standard","meta":{"_mi_skip_tracking":false,"_monsterinsights_sitenote_active":false,"_monsterinsights_sitenote_note":"","_monsterinsights_sitenote_category":0,"ngg_post_thumbnail":0,"footnotes":""},"categories":[157,177,8,162],"tags":[38,43],"yoast_head":"<!-- This site is optimized with the Yoast SEO plugin v21.1 - https:\/\/yoast.com\/wordpress\/plugins\/seo\/ -->\n<title>Bastia, les \u00e9difices baroques - La Corse<\/title>\n<meta name=\"robots\" content=\"index, follow, max-snippet:-1, max-image-preview:large, max-video-preview:-1\" \/>\n<link rel=\"canonical\" href=\"https:\/\/www.locationencorse.eu\/blog\/bastia-les-edifices-baroques\/\" \/>\n<meta property=\"og:locale\" content=\"fr_FR\" \/>\n<meta property=\"og:type\" content=\"article\" \/>\n<meta property=\"og:title\" content=\"Bastia, les \u00e9difices baroques - La Corse\" \/>\n<meta property=\"og:description\" content=\"Voici quelques visites lors de vos vacances Corse, sympathique et commer\u00e7ante la rue Napol\u00e9on d\u00e9voile une premi\u00e8re chapelle de confr\u00e9rie&nbsp;: l\u2019Oratoire de Saint Roch. Reconstruite en 1604, il a \u00e9t\u00e9 enrichi d\u2019un certain nombre d\u2019ajouts parmi lesquels son fronton n\u00e9oclassique.. &hellip; Continuer la lecture &rarr;\" \/>\n<meta property=\"og:url\" content=\"https:\/\/www.locationencorse.eu\/blog\/bastia-les-edifices-baroques\/\" \/>\n<meta property=\"og:site_name\" content=\"La Corse\" \/>\n<meta property=\"article:author\" content=\"https:\/\/www.facebook.com\/locationencorse.eu\/\" \/>\n<meta property=\"article:published_time\" content=\"2014-05-04T07:37:57+00:00\" \/>\n<meta property=\"article:modified_time\" content=\"2020-11-28T18:27:12+00:00\" \/>\n<meta property=\"og:image\" content=\"http:\/\/www.locationencorse.eu\/blog\/wp-content\/uploads\/2014\/05\/saint-roch.jpg\" \/>\n<meta name=\"author\" content=\"Newchallenge\" \/>\n<meta name=\"twitter:label1\" content=\"\u00c9crit par\" \/>\n\t<meta name=\"twitter:data1\" content=\"Newchallenge\" \/>\n\t<meta name=\"twitter:label2\" content=\"Dur\u00e9e de lecture estim\u00e9e\" \/>\n\t<meta name=\"twitter:data2\" content=\"2 minutes\" \/>\n<script type=\"application\/ld+json\" class=\"yoast-schema-graph\">{\"@context\":\"https:\/\/schema.org\",\"@graph\":[{\"@type\":\"WebPage\",\"@id\":\"https:\/\/www.locationencorse.eu\/blog\/bastia-les-edifices-baroques\/\",\"url\":\"https:\/\/www.locationencorse.eu\/blog\/bastia-les-edifices-baroques\/\",\"name\":\"Bastia, les \u00e9difices baroques - La Corse\",\"isPartOf\":{\"@id\":\"https:\/\/www.locationencorse.eu\/blog\/#website\"},\"datePublished\":\"2014-05-04T07:37:57+00:00\",\"dateModified\":\"2020-11-28T18:27:12+00:00\",\"author\":{\"@id\":\"https:\/\/www.locationencorse.eu\/blog\/#\/schema\/person\/4aa76a779067073b7500fdabe0a4a51c\"},\"breadcrumb\":{\"@id\":\"https:\/\/www.locationencorse.eu\/blog\/bastia-les-edifices-baroques\/#breadcrumb\"},\"inLanguage\":\"fr-FR\",\"potentialAction\":[{\"@type\":\"ReadAction\",\"target\":[\"https:\/\/www.locationencorse.eu\/blog\/bastia-les-edifices-baroques\/\"]}]},{\"@type\":\"BreadcrumbList\",\"@id\":\"https:\/\/www.locationencorse.eu\/blog\/bastia-les-edifices-baroques\/#breadcrumb\",\"itemListElement\":[{\"@type\":\"ListItem\",\"position\":1,\"name\":\"Accueil\",\"item\":\"https:\/\/www.locationencorse.eu\/blog\/\"},{\"@type\":\"ListItem\",\"position\":2,\"name\":\"Bastia, les \u00e9difices baroques\"}]},{\"@type\":\"WebSite\",\"@id\":\"https:\/\/www.locationencorse.eu\/blog\/#website\",\"url\":\"https:\/\/www.locationencorse.eu\/blog\/\",\"name\":\"La Corse\",\"description\":\"Vacances en Corse sur \u00cele de beaut\u00e9\",\"potentialAction\":[{\"@type\":\"SearchAction\",\"target\":{\"@type\":\"EntryPoint\",\"urlTemplate\":\"https:\/\/www.locationencorse.eu\/blog\/?s={search_term_string}\"},\"query-input\":\"required name=search_term_string\"}],\"inLanguage\":\"fr-FR\"},{\"@type\":\"Person\",\"@id\":\"https:\/\/www.locationencorse.eu\/blog\/#\/schema\/person\/4aa76a779067073b7500fdabe0a4a51c\",\"name\":\"Newchallenge\",\"image\":{\"@type\":\"ImageObject\",\"inLanguage\":\"fr-FR\",\"@id\":\"https:\/\/www.locationencorse.eu\/blog\/#\/schema\/person\/image\/\",\"url\":\"https:\/\/secure.gravatar.com\/avatar\/ad5f2a69d252f48179a77d3cb09e1fa7?s=96&r=g\",\"contentUrl\":\"https:\/\/secure.gravatar.com\/avatar\/ad5f2a69d252f48179a77d3cb09e1fa7?s=96&r=g\",\"caption\":\"Newchallenge\"},\"sameAs\":[\"http:\/\/www.locationencorse.eu\",\"https:\/\/www.facebook.com\/locationencorse.eu\/\"],\"url\":\"https:\/\/www.locationencorse.eu\/blog\/author\/martinenewchallenge-fr\/\"}]}<\/script>\n<!-- \/ Yoast SEO plugin. -->","yoast_head_json":{"title":"Bastia, les \u00e9difices baroques - La Corse","robots":{"index":"index","follow":"follow","max-snippet":"max-snippet:-1","max-image-preview":"max-image-preview:large","max-video-preview":"max-video-preview:-1"},"canonical":"https:\/\/www.locationencorse.eu\/blog\/bastia-les-edifices-baroques\/","og_locale":"fr_FR","og_type":"article","og_title":"Bastia, les \u00e9difices baroques - La Corse","og_description":"Voici quelques visites lors de vos vacances Corse, sympathique et commer\u00e7ante la rue Napol\u00e9on d\u00e9voile une premi\u00e8re chapelle de confr\u00e9rie&nbsp;: l\u2019Oratoire de Saint Roch. Reconstruite en 1604, il a \u00e9t\u00e9 enrichi d\u2019un certain nombre d\u2019ajouts parmi lesquels son fronton n\u00e9oclassique.. &hellip; Continuer la lecture &rarr;","og_url":"https:\/\/www.locationencorse.eu\/blog\/bastia-les-edifices-baroques\/","og_site_name":"La Corse","article_author":"https:\/\/www.facebook.com\/locationencorse.eu\/","article_published_time":"2014-05-04T07:37:57+00:00","article_modified_time":"2020-11-28T18:27:12+00:00","og_image":[{"url":"http:\/\/www.locationencorse.eu\/blog\/wp-content\/uploads\/2014\/05\/saint-roch.jpg"}],"author":"Newchallenge","twitter_misc":{"\u00c9crit par":"Newchallenge","Dur\u00e9e de lecture estim\u00e9e":"2 minutes"},"schema":{"@context":"https:\/\/schema.org","@graph":[{"@type":"WebPage","@id":"https:\/\/www.locationencorse.eu\/blog\/bastia-les-edifices-baroques\/","url":"https:\/\/www.locationencorse.eu\/blog\/bastia-les-edifices-baroques\/","name":"Bastia, les \u00e9difices baroques - La Corse","isPartOf":{"@id":"https:\/\/www.locationencorse.eu\/blog\/#website"},"datePublished":"2014-05-04T07:37:57+00:00","dateModified":"2020-11-28T18:27:12+00:00","author":{"@id":"https:\/\/www.locationencorse.eu\/blog\/#\/schema\/person\/4aa76a779067073b7500fdabe0a4a51c"},"breadcrumb":{"@id":"https:\/\/www.locationencorse.eu\/blog\/bastia-les-edifices-baroques\/#breadcrumb"},"inLanguage":"fr-FR","potentialAction":[{"@type":"ReadAction","target":["https:\/\/www.locationencorse.eu\/blog\/bastia-les-edifices-baroques\/"]}]},{"@type":"BreadcrumbList","@id":"https:\/\/www.locationencorse.eu\/blog\/bastia-les-edifices-baroques\/#breadcrumb","itemListElement":[{"@type":"ListItem","position":1,"name":"Accueil","item":"https:\/\/www.locationencorse.eu\/blog\/"},{"@type":"ListItem","position":2,"name":"Bastia, les \u00e9difices baroques"}]},{"@type":"WebSite","@id":"https:\/\/www.locationencorse.eu\/blog\/#website","url":"https:\/\/www.locationencorse.eu\/blog\/","name":"La Corse","description":"Vacances en Corse sur \u00cele de beaut\u00e9","potentialAction":[{"@type":"SearchAction","target":{"@type":"EntryPoint","urlTemplate":"https:\/\/www.locationencorse.eu\/blog\/?s={search_term_string}"},"query-input":"required name=search_term_string"}],"inLanguage":"fr-FR"},{"@type":"Person","@id":"https:\/\/www.locationencorse.eu\/blog\/#\/schema\/person\/4aa76a779067073b7500fdabe0a4a51c","name":"Newchallenge","image":{"@type":"ImageObject","inLanguage":"fr-FR","@id":"https:\/\/www.locationencorse.eu\/blog\/#\/schema\/person\/image\/","url":"https:\/\/secure.gravatar.com\/avatar\/ad5f2a69d252f48179a77d3cb09e1fa7?s=96&r=g","contentUrl":"https:\/\/secure.gravatar.com\/avatar\/ad5f2a69d252f48179a77d3cb09e1fa7?s=96&r=g","caption":"Newchallenge"},"sameAs":["http:\/\/www.locationencorse.eu","https:\/\/www.facebook.com\/locationencorse.eu\/"],"url":"https:\/\/www.locationencorse.eu\/blog\/author\/martinenewchallenge-fr\/"}]}},"jetpack_featured_media_url":"","_links":{"self":[{"href":"https:\/\/www.locationencorse.eu\/blog\/wp-json\/wp\/v2\/posts\/4173"}],"collection":[{"href":"https:\/\/www.locationencorse.eu\/blog\/wp-json\/wp\/v2\/posts"}],"about":[{"href":"https:\/\/www.locationencorse.eu\/blog\/wp-json\/wp\/v2\/types\/post"}],"author":[{"embeddable":true,"href":"https:\/\/www.locationencorse.eu\/blog\/wp-json\/wp\/v2\/users\/2"}],"replies":[{"embeddable":true,"href":"https:\/\/www.locationencorse.eu\/blog\/wp-json\/wp\/v2\/comments?post=4173"}],"version-history":[{"count":14,"href":"https:\/\/www.locationencorse.eu\/blog\/wp-json\/wp\/v2\/posts\/4173\/revisions"}],"predecessor-version":[{"id":7796,"href":"https:\/\/www.locationencorse.eu\/blog\/wp-json\/wp\/v2\/posts\/4173\/revisions\/7796"}],"wp:attachment":[{"href":"https:\/\/www.locationencorse.eu\/blog\/wp-json\/wp\/v2\/media?parent=4173"}],"wp:term":[{"taxonomy":"category","embeddable":true,"href":"https:\/\/www.locationencorse.eu\/blog\/wp-json\/wp\/v2\/categories?post=4173"},{"taxonomy":"post_tag","embeddable":true,"href":"https:\/\/www.locationencorse.eu\/blog\/wp-json\/wp\/v2\/tags?post=4173"}],"curies":[{"name":"wp","href":"https:\/\/api.w.org\/{rel}","templated":true}]}}