{"id":4067,"date":"2014-04-28T16:43:01","date_gmt":"2014-04-28T14:43:01","guid":{"rendered":"http:\/\/www.locationencorse.eu\/blog\/?p=4067"},"modified":"2014-04-28T18:27:28","modified_gmt":"2014-04-28T16:27:28","slug":"randonnee-les-gorges-spelunca","status":"publish","type":"post","link":"https:\/\/www.locationencorse.eu\/blog\/randonnee-les-gorges-spelunca\/","title":{"rendered":"Randonn\u00e9e les gorges de la Spelunca"},"content":{"rendered":"<p>Le chemin qui m\u00e8ne au gorges de la Spelunca , longe les affluents du Porto, c\u2019est un ancien sentier muletier qui reliait les villages d\u2019Ota et d\u2019<a title=\"Evisa \" href=\"http:\/\/www.locationencorse.eu\/blog\/evisa-terre-demotions\/\" target=\"_blank\">Evisa<\/a>.<\/p>\n<p>En d\u2019autre temps, la voie la plus simple pour \u00e9voluer dans des massifs rocheux \u00e9tait souvent celle que les torrents avaient naturellement ouverte. C\u2019est le cas de ce chemin am\u00e9lior\u00e9 par les hommes et pourvu de deux ponts construits au XVIIIe si\u00e8cle et class\u00e9s monuments historiques.<\/p>\n<p>Le plus ancien est le pont de <strong>Pianella ou Ponte Vecchiu<\/strong>, il date de 1720 \u00e9poque g\u00e9noise, le pont de Zaglia, lui est de 1797.<\/p>\n<p><a href=\"http:\/\/www.locationencorse.eu\/blog\/wp-content\/uploads\/2014\/04\/pont-pianella2.jpg\" data-rel=\"lightbox-image-0\" data-rl_title=\"\" data-rl_caption=\"\" title=\"\"><img decoding=\"async\" loading=\"lazy\" class=\"aligncenter size-full wp-image-4071\" src=\"http:\/\/www.locationencorse.eu\/blog\/wp-content\/uploads\/2014\/04\/pont-pianella2.jpg\" alt=\"pont pianella2\" width=\"500\" height=\"336\" srcset=\"https:\/\/www.locationencorse.eu\/blog\/wp-content\/uploads\/2014\/04\/pont-pianella2.jpg 500w, https:\/\/www.locationencorse.eu\/blog\/wp-content\/uploads\/2014\/04\/pont-pianella2-400x268.jpg 400w\" sizes=\"(max-width: 500px) 100vw, 500px\" \/><\/a><\/p>\n<p>Pour franchir le Ponte Vecchiu, il faut partir du village d\u2019Ota. Un autre d\u00e9part existe \u00e0 la sortie du deuxi\u00e8me pont de la route d\u00e9partementale en venant d\u2019Ota, il raccourcit la balade, mais manque le pont g\u00e9nois.<\/p>\n<p>Le circuit\u00a0:<\/p>\n<p>Partir du centre du village d\u2019Ota en suivant les panneaux et le balisage orange qui conduit vers une ruelle qui contourne le village et se transforme en sentier. Le suivre en direction de Porto et du Ponte Vecchiu. Prendre quelques instants pour admirer la finesse de l\u2019ouvrage g\u00e9nois qui r\u00e9siste aux intemp\u00e9ries depuis pr\u00e8s de trois si\u00e8cles. Franchir le pont et continuer en direction du stade municipal. Remonter sur la route D 124 au niveau des deux ponts et rejoindre le sentier qui part du deuxi\u00e8me pont en direction d\u2019Evisa (on peut aussi commencer la randonn\u00e9e \u00e0 cet endroit).Suivre le sentier qui longe le torrent et s\u2019enfonce dans le gorges de la Spelunca. Continuer dans les gorges jusqu\u2019au <strong>pont Ziglia<\/strong>, en moins bon \u00e9tat que le pr\u00e9c\u00e9dent. Ce n\u2019est qu\u2019apr\u00e8s le pont que l\u2019on commence \u00e0 prendre de l\u2019altitude. Le chemin, qui \u00e9volue alors dans un paysage rocheux devient sinueux pour dominer les gorges. Passer pr\u00e8s d\u2019une paroi rocheuse et continuer l\u2019ascension jusqu\u2019\u00e0 Evisa. Le sentier d\u00e9bouche pr\u00e8s de la chapelle Saint Cyprien.<\/p>\n<p><a href=\"http:\/\/www.locationencorse.eu\/blog\/wp-content\/uploads\/2014\/04\/pont-zaglia.jpg\" data-rel=\"lightbox-image-1\" data-rl_title=\"\" data-rl_caption=\"\" title=\"\"><img decoding=\"async\" loading=\"lazy\" class=\"aligncenter size-large wp-image-4074\" src=\"http:\/\/www.locationencorse.eu\/blog\/wp-content\/uploads\/2014\/04\/pont-zaglia-750x464.jpg\" alt=\"pont zaglia\" width=\"620\" height=\"383\" srcset=\"https:\/\/www.locationencorse.eu\/blog\/wp-content\/uploads\/2014\/04\/pont-zaglia-750x464.jpg 750w, https:\/\/www.locationencorse.eu\/blog\/wp-content\/uploads\/2014\/04\/pont-zaglia-400x247.jpg 400w, https:\/\/www.locationencorse.eu\/blog\/wp-content\/uploads\/2014\/04\/pont-zaglia.jpg 971w\" sizes=\"(max-width: 620px) 100vw, 620px\" \/><\/a><\/p>\n<p>Le retour se fait par le m\u00eame chemin.<\/p>\n<p>Itin\u00e9raire de promenade familiale, ombrag\u00e9. Il est d\u00e9conseill\u00e9 de s\u2019engager sur le sentier les jours qui suivent les gros orages d\u2019\u00e9t\u00e9.<\/p>\n<p style=\"text-align: center;\"><iframe loading=\"lazy\" style=\"border: 0px currentColor;\" src=\"https:\/\/www.google.com\/maps\/embed?pb=!1m29!1m12!1m3!1d23624.963481311486!2d8.757571612304666!3d42.25460057160032!2m3!1f0!2f0!3f0!3m2!1i1024!2i768!4f13.1!4m14!1i0!3e2!4m5!1s0x12d09c2a8d8dddd9%3A0x56e3daecab26df7e!2sOta!3m2!1d42.258199999999995!2d8.74586!4m5!1s0x12d09f51f5ef8365%3A0x40819a5fd955c70!2zw4l2aXNh!3m2!1d42.253563!2d8.803588999999998!5e0!3m2!1sfr!2sfr!4v1398678548809\" width=\"600\" height=\"450\" frameborder=\"0\"><\/iframe><\/p>\n<!-- AddThis Advanced Settings generic via filter on the_content --><!-- AddThis Share Buttons generic via filter on the_content -->","protected":false},"excerpt":{"rendered":"<p>Le chemin qui m\u00e8ne au gorges de la Spelunca , longe les affluents du Porto, c\u2019est un ancien sentier muletier qui reliait les villages d\u2019Ota et d\u2019Evisa. En d\u2019autre temps, la voie la plus simple pour \u00e9voluer dans des massifs &hellip; <a href=\"https:\/\/www.locationencorse.eu\/blog\/randonnee-les-gorges-spelunca\/\">Continuer la lecture <span class=\"meta-nav\">&rarr;<\/span><\/a><!-- AddThis Advanced Settings generic via filter on get_the_excerpt --><!-- AddThis Share Buttons generic via filter on get_the_excerpt --><\/p>\n","protected":false},"author":2,"featured_media":0,"comment_status":"open","ping_status":"open","sticky":false,"template":"","format":"standard","meta":{"_mi_skip_tracking":false,"_monsterinsights_sitenote_active":false,"_monsterinsights_sitenote_note":"","_monsterinsights_sitenote_category":0,"ngg_post_thumbnail":0,"footnotes":""},"categories":[157,160],"tags":[43,55],"yoast_head":"<!-- This site is optimized with the Yoast SEO plugin v21.1 - https:\/\/yoast.com\/wordpress\/plugins\/seo\/ -->\n<title>Randonn\u00e9e les gorges de la Spelunca - La Corse<\/title>\n<meta name=\"robots\" content=\"index, follow, max-snippet:-1, max-image-preview:large, max-video-preview:-1\" \/>\n<link rel=\"canonical\" href=\"https:\/\/www.locationencorse.eu\/blog\/randonnee-les-gorges-spelunca\/\" \/>\n<meta property=\"og:locale\" content=\"fr_FR\" \/>\n<meta property=\"og:type\" content=\"article\" \/>\n<meta property=\"og:title\" content=\"Randonn\u00e9e les gorges de la Spelunca - La Corse\" \/>\n<meta property=\"og:description\" content=\"Le chemin qui m\u00e8ne au gorges de la Spelunca , longe les affluents du Porto, c\u2019est un ancien sentier muletier qui reliait les villages d\u2019Ota et d\u2019Evisa. En d\u2019autre temps, la voie la plus simple pour \u00e9voluer dans des massifs &hellip; Continuer la lecture &rarr;\" \/>\n<meta property=\"og:url\" content=\"https:\/\/www.locationencorse.eu\/blog\/randonnee-les-gorges-spelunca\/\" \/>\n<meta property=\"og:site_name\" content=\"La Corse\" \/>\n<meta property=\"article:author\" content=\"https:\/\/www.facebook.com\/locationencorse.eu\/\" \/>\n<meta property=\"article:published_time\" content=\"2014-04-28T14:43:01+00:00\" \/>\n<meta property=\"article:modified_time\" content=\"2014-04-28T16:27:28+00:00\" \/>\n<meta property=\"og:image\" content=\"http:\/\/www.locationencorse.eu\/blog\/wp-content\/uploads\/2014\/04\/pont-pianella2.jpg\" \/>\n<meta name=\"author\" content=\"Newchallenge\" \/>\n<meta name=\"twitter:label1\" content=\"\u00c9crit par\" \/>\n\t<meta name=\"twitter:data1\" content=\"Newchallenge\" \/>\n\t<meta name=\"twitter:label2\" content=\"Dur\u00e9e de lecture estim\u00e9e\" \/>\n\t<meta name=\"twitter:data2\" content=\"2 minutes\" \/>\n<script type=\"application\/ld+json\" class=\"yoast-schema-graph\">{\"@context\":\"https:\/\/schema.org\",\"@graph\":[{\"@type\":\"WebPage\",\"@id\":\"https:\/\/www.locationencorse.eu\/blog\/randonnee-les-gorges-spelunca\/\",\"url\":\"https:\/\/www.locationencorse.eu\/blog\/randonnee-les-gorges-spelunca\/\",\"name\":\"Randonn\u00e9e les gorges de la Spelunca - La Corse\",\"isPartOf\":{\"@id\":\"https:\/\/www.locationencorse.eu\/blog\/#website\"},\"datePublished\":\"2014-04-28T14:43:01+00:00\",\"dateModified\":\"2014-04-28T16:27:28+00:00\",\"author\":{\"@id\":\"https:\/\/www.locationencorse.eu\/blog\/#\/schema\/person\/4aa76a779067073b7500fdabe0a4a51c\"},\"breadcrumb\":{\"@id\":\"https:\/\/www.locationencorse.eu\/blog\/randonnee-les-gorges-spelunca\/#breadcrumb\"},\"inLanguage\":\"fr-FR\",\"potentialAction\":[{\"@type\":\"ReadAction\",\"target\":[\"https:\/\/www.locationencorse.eu\/blog\/randonnee-les-gorges-spelunca\/\"]}]},{\"@type\":\"BreadcrumbList\",\"@id\":\"https:\/\/www.locationencorse.eu\/blog\/randonnee-les-gorges-spelunca\/#breadcrumb\",\"itemListElement\":[{\"@type\":\"ListItem\",\"position\":1,\"name\":\"Accueil\",\"item\":\"https:\/\/www.locationencorse.eu\/blog\/\"},{\"@type\":\"ListItem\",\"position\":2,\"name\":\"Randonn\u00e9e les gorges de la Spelunca\"}]},{\"@type\":\"WebSite\",\"@id\":\"https:\/\/www.locationencorse.eu\/blog\/#website\",\"url\":\"https:\/\/www.locationencorse.eu\/blog\/\",\"name\":\"La Corse\",\"description\":\"Vacances en Corse sur \u00cele de beaut\u00e9\",\"potentialAction\":[{\"@type\":\"SearchAction\",\"target\":{\"@type\":\"EntryPoint\",\"urlTemplate\":\"https:\/\/www.locationencorse.eu\/blog\/?s={search_term_string}\"},\"query-input\":\"required name=search_term_string\"}],\"inLanguage\":\"fr-FR\"},{\"@type\":\"Person\",\"@id\":\"https:\/\/www.locationencorse.eu\/blog\/#\/schema\/person\/4aa76a779067073b7500fdabe0a4a51c\",\"name\":\"Newchallenge\",\"image\":{\"@type\":\"ImageObject\",\"inLanguage\":\"fr-FR\",\"@id\":\"https:\/\/www.locationencorse.eu\/blog\/#\/schema\/person\/image\/\",\"url\":\"https:\/\/secure.gravatar.com\/avatar\/ad5f2a69d252f48179a77d3cb09e1fa7?s=96&r=g\",\"contentUrl\":\"https:\/\/secure.gravatar.com\/avatar\/ad5f2a69d252f48179a77d3cb09e1fa7?s=96&r=g\",\"caption\":\"Newchallenge\"},\"sameAs\":[\"http:\/\/www.locationencorse.eu\",\"https:\/\/www.facebook.com\/locationencorse.eu\/\"],\"url\":\"https:\/\/www.locationencorse.eu\/blog\/author\/martinenewchallenge-fr\/\"}]}<\/script>\n<!-- \/ Yoast SEO plugin. -->","yoast_head_json":{"title":"Randonn\u00e9e les gorges de la Spelunca - La Corse","robots":{"index":"index","follow":"follow","max-snippet":"max-snippet:-1","max-image-preview":"max-image-preview:large","max-video-preview":"max-video-preview:-1"},"canonical":"https:\/\/www.locationencorse.eu\/blog\/randonnee-les-gorges-spelunca\/","og_locale":"fr_FR","og_type":"article","og_title":"Randonn\u00e9e les gorges de la Spelunca - La Corse","og_description":"Le chemin qui m\u00e8ne au gorges de la Spelunca , longe les affluents du Porto, c\u2019est un ancien sentier muletier qui reliait les villages d\u2019Ota et d\u2019Evisa. En d\u2019autre temps, la voie la plus simple pour \u00e9voluer dans des massifs &hellip; Continuer la lecture &rarr;","og_url":"https:\/\/www.locationencorse.eu\/blog\/randonnee-les-gorges-spelunca\/","og_site_name":"La Corse","article_author":"https:\/\/www.facebook.com\/locationencorse.eu\/","article_published_time":"2014-04-28T14:43:01+00:00","article_modified_time":"2014-04-28T16:27:28+00:00","og_image":[{"url":"http:\/\/www.locationencorse.eu\/blog\/wp-content\/uploads\/2014\/04\/pont-pianella2.jpg"}],"author":"Newchallenge","twitter_misc":{"\u00c9crit par":"Newchallenge","Dur\u00e9e de lecture estim\u00e9e":"2 minutes"},"schema":{"@context":"https:\/\/schema.org","@graph":[{"@type":"WebPage","@id":"https:\/\/www.locationencorse.eu\/blog\/randonnee-les-gorges-spelunca\/","url":"https:\/\/www.locationencorse.eu\/blog\/randonnee-les-gorges-spelunca\/","name":"Randonn\u00e9e les gorges de la Spelunca - La Corse","isPartOf":{"@id":"https:\/\/www.locationencorse.eu\/blog\/#website"},"datePublished":"2014-04-28T14:43:01+00:00","dateModified":"2014-04-28T16:27:28+00:00","author":{"@id":"https:\/\/www.locationencorse.eu\/blog\/#\/schema\/person\/4aa76a779067073b7500fdabe0a4a51c"},"breadcrumb":{"@id":"https:\/\/www.locationencorse.eu\/blog\/randonnee-les-gorges-spelunca\/#breadcrumb"},"inLanguage":"fr-FR","potentialAction":[{"@type":"ReadAction","target":["https:\/\/www.locationencorse.eu\/blog\/randonnee-les-gorges-spelunca\/"]}]},{"@type":"BreadcrumbList","@id":"https:\/\/www.locationencorse.eu\/blog\/randonnee-les-gorges-spelunca\/#breadcrumb","itemListElement":[{"@type":"ListItem","position":1,"name":"Accueil","item":"https:\/\/www.locationencorse.eu\/blog\/"},{"@type":"ListItem","position":2,"name":"Randonn\u00e9e les gorges de la Spelunca"}]},{"@type":"WebSite","@id":"https:\/\/www.locationencorse.eu\/blog\/#website","url":"https:\/\/www.locationencorse.eu\/blog\/","name":"La Corse","description":"Vacances en Corse sur \u00cele de beaut\u00e9","potentialAction":[{"@type":"SearchAction","target":{"@type":"EntryPoint","urlTemplate":"https:\/\/www.locationencorse.eu\/blog\/?s={search_term_string}"},"query-input":"required name=search_term_string"}],"inLanguage":"fr-FR"},{"@type":"Person","@id":"https:\/\/www.locationencorse.eu\/blog\/#\/schema\/person\/4aa76a779067073b7500fdabe0a4a51c","name":"Newchallenge","image":{"@type":"ImageObject","inLanguage":"fr-FR","@id":"https:\/\/www.locationencorse.eu\/blog\/#\/schema\/person\/image\/","url":"https:\/\/secure.gravatar.com\/avatar\/ad5f2a69d252f48179a77d3cb09e1fa7?s=96&r=g","contentUrl":"https:\/\/secure.gravatar.com\/avatar\/ad5f2a69d252f48179a77d3cb09e1fa7?s=96&r=g","caption":"Newchallenge"},"sameAs":["http:\/\/www.locationencorse.eu","https:\/\/www.facebook.com\/locationencorse.eu\/"],"url":"https:\/\/www.locationencorse.eu\/blog\/author\/martinenewchallenge-fr\/"}]}},"jetpack_featured_media_url":"","_links":{"self":[{"href":"https:\/\/www.locationencorse.eu\/blog\/wp-json\/wp\/v2\/posts\/4067"}],"collection":[{"href":"https:\/\/www.locationencorse.eu\/blog\/wp-json\/wp\/v2\/posts"}],"about":[{"href":"https:\/\/www.locationencorse.eu\/blog\/wp-json\/wp\/v2\/types\/post"}],"author":[{"embeddable":true,"href":"https:\/\/www.locationencorse.eu\/blog\/wp-json\/wp\/v2\/users\/2"}],"replies":[{"embeddable":true,"href":"https:\/\/www.locationencorse.eu\/blog\/wp-json\/wp\/v2\/comments?post=4067"}],"version-history":[{"count":8,"href":"https:\/\/www.locationencorse.eu\/blog\/wp-json\/wp\/v2\/posts\/4067\/revisions"}],"predecessor-version":[{"id":4078,"href":"https:\/\/www.locationencorse.eu\/blog\/wp-json\/wp\/v2\/posts\/4067\/revisions\/4078"}],"wp:attachment":[{"href":"https:\/\/www.locationencorse.eu\/blog\/wp-json\/wp\/v2\/media?parent=4067"}],"wp:term":[{"taxonomy":"category","embeddable":true,"href":"https:\/\/www.locationencorse.eu\/blog\/wp-json\/wp\/v2\/categories?post=4067"},{"taxonomy":"post_tag","embeddable":true,"href":"https:\/\/www.locationencorse.eu\/blog\/wp-json\/wp\/v2\/tags?post=4067"}],"curies":[{"name":"wp","href":"https:\/\/api.w.org\/{rel}","templated":true}]}}