{"id":393,"date":"2014-01-15T07:59:12","date_gmt":"2014-01-15T06:59:12","guid":{"rendered":"http:\/\/www.locationencorse.eu\/blog\/?p=393"},"modified":"2022-02-03T21:26:22","modified_gmt":"2022-02-03T20:26:22","slug":"calvi-4","status":"publish","type":"post","link":"https:\/\/www.locationencorse.eu\/blog\/calvi-4\/","title":{"rendered":"Calvi vu par Mich\u00e8le S"},"content":{"rendered":"<p><span style=\"color: #ff6600;\">Calvi:&nbsp;&nbsp;<\/span><\/p>\n<p>Douceur et soleil sont au menu de la Corse,<i> <\/i>Sans omettre un patrimoine culturel important et des sites de toute beaut\u00e9. De quoi en mettre plein la vue aux touristes de passage.<\/p>\n<p>Calvi, qui est situ\u00e9e au Nord Ouest de la&nbsp;Corse, est la ville la plus proche du continent. Elle est r\u00e9put\u00e9e pour ses eaux pures et poss\u00e8de un patrimoine extr\u00eamement riche puisqu\u2019historiquement parlant, elle demeure une des villes les plus int\u00e9ressantes de l\u2019\u00eele de beaut\u00e9. Destination de r\u00eave pour les passionn\u00e9s de&nbsp;<a title=\"plong\u00e9e sous marine\" href=\"https:\/\/www.locationencorse.eu\/blog\/activites-a-calvi\/\" target=\"_blank\" rel=\"noopener\">plong\u00e9e sous marine<\/a>&nbsp;ou de bronzette. Point de d\u00e9part de diverses excursions en mer ou vers les vieux villages perch\u00e9s sur les hauteurs de la cit\u00e9.<br \/>\nUn micro climat ou certaines ann\u00e9es, on peut se baigner jusqu\u2019en D\u00e9cembre.<br \/>\nCalvi c\u2019est aussi le plaisir de diner le soir sur le port de plaisance, au bord de l\u2019eau, et le bruit des mats des bateaux qui s\u2019\u00e9veillent en m\u00eame temps qu\u2019une douce brise rafraichissante d\u2019une nuit d\u2019\u00e9t\u00e9.<\/p>\n<p>Visiter sa citadelle du XII\u00e8me si\u00e8cle, ses rues pi\u00e9tonnes, les odeurs de maquis m\u00e9lang\u00e9es aux ambres marins, visiter calvi.<\/p>\n<p style=\"text-align: center;\"><iframe loading=\"lazy\" src=\"\/\/www.youtube.com\/embed\/ks3qMHtshRk?rel=0\" width=\"640\" height=\"480\" frameborder=\"0\" allowfullscreen=\"allowfullscreen\"><\/iframe><\/p>\n<p>Calvi, c\u2019est en premier lieu la mer et les plages qui ont chacune leur personnalit\u00e9. Si vous vous dirigez au nord de la ville, vous vous retrouverez dans le Golfe de Calvi et sa longue plage de sable fin.<\/p>\n<p>A l\u2019ouest, c\u2019est le Golfe de la Revellata qui s\u2019offrira \u00e0 vous avec son \u00ab&nbsp;phare \u00e0 \u00e9clats&nbsp;\u00bb qui se situe tout au bout de la presqu\u2019\u00eele.<\/p>\n<p>La&nbsp;chapelle de Notre Dame de la Serra&nbsp;est situ\u00e9e \u00e0 la sortie de Calvi sur la&nbsp;route de Porto. Son r\u00f4le est extr\u00eamement important puisque selon la l\u00e9gende, elle prot\u00e8gerait la&nbsp;baie de Calvi. Ce monument demeure un \u00e9l\u00e9ment touristique incontournable et offre un panorama sans pareille sur l\u2019ensemble du&nbsp;Golfe.<\/p>\n<p>Manifestation annuelle.<\/p>\n<p>Tous les mois d\u2019octobre, la petite ville accueille le Festival du Vent de Calvi, un \u00e9v\u00e9nement tr\u00e8s attendu o\u00f9&nbsp; le vent est \u00e0 l\u2019honneur. Vous verrez la ville se transformer pendant quelques jours pour accueillir de nombreuses manifestations sportives et artistiques autour du vent. Danse, concert, bateaux, th\u00e9\u00e2tre, vous ne pourrez que vous r\u00e9galer.<\/p>\n<p>Si vous \u00eates \u00e0 la recherche d\u2019une location en Corse, vous pourrez louer un appartement \u00e0 Calvi avec vue sur la baie ou encore la magnifique villa d&rsquo;<a href=\"https:\/\/www.hotel-la-signoria.com\">un hotel \u00e0 deux pas des plus belles plages de Calvi<\/a>.<\/p>\n<div id=\"attachment_403\" style=\"width: 1010px\" class=\"wp-caption aligncenter\"><a href=\"http:\/\/www.locationencorse.eu\/blog\/wp-content\/uploads\/2014\/01\/Calvi.jpg\" data-rel=\"lightbox-image-0\" data-rl_title=\"\" data-rl_caption=\"\"><img aria-describedby=\"caption-attachment-403\" decoding=\"async\" loading=\"lazy\" class=\"wp-image-403 size-full\" title=\"\" src=\"https:\/\/www.locationencorse.eu\/blog\/wp-content\/uploads\/2014\/01\/Calvi.jpg\" alt=\"vue de calvi\" width=\"1000\" height=\"667\" srcset=\"https:\/\/www.locationencorse.eu\/blog\/wp-content\/uploads\/2014\/01\/Calvi.jpg 1000w, https:\/\/www.locationencorse.eu\/blog\/wp-content\/uploads\/2014\/01\/Calvi-400x266.jpg 400w\" sizes=\"(max-width: 1000px) 100vw, 1000px\" \/><\/a><p id=\"caption-attachment-403\" class=\"wp-caption-text\">vue de calvi<\/p><\/div>\n<div id=\"attachment_401\" style=\"width: 1010px\" class=\"wp-caption aligncenter\"><a href=\"http:\/\/www.locationencorse.eu\/blog\/wp-content\/uploads\/2014\/01\/damme-de-la-serra.jpg\" data-rel=\"lightbox-image-1\" data-rl_title=\"\" data-rl_caption=\"\"><img aria-describedby=\"caption-attachment-401\" decoding=\"async\" loading=\"lazy\" class=\"wp-image-401 size-full\" title=\"\" src=\"https:\/\/www.locationencorse.eu\/blog\/wp-content\/uploads\/2014\/01\/damme-de-la-serra.jpg\" alt=\"Notre dame de la serra\" width=\"1000\" height=\"667\" srcset=\"https:\/\/www.locationencorse.eu\/blog\/wp-content\/uploads\/2014\/01\/damme-de-la-serra.jpg 1000w, https:\/\/www.locationencorse.eu\/blog\/wp-content\/uploads\/2014\/01\/damme-de-la-serra-400x266.jpg 400w\" sizes=\"(max-width: 1000px) 100vw, 1000px\" \/><\/a><p id=\"caption-attachment-401\" class=\"wp-caption-text\">Notre dame de la serra<\/p><\/div>\n<div id=\"attachment_400\" style=\"width: 1010px\" class=\"wp-caption aligncenter\"><a href=\"http:\/\/www.locationencorse.eu\/blog\/wp-content\/uploads\/2014\/01\/citadelle.jpg\" data-rel=\"lightbox-image-2\" data-rl_title=\"\" data-rl_caption=\"\" title=\"\"><img aria-describedby=\"caption-attachment-400\" decoding=\"async\" loading=\"lazy\" class=\"size-full wp-image-400\" src=\"http:\/\/www.locationencorse.eu\/blog\/wp-content\/uploads\/2014\/01\/citadelle.jpg\" alt=\"La citadelle\" width=\"1000\" height=\"667\" srcset=\"https:\/\/www.locationencorse.eu\/blog\/wp-content\/uploads\/2014\/01\/citadelle.jpg 1000w, https:\/\/www.locationencorse.eu\/blog\/wp-content\/uploads\/2014\/01\/citadelle-400x266.jpg 400w\" sizes=\"(max-width: 1000px) 100vw, 1000px\" \/><\/a><p id=\"caption-attachment-400\" class=\"wp-caption-text\">La citadelle<\/p><\/div>\n<!-- AddThis Advanced Settings generic via filter on the_content --><!-- AddThis Share Buttons generic via filter on the_content -->","protected":false},"excerpt":{"rendered":"<p>Calvi:&nbsp;&nbsp; Douceur et soleil sont au menu de la Corse, Sans omettre un patrimoine culturel important et des sites de toute beaut\u00e9. De quoi en mettre plein la vue aux touristes de passage. Calvi, qui est situ\u00e9e au Nord Ouest &hellip; <a href=\"https:\/\/www.locationencorse.eu\/blog\/calvi-4\/\">Continuer la lecture <span class=\"meta-nav\">&rarr;<\/span><\/a><!-- AddThis Advanced Settings generic via filter on get_the_excerpt --><!-- AddThis Share Buttons generic via filter on get_the_excerpt --><\/p>\n","protected":false},"author":2,"featured_media":0,"comment_status":"open","ping_status":"open","sticky":false,"template":"","format":"standard","meta":{"_mi_skip_tracking":false,"_monsterinsights_sitenote_active":false,"_monsterinsights_sitenote_note":"","_monsterinsights_sitenote_category":0,"ngg_post_thumbnail":0,"footnotes":""},"categories":[176,8],"tags":[24,33],"yoast_head":"<!-- This site is optimized with the Yoast SEO plugin v21.1 - https:\/\/yoast.com\/wordpress\/plugins\/seo\/ -->\n<title>Calvi vu par Mich\u00e8le S - La Corse<\/title>\n<meta name=\"robots\" content=\"index, follow, max-snippet:-1, max-image-preview:large, max-video-preview:-1\" \/>\n<link rel=\"canonical\" href=\"https:\/\/www.locationencorse.eu\/blog\/calvi-4\/\" \/>\n<meta property=\"og:locale\" content=\"fr_FR\" \/>\n<meta property=\"og:type\" content=\"article\" \/>\n<meta property=\"og:title\" content=\"Calvi vu par Mich\u00e8le S - La Corse\" \/>\n<meta property=\"og:description\" content=\"Calvi:&nbsp;&nbsp; Douceur et soleil sont au menu de la Corse, Sans omettre un patrimoine culturel important et des sites de toute beaut\u00e9. De quoi en mettre plein la vue aux touristes de passage. Calvi, qui est situ\u00e9e au Nord Ouest &hellip; Continuer la lecture &rarr;\" \/>\n<meta property=\"og:url\" content=\"https:\/\/www.locationencorse.eu\/blog\/calvi-4\/\" \/>\n<meta property=\"og:site_name\" content=\"La Corse\" \/>\n<meta property=\"article:author\" content=\"https:\/\/www.facebook.com\/locationencorse.eu\/\" \/>\n<meta property=\"article:published_time\" content=\"2014-01-15T06:59:12+00:00\" \/>\n<meta property=\"article:modified_time\" content=\"2022-02-03T20:26:22+00:00\" \/>\n<meta property=\"og:image\" content=\"https:\/\/www.locationencorse.eu\/blog\/wp-content\/uploads\/2014\/01\/Calvi.jpg\" \/>\n<meta name=\"author\" content=\"Newchallenge\" \/>\n<meta name=\"twitter:label1\" content=\"\u00c9crit par\" \/>\n\t<meta name=\"twitter:data1\" content=\"Newchallenge\" \/>\n\t<meta name=\"twitter:label2\" content=\"Dur\u00e9e de lecture estim\u00e9e\" \/>\n\t<meta name=\"twitter:data2\" content=\"2 minutes\" \/>\n<script type=\"application\/ld+json\" class=\"yoast-schema-graph\">{\"@context\":\"https:\/\/schema.org\",\"@graph\":[{\"@type\":\"WebPage\",\"@id\":\"https:\/\/www.locationencorse.eu\/blog\/calvi-4\/\",\"url\":\"https:\/\/www.locationencorse.eu\/blog\/calvi-4\/\",\"name\":\"Calvi vu par Mich\u00e8le S - La Corse\",\"isPartOf\":{\"@id\":\"https:\/\/www.locationencorse.eu\/blog\/#website\"},\"datePublished\":\"2014-01-15T06:59:12+00:00\",\"dateModified\":\"2022-02-03T20:26:22+00:00\",\"author\":{\"@id\":\"https:\/\/www.locationencorse.eu\/blog\/#\/schema\/person\/4aa76a779067073b7500fdabe0a4a51c\"},\"breadcrumb\":{\"@id\":\"https:\/\/www.locationencorse.eu\/blog\/calvi-4\/#breadcrumb\"},\"inLanguage\":\"fr-FR\",\"potentialAction\":[{\"@type\":\"ReadAction\",\"target\":[\"https:\/\/www.locationencorse.eu\/blog\/calvi-4\/\"]}]},{\"@type\":\"BreadcrumbList\",\"@id\":\"https:\/\/www.locationencorse.eu\/blog\/calvi-4\/#breadcrumb\",\"itemListElement\":[{\"@type\":\"ListItem\",\"position\":1,\"name\":\"Accueil\",\"item\":\"https:\/\/www.locationencorse.eu\/blog\/\"},{\"@type\":\"ListItem\",\"position\":2,\"name\":\"Calvi vu par Mich\u00e8le S\"}]},{\"@type\":\"WebSite\",\"@id\":\"https:\/\/www.locationencorse.eu\/blog\/#website\",\"url\":\"https:\/\/www.locationencorse.eu\/blog\/\",\"name\":\"La Corse\",\"description\":\"Vacances en Corse sur \u00cele de beaut\u00e9\",\"potentialAction\":[{\"@type\":\"SearchAction\",\"target\":{\"@type\":\"EntryPoint\",\"urlTemplate\":\"https:\/\/www.locationencorse.eu\/blog\/?s={search_term_string}\"},\"query-input\":\"required name=search_term_string\"}],\"inLanguage\":\"fr-FR\"},{\"@type\":\"Person\",\"@id\":\"https:\/\/www.locationencorse.eu\/blog\/#\/schema\/person\/4aa76a779067073b7500fdabe0a4a51c\",\"name\":\"Newchallenge\",\"image\":{\"@type\":\"ImageObject\",\"inLanguage\":\"fr-FR\",\"@id\":\"https:\/\/www.locationencorse.eu\/blog\/#\/schema\/person\/image\/\",\"url\":\"https:\/\/secure.gravatar.com\/avatar\/ad5f2a69d252f48179a77d3cb09e1fa7?s=96&r=g\",\"contentUrl\":\"https:\/\/secure.gravatar.com\/avatar\/ad5f2a69d252f48179a77d3cb09e1fa7?s=96&r=g\",\"caption\":\"Newchallenge\"},\"sameAs\":[\"http:\/\/www.locationencorse.eu\",\"https:\/\/www.facebook.com\/locationencorse.eu\/\"],\"url\":\"https:\/\/www.locationencorse.eu\/blog\/author\/martinenewchallenge-fr\/\"}]}<\/script>\n<!-- \/ Yoast SEO plugin. -->","yoast_head_json":{"title":"Calvi vu par Mich\u00e8le S - La Corse","robots":{"index":"index","follow":"follow","max-snippet":"max-snippet:-1","max-image-preview":"max-image-preview:large","max-video-preview":"max-video-preview:-1"},"canonical":"https:\/\/www.locationencorse.eu\/blog\/calvi-4\/","og_locale":"fr_FR","og_type":"article","og_title":"Calvi vu par Mich\u00e8le S - La Corse","og_description":"Calvi:&nbsp;&nbsp; Douceur et soleil sont au menu de la Corse, Sans omettre un patrimoine culturel important et des sites de toute beaut\u00e9. De quoi en mettre plein la vue aux touristes de passage. Calvi, qui est situ\u00e9e au Nord Ouest &hellip; Continuer la lecture &rarr;","og_url":"https:\/\/www.locationencorse.eu\/blog\/calvi-4\/","og_site_name":"La Corse","article_author":"https:\/\/www.facebook.com\/locationencorse.eu\/","article_published_time":"2014-01-15T06:59:12+00:00","article_modified_time":"2022-02-03T20:26:22+00:00","og_image":[{"url":"https:\/\/www.locationencorse.eu\/blog\/wp-content\/uploads\/2014\/01\/Calvi.jpg"}],"author":"Newchallenge","twitter_misc":{"\u00c9crit par":"Newchallenge","Dur\u00e9e de lecture estim\u00e9e":"2 minutes"},"schema":{"@context":"https:\/\/schema.org","@graph":[{"@type":"WebPage","@id":"https:\/\/www.locationencorse.eu\/blog\/calvi-4\/","url":"https:\/\/www.locationencorse.eu\/blog\/calvi-4\/","name":"Calvi vu par Mich\u00e8le S - La Corse","isPartOf":{"@id":"https:\/\/www.locationencorse.eu\/blog\/#website"},"datePublished":"2014-01-15T06:59:12+00:00","dateModified":"2022-02-03T20:26:22+00:00","author":{"@id":"https:\/\/www.locationencorse.eu\/blog\/#\/schema\/person\/4aa76a779067073b7500fdabe0a4a51c"},"breadcrumb":{"@id":"https:\/\/www.locationencorse.eu\/blog\/calvi-4\/#breadcrumb"},"inLanguage":"fr-FR","potentialAction":[{"@type":"ReadAction","target":["https:\/\/www.locationencorse.eu\/blog\/calvi-4\/"]}]},{"@type":"BreadcrumbList","@id":"https:\/\/www.locationencorse.eu\/blog\/calvi-4\/#breadcrumb","itemListElement":[{"@type":"ListItem","position":1,"name":"Accueil","item":"https:\/\/www.locationencorse.eu\/blog\/"},{"@type":"ListItem","position":2,"name":"Calvi vu par Mich\u00e8le S"}]},{"@type":"WebSite","@id":"https:\/\/www.locationencorse.eu\/blog\/#website","url":"https:\/\/www.locationencorse.eu\/blog\/","name":"La Corse","description":"Vacances en Corse sur \u00cele de beaut\u00e9","potentialAction":[{"@type":"SearchAction","target":{"@type":"EntryPoint","urlTemplate":"https:\/\/www.locationencorse.eu\/blog\/?s={search_term_string}"},"query-input":"required name=search_term_string"}],"inLanguage":"fr-FR"},{"@type":"Person","@id":"https:\/\/www.locationencorse.eu\/blog\/#\/schema\/person\/4aa76a779067073b7500fdabe0a4a51c","name":"Newchallenge","image":{"@type":"ImageObject","inLanguage":"fr-FR","@id":"https:\/\/www.locationencorse.eu\/blog\/#\/schema\/person\/image\/","url":"https:\/\/secure.gravatar.com\/avatar\/ad5f2a69d252f48179a77d3cb09e1fa7?s=96&r=g","contentUrl":"https:\/\/secure.gravatar.com\/avatar\/ad5f2a69d252f48179a77d3cb09e1fa7?s=96&r=g","caption":"Newchallenge"},"sameAs":["http:\/\/www.locationencorse.eu","https:\/\/www.facebook.com\/locationencorse.eu\/"],"url":"https:\/\/www.locationencorse.eu\/blog\/author\/martinenewchallenge-fr\/"}]}},"jetpack_featured_media_url":"","_links":{"self":[{"href":"https:\/\/www.locationencorse.eu\/blog\/wp-json\/wp\/v2\/posts\/393"}],"collection":[{"href":"https:\/\/www.locationencorse.eu\/blog\/wp-json\/wp\/v2\/posts"}],"about":[{"href":"https:\/\/www.locationencorse.eu\/blog\/wp-json\/wp\/v2\/types\/post"}],"author":[{"embeddable":true,"href":"https:\/\/www.locationencorse.eu\/blog\/wp-json\/wp\/v2\/users\/2"}],"replies":[{"embeddable":true,"href":"https:\/\/www.locationencorse.eu\/blog\/wp-json\/wp\/v2\/comments?post=393"}],"version-history":[{"count":25,"href":"https:\/\/www.locationencorse.eu\/blog\/wp-json\/wp\/v2\/posts\/393\/revisions"}],"predecessor-version":[{"id":8009,"href":"https:\/\/www.locationencorse.eu\/blog\/wp-json\/wp\/v2\/posts\/393\/revisions\/8009"}],"wp:attachment":[{"href":"https:\/\/www.locationencorse.eu\/blog\/wp-json\/wp\/v2\/media?parent=393"}],"wp:term":[{"taxonomy":"category","embeddable":true,"href":"https:\/\/www.locationencorse.eu\/blog\/wp-json\/wp\/v2\/categories?post=393"},{"taxonomy":"post_tag","embeddable":true,"href":"https:\/\/www.locationencorse.eu\/blog\/wp-json\/wp\/v2\/tags?post=393"}],"curies":[{"name":"wp","href":"https:\/\/api.w.org\/{rel}","templated":true}]}}