{"id":3882,"date":"2014-04-17T12:10:29","date_gmt":"2014-04-17T10:10:29","guid":{"rendered":"http:\/\/www.locationencorse.eu\/blog\/?p=3882"},"modified":"2022-04-27T18:56:02","modified_gmt":"2022-04-27T16:56:02","slug":"beautes-interieures-corse-du-sud","status":"publish","type":"post","link":"https:\/\/www.locationencorse.eu\/blog\/beautes-interieures-corse-du-sud\/","title":{"rendered":"Beaut\u00e9s int\u00e9rieures de la Corse du Sud"},"content":{"rendered":"<p>Il faudra songer \u00e0 d\u00e9couvrir l\u2019int\u00e9rieur de la Corse du sud, r\u00e9gion qui ne manque pas de ressources\u2026 et monter car d\u00e8s que l\u2019on rentre dans les terres, on monte.. Et le nom de la r\u00e9gion de l\u2019Alta Rocca (la Haute Rocca) n\u2019est pas sans l\u2019\u00e9voquer.<\/p>\n<p>Suivre le petit torrent le Cavu et d\u00e9couvrir ses piscines naturelles, s\u2019aventurer dans la for\u00eat de l\u2019Osp\u00e9dale attir\u00e9 par la fraicheur de ses pins laricio, changer d\u2019univers en quelques kilom\u00e8tres, tels sont les privil\u00e8ges de la Corse et particuli\u00e8rement l\u2019<a href=\"https:\/\/hoteliercorse.com\/hotels-corse-du-sud\/\">extr\u00eame Sud<\/a>. On peut pousser jusqu\u2019au magnifique massif de Bavella, dont les aiguilles offrent des sites de randonn\u00e9e et d\u2019escalade de grande renomm\u00e9e. Les passionn\u00e9s de randonn\u00e9e, suivront les sentiers qui m\u00e8nent \u00e0 la cascade \u00ab&nbsp;A Piscia di ghjaddu&nbsp;\u00bb, \u00e0 la \u00ab&nbsp;Punta di a Vacca Morta&nbsp;\u00bb au massif du Cuscione ou \u00e0 celui de Bavella&nbsp;; On peut aussi se diriger vers Quenza, Zonza, Levie et tous les petits villages qui les entourent en qu\u00eate d\u2019un patrimoine d\u2019un patrimoine \u00e9tonnant qui s\u2019\u00e9tend de la pr\u00e9histoire \u00e0 nos jours. A Quenza, les agents du Parc Naturel R\u00e9gional Corse g\u00e8rent les enclos dans lesquels \u00e9voluent les cerfs r\u00e9introduits en Corse. A Zonza, entre autres tr\u00e9sors, se cache le plus haut hippodrome d\u2019Europe. A Levie, un mus\u00e9 d\u2019arch\u00e9ologie pr\u00e9historique ultramoderne abrite <a href=\"http:\/\/www.locationencorse.eu\/blog\/beautes-interieures-corse-du-sud\/dame-de-bonifacio\/\" rel=\"attachment wp-att-3886\"><img decoding=\"async\" loading=\"lazy\" class=\"alignright size-medium wp-image-3886\" src=\"http:\/\/www.locationencorse.eu\/blog\/wp-content\/uploads\/2014\/04\/dame-de-bonifacio-400x191.jpg\" alt=\"dame de bonifacio\" width=\"400\" height=\"191\" srcset=\"https:\/\/www.locationencorse.eu\/blog\/wp-content\/uploads\/2014\/04\/dame-de-bonifacio-400x191.jpg 400w, https:\/\/www.locationencorse.eu\/blog\/wp-content\/uploads\/2014\/04\/dame-de-bonifacio-750x358.jpg 750w, https:\/\/www.locationencorse.eu\/blog\/wp-content\/uploads\/2014\/04\/dame-de-bonifacio.jpg 843w\" sizes=\"(max-width: 400px) 100vw, 400px\" \/><\/a>les objets mis au jour au cours des fouilles des sites de <a title=\"cucuruzzu\" href=\"http:\/\/www.locationencorse.eu\/blog\/les-sites-prehistoriques-du-plateau-cauria\/\" target=\"_blank\" rel=\"noopener\">Cucuruzzu<\/a> et Capula mais aussi de la c\u00e9l\u00e8bre <strong>dame de Bonifacio<\/strong> d\u00e9couverte dans l\u2019abri d\u2019Araguina Serrola, une grotte de Bonifacio. Le mus\u00e9e d\u00e9partemental permet de d\u00e9couvrir les secrets du mode de vie des pr\u00e9historiques avant de se rendre sur les deux principaux sites de la r\u00e9gion. Entre randonn\u00e9e et promenade culturelle, la boucle qui permet de visiter Cucuruzzu et Capula est particuli\u00e8rement agr\u00e9able. Ombrag\u00e9e et douce en d\u00e9nivel\u00e9s, elle permet des bords dans le temps et commen\u00e7ant par le casteddu de Cucuruzzu, un village protohistorique construit au Bronze ancien vers 1800 avant J\u00e9sus Christ pour finir par le casteddu de Capula ou l\u2019on trouve les vestiges d\u2019une construction m\u00e9di\u00e9vale.<\/p>\n<p>L\u2019importance de l\u2019histoire pr\u00e9historique de l\u2019Alta Rocca est perceptible au nombre de panneaux qui indiquent des sites, dolmens ou menhirs et l\u2019abri sous roche de Paccionitoli. Mais l\u2019Alta Rocca est aussi une terre des seigneurs et de destins tragiques. Arriv\u00e9 \u00e0 Carbini, pr\u00e8s de l\u2019\u00e9glise <a title=\"San Giovanni Battista Carbini\" href=\"http:\/\/www.locationencorse.eu\/blog\/san-giovanni-battista-carbini\/\">San Giovanni Battista<\/a>, on se fera raconter l\u2019histoire des Giovannali , ce groupe de croyants, un rien mystiques et non-violents, qui d\u00e9fi\u00e8rent l\u2019autorit\u00e9 du Pape en d\u00e9non\u00e7ant le faste et les richesses de l\u2019Eglise. Ils furent excommuni\u00e9s et massacr\u00e9s.<\/p>\n<p>Plus loin Sainte Lucie rec\u00e8le des histoires moins cruelles et un joli patrimoine parmi lequel un magnifique couvent Saint Fran\u00e7ois fond\u00e9 en 1492 par Rinucciu de la Rocca. On y admire le superbe retable de la Crucifixion attribu\u00e9 \u00e0 l\u2019\u00e9cole du ma\u00eetre de Castelsardo. A Casa Turra est aussi une curiosit\u00e9. Cette tour de d\u00e9fense carr\u00e9e probablement du XVIe si\u00e8cle et class\u00e9e monument historique accueillait les habitants de Sainte Lucie en cas de danger.<\/p>\n<p><a href=\"http:\/\/www.locationencorse.eu\/blog\/beautes-interieures-corse-du-sud\/moulin\/\" rel=\"attachment wp-att-3890\"><img decoding=\"async\" loading=\"lazy\" class=\"alignleft size-medium wp-image-3890\" src=\"http:\/\/www.locationencorse.eu\/blog\/wp-content\/uploads\/2014\/04\/moulin-321x400.jpg\" alt=\"moulin\" width=\"321\" height=\"400\" srcset=\"https:\/\/www.locationencorse.eu\/blog\/wp-content\/uploads\/2014\/04\/moulin-321x400.jpg 321w, https:\/\/www.locationencorse.eu\/blog\/wp-content\/uploads\/2014\/04\/moulin.jpg 580w\" sizes=\"(max-width: 321px) 100vw, 321px\" \/><\/a>Aujourd\u2019hui <a title=\"Sainte Lucie de Tallano\" href=\"http:\/\/www.locationencorse.eu\/blog\/sainte-lucie-tallano\/\" target=\"_blank\" rel=\"noopener\">Sainte Lucie de Tallano&nbsp;<\/a>se tourne vers un autre patrimoine ancestral, celui des oliviers. Le <strong>moulin \u00e0 huile d\u2019olive<\/strong> a \u00e9t\u00e9 transform\u00e9 en v\u00e9ritable petit mus\u00e9e et chaque ann\u00e9e en mars , A Fiera di l\u2019Olivu Novu ,&nbsp;la F\u00eate de l\u2019huile d\u2019olive nouvelle est organis\u00e9e. Le village s\u2019anime encore davantage.<\/p>\n<p>&nbsp;<\/p>\n<p>&nbsp;<\/p>\n<p>Non loin et toujours sur la commune de Sainte Lucie de Tallano, les <strong>bains de Caldane<\/strong> offrent leur long bassin rectangulaire et \u00e0 ciel ouvert \u00e0 tous ceux qui d\u00e9sirent se d\u00e9tendre ou lutter contre les probl\u00e8mes dermatologiques ou rhumatismaux. L&rsquo;eau, l\u00e9g\u00e8rement sulfureuse, jaillit au centre du bassin de granite \u00e0 une temp\u00e9rature de trente-huit degr\u00e9s Celsius, et \u00e0 un d\u00e9bit de huit mille litres \u00e0 l&rsquo;heure. Depuis des si\u00e8cles, les habitants de la petite r\u00e9gion viennent s&rsquo;y soigner.<\/p>\n<p><a href=\"http:\/\/www.locationencorse.eu\/blog\/wp-content\/uploads\/2014\/04\/BAIN.jpg\" data-rel=\"lightbox-image-0\" data-rl_title=\"\" data-rl_caption=\"\" title=\"\"><img decoding=\"async\" loading=\"lazy\" class=\"aligncenter size-medium wp-image-3893\" src=\"http:\/\/www.locationencorse.eu\/blog\/wp-content\/uploads\/2014\/04\/BAIN-336x400.jpg\" alt=\"BAIN\" width=\"336\" height=\"400\" srcset=\"https:\/\/www.locationencorse.eu\/blog\/wp-content\/uploads\/2014\/04\/BAIN-336x400.jpg 336w, https:\/\/www.locationencorse.eu\/blog\/wp-content\/uploads\/2014\/04\/BAIN.jpg 419w\" sizes=\"(max-width: 336px) 100vw, 336px\" \/><\/a><\/p>\n<p>N&rsquo;oubliez pas de visiter l&rsquo;int\u00e9rieur de la Corse du Sud lors de vos <a title=\"location corse du sud\" href=\"http:\/\/www.locationencorse.eu\" target=\"_blank\" rel=\"noopener\">vacances corse<\/a>, vous ne serez pas d\u00e9\u00e7us<\/p>\n<!-- AddThis Advanced Settings generic via filter on the_content --><!-- AddThis Share Buttons generic via filter on the_content -->","protected":false},"excerpt":{"rendered":"<p>Il faudra songer \u00e0 d\u00e9couvrir l\u2019int\u00e9rieur de la Corse du sud, r\u00e9gion qui ne manque pas de ressources\u2026 et monter car d\u00e8s que l\u2019on rentre dans les terres, on monte.. Et le nom de la r\u00e9gion de l\u2019Alta Rocca (la &hellip; <a href=\"https:\/\/www.locationencorse.eu\/blog\/beautes-interieures-corse-du-sud\/\">Continuer la lecture <span class=\"meta-nav\">&rarr;<\/span><\/a><!-- AddThis Advanced Settings generic via filter on get_the_excerpt --><!-- AddThis Share Buttons generic via filter on get_the_excerpt --><\/p>\n","protected":false},"author":2,"featured_media":0,"comment_status":"open","ping_status":"open","sticky":false,"template":"","format":"standard","meta":{"_mi_skip_tracking":false,"_monsterinsights_sitenote_active":false,"_monsterinsights_sitenote_note":"","_monsterinsights_sitenote_category":0,"ngg_post_thumbnail":0,"footnotes":""},"categories":[8,168],"tags":[96,254],"yoast_head":"<!-- This site is optimized with the Yoast SEO plugin v21.1 - https:\/\/yoast.com\/wordpress\/plugins\/seo\/ -->\n<title>Beaut\u00e9s int\u00e9rieures de la Corse du Sud - La Corse<\/title>\n<meta name=\"description\" content=\"Il faudra songer \u00e0 d\u00e9couvrir l\u2019int\u00e9rieur de la Corse du sud, r\u00e9gion qui ne manque pas de ressources\u2026 et monter car d\u00e8s que l\u2019on rentre dans les terres on sarrette \u00e0 chaque virage pour faire une photo.\" \/>\n<meta name=\"robots\" content=\"index, follow, max-snippet:-1, max-image-preview:large, max-video-preview:-1\" \/>\n<link rel=\"canonical\" href=\"https:\/\/www.locationencorse.eu\/blog\/beautes-interieures-corse-du-sud\/\" \/>\n<meta property=\"og:locale\" content=\"fr_FR\" \/>\n<meta property=\"og:type\" content=\"article\" \/>\n<meta property=\"og:title\" content=\"Beaut\u00e9s int\u00e9rieures de la Corse du Sud - La Corse\" \/>\n<meta property=\"og:description\" content=\"Il faudra songer \u00e0 d\u00e9couvrir l\u2019int\u00e9rieur de la Corse du sud, r\u00e9gion qui ne manque pas de ressources\u2026 et monter car d\u00e8s que l\u2019on rentre dans les terres on sarrette \u00e0 chaque virage pour faire une photo.\" \/>\n<meta property=\"og:url\" content=\"https:\/\/www.locationencorse.eu\/blog\/beautes-interieures-corse-du-sud\/\" \/>\n<meta property=\"og:site_name\" content=\"La Corse\" \/>\n<meta property=\"article:author\" content=\"https:\/\/www.facebook.com\/locationencorse.eu\/\" \/>\n<meta property=\"article:published_time\" content=\"2014-04-17T10:10:29+00:00\" \/>\n<meta property=\"article:modified_time\" content=\"2022-04-27T16:56:02+00:00\" \/>\n<meta property=\"og:image\" content=\"http:\/\/www.locationencorse.eu\/blog\/wp-content\/uploads\/2014\/04\/dame-de-bonifacio-400x191.jpg\" \/>\n<meta name=\"author\" content=\"Newchallenge\" \/>\n<meta name=\"twitter:label1\" content=\"\u00c9crit par\" \/>\n\t<meta name=\"twitter:data1\" content=\"Newchallenge\" \/>\n\t<meta name=\"twitter:label2\" content=\"Dur\u00e9e de lecture estim\u00e9e\" \/>\n\t<meta name=\"twitter:data2\" content=\"4 minutes\" \/>\n<script type=\"application\/ld+json\" class=\"yoast-schema-graph\">{\"@context\":\"https:\/\/schema.org\",\"@graph\":[{\"@type\":\"WebPage\",\"@id\":\"https:\/\/www.locationencorse.eu\/blog\/beautes-interieures-corse-du-sud\/\",\"url\":\"https:\/\/www.locationencorse.eu\/blog\/beautes-interieures-corse-du-sud\/\",\"name\":\"Beaut\u00e9s int\u00e9rieures de la Corse du Sud - La Corse\",\"isPartOf\":{\"@id\":\"https:\/\/www.locationencorse.eu\/blog\/#website\"},\"datePublished\":\"2014-04-17T10:10:29+00:00\",\"dateModified\":\"2022-04-27T16:56:02+00:00\",\"author\":{\"@id\":\"https:\/\/www.locationencorse.eu\/blog\/#\/schema\/person\/4aa76a779067073b7500fdabe0a4a51c\"},\"description\":\"Il faudra songer \u00e0 d\u00e9couvrir l\u2019int\u00e9rieur de la Corse du sud, r\u00e9gion qui ne manque pas de ressources\u2026 et monter car d\u00e8s que l\u2019on rentre dans les terres on sarrette \u00e0 chaque virage pour faire une photo.\",\"breadcrumb\":{\"@id\":\"https:\/\/www.locationencorse.eu\/blog\/beautes-interieures-corse-du-sud\/#breadcrumb\"},\"inLanguage\":\"fr-FR\",\"potentialAction\":[{\"@type\":\"ReadAction\",\"target\":[\"https:\/\/www.locationencorse.eu\/blog\/beautes-interieures-corse-du-sud\/\"]}]},{\"@type\":\"BreadcrumbList\",\"@id\":\"https:\/\/www.locationencorse.eu\/blog\/beautes-interieures-corse-du-sud\/#breadcrumb\",\"itemListElement\":[{\"@type\":\"ListItem\",\"position\":1,\"name\":\"Accueil\",\"item\":\"https:\/\/www.locationencorse.eu\/blog\/\"},{\"@type\":\"ListItem\",\"position\":2,\"name\":\"Beaut\u00e9s int\u00e9rieures de la Corse du Sud\"}]},{\"@type\":\"WebSite\",\"@id\":\"https:\/\/www.locationencorse.eu\/blog\/#website\",\"url\":\"https:\/\/www.locationencorse.eu\/blog\/\",\"name\":\"La Corse\",\"description\":\"Vacances en Corse sur \u00cele de beaut\u00e9\",\"potentialAction\":[{\"@type\":\"SearchAction\",\"target\":{\"@type\":\"EntryPoint\",\"urlTemplate\":\"https:\/\/www.locationencorse.eu\/blog\/?s={search_term_string}\"},\"query-input\":\"required name=search_term_string\"}],\"inLanguage\":\"fr-FR\"},{\"@type\":\"Person\",\"@id\":\"https:\/\/www.locationencorse.eu\/blog\/#\/schema\/person\/4aa76a779067073b7500fdabe0a4a51c\",\"name\":\"Newchallenge\",\"image\":{\"@type\":\"ImageObject\",\"inLanguage\":\"fr-FR\",\"@id\":\"https:\/\/www.locationencorse.eu\/blog\/#\/schema\/person\/image\/\",\"url\":\"https:\/\/secure.gravatar.com\/avatar\/ad5f2a69d252f48179a77d3cb09e1fa7?s=96&r=g\",\"contentUrl\":\"https:\/\/secure.gravatar.com\/avatar\/ad5f2a69d252f48179a77d3cb09e1fa7?s=96&r=g\",\"caption\":\"Newchallenge\"},\"sameAs\":[\"http:\/\/www.locationencorse.eu\",\"https:\/\/www.facebook.com\/locationencorse.eu\/\"],\"url\":\"https:\/\/www.locationencorse.eu\/blog\/author\/martinenewchallenge-fr\/\"}]}<\/script>\n<!-- \/ Yoast SEO plugin. -->","yoast_head_json":{"title":"Beaut\u00e9s int\u00e9rieures de la Corse du Sud - La Corse","description":"Il faudra songer \u00e0 d\u00e9couvrir l\u2019int\u00e9rieur de la Corse du sud, r\u00e9gion qui ne manque pas de ressources\u2026 et monter car d\u00e8s que l\u2019on rentre dans les terres on sarrette \u00e0 chaque virage pour faire une photo.","robots":{"index":"index","follow":"follow","max-snippet":"max-snippet:-1","max-image-preview":"max-image-preview:large","max-video-preview":"max-video-preview:-1"},"canonical":"https:\/\/www.locationencorse.eu\/blog\/beautes-interieures-corse-du-sud\/","og_locale":"fr_FR","og_type":"article","og_title":"Beaut\u00e9s int\u00e9rieures de la Corse du Sud - La Corse","og_description":"Il faudra songer \u00e0 d\u00e9couvrir l\u2019int\u00e9rieur de la Corse du sud, r\u00e9gion qui ne manque pas de ressources\u2026 et monter car d\u00e8s que l\u2019on rentre dans les terres on sarrette \u00e0 chaque virage pour faire une photo.","og_url":"https:\/\/www.locationencorse.eu\/blog\/beautes-interieures-corse-du-sud\/","og_site_name":"La Corse","article_author":"https:\/\/www.facebook.com\/locationencorse.eu\/","article_published_time":"2014-04-17T10:10:29+00:00","article_modified_time":"2022-04-27T16:56:02+00:00","og_image":[{"url":"http:\/\/www.locationencorse.eu\/blog\/wp-content\/uploads\/2014\/04\/dame-de-bonifacio-400x191.jpg"}],"author":"Newchallenge","twitter_misc":{"\u00c9crit par":"Newchallenge","Dur\u00e9e de lecture estim\u00e9e":"4 minutes"},"schema":{"@context":"https:\/\/schema.org","@graph":[{"@type":"WebPage","@id":"https:\/\/www.locationencorse.eu\/blog\/beautes-interieures-corse-du-sud\/","url":"https:\/\/www.locationencorse.eu\/blog\/beautes-interieures-corse-du-sud\/","name":"Beaut\u00e9s int\u00e9rieures de la Corse du Sud - La Corse","isPartOf":{"@id":"https:\/\/www.locationencorse.eu\/blog\/#website"},"datePublished":"2014-04-17T10:10:29+00:00","dateModified":"2022-04-27T16:56:02+00:00","author":{"@id":"https:\/\/www.locationencorse.eu\/blog\/#\/schema\/person\/4aa76a779067073b7500fdabe0a4a51c"},"description":"Il faudra songer \u00e0 d\u00e9couvrir l\u2019int\u00e9rieur de la Corse du sud, r\u00e9gion qui ne manque pas de ressources\u2026 et monter car d\u00e8s que l\u2019on rentre dans les terres on sarrette \u00e0 chaque virage pour faire une photo.","breadcrumb":{"@id":"https:\/\/www.locationencorse.eu\/blog\/beautes-interieures-corse-du-sud\/#breadcrumb"},"inLanguage":"fr-FR","potentialAction":[{"@type":"ReadAction","target":["https:\/\/www.locationencorse.eu\/blog\/beautes-interieures-corse-du-sud\/"]}]},{"@type":"BreadcrumbList","@id":"https:\/\/www.locationencorse.eu\/blog\/beautes-interieures-corse-du-sud\/#breadcrumb","itemListElement":[{"@type":"ListItem","position":1,"name":"Accueil","item":"https:\/\/www.locationencorse.eu\/blog\/"},{"@type":"ListItem","position":2,"name":"Beaut\u00e9s int\u00e9rieures de la Corse du Sud"}]},{"@type":"WebSite","@id":"https:\/\/www.locationencorse.eu\/blog\/#website","url":"https:\/\/www.locationencorse.eu\/blog\/","name":"La Corse","description":"Vacances en Corse sur \u00cele de beaut\u00e9","potentialAction":[{"@type":"SearchAction","target":{"@type":"EntryPoint","urlTemplate":"https:\/\/www.locationencorse.eu\/blog\/?s={search_term_string}"},"query-input":"required name=search_term_string"}],"inLanguage":"fr-FR"},{"@type":"Person","@id":"https:\/\/www.locationencorse.eu\/blog\/#\/schema\/person\/4aa76a779067073b7500fdabe0a4a51c","name":"Newchallenge","image":{"@type":"ImageObject","inLanguage":"fr-FR","@id":"https:\/\/www.locationencorse.eu\/blog\/#\/schema\/person\/image\/","url":"https:\/\/secure.gravatar.com\/avatar\/ad5f2a69d252f48179a77d3cb09e1fa7?s=96&r=g","contentUrl":"https:\/\/secure.gravatar.com\/avatar\/ad5f2a69d252f48179a77d3cb09e1fa7?s=96&r=g","caption":"Newchallenge"},"sameAs":["http:\/\/www.locationencorse.eu","https:\/\/www.facebook.com\/locationencorse.eu\/"],"url":"https:\/\/www.locationencorse.eu\/blog\/author\/martinenewchallenge-fr\/"}]}},"jetpack_featured_media_url":"","_links":{"self":[{"href":"https:\/\/www.locationencorse.eu\/blog\/wp-json\/wp\/v2\/posts\/3882"}],"collection":[{"href":"https:\/\/www.locationencorse.eu\/blog\/wp-json\/wp\/v2\/posts"}],"about":[{"href":"https:\/\/www.locationencorse.eu\/blog\/wp-json\/wp\/v2\/types\/post"}],"author":[{"embeddable":true,"href":"https:\/\/www.locationencorse.eu\/blog\/wp-json\/wp\/v2\/users\/2"}],"replies":[{"embeddable":true,"href":"https:\/\/www.locationencorse.eu\/blog\/wp-json\/wp\/v2\/comments?post=3882"}],"version-history":[{"count":17,"href":"https:\/\/www.locationencorse.eu\/blog\/wp-json\/wp\/v2\/posts\/3882\/revisions"}],"predecessor-version":[{"id":8105,"href":"https:\/\/www.locationencorse.eu\/blog\/wp-json\/wp\/v2\/posts\/3882\/revisions\/8105"}],"wp:attachment":[{"href":"https:\/\/www.locationencorse.eu\/blog\/wp-json\/wp\/v2\/media?parent=3882"}],"wp:term":[{"taxonomy":"category","embeddable":true,"href":"https:\/\/www.locationencorse.eu\/blog\/wp-json\/wp\/v2\/categories?post=3882"},{"taxonomy":"post_tag","embeddable":true,"href":"https:\/\/www.locationencorse.eu\/blog\/wp-json\/wp\/v2\/tags?post=3882"}],"curies":[{"name":"wp","href":"https:\/\/api.w.org\/{rel}","templated":true}]}}