{"id":387,"date":"2014-01-15T07:09:15","date_gmt":"2014-01-15T06:09:15","guid":{"rendered":"http:\/\/www.locationencorse.eu\/blog\/?p=387"},"modified":"2014-03-17T18:16:42","modified_gmt":"2014-03-17T17:16:42","slug":"veau","status":"publish","type":"post","link":"https:\/\/www.locationencorse.eu\/blog\/veau\/","title":{"rendered":"Veau aux olives vertes"},"content":{"rendered":"<p><strong><span style=\"color: #ff6600;\">Veau aux olives vertes<\/span><\/strong>: Le veau \u00e0 la corse aux olives vertes est typique et un plat phare de l\u2019ile de beaut\u00e9.<\/p>\n<ul>\n<li>1 kg de viande de veau,du jarret avec os, de l&rsquo;\u00e9paule en petit morceaux<\/li>\n<li>1 oignon de l&rsquo;ail hach\u00e9<\/li>\n<li>3 cuill\u00e8res \u00e0 soupe de concentr\u00e9 de tomate<\/li>\n<li>1\/2l de vin rouge corse<\/li>\n<li>1 bocal d&rsquo;olives d\u00e9noyaut\u00e9es vertes<\/li>\n<li>thym, laurier sel et poivre<\/li>\n<\/ul>\n<p>La recette.<\/p>\n<p>Mettre un peu d&rsquo;huile dans une sauteuse sur feu vif. \u00a0Saisir la viande de tous les c\u00f4t\u00e9s en retournant les morceaux. \u00a0Faire revenir la viande. \u00a0La r\u00e9server sur une assiette. \u00a0Hacher l&rsquo;oignon et ajouter l&rsquo;ail. \u00a0Faire revenir l&rsquo;ensemble dans les sucs de la viande. \u00a0Lorsque tout est bien dor\u00e9, remettre la viande. \u00a0Ajouter le concentr\u00e9 de tomate dilu\u00e9 dans le vin rouge. \u00a0Laisser \u00e9vaporer le vin, cela prend un certain temps. \u00a0Verser de l&rsquo;eau pour couvrir la viande. \u00a0Ajouter le thym, le laurier, le sel et le poivre. \u00a0Laisser cuire \u00e0 feu doux une heure en surveillant.<\/p>\n<p>Bon app\u00e9tit.<\/p>\n<p>La recette\u00a0accompagn\u00e9e d&rsquo;un bon <a title=\"Sur la route des vins en Balagne\" href=\"http:\/\/www.locationencorse.eu\/blog\/route-vins-en-balagne\/\" target=\"_blank\">vin de Balagne<\/a><\/p>\n<p>&nbsp;<\/p>\n<!-- AddThis Advanced Settings generic via filter on the_content --><!-- AddThis Share Buttons generic via filter on the_content -->","protected":false},"excerpt":{"rendered":"<p>Veau aux olives vertes: Le veau \u00e0 la corse aux olives vertes est typique et un plat phare de l\u2019ile de beaut\u00e9. 1 kg de viande de veau,du jarret avec os, de l&rsquo;\u00e9paule en petit morceaux 1 oignon de l&rsquo;ail &hellip; <a href=\"https:\/\/www.locationencorse.eu\/blog\/veau\/\">Continuer la lecture <span class=\"meta-nav\">&rarr;<\/span><\/a><!-- AddThis Advanced Settings generic via filter on get_the_excerpt --><!-- AddThis Share Buttons generic via filter on get_the_excerpt --><\/p>\n","protected":false},"author":2,"featured_media":0,"comment_status":"open","ping_status":"open","sticky":false,"template":"","format":"standard","meta":{"_mi_skip_tracking":false,"_monsterinsights_sitenote_active":false,"_monsterinsights_sitenote_note":"","_monsterinsights_sitenote_category":0,"ngg_post_thumbnail":0,"footnotes":""},"categories":[12,182],"tags":[17],"yoast_head":"<!-- This site is optimized with the Yoast SEO plugin v21.1 - https:\/\/yoast.com\/wordpress\/plugins\/seo\/ -->\n<title>Veau aux olives vertes - La Corse<\/title>\n<meta name=\"robots\" content=\"index, follow, max-snippet:-1, max-image-preview:large, max-video-preview:-1\" \/>\n<link rel=\"canonical\" href=\"https:\/\/www.locationencorse.eu\/blog\/veau\/\" \/>\n<meta property=\"og:locale\" content=\"fr_FR\" \/>\n<meta property=\"og:type\" content=\"article\" \/>\n<meta property=\"og:title\" content=\"Veau aux olives vertes - La Corse\" \/>\n<meta property=\"og:description\" content=\"Veau aux olives vertes: Le veau \u00e0 la corse aux olives vertes est typique et un plat phare de l\u2019ile de beaut\u00e9. 1 kg de viande de veau,du jarret avec os, de l&rsquo;\u00e9paule en petit morceaux 1 oignon de l&rsquo;ail &hellip; Continuer la lecture &rarr;\" \/>\n<meta property=\"og:url\" content=\"https:\/\/www.locationencorse.eu\/blog\/veau\/\" \/>\n<meta property=\"og:site_name\" content=\"La Corse\" \/>\n<meta property=\"article:author\" content=\"https:\/\/www.facebook.com\/locationencorse.eu\/\" \/>\n<meta property=\"article:published_time\" content=\"2014-01-15T06:09:15+00:00\" \/>\n<meta property=\"article:modified_time\" content=\"2014-03-17T17:16:42+00:00\" \/>\n<meta name=\"author\" content=\"Newchallenge\" \/>\n<meta name=\"twitter:label1\" content=\"\u00c9crit par\" \/>\n\t<meta name=\"twitter:data1\" content=\"Newchallenge\" \/>\n\t<meta name=\"twitter:label2\" content=\"Dur\u00e9e de lecture estim\u00e9e\" \/>\n\t<meta name=\"twitter:data2\" content=\"1 minute\" \/>\n<script type=\"application\/ld+json\" class=\"yoast-schema-graph\">{\"@context\":\"https:\/\/schema.org\",\"@graph\":[{\"@type\":\"WebPage\",\"@id\":\"https:\/\/www.locationencorse.eu\/blog\/veau\/\",\"url\":\"https:\/\/www.locationencorse.eu\/blog\/veau\/\",\"name\":\"Veau aux olives vertes - La Corse\",\"isPartOf\":{\"@id\":\"https:\/\/www.locationencorse.eu\/blog\/#website\"},\"datePublished\":\"2014-01-15T06:09:15+00:00\",\"dateModified\":\"2014-03-17T17:16:42+00:00\",\"author\":{\"@id\":\"https:\/\/www.locationencorse.eu\/blog\/#\/schema\/person\/4aa76a779067073b7500fdabe0a4a51c\"},\"breadcrumb\":{\"@id\":\"https:\/\/www.locationencorse.eu\/blog\/veau\/#breadcrumb\"},\"inLanguage\":\"fr-FR\",\"potentialAction\":[{\"@type\":\"ReadAction\",\"target\":[\"https:\/\/www.locationencorse.eu\/blog\/veau\/\"]}]},{\"@type\":\"BreadcrumbList\",\"@id\":\"https:\/\/www.locationencorse.eu\/blog\/veau\/#breadcrumb\",\"itemListElement\":[{\"@type\":\"ListItem\",\"position\":1,\"name\":\"Accueil\",\"item\":\"https:\/\/www.locationencorse.eu\/blog\/\"},{\"@type\":\"ListItem\",\"position\":2,\"name\":\"Veau aux olives vertes\"}]},{\"@type\":\"WebSite\",\"@id\":\"https:\/\/www.locationencorse.eu\/blog\/#website\",\"url\":\"https:\/\/www.locationencorse.eu\/blog\/\",\"name\":\"La Corse\",\"description\":\"Vacances en Corse sur \u00cele de beaut\u00e9\",\"potentialAction\":[{\"@type\":\"SearchAction\",\"target\":{\"@type\":\"EntryPoint\",\"urlTemplate\":\"https:\/\/www.locationencorse.eu\/blog\/?s={search_term_string}\"},\"query-input\":\"required name=search_term_string\"}],\"inLanguage\":\"fr-FR\"},{\"@type\":\"Person\",\"@id\":\"https:\/\/www.locationencorse.eu\/blog\/#\/schema\/person\/4aa76a779067073b7500fdabe0a4a51c\",\"name\":\"Newchallenge\",\"image\":{\"@type\":\"ImageObject\",\"inLanguage\":\"fr-FR\",\"@id\":\"https:\/\/www.locationencorse.eu\/blog\/#\/schema\/person\/image\/\",\"url\":\"https:\/\/secure.gravatar.com\/avatar\/ad5f2a69d252f48179a77d3cb09e1fa7?s=96&r=g\",\"contentUrl\":\"https:\/\/secure.gravatar.com\/avatar\/ad5f2a69d252f48179a77d3cb09e1fa7?s=96&r=g\",\"caption\":\"Newchallenge\"},\"sameAs\":[\"http:\/\/www.locationencorse.eu\",\"https:\/\/www.facebook.com\/locationencorse.eu\/\"],\"url\":\"https:\/\/www.locationencorse.eu\/blog\/author\/martinenewchallenge-fr\/\"}]}<\/script>\n<!-- \/ Yoast SEO plugin. -->","yoast_head_json":{"title":"Veau aux olives vertes - La Corse","robots":{"index":"index","follow":"follow","max-snippet":"max-snippet:-1","max-image-preview":"max-image-preview:large","max-video-preview":"max-video-preview:-1"},"canonical":"https:\/\/www.locationencorse.eu\/blog\/veau\/","og_locale":"fr_FR","og_type":"article","og_title":"Veau aux olives vertes - La Corse","og_description":"Veau aux olives vertes: Le veau \u00e0 la corse aux olives vertes est typique et un plat phare de l\u2019ile de beaut\u00e9. 1 kg de viande de veau,du jarret avec os, de l&rsquo;\u00e9paule en petit morceaux 1 oignon de l&rsquo;ail &hellip; Continuer la lecture &rarr;","og_url":"https:\/\/www.locationencorse.eu\/blog\/veau\/","og_site_name":"La Corse","article_author":"https:\/\/www.facebook.com\/locationencorse.eu\/","article_published_time":"2014-01-15T06:09:15+00:00","article_modified_time":"2014-03-17T17:16:42+00:00","author":"Newchallenge","twitter_misc":{"\u00c9crit par":"Newchallenge","Dur\u00e9e de lecture estim\u00e9e":"1 minute"},"schema":{"@context":"https:\/\/schema.org","@graph":[{"@type":"WebPage","@id":"https:\/\/www.locationencorse.eu\/blog\/veau\/","url":"https:\/\/www.locationencorse.eu\/blog\/veau\/","name":"Veau aux olives vertes - La Corse","isPartOf":{"@id":"https:\/\/www.locationencorse.eu\/blog\/#website"},"datePublished":"2014-01-15T06:09:15+00:00","dateModified":"2014-03-17T17:16:42+00:00","author":{"@id":"https:\/\/www.locationencorse.eu\/blog\/#\/schema\/person\/4aa76a779067073b7500fdabe0a4a51c"},"breadcrumb":{"@id":"https:\/\/www.locationencorse.eu\/blog\/veau\/#breadcrumb"},"inLanguage":"fr-FR","potentialAction":[{"@type":"ReadAction","target":["https:\/\/www.locationencorse.eu\/blog\/veau\/"]}]},{"@type":"BreadcrumbList","@id":"https:\/\/www.locationencorse.eu\/blog\/veau\/#breadcrumb","itemListElement":[{"@type":"ListItem","position":1,"name":"Accueil","item":"https:\/\/www.locationencorse.eu\/blog\/"},{"@type":"ListItem","position":2,"name":"Veau aux olives vertes"}]},{"@type":"WebSite","@id":"https:\/\/www.locationencorse.eu\/blog\/#website","url":"https:\/\/www.locationencorse.eu\/blog\/","name":"La Corse","description":"Vacances en Corse sur \u00cele de beaut\u00e9","potentialAction":[{"@type":"SearchAction","target":{"@type":"EntryPoint","urlTemplate":"https:\/\/www.locationencorse.eu\/blog\/?s={search_term_string}"},"query-input":"required name=search_term_string"}],"inLanguage":"fr-FR"},{"@type":"Person","@id":"https:\/\/www.locationencorse.eu\/blog\/#\/schema\/person\/4aa76a779067073b7500fdabe0a4a51c","name":"Newchallenge","image":{"@type":"ImageObject","inLanguage":"fr-FR","@id":"https:\/\/www.locationencorse.eu\/blog\/#\/schema\/person\/image\/","url":"https:\/\/secure.gravatar.com\/avatar\/ad5f2a69d252f48179a77d3cb09e1fa7?s=96&r=g","contentUrl":"https:\/\/secure.gravatar.com\/avatar\/ad5f2a69d252f48179a77d3cb09e1fa7?s=96&r=g","caption":"Newchallenge"},"sameAs":["http:\/\/www.locationencorse.eu","https:\/\/www.facebook.com\/locationencorse.eu\/"],"url":"https:\/\/www.locationencorse.eu\/blog\/author\/martinenewchallenge-fr\/"}]}},"jetpack_featured_media_url":"","_links":{"self":[{"href":"https:\/\/www.locationencorse.eu\/blog\/wp-json\/wp\/v2\/posts\/387"}],"collection":[{"href":"https:\/\/www.locationencorse.eu\/blog\/wp-json\/wp\/v2\/posts"}],"about":[{"href":"https:\/\/www.locationencorse.eu\/blog\/wp-json\/wp\/v2\/types\/post"}],"author":[{"embeddable":true,"href":"https:\/\/www.locationencorse.eu\/blog\/wp-json\/wp\/v2\/users\/2"}],"replies":[{"embeddable":true,"href":"https:\/\/www.locationencorse.eu\/blog\/wp-json\/wp\/v2\/comments?post=387"}],"version-history":[{"count":6,"href":"https:\/\/www.locationencorse.eu\/blog\/wp-json\/wp\/v2\/posts\/387\/revisions"}],"predecessor-version":[{"id":2879,"href":"https:\/\/www.locationencorse.eu\/blog\/wp-json\/wp\/v2\/posts\/387\/revisions\/2879"}],"wp:attachment":[{"href":"https:\/\/www.locationencorse.eu\/blog\/wp-json\/wp\/v2\/media?parent=387"}],"wp:term":[{"taxonomy":"category","embeddable":true,"href":"https:\/\/www.locationencorse.eu\/blog\/wp-json\/wp\/v2\/categories?post=387"},{"taxonomy":"post_tag","embeddable":true,"href":"https:\/\/www.locationencorse.eu\/blog\/wp-json\/wp\/v2\/tags?post=387"}],"curies":[{"name":"wp","href":"https:\/\/api.w.org\/{rel}","templated":true}]}}