{"id":3789,"date":"2014-04-12T10:12:10","date_gmt":"2014-04-12T08:12:10","guid":{"rendered":"http:\/\/www.locationencorse.eu\/blog\/?p=3789"},"modified":"2014-04-12T10:22:04","modified_gmt":"2014-04-12T08:22:04","slug":"maison-natale-pascal-paoli","status":"publish","type":"post","link":"https:\/\/www.locationencorse.eu\/blog\/maison-natale-pascal-paoli\/","title":{"rendered":"La maison natale de Pascal Paoli"},"content":{"rendered":"<p><span style=\"color: #000000; font-family: Calibri; font-size: medium;\">Si le souvenir de Pascal Paoli est c\u00e9l\u00e9br\u00e9 de partout en Corse, sa pr\u00e9sence n\u2019est nulle part aussi vivante que dans sa <strong>maison natale<\/strong>, au hameau de la Stretta de Morosaglia. On sait que Filippo Antonio Pasquale, fils de Giacinto Paoli et de Donisa Valentini, y est n\u00e9 le 06-04-1724. Il y passe son enfance avec son fr\u00e8re, Cl\u00e9mente, et ses s\u0153urs, Maria Francesca et Maria Chiara. Son p\u00e8re, l\u2019un des chefs de l\u2019insurrection contre G\u00eanes, doit prendre le chemin de l\u2019exil en 1739. Il emm\u00e8ne avec lui son jeune fils Pascal qui re\u00e7oit \u00e0 Naples une \u00e9ducation tr\u00e8s soign\u00e9e. Pascal Paoli rentre en Corse en 1755 et prend en charge la jeune nation corse qu\u2019il gouvernera jusqu\u2019en 1769.<\/span><\/p>\n<p><a href=\"http:\/\/www.locationencorse.eu\/blog\/wp-content\/uploads\/2014\/04\/mus\u00e9e1.jpg\" data-rel=\"lightbox-image-0\" data-rl_title=\"\" data-rl_caption=\"\" title=\"\"><img decoding=\"async\" loading=\"lazy\" class=\"aligncenter size-full wp-image-3792\" alt=\"mus\u00e9e pascal paoli\" src=\"http:\/\/www.locationencorse.eu\/blog\/wp-content\/uploads\/2014\/04\/mus\u00e9e1.jpg\" width=\"620\" height=\"539\" srcset=\"https:\/\/www.locationencorse.eu\/blog\/wp-content\/uploads\/2014\/04\/mus\u00e9e1.jpg 620w, https:\/\/www.locationencorse.eu\/blog\/wp-content\/uploads\/2014\/04\/mus\u00e9e1-400x347.jpg 400w\" sizes=\"(max-width: 620px) 100vw, 620px\" \/><\/a><\/p>\n<p><span style=\"color: #000000; font-family: Calibri; font-size: medium;\">Il emmena avec lui son jeune fils Pascal qui re\u00e7oit \u00e0 Naples une \u00e9ducation tr\u00e8s\u00a0 soign\u00e9e. Pascale Paoli rentre en Corse en 1755 et prend en charge la jeune nation corse qu\u2019il gouvernera jusqu\u2019\u00e0 1769. L\u2019Europe, inform\u00e9e par Rousseau, Voltaire, le comte de Pommereul \u00a0et l\u2019\u00e9crivain \u00e9cossais james Boswell, grand admirateur de Pascal Paoli, suit avec attention l\u2019\u00e9volution de la situation en Corse. Pour mener une op\u00e9ration que l\u2019on appellerait aujourd\u2019hui \u00a0de communication, James Boswell commande au peintre am\u00e9ricain Henry Benbridge, rencontr\u00e9 \u00e0 Rome, un portrait de Pascal Paoli qui est expos\u00e9 \u00e0 Londres en 1769.<\/span><\/p>\n<p><a href=\"http:\/\/www.locationencorse.eu\/blog\/wp-content\/uploads\/2014\/04\/Richard-Cosway.jpg\" data-rel=\"lightbox-image-1\" data-rl_title=\"\" data-rl_caption=\"\" title=\"\"><img decoding=\"async\" loading=\"lazy\" class=\"aligncenter size-full wp-image-3796\" alt=\"Pascal Paoli\" src=\"http:\/\/www.locationencorse.eu\/blog\/wp-content\/uploads\/2014\/04\/Richard-Cosway.jpg\" width=\"562\" height=\"737\" srcset=\"https:\/\/www.locationencorse.eu\/blog\/wp-content\/uploads\/2014\/04\/Richard-Cosway.jpg 562w, https:\/\/www.locationencorse.eu\/blog\/wp-content\/uploads\/2014\/04\/Richard-Cosway-305x400.jpg 305w\" sizes=\"(max-width: 562px) 100vw, 562px\" \/><\/a><\/p>\n<p><span style=\"color: #000000; font-family: Calibri; font-size: medium;\">Lors de l\u2019exil qui suit la d\u00e9faite Pascale Paoli est re\u00e7u par\u00a0 les chefs les Etats qu\u2019il traverse\u00a0 avant de s\u2019installer \u00e0 Londres, invit\u00e9 par le roi d\u2019Angleterre Georges III. La renomm\u00e9 du h\u00e9ros se r\u00e9pand jusqu\u2019en Am\u00e9rique. Cinq \u00e0 six cit\u00e9s portent encore son nom. Il rentre en Corse en 1790 pour une p\u00e9riode de gouvernement tr\u00e8s troubl\u00e9e et prend en 1795 le chemin de l\u2019exil d\u00e9finitif. Il meurt \u00e0 Londres en 1807.<\/span><\/p>\n<p><span style=\"color: #000000; font-family: Calibri; font-size: medium;\">Sa maison natale est c\u00e9d\u00e9e au d\u00e9partement en 1889 par un descendant de son fr\u00e8re Cl\u00e9ment, \u00e0 la condition d\u2019installer \u00e0 l\u2019int\u00e9rieur de l\u2019oratoire des cendres de l\u2019illustre G\u00e9n\u00e9ral \u00a0et de transformer le 2 \u00e8me \u00e9tage en mus\u00e9e. La <strong>translation des cendres<\/strong> a lieu le 7 septembre 1889 mais le mus\u00e9e n\u2019est install\u00e9 que bien plus tard puis restaur\u00e9 et ouvert \u00e0 nouveau depuis 1991 avec l\u2019id\u00e9e directrice de conserver avant tout l\u2019aspect d\u2019une maison de notable du XVIIIe si\u00e8cle avec le mobilier et les souvenirs de la famille Paoli.<\/span><\/p>\n<p><a href=\"http:\/\/www.locationencorse.eu\/blog\/wp-content\/uploads\/2014\/04\/caveau-de-Pascal-Paoli.jpg\" data-rel=\"lightbox-image-2\" data-rl_title=\"\" data-rl_caption=\"\" title=\"\"><img decoding=\"async\" loading=\"lazy\" class=\"aligncenter size-full wp-image-3799\" alt=\"caveau de Pascal Paoli\" src=\"http:\/\/www.locationencorse.eu\/blog\/wp-content\/uploads\/2014\/04\/caveau-de-Pascal-Paoli.jpg\" width=\"364\" height=\"533\" srcset=\"https:\/\/www.locationencorse.eu\/blog\/wp-content\/uploads\/2014\/04\/caveau-de-Pascal-Paoli.jpg 364w, https:\/\/www.locationencorse.eu\/blog\/wp-content\/uploads\/2014\/04\/caveau-de-Pascal-Paoli-273x400.jpg 273w\" sizes=\"(max-width: 364px) 100vw, 364px\" \/><\/a><\/p>\n<p><span style=\"color: #000000; font-family: Calibri; font-size: medium;\"> Il y manque encore l\u2019\u00e9p\u00e9e offerte par le roi de Prusse et dont Pascal Paoli\u00a0 souhaitait le retour dans son village natal. Emport\u00e9e par Saliceti apr\u00e8s le d\u00e9part en exil de Paoli, elle serait conserv\u00e9e en Italie par ses h\u00e9ritiers, les princes de Torella. La grande salle d\u2019entr\u00e9e est consacr\u00e9e \u00e0 l\u2019histoire du gouvernement de Pascal Paoli. La salle suivante est affect\u00e9e \u00e0 la presse, \u00e0 l\u2019universit\u00e9 que Paoli avait fond\u00e9e \u00e0 Corte, et \u00e0 la monnaie. La petite chambre o\u00f9 il est n\u00e9 est d\u00e9di\u00e9e \u00e0 ses objets familiers. Dans la pi\u00e8ce pali\u00e8re o\u00f9 la famille se r\u00e9unissait autour du fucone, est pr\u00e9sent\u00e9e l\u2019iconographie de Pascal Paoli. On y verra notamment le<strong> tableau de Benbridge<\/strong>, Pascal Paoli \u00e0 la <i>bataille de Pont\u00e9 Novo <\/i>que le d\u00e9partement de la haute corse a pu acqu\u00e9rir apr\u00e8s 3 ann\u00e9es de tractations riches en rebondissements. <\/span><\/p>\n<div id=\"attachment_3794\" style=\"width: 630px\" class=\"wp-caption aligncenter\"><a href=\"http:\/\/www.locationencorse.eu\/blog\/wp-content\/uploads\/2014\/04\/Henry-Benbridge.jpg\" data-rel=\"lightbox-image-3\" data-rl_title=\"\" data-rl_caption=\"\" title=\"\"><img aria-describedby=\"caption-attachment-3794\" decoding=\"async\" loading=\"lazy\" class=\"size-large wp-image-3794\" alt=\"peinture de Henry Benbridge\" src=\"http:\/\/www.locationencorse.eu\/blog\/wp-content\/uploads\/2014\/04\/Henry-Benbridge-668x750.jpg\" width=\"620\" height=\"696\" srcset=\"https:\/\/www.locationencorse.eu\/blog\/wp-content\/uploads\/2014\/04\/Henry-Benbridge-668x750.jpg 668w, https:\/\/www.locationencorse.eu\/blog\/wp-content\/uploads\/2014\/04\/Henry-Benbridge-356x400.jpg 356w, https:\/\/www.locationencorse.eu\/blog\/wp-content\/uploads\/2014\/04\/Henry-Benbridge.jpg 768w\" sizes=\"(max-width: 620px) 100vw, 620px\" \/><\/a><p id=\"caption-attachment-3794\" class=\"wp-caption-text\">peinture de Henry Benbridge<\/p><\/div>\n<p><span style=\"color: #000000; font-family: Calibri; font-size: medium;\">La trace du tableau avait \u00e9t\u00e9 retrouv\u00e9e au Etat Unis par le professeur Francis Beretti lors de ses recherches sur les voyageurs anglais du XVIII e si\u00e8cle en Corse. Son exposition \u00e0 Morosaglia est venue compl\u00e9ter avec bonheur les portraits magnifiques, de Pascal Paoli par sir Richard Carway. On passe dans cette maison un moment hors du temps. Le souvenir du \u00ab\u00a0Babbu di patria\u00a0\u00bb(Pascal Paoli) s\u2019y fait vivant au-del\u00e0 de ce souvenir conserv\u00e9 en Corse, on y per\u00e7oit la gloire que Pascal Paoli a connu dans l\u2019Europe du XVIIIe si\u00e8cle et la place qu\u2019il y occupe.<\/span><\/p>\n<!-- AddThis Advanced Settings generic via filter on the_content --><!-- AddThis Share Buttons generic via filter on the_content -->","protected":false},"excerpt":{"rendered":"<p>Si le souvenir de Pascal Paoli est c\u00e9l\u00e9br\u00e9 de partout en Corse, sa pr\u00e9sence n\u2019est nulle part aussi vivante que dans sa maison natale, au hameau de la Stretta de Morosaglia. On sait que Filippo Antonio Pasquale, fils de Giacinto &hellip; <a href=\"https:\/\/www.locationencorse.eu\/blog\/maison-natale-pascal-paoli\/\">Continuer la lecture <span class=\"meta-nav\">&rarr;<\/span><\/a><!-- AddThis Advanced Settings generic via filter on get_the_excerpt --><!-- AddThis Share Buttons generic via filter on get_the_excerpt --><\/p>\n","protected":false},"author":2,"featured_media":0,"comment_status":"open","ping_status":"open","sticky":false,"template":"","format":"standard","meta":{"_mi_skip_tracking":false,"_monsterinsights_sitenote_active":false,"_monsterinsights_sitenote_note":"","_monsterinsights_sitenote_category":0,"ngg_post_thumbnail":0,"footnotes":""},"categories":[157,190],"tags":[43],"yoast_head":"<!-- This site is optimized with the Yoast SEO plugin v21.1 - https:\/\/yoast.com\/wordpress\/plugins\/seo\/ -->\n<title>La maison natale de Pascal Paoli - La Corse<\/title>\n<meta name=\"robots\" content=\"index, follow, max-snippet:-1, max-image-preview:large, max-video-preview:-1\" \/>\n<link rel=\"canonical\" href=\"https:\/\/www.locationencorse.eu\/blog\/maison-natale-pascal-paoli\/\" \/>\n<meta property=\"og:locale\" content=\"fr_FR\" \/>\n<meta property=\"og:type\" content=\"article\" \/>\n<meta property=\"og:title\" content=\"La maison natale de Pascal Paoli - La Corse\" \/>\n<meta property=\"og:description\" content=\"Si le souvenir de Pascal Paoli est c\u00e9l\u00e9br\u00e9 de partout en Corse, sa pr\u00e9sence n\u2019est nulle part aussi vivante que dans sa maison natale, au hameau de la Stretta de Morosaglia. On sait que Filippo Antonio Pasquale, fils de Giacinto &hellip; Continuer la lecture &rarr;\" \/>\n<meta property=\"og:url\" content=\"https:\/\/www.locationencorse.eu\/blog\/maison-natale-pascal-paoli\/\" \/>\n<meta property=\"og:site_name\" content=\"La Corse\" \/>\n<meta property=\"article:author\" content=\"https:\/\/www.facebook.com\/locationencorse.eu\/\" \/>\n<meta property=\"article:published_time\" content=\"2014-04-12T08:12:10+00:00\" \/>\n<meta property=\"article:modified_time\" content=\"2014-04-12T08:22:04+00:00\" \/>\n<meta property=\"og:image\" content=\"http:\/\/www.locationencorse.eu\/blog\/wp-content\/uploads\/2014\/04\/Richard-Cosway.jpg\" \/>\n<meta name=\"author\" content=\"Newchallenge\" \/>\n<meta name=\"twitter:label1\" content=\"\u00c9crit par\" \/>\n\t<meta name=\"twitter:data1\" content=\"Newchallenge\" \/>\n\t<meta name=\"twitter:label2\" content=\"Dur\u00e9e de lecture estim\u00e9e\" \/>\n\t<meta name=\"twitter:data2\" content=\"3 minutes\" \/>\n<script type=\"application\/ld+json\" class=\"yoast-schema-graph\">{\"@context\":\"https:\/\/schema.org\",\"@graph\":[{\"@type\":\"WebPage\",\"@id\":\"https:\/\/www.locationencorse.eu\/blog\/maison-natale-pascal-paoli\/\",\"url\":\"https:\/\/www.locationencorse.eu\/blog\/maison-natale-pascal-paoli\/\",\"name\":\"La maison natale de Pascal Paoli - La Corse\",\"isPartOf\":{\"@id\":\"https:\/\/www.locationencorse.eu\/blog\/#website\"},\"datePublished\":\"2014-04-12T08:12:10+00:00\",\"dateModified\":\"2014-04-12T08:22:04+00:00\",\"author\":{\"@id\":\"https:\/\/www.locationencorse.eu\/blog\/#\/schema\/person\/4aa76a779067073b7500fdabe0a4a51c\"},\"breadcrumb\":{\"@id\":\"https:\/\/www.locationencorse.eu\/blog\/maison-natale-pascal-paoli\/#breadcrumb\"},\"inLanguage\":\"fr-FR\",\"potentialAction\":[{\"@type\":\"ReadAction\",\"target\":[\"https:\/\/www.locationencorse.eu\/blog\/maison-natale-pascal-paoli\/\"]}]},{\"@type\":\"BreadcrumbList\",\"@id\":\"https:\/\/www.locationencorse.eu\/blog\/maison-natale-pascal-paoli\/#breadcrumb\",\"itemListElement\":[{\"@type\":\"ListItem\",\"position\":1,\"name\":\"Accueil\",\"item\":\"https:\/\/www.locationencorse.eu\/blog\/\"},{\"@type\":\"ListItem\",\"position\":2,\"name\":\"La maison natale de Pascal Paoli\"}]},{\"@type\":\"WebSite\",\"@id\":\"https:\/\/www.locationencorse.eu\/blog\/#website\",\"url\":\"https:\/\/www.locationencorse.eu\/blog\/\",\"name\":\"La Corse\",\"description\":\"Vacances en Corse sur \u00cele de beaut\u00e9\",\"potentialAction\":[{\"@type\":\"SearchAction\",\"target\":{\"@type\":\"EntryPoint\",\"urlTemplate\":\"https:\/\/www.locationencorse.eu\/blog\/?s={search_term_string}\"},\"query-input\":\"required name=search_term_string\"}],\"inLanguage\":\"fr-FR\"},{\"@type\":\"Person\",\"@id\":\"https:\/\/www.locationencorse.eu\/blog\/#\/schema\/person\/4aa76a779067073b7500fdabe0a4a51c\",\"name\":\"Newchallenge\",\"image\":{\"@type\":\"ImageObject\",\"inLanguage\":\"fr-FR\",\"@id\":\"https:\/\/www.locationencorse.eu\/blog\/#\/schema\/person\/image\/\",\"url\":\"https:\/\/secure.gravatar.com\/avatar\/ad5f2a69d252f48179a77d3cb09e1fa7?s=96&r=g\",\"contentUrl\":\"https:\/\/secure.gravatar.com\/avatar\/ad5f2a69d252f48179a77d3cb09e1fa7?s=96&r=g\",\"caption\":\"Newchallenge\"},\"sameAs\":[\"http:\/\/www.locationencorse.eu\",\"https:\/\/www.facebook.com\/locationencorse.eu\/\"],\"url\":\"https:\/\/www.locationencorse.eu\/blog\/author\/martinenewchallenge-fr\/\"}]}<\/script>\n<!-- \/ Yoast SEO plugin. -->","yoast_head_json":{"title":"La maison natale de Pascal Paoli - La Corse","robots":{"index":"index","follow":"follow","max-snippet":"max-snippet:-1","max-image-preview":"max-image-preview:large","max-video-preview":"max-video-preview:-1"},"canonical":"https:\/\/www.locationencorse.eu\/blog\/maison-natale-pascal-paoli\/","og_locale":"fr_FR","og_type":"article","og_title":"La maison natale de Pascal Paoli - La Corse","og_description":"Si le souvenir de Pascal Paoli est c\u00e9l\u00e9br\u00e9 de partout en Corse, sa pr\u00e9sence n\u2019est nulle part aussi vivante que dans sa maison natale, au hameau de la Stretta de Morosaglia. On sait que Filippo Antonio Pasquale, fils de Giacinto &hellip; Continuer la lecture &rarr;","og_url":"https:\/\/www.locationencorse.eu\/blog\/maison-natale-pascal-paoli\/","og_site_name":"La Corse","article_author":"https:\/\/www.facebook.com\/locationencorse.eu\/","article_published_time":"2014-04-12T08:12:10+00:00","article_modified_time":"2014-04-12T08:22:04+00:00","og_image":[{"url":"http:\/\/www.locationencorse.eu\/blog\/wp-content\/uploads\/2014\/04\/Richard-Cosway.jpg"}],"author":"Newchallenge","twitter_misc":{"\u00c9crit par":"Newchallenge","Dur\u00e9e de lecture estim\u00e9e":"3 minutes"},"schema":{"@context":"https:\/\/schema.org","@graph":[{"@type":"WebPage","@id":"https:\/\/www.locationencorse.eu\/blog\/maison-natale-pascal-paoli\/","url":"https:\/\/www.locationencorse.eu\/blog\/maison-natale-pascal-paoli\/","name":"La maison natale de Pascal Paoli - La Corse","isPartOf":{"@id":"https:\/\/www.locationencorse.eu\/blog\/#website"},"datePublished":"2014-04-12T08:12:10+00:00","dateModified":"2014-04-12T08:22:04+00:00","author":{"@id":"https:\/\/www.locationencorse.eu\/blog\/#\/schema\/person\/4aa76a779067073b7500fdabe0a4a51c"},"breadcrumb":{"@id":"https:\/\/www.locationencorse.eu\/blog\/maison-natale-pascal-paoli\/#breadcrumb"},"inLanguage":"fr-FR","potentialAction":[{"@type":"ReadAction","target":["https:\/\/www.locationencorse.eu\/blog\/maison-natale-pascal-paoli\/"]}]},{"@type":"BreadcrumbList","@id":"https:\/\/www.locationencorse.eu\/blog\/maison-natale-pascal-paoli\/#breadcrumb","itemListElement":[{"@type":"ListItem","position":1,"name":"Accueil","item":"https:\/\/www.locationencorse.eu\/blog\/"},{"@type":"ListItem","position":2,"name":"La maison natale de Pascal Paoli"}]},{"@type":"WebSite","@id":"https:\/\/www.locationencorse.eu\/blog\/#website","url":"https:\/\/www.locationencorse.eu\/blog\/","name":"La Corse","description":"Vacances en Corse sur \u00cele de beaut\u00e9","potentialAction":[{"@type":"SearchAction","target":{"@type":"EntryPoint","urlTemplate":"https:\/\/www.locationencorse.eu\/blog\/?s={search_term_string}"},"query-input":"required name=search_term_string"}],"inLanguage":"fr-FR"},{"@type":"Person","@id":"https:\/\/www.locationencorse.eu\/blog\/#\/schema\/person\/4aa76a779067073b7500fdabe0a4a51c","name":"Newchallenge","image":{"@type":"ImageObject","inLanguage":"fr-FR","@id":"https:\/\/www.locationencorse.eu\/blog\/#\/schema\/person\/image\/","url":"https:\/\/secure.gravatar.com\/avatar\/ad5f2a69d252f48179a77d3cb09e1fa7?s=96&r=g","contentUrl":"https:\/\/secure.gravatar.com\/avatar\/ad5f2a69d252f48179a77d3cb09e1fa7?s=96&r=g","caption":"Newchallenge"},"sameAs":["http:\/\/www.locationencorse.eu","https:\/\/www.facebook.com\/locationencorse.eu\/"],"url":"https:\/\/www.locationencorse.eu\/blog\/author\/martinenewchallenge-fr\/"}]}},"jetpack_featured_media_url":"","_links":{"self":[{"href":"https:\/\/www.locationencorse.eu\/blog\/wp-json\/wp\/v2\/posts\/3789"}],"collection":[{"href":"https:\/\/www.locationencorse.eu\/blog\/wp-json\/wp\/v2\/posts"}],"about":[{"href":"https:\/\/www.locationencorse.eu\/blog\/wp-json\/wp\/v2\/types\/post"}],"author":[{"embeddable":true,"href":"https:\/\/www.locationencorse.eu\/blog\/wp-json\/wp\/v2\/users\/2"}],"replies":[{"embeddable":true,"href":"https:\/\/www.locationencorse.eu\/blog\/wp-json\/wp\/v2\/comments?post=3789"}],"version-history":[{"count":7,"href":"https:\/\/www.locationencorse.eu\/blog\/wp-json\/wp\/v2\/posts\/3789\/revisions"}],"predecessor-version":[{"id":3800,"href":"https:\/\/www.locationencorse.eu\/blog\/wp-json\/wp\/v2\/posts\/3789\/revisions\/3800"}],"wp:attachment":[{"href":"https:\/\/www.locationencorse.eu\/blog\/wp-json\/wp\/v2\/media?parent=3789"}],"wp:term":[{"taxonomy":"category","embeddable":true,"href":"https:\/\/www.locationencorse.eu\/blog\/wp-json\/wp\/v2\/categories?post=3789"},{"taxonomy":"post_tag","embeddable":true,"href":"https:\/\/www.locationencorse.eu\/blog\/wp-json\/wp\/v2\/tags?post=3789"}],"curies":[{"name":"wp","href":"https:\/\/api.w.org\/{rel}","templated":true}]}}