{"id":3631,"date":"2014-04-04T22:03:19","date_gmt":"2014-04-04T20:03:19","guid":{"rendered":"http:\/\/www.locationencorse.eu\/blog\/?p=3631"},"modified":"2014-04-21T11:52:41","modified_gmt":"2014-04-21T09:52:41","slug":"maquis-lile","status":"publish","type":"post","link":"https:\/\/www.locationencorse.eu\/blog\/maquis-lile\/","title":{"rendered":"Le maquis sur l&rsquo;\u00eele"},"content":{"rendered":"<p>Qui ne s&rsquo;est jamais aventur\u00e9 sur les sentiers de Corse sans se perdre, au moins une fois, et se retrouver dans une v\u00e9g\u00e9tation inextricable, \u00e9pineuse, piquante, pris au pi\u00e8ge de ce labyrinthe : le Maquis?&#8230;..<\/p>\n<p>On suit un beau sentier en bord de mer, les rochers sont l\u00e0 tout proches, on pense les atteindre facilement et puis&#8230;&#8230; nous voil\u00e0 isol\u00e9s au milieu de cet enchev\u00eatrement qui ne semble pas dispos\u00e9 \u00e0 vous lacher. Ou bien encore, on aper\u00e7oit une belle tour g\u00e9noise, nous voil\u00e0 partis \u00e0 sa rencontre et puis le chemin s&rsquo;efface de plus en plus, la tour est toujours l\u00e0, tout pr\u00e9s, puis on se retrouve isol\u00e9 dans cet immense espace\u00a0 devenu subitement hostile.<\/p>\n<p>Lorsqu&rsquo;il nous arrive de parler de nos m\u00e9saventures, les locaux sourient d&rsquo;un air moqueur : \u00ab\u00a0Ah, ces Pinzuts\u00a0\u00bb!!!!!! ( c&rsquo;est l&rsquo;expression qu&rsquo;ils emploient \u00ab\u00a0gentiment\u00a0\u00bb pour se moquer des continentaux). Et ils nous apprennent qu&rsquo;il est fr\u00e9quent que des touristes se perdent dans ce maquis, parfois m\u00eame la nuit et l\u00e0, leur balade se transforme en v\u00e9ritable cauchemar.<\/p>\n<p>Alors ce maquis, omnipr\u00e9sent en\u00a0 Corse (il occupe plus de 20 pour cent de la superficie totale de l&rsquo;\u00eele), mieux vaut le contourner, le renifler, comme un fantastique bouquet aromatique, l&rsquo;admirer en suivant des sentiers bien balis\u00e9s, entretenus ou simplement emprunt\u00e9s r\u00e9guli\u00e8rement. Sinon, sachez que vous pourriez vous y heurter, frotter, piquer, ou vous engluer les doigts si la curiosit\u00e9 vous pousse \u00e0 caresser certaines de ses plantes rugueuses et collantes.<\/p>\n<p>En visitant le passionnant mus\u00e9e de Prunelli di Fium&rsquo;Orbu \u00ab\u00a0(mus\u00e9e Mnemosina), on apprend qu&rsquo;autrefois,toutes les collines environnantes \u00e9taient recouvertes d&rsquo;arbres fruitiers. Scrutant le paysage, on s&rsquo;aper\u00e7oit que le maquis y r\u00e8gne en ma\u00eetre&#8230;..<\/p>\n<p>L&rsquo;\u00e9tude de ce maquis est passionnante et fascine les passionn\u00e9s de plantes . En Corse, il est plus qu&rsquo;un paysage parmi les autres, il est la toile de fond de nombreuses l\u00e9gendes, il est le d\u00e9cor pr\u00e9dominant et naturel de l&rsquo;\u00eele. Que l&rsquo;on parle politique, saveurs culinaires, essences naturelles, huiles essentielles, le maquis contient toute l&rsquo;histoire et l&rsquo;\u00e2me de la Corse.<\/p>\n<p><strong><span style=\"color: #008000;\">Quelle est l&rsquo;origine de ce mot?<\/span><\/strong><\/p>\n<p>\u00ab\u00a0Maquis\u00a0\u00bb, c&rsquo;est \u00e0 relever, est le seul mot de la langue corse pass\u00e9 au fran\u00e7ais. Selon un chercheur r\u00e9put\u00e9, ce mot proviendrait d&rsquo;une carte g\u00e9noise du XVI\u00e8me si\u00e8cle. Elle relevait des \u00ab\u00a0zones verd\u00e2tres qui \u00e9voquent des lieux de refuges rebelles\u00a0\u00bb&#8230;. \u00ab\u00a0ce sont des t\u00e2ches de terra incognita.\u00a0\u00bb Macchia\u00a0\u00bb (la t\u00e2che en italien), donnera Makis puis Maquis. \u00ab\u00a0A Machja\u00a0\u00bb en corse est rest\u00e9 au f\u00e9minin.<\/p>\n<p>De nombreuses esp\u00e8ces, g\u00e9n\u00e9ralement de petits arbustes, composent cet oc\u00e9an de verdure odorante. Lianes, lichens, plantes herbac\u00e9es, champignons, mousses, composent en majorit\u00e9 cette couverture v\u00e9g\u00e9tale.<\/p>\n<p>D\u00e9s que l&rsquo;on approche des c\u00f4tes de la Corse, surtout si vous arrivez en bateau pr\u00e9s du Cap Corse, les vents viennent vous offrir un bouquet de senteurs envo\u00fbtant qui fait dire \u00e0 celui qui rentre au pays : \u00ab\u00a0J&rsquo;arrive \u00e0 la maison&#8230;.\u00a0\u00bb et au vacancier : \u00a0\u00bb \u00e7a sent<\/p>\n<p>Cette v\u00e9g\u00e9tation \u00ab\u00a0ol\u00e9o-lentisque\u00a0\u00bb, en effet, vous enivre d&rsquo;une odeur forte et particuli\u00e8re \u00e0 l&rsquo;\u00eele de beaut\u00e9. Mais d&rsquo;o\u00f9 proviennent ces senteurs?<\/p>\n<p>Les pistachiers (listincu) buisson \u00e0 forte odeurs de r\u00e9sine, \u00e0 baies rouges.<\/p>\n<p>La myrte (morta) \u00e0 fleurs blanches, tr\u00e8s odorante, donnant des fruits charnus d&rsquo;un bleu-noir\u00e2tre, dont raffolent les oiseaux.<\/p>\n<p>L&rsquo;olivier sauvage (ogliastru)<\/p>\n<p>La lavande stoechas (piumbona) aux belles fleurs mauve-violac\u00e9 tr\u00e9s odorantes.<\/p>\n<p>Les cistes (mucchju) \u00e0 fleurs mauves ou blanches, tr\u00e9s appr\u00e9ci\u00e9es des abeilles; elles donnent aux versants vallonn\u00e9s (en Balagne surtout) l&rsquo;aspect d&rsquo;un tableau de Monnet. On les reconna\u00eet \u00e0 leurs p\u00e9tales chiffon\u00e9s, semblable \u00e0 du papier cr\u00e9pon. Leur fragilit\u00e9 n&rsquo;est qu&rsquo;apparente puisque cette fleur est r\u00e9put\u00e9e pour son d\u00e9veloppement rapide apr\u00e9s les incendies du maquis.<\/p>\n<p><a title=\"L\u2019immortelle Corse\" href=\"http:\/\/www.locationencorse.eu\/blog\/limmortelle-corse\/\">L&rsquo;immortelle d&rsquo;Italie<\/a> \u00a0\u00bb A murza\u00a0\u00bb ou \u00ab\u00a0A muredda\u00a0\u00bb en corse, mesure jusqu&rsquo;\u00e0 60 cm de haut. Elle fleurit d\u00e9but Juin \u00e0 fin juillet et se distingue par sa floraison jaune d&rsquo;or. Son huile essentielle a des propri\u00e9t\u00e9s antalgiques, cicatrisantes, r\u00e9paratrices. Elle est reconnue \u00e9galement comme r\u00e9g\u00e9n\u00e9ratrice des cellules de la peau. Elle agit sur le syst\u00e8me sanguin et aurait la capacit\u00e9 de doper les d\u00e9fense immunitaires. Les producteurs de cet \u00e9lixir pr\u00e9cieux vous diront que seule l&rsquo;immortelle de Corse poss\u00e8de toutes ces vertus.<\/p>\n<p>Le romarin \u00ab\u00a0U rosumarinu\u00a0\u00bb pousse en bord de mer, en port rampant, et, \u00e0 l&rsquo;int\u00e9rieur des terres, se dresse jusqu&rsquo;\u00e0 1m. Il est diff\u00e9rent des romarins du continent par sa teneur \u00e9lev\u00e9e en verb\u00e9none, une mol\u00e9cule qui agit sur la sp\u00e8re h\u00e9patique, foie et v\u00e9sicule biliaire.<\/p>\n<p>Dans l&rsquo;arri\u00e8re pays, autour des for\u00eats originelles de Corse, se d\u00e9veloppent particuli\u00e8rement bruy\u00e8res arborescentes, arbousier, foug\u00e8re aigle, ch\u00e2taigniers, ch\u00eanes, charmes houblon, asphod\u00e8les, gla\u00efeuls pourpres, cyclamens. Certaines esp\u00e8ces sont end\u00e9miques, d&rsquo;autres recouvrent d&rsquo;autres terres comme les Bal\u00e9ares, Sardaigne, Calabre, Toscane, comme certaines orchid\u00e9es, gen\u00eats ou crocus minimus.<\/p>\n<p>Ce maquis pr\u00e9sente une r\u00e9sistance exceptionnelle : ce milieu naturel s&rsquo;adapte \u00e0 tout, m\u00eame aux incendies. En effet, les plantes qui composent le maquis ont d\u00fb s&rsquo;adapter en \u00e9laborant des strat\u00e9gies de d\u00e9fense. Un peu d&rsquo;histoire nous aidera \u00e0 comprendre ce ph\u00e9nom\u00e8ne.<\/p>\n<p><strong><span style=\"color: #008000;\">Un peu d&rsquo;Histoire<\/span><\/strong><\/p>\n<p>Tout a commenc\u00e9 lorsque la Corse s&rsquo;est d\u00e9tach\u00e9e du continent. Cette \u00eele- montagne a alors invent\u00e9 des esp\u00e8ces end\u00e9miques. A la fin de la derni\u00e8re glaciation, les ch\u00eanes arriv\u00e8rent sur l&rsquo;\u00eele, transport\u00e9s par les oiseaux, pour y\u00a0 trouver refuge. Avec l&rsquo;apparition de l&rsquo;homme sur le littoral, (environ 11 000ans), son besoin de p\u00e9n\u00e9trer en montagne, le poussa \u00e0 se frayer des chemins. Pour cela, il coupa, br\u00fbla tout ce qui le g\u00eanait. La nature dut s&rsquo;adapter et s&rsquo;ing\u00e9nia \u00e0 rena\u00eetre de ses cendres; de nouvelles esp\u00e8ces se d\u00e9velopp\u00e8rent : elles ne perdaient pas leur feuilles \u00e0 l&rsquo;automne, stockaient de l&rsquo;\u00e9nergie dans leurs racines pour survivre et red\u00e9marrer apr\u00e9s l&rsquo;intervention de l&rsquo;homme. D&rsquo;autres se cr\u00e9\u00e8rent un abri atmosph\u00e9rique gazeux ou une bulle odorante. C&rsquo;est cette capacit\u00e9 \u00e0 fabriquer des mol\u00e9cules aromatiques qui distingue la Corse de la plupart des autres \u00eeles du bassin m\u00e9diterran\u00e9en. Des v\u00e9g\u00e9taux aussi, s&rsquo;enduisent d&rsquo;un onguent gluant pour conserver l&rsquo;humidit\u00e9. S\u00e8cheresse, vent, coupe-feu, ont donc cr\u00e9e le maquis. En Corse, tout ce qui pousse de 0 \u00e0, environ, 1 000m, d\u00e9signe le maquis. Celui-ci cesse lorsqu&rsquo;en montagne, on n&rsquo;a plus cette sensation d&rsquo;un paysage macul\u00e9 de t\u00e2ches de couleur \u00a0\u00bb a machja\u00a0\u00bb<\/p>\n<p><strong><span style=\"color: #008000;\">Le r\u00f4le des animaux<\/span><\/strong><\/p>\n<p>Ce r\u00f4le est tout \u00e0 fait primordial dans cet \u00e9cosyst\u00e8me puisque les oiseaux transportent les graines, les lombrics labourent le sol en remontant \u00e0 la surface les grains fins de la liti\u00e8re du maquis. Quant aux fourmis, elles creusent des galeries pour y enfouir des r\u00e9serves v\u00e9g\u00e9tales. Ainsi, le sol, gr\u00e2ce \u00e0 ce travail, se trouve enrichi de mati\u00e8res organiques. Quand aux autres animaux : la chenille, qui se nourrit exclusivement de feuilles d&rsquo;arbousier, son papillon color\u00e9, v\u00e9ritable ivrogne car on le retrouve dans des cuves \u00e0 vin ou pr\u00e9s des fruits ferment\u00e9s, les vaches, les ch\u00e8vres, lapins, renards, tous , \u00e0 leur mani\u00e8re apportent leur contribution, \u00e9vitant \u00e0 l&rsquo;homme de se trouver trop submerg\u00e9 par le maquis.<\/p>\n<p>Mais, il faut souligner, la place toute particuli\u00e8re du sanglier dans le maquis. En effet, le sanglier corse \u00a0\u00bb u cignale\u00a0\u00bb, plus petit que celui du continent, subit actuellement des modifications morphologiques et physiologiques importantes dues \u00e0 son croisement avec le porc domestique. Les sp\u00e9cialistent veillent, car le devenir de ce sanglier soul\u00e8ve la question de la place de l&rsquo;homme dans ce milieu. C&rsquo;est ainsi que gr\u00e2ce \u00e0 l&rsquo;homme, le maquis prend de l&rsquo;espace mais \u00e0 cause de l&rsquo;homme il est menac\u00e9. Plus l&rsquo;homme exploite son milieu naturel, plus le maquis grandit. Le feu reste le pire de tous les maux. Il favorise la repousse des cistaies, bruy\u00e8res, arbousiers, les seuls \u00e0 r\u00e9sister sur un sol qui ne retient pas l&rsquo;eau.<\/p>\n<p>L&rsquo;avenir du maquis reste encore \u00e0 inventer : parfumerie? distillerie? agriculture? Certains ont d\u00e9j\u00e0 compris toutes les ressources \u00e0 exploiter d&rsquo;un maquis qui ne cesse de s&rsquo;\u00e9tendre au d\u00e9triment des zones agricoles cultiv\u00e9es, d\u00e9laiss\u00e9es.<\/p>\n<p><span style=\"color: #008000;\"><strong>Maquis et R\u00e9sistance<\/strong><\/span><\/p>\n<p>Durant la deuxi\u00e8me guerre mondiale, la France a adopt\u00e9 son nom pour d\u00e9signer la R\u00e9sistance et ses \u00ab\u00a0maquisards\u00a0\u00bb. C&rsquo;est tout \u00e0 fait logique puisque le maquis lui-m\u00eame est un symbole de r\u00e9sistance. Il symbolise aussi le refuge des bandits pr\u00e9tendus \u00ab\u00a0d&rsquo;honneur\u00a0\u00bb, qui tentaient de se soustraire \u00e0 l&rsquo;autorit\u00e9 judiciaire.<\/p>\n<p>Voici ce qu&rsquo;\u00e9crivait Simon Vinciguera dans son tract diffus\u00e9 \u00e0 Bastia puis \u00e0 Marseille en Juin 1943.<\/p>\n<p>\u00ab\u00a0<em>Maquis corse, nous serons bandits d&rsquo;honneur, au nom de la libert\u00e9. Corses debout, pour vaincre ou pour mourir, tous unis dans une m\u00eame volont\u00e9<\/em>\u00ab\u00a0.<\/p>\n<p>Le mot maquis, rentre dans la langue fran\u00e7aise pour d\u00e9signer \u00ab\u00a0un lieu de dilution de l&rsquo;autorit\u00e9\u00a0\u00bb. Mais un ancien ind\u00e9pendantiste nous met en garde : \u00ab\u00a0nous \u00e9tions dans le maquis par n\u00e9cessit\u00e9\u00a0\u00bb. Yvan Colonna s&rsquo;est enfui dans le maquis corse pendant 4 ans avant d&rsquo;\u00eatre arr\u00eat\u00e9 en 2002. Paul Santoni y est rest\u00e9 cach\u00e9 14 ans; son corps fut ramen\u00e9 \u00e0 sa famille en juin 2007. Ces cas d\u00e9montrent bien que l&rsquo;expression \u00ab\u00a0prendre le maquis\u00a0\u00bb dans l&rsquo;histoire r\u00e9cente de la Corse, est une expression tout \u00e0 fait r\u00e9elle. Mais comment est-elle comprise en\u00a0 dehors de la Corse? Pascal Marchetti, dans son ouvrage \u00ab\u00a0M\u00e9moire pour la Corse\u00a0\u00bb note, qu&rsquo;\u00e0 partir du XIX\u00e8me si\u00e8cle, \u00a0\u00bb l&rsquo;\u00eele \u00e9chappe aux penseurs politiques et aux philosophes, pour entrer dans le domaine des ethnologues et du folklore exotique. Aux yeux des \u00e9trangers, le peuple de Paoli n&rsquo;est plus qu&rsquo;une peuplade.\u00a0\u00bb<\/p>\n<p><span style=\"color: #008000;\"><strong>Le maquis et ses l\u00e9gendes<\/strong><\/span><\/p>\n<p>Les mythes archa\u00efques \u00e9manant de ce paysage, de ses plantes comme de ses asp\u00e9rit\u00e9s rocailleuses, peuplent la m\u00e9moire corse. C&rsquo;est ainsi qu&rsquo;on raconte qu&rsquo;\u00e0 la tomb\u00e9e du jour ( l&rsquo;Attrachj\u00e0ta , en corse) les fant\u00f4mes se mettent \u00e0 voyager \u00e0 travers ces \u00e9tendues. Ils hantent les cours d&rsquo;eau, les ponts et les gu\u00e9s, chaque col et chaque carrefour. F\u00e9es, ogres, g\u00e9ants, gnomes, diable, Saints et m\u00eame le Bon Dieu, cohabitent dans ce maquis, imprimant m\u00eame leurs corps dans le relief, transmettant aux hommes, par le biais des torrents d\u00e9valant la montagne, leurs humeurs du moment.<\/p>\n<p>Pour en savoir plus sur ce maquis corse, voici quelques lectures int\u00e9ressantes, quelques sites \u00e9galement :<\/p>\n<ul>\n<li>Le Maquis corse, Laurence J. Lorenzi, L&rsquo;Harmattan\u00a0 2002<\/li>\n<li>La flore end\u00e9mique de la Corse, Jacques Gamisans, Jean Fran\u00e7ois Marzocchi, Edisud, 1996, r\u00e9\u00e9dit\u00e9 en 2003<\/li>\n<li>La For\u00eat de Vizzavona, Marcelle Conrad, Albiana.<\/li>\n<li>La Griffe des L\u00e9gendes, cahier d&rsquo;anthropologie No 5, \u00e9dit\u00e9 par le mus\u00e9e de la Corse, \u00e0 Corte, 1997.<\/li>\n<li>Racines c\u00e9lestes, Thomas Heuer, \u00e9ditions Alain Piazzola, 2001.<\/li>\n<li>La Corse Authentique \u00e9ditions Solar-G\u00e9o, septembre 2010<\/li>\n<\/ul>\n<p>Sites \u00e0 consulter :<\/p>\n<ul>\n<li>www.parc-saleccia.fr<\/li>\n<li>www.jardin-gecko.com<\/li>\n<li>www.bulbargence.com<\/li>\n<li>www.jardin-sec.com<\/li>\n<\/ul>\n<p><span style=\"color: #000000; font-family: Calibri; font-size: medium;\">\u00a0Voir aussi le <a title=\"Le maquis corse\" href=\"http:\/\/www.locationencorse.eu\/blog\/le-maquis-corse\/\" target=\"_blank\">maquis Corse<\/a><\/span><\/p>\n<!-- AddThis Advanced Settings generic via filter on the_content --><!-- AddThis Share Buttons generic via filter on the_content -->","protected":false},"excerpt":{"rendered":"<p>Qui ne s&rsquo;est jamais aventur\u00e9 sur les sentiers de Corse sans se perdre, au moins une fois, et se retrouver dans une v\u00e9g\u00e9tation inextricable, \u00e9pineuse, piquante, pris au pi\u00e8ge de ce labyrinthe : le Maquis?&#8230;.. On suit un beau sentier &hellip; <a href=\"https:\/\/www.locationencorse.eu\/blog\/maquis-lile\/\">Continuer la lecture <span class=\"meta-nav\">&rarr;<\/span><\/a><!-- AddThis Advanced Settings generic via filter on get_the_excerpt --><!-- AddThis Share Buttons generic via filter on get_the_excerpt --><\/p>\n","protected":false},"author":2,"featured_media":0,"comment_status":"open","ping_status":"open","sticky":false,"template":"","format":"standard","meta":{"_mi_skip_tracking":false,"_monsterinsights_sitenote_active":false,"_monsterinsights_sitenote_note":"","_monsterinsights_sitenote_category":0,"ngg_post_thumbnail":0,"footnotes":""},"categories":[157,163],"tags":[43],"yoast_head":"<!-- This site is optimized with the Yoast SEO plugin v21.1 - https:\/\/yoast.com\/wordpress\/plugins\/seo\/ -->\n<title>Le maquis sur l&#039;\u00eele - La Corse<\/title>\n<meta name=\"robots\" content=\"index, follow, max-snippet:-1, max-image-preview:large, max-video-preview:-1\" \/>\n<link rel=\"canonical\" href=\"https:\/\/www.locationencorse.eu\/blog\/maquis-lile\/\" \/>\n<meta property=\"og:locale\" content=\"fr_FR\" \/>\n<meta property=\"og:type\" content=\"article\" \/>\n<meta property=\"og:title\" content=\"Le maquis sur l&#039;\u00eele - La Corse\" \/>\n<meta property=\"og:description\" content=\"Qui ne s&rsquo;est jamais aventur\u00e9 sur les sentiers de Corse sans se perdre, au moins une fois, et se retrouver dans une v\u00e9g\u00e9tation inextricable, \u00e9pineuse, piquante, pris au pi\u00e8ge de ce labyrinthe : le Maquis?&#8230;.. On suit un beau sentier &hellip; Continuer la lecture &rarr;\" \/>\n<meta property=\"og:url\" content=\"https:\/\/www.locationencorse.eu\/blog\/maquis-lile\/\" \/>\n<meta property=\"og:site_name\" content=\"La Corse\" \/>\n<meta property=\"article:author\" content=\"https:\/\/www.facebook.com\/locationencorse.eu\/\" \/>\n<meta property=\"article:published_time\" content=\"2014-04-04T20:03:19+00:00\" \/>\n<meta property=\"article:modified_time\" content=\"2014-04-21T09:52:41+00:00\" \/>\n<meta name=\"author\" content=\"Newchallenge\" \/>\n<meta name=\"twitter:label1\" content=\"\u00c9crit par\" \/>\n\t<meta name=\"twitter:data1\" content=\"Newchallenge\" \/>\n\t<meta name=\"twitter:label2\" content=\"Dur\u00e9e de lecture estim\u00e9e\" \/>\n\t<meta name=\"twitter:data2\" content=\"9 minutes\" \/>\n<script type=\"application\/ld+json\" class=\"yoast-schema-graph\">{\"@context\":\"https:\/\/schema.org\",\"@graph\":[{\"@type\":\"WebPage\",\"@id\":\"https:\/\/www.locationencorse.eu\/blog\/maquis-lile\/\",\"url\":\"https:\/\/www.locationencorse.eu\/blog\/maquis-lile\/\",\"name\":\"Le maquis sur l'\u00eele - La Corse\",\"isPartOf\":{\"@id\":\"https:\/\/www.locationencorse.eu\/blog\/#website\"},\"datePublished\":\"2014-04-04T20:03:19+00:00\",\"dateModified\":\"2014-04-21T09:52:41+00:00\",\"author\":{\"@id\":\"https:\/\/www.locationencorse.eu\/blog\/#\/schema\/person\/4aa76a779067073b7500fdabe0a4a51c\"},\"breadcrumb\":{\"@id\":\"https:\/\/www.locationencorse.eu\/blog\/maquis-lile\/#breadcrumb\"},\"inLanguage\":\"fr-FR\",\"potentialAction\":[{\"@type\":\"ReadAction\",\"target\":[\"https:\/\/www.locationencorse.eu\/blog\/maquis-lile\/\"]}]},{\"@type\":\"BreadcrumbList\",\"@id\":\"https:\/\/www.locationencorse.eu\/blog\/maquis-lile\/#breadcrumb\",\"itemListElement\":[{\"@type\":\"ListItem\",\"position\":1,\"name\":\"Accueil\",\"item\":\"https:\/\/www.locationencorse.eu\/blog\/\"},{\"@type\":\"ListItem\",\"position\":2,\"name\":\"Le maquis sur l&rsquo;\u00eele\"}]},{\"@type\":\"WebSite\",\"@id\":\"https:\/\/www.locationencorse.eu\/blog\/#website\",\"url\":\"https:\/\/www.locationencorse.eu\/blog\/\",\"name\":\"La Corse\",\"description\":\"Vacances en Corse sur \u00cele de beaut\u00e9\",\"potentialAction\":[{\"@type\":\"SearchAction\",\"target\":{\"@type\":\"EntryPoint\",\"urlTemplate\":\"https:\/\/www.locationencorse.eu\/blog\/?s={search_term_string}\"},\"query-input\":\"required name=search_term_string\"}],\"inLanguage\":\"fr-FR\"},{\"@type\":\"Person\",\"@id\":\"https:\/\/www.locationencorse.eu\/blog\/#\/schema\/person\/4aa76a779067073b7500fdabe0a4a51c\",\"name\":\"Newchallenge\",\"image\":{\"@type\":\"ImageObject\",\"inLanguage\":\"fr-FR\",\"@id\":\"https:\/\/www.locationencorse.eu\/blog\/#\/schema\/person\/image\/\",\"url\":\"https:\/\/secure.gravatar.com\/avatar\/ad5f2a69d252f48179a77d3cb09e1fa7?s=96&r=g\",\"contentUrl\":\"https:\/\/secure.gravatar.com\/avatar\/ad5f2a69d252f48179a77d3cb09e1fa7?s=96&r=g\",\"caption\":\"Newchallenge\"},\"sameAs\":[\"http:\/\/www.locationencorse.eu\",\"https:\/\/www.facebook.com\/locationencorse.eu\/\"],\"url\":\"https:\/\/www.locationencorse.eu\/blog\/author\/martinenewchallenge-fr\/\"}]}<\/script>\n<!-- \/ Yoast SEO plugin. -->","yoast_head_json":{"title":"Le maquis sur l'\u00eele - La Corse","robots":{"index":"index","follow":"follow","max-snippet":"max-snippet:-1","max-image-preview":"max-image-preview:large","max-video-preview":"max-video-preview:-1"},"canonical":"https:\/\/www.locationencorse.eu\/blog\/maquis-lile\/","og_locale":"fr_FR","og_type":"article","og_title":"Le maquis sur l'\u00eele - La Corse","og_description":"Qui ne s&rsquo;est jamais aventur\u00e9 sur les sentiers de Corse sans se perdre, au moins une fois, et se retrouver dans une v\u00e9g\u00e9tation inextricable, \u00e9pineuse, piquante, pris au pi\u00e8ge de ce labyrinthe : le Maquis?&#8230;.. On suit un beau sentier &hellip; Continuer la lecture &rarr;","og_url":"https:\/\/www.locationencorse.eu\/blog\/maquis-lile\/","og_site_name":"La Corse","article_author":"https:\/\/www.facebook.com\/locationencorse.eu\/","article_published_time":"2014-04-04T20:03:19+00:00","article_modified_time":"2014-04-21T09:52:41+00:00","author":"Newchallenge","twitter_misc":{"\u00c9crit par":"Newchallenge","Dur\u00e9e de lecture estim\u00e9e":"9 minutes"},"schema":{"@context":"https:\/\/schema.org","@graph":[{"@type":"WebPage","@id":"https:\/\/www.locationencorse.eu\/blog\/maquis-lile\/","url":"https:\/\/www.locationencorse.eu\/blog\/maquis-lile\/","name":"Le maquis sur l'\u00eele - La Corse","isPartOf":{"@id":"https:\/\/www.locationencorse.eu\/blog\/#website"},"datePublished":"2014-04-04T20:03:19+00:00","dateModified":"2014-04-21T09:52:41+00:00","author":{"@id":"https:\/\/www.locationencorse.eu\/blog\/#\/schema\/person\/4aa76a779067073b7500fdabe0a4a51c"},"breadcrumb":{"@id":"https:\/\/www.locationencorse.eu\/blog\/maquis-lile\/#breadcrumb"},"inLanguage":"fr-FR","potentialAction":[{"@type":"ReadAction","target":["https:\/\/www.locationencorse.eu\/blog\/maquis-lile\/"]}]},{"@type":"BreadcrumbList","@id":"https:\/\/www.locationencorse.eu\/blog\/maquis-lile\/#breadcrumb","itemListElement":[{"@type":"ListItem","position":1,"name":"Accueil","item":"https:\/\/www.locationencorse.eu\/blog\/"},{"@type":"ListItem","position":2,"name":"Le maquis sur l&rsquo;\u00eele"}]},{"@type":"WebSite","@id":"https:\/\/www.locationencorse.eu\/blog\/#website","url":"https:\/\/www.locationencorse.eu\/blog\/","name":"La Corse","description":"Vacances en Corse sur \u00cele de beaut\u00e9","potentialAction":[{"@type":"SearchAction","target":{"@type":"EntryPoint","urlTemplate":"https:\/\/www.locationencorse.eu\/blog\/?s={search_term_string}"},"query-input":"required name=search_term_string"}],"inLanguage":"fr-FR"},{"@type":"Person","@id":"https:\/\/www.locationencorse.eu\/blog\/#\/schema\/person\/4aa76a779067073b7500fdabe0a4a51c","name":"Newchallenge","image":{"@type":"ImageObject","inLanguage":"fr-FR","@id":"https:\/\/www.locationencorse.eu\/blog\/#\/schema\/person\/image\/","url":"https:\/\/secure.gravatar.com\/avatar\/ad5f2a69d252f48179a77d3cb09e1fa7?s=96&r=g","contentUrl":"https:\/\/secure.gravatar.com\/avatar\/ad5f2a69d252f48179a77d3cb09e1fa7?s=96&r=g","caption":"Newchallenge"},"sameAs":["http:\/\/www.locationencorse.eu","https:\/\/www.facebook.com\/locationencorse.eu\/"],"url":"https:\/\/www.locationencorse.eu\/blog\/author\/martinenewchallenge-fr\/"}]}},"jetpack_featured_media_url":"","_links":{"self":[{"href":"https:\/\/www.locationencorse.eu\/blog\/wp-json\/wp\/v2\/posts\/3631"}],"collection":[{"href":"https:\/\/www.locationencorse.eu\/blog\/wp-json\/wp\/v2\/posts"}],"about":[{"href":"https:\/\/www.locationencorse.eu\/blog\/wp-json\/wp\/v2\/types\/post"}],"author":[{"embeddable":true,"href":"https:\/\/www.locationencorse.eu\/blog\/wp-json\/wp\/v2\/users\/2"}],"replies":[{"embeddable":true,"href":"https:\/\/www.locationencorse.eu\/blog\/wp-json\/wp\/v2\/comments?post=3631"}],"version-history":[{"count":7,"href":"https:\/\/www.locationencorse.eu\/blog\/wp-json\/wp\/v2\/posts\/3631\/revisions"}],"predecessor-version":[{"id":3942,"href":"https:\/\/www.locationencorse.eu\/blog\/wp-json\/wp\/v2\/posts\/3631\/revisions\/3942"}],"wp:attachment":[{"href":"https:\/\/www.locationencorse.eu\/blog\/wp-json\/wp\/v2\/media?parent=3631"}],"wp:term":[{"taxonomy":"category","embeddable":true,"href":"https:\/\/www.locationencorse.eu\/blog\/wp-json\/wp\/v2\/categories?post=3631"},{"taxonomy":"post_tag","embeddable":true,"href":"https:\/\/www.locationencorse.eu\/blog\/wp-json\/wp\/v2\/tags?post=3631"}],"curies":[{"name":"wp","href":"https:\/\/api.w.org\/{rel}","templated":true}]}}