{"id":3513,"date":"2014-04-01T10:05:29","date_gmt":"2014-04-01T08:05:29","guid":{"rendered":"http:\/\/www.locationencorse.eu\/blog\/?p=3513"},"modified":"2014-04-01T10:20:22","modified_gmt":"2014-04-01T08:20:22","slug":"printemps-en-corse","status":"publish","type":"post","link":"https:\/\/www.locationencorse.eu\/blog\/printemps-en-corse\/","title":{"rendered":"Le printemps en corse"},"content":{"rendered":"<p><span style=\"color: #000000; font-family: Calibri; font-size: medium;\">Voici revenir le printemps, La plus belle des saisons pour notre \u00eele. La v\u00e9g\u00e9tation est superbe\u00a0; \u00e0 chaque jours ses couleurs. La lavande sauvage impose sa robe violine tout en embaumant le maquis comme le bord des routes. Les asphod\u00e8les sont au z\u00e9nith de leur beaut\u00e9\u00a0: fleuries, fi\u00e8res, splendides, elles deviendront ses tristes tiges s\u00e8ches au milieu de l\u2019\u00e9t\u00e9. Les petites fleurs sauvages rivalisent d\u2019inventivit\u00e9 dans la forme de leurs p\u00e9tales, leurs couleurs ou leurs senteurs. Les arbres bourgeonnent et rev\u00eatent leur feuillage neuf. Les champs sont d\u2019un vert qui n\u2019a rien \u00e0 envier \u00a0\u00e0 la belle Irlande, ils n\u2019ont pas encore connu l\u2019abominable \u00e9preuve du feu, de l\u2019\u00e9cobuage \u00ab\u00a0maitris\u00e9\u00a0\u00bb dit-on. Les ruisseaux sont gonfl\u00e9s, les cours d\u2019eau envahis par les kayaks de rivi\u00e8res multicolores, le niveau des lacs \u00e0 son apog\u00e9e. Le soleil se fait moins rare. La mer est radieuse de propret\u00e9 et de fraicheur,, alors que sur les sommets, la neige fait de la r\u00e9sistance. Les villages se r\u00e9veillent doucement de l\u2019hiver et commencent \u00e0 rouvrir leurs commerces avec les premiers vacanciers et les citadins qui rejoignent plus volontiers leurs maisons de l\u2019int\u00e9rieur.<\/span><\/p>\n<p><span style=\"color: #000000; font-family: Calibri; font-size: medium;\">La Corse est superbe et, comme chaque ann\u00e9e, on regrette d\u2019\u00eatre si peu \u00a0nombreux \u00e0 la voir sous le jour du printemps. L\u2019essentiel des visiteurs ne la d\u00e9couvrira que bien plus tard, accabl\u00e9e de soleil, un peu aride et presque surpeupl\u00e9e. Ah, si la qu\u00eate du beau, l\u2019emportait sur celle du bronzage, C\u2019est maintenant que le touriste ferait rage\u00a0! Tout est neuf et \u00e9clatant, pur et lumineux. Comme si notre \u00eele avait \u00e9t\u00e9 sculpt\u00e9e pour faire honneur au printemps.<\/span><\/p>\n<p><span style=\"color: #000000; font-family: Calibri; font-size: medium;\">Le printemps en Corse est une saison exceptionnelle. Si les plus t\u00e9m\u00e9raires se jettent d\u00e9j\u00e0 \u00e0 l&rsquo;eau, la majorit\u00e9 des locaux se ruent sur les premi\u00e8res terrasses pour le d\u00e9jeuner. Les temp\u00e9ratures varient entre 18 et 23\u00b0C environ selon les ann\u00e9es. C&rsquo;est la p\u00e9riode id\u00e9ale pour les randonn\u00e9es. En effet, l&rsquo;ascension des monts est rendue moins difficile sous des temp\u00e9ratures cl\u00e9mentes. De plus, jusqu&rsquo;au mois de Juin, les petits prix et promotions ne sont pas rares en Corse! En effet, la destination \u00e9tant moins pris\u00e9e, les tarifs ont tendance \u00e0 diminuer, et les <a title=\"promotions location en corse\" href=\"http:\/\/www.locationencorse.eu\/rec\/?promotions=1&amp;trier=3\" target=\"_blank\">promotions des locations corses<\/a> sont au rendez-vous. C&rsquo;est donc la p\u00e9riode des bons plans \u00e0 ne pas manquer!<\/span><\/p>\n<p>Voir aussi la<a title=\"L\u2019hiver en Corse\" href=\"http:\/\/www.locationencorse.eu\/blog\/lhiver-en-corse\/\"> Corse <\/a>en hiver<\/p>\n<!-- AddThis Advanced Settings generic via filter on the_content --><!-- AddThis Share Buttons generic via filter on the_content -->","protected":false},"excerpt":{"rendered":"<p>Voici revenir le printemps, La plus belle des saisons pour notre \u00eele. La v\u00e9g\u00e9tation est superbe\u00a0; \u00e0 chaque jours ses couleurs. La lavande sauvage impose sa robe violine tout en embaumant le maquis comme le bord des routes. Les asphod\u00e8les &hellip; <a href=\"https:\/\/www.locationencorse.eu\/blog\/printemps-en-corse\/\">Continuer la lecture <span class=\"meta-nav\">&rarr;<\/span><\/a><!-- AddThis Advanced Settings generic via filter on get_the_excerpt --><!-- AddThis Share Buttons generic via filter on get_the_excerpt --><\/p>\n","protected":false},"author":2,"featured_media":0,"comment_status":"open","ping_status":"open","sticky":false,"template":"","format":"standard","meta":{"_mi_skip_tracking":false,"_monsterinsights_sitenote_active":false,"_monsterinsights_sitenote_note":"","_monsterinsights_sitenote_category":0,"ngg_post_thumbnail":0,"footnotes":""},"categories":[184,157],"tags":[247],"yoast_head":"<!-- This site is optimized with the Yoast SEO plugin v21.1 - https:\/\/yoast.com\/wordpress\/plugins\/seo\/ -->\n<title>Le printemps en corse - La Corse<\/title>\n<meta name=\"robots\" content=\"index, follow, max-snippet:-1, max-image-preview:large, max-video-preview:-1\" \/>\n<link rel=\"canonical\" href=\"https:\/\/www.locationencorse.eu\/blog\/printemps-en-corse\/\" \/>\n<meta property=\"og:locale\" content=\"fr_FR\" \/>\n<meta property=\"og:type\" content=\"article\" \/>\n<meta property=\"og:title\" content=\"Le printemps en corse - La Corse\" \/>\n<meta property=\"og:description\" content=\"Voici revenir le printemps, La plus belle des saisons pour notre \u00eele. La v\u00e9g\u00e9tation est superbe\u00a0; \u00e0 chaque jours ses couleurs. La lavande sauvage impose sa robe violine tout en embaumant le maquis comme le bord des routes. Les asphod\u00e8les &hellip; Continuer la lecture &rarr;\" \/>\n<meta property=\"og:url\" content=\"https:\/\/www.locationencorse.eu\/blog\/printemps-en-corse\/\" \/>\n<meta property=\"og:site_name\" content=\"La Corse\" \/>\n<meta property=\"article:author\" content=\"https:\/\/www.facebook.com\/locationencorse.eu\/\" \/>\n<meta property=\"article:published_time\" content=\"2014-04-01T08:05:29+00:00\" \/>\n<meta property=\"article:modified_time\" content=\"2014-04-01T08:20:22+00:00\" \/>\n<meta name=\"author\" content=\"Newchallenge\" \/>\n<meta name=\"twitter:label1\" content=\"\u00c9crit par\" \/>\n\t<meta name=\"twitter:data1\" content=\"Newchallenge\" \/>\n\t<meta name=\"twitter:label2\" content=\"Dur\u00e9e de lecture estim\u00e9e\" \/>\n\t<meta name=\"twitter:data2\" content=\"2 minutes\" \/>\n<script type=\"application\/ld+json\" class=\"yoast-schema-graph\">{\"@context\":\"https:\/\/schema.org\",\"@graph\":[{\"@type\":\"WebPage\",\"@id\":\"https:\/\/www.locationencorse.eu\/blog\/printemps-en-corse\/\",\"url\":\"https:\/\/www.locationencorse.eu\/blog\/printemps-en-corse\/\",\"name\":\"Le printemps en corse - La Corse\",\"isPartOf\":{\"@id\":\"https:\/\/www.locationencorse.eu\/blog\/#website\"},\"datePublished\":\"2014-04-01T08:05:29+00:00\",\"dateModified\":\"2014-04-01T08:20:22+00:00\",\"author\":{\"@id\":\"https:\/\/www.locationencorse.eu\/blog\/#\/schema\/person\/4aa76a779067073b7500fdabe0a4a51c\"},\"breadcrumb\":{\"@id\":\"https:\/\/www.locationencorse.eu\/blog\/printemps-en-corse\/#breadcrumb\"},\"inLanguage\":\"fr-FR\",\"potentialAction\":[{\"@type\":\"ReadAction\",\"target\":[\"https:\/\/www.locationencorse.eu\/blog\/printemps-en-corse\/\"]}]},{\"@type\":\"BreadcrumbList\",\"@id\":\"https:\/\/www.locationencorse.eu\/blog\/printemps-en-corse\/#breadcrumb\",\"itemListElement\":[{\"@type\":\"ListItem\",\"position\":1,\"name\":\"Accueil\",\"item\":\"https:\/\/www.locationencorse.eu\/blog\/\"},{\"@type\":\"ListItem\",\"position\":2,\"name\":\"Le printemps en corse\"}]},{\"@type\":\"WebSite\",\"@id\":\"https:\/\/www.locationencorse.eu\/blog\/#website\",\"url\":\"https:\/\/www.locationencorse.eu\/blog\/\",\"name\":\"La Corse\",\"description\":\"Vacances en Corse sur \u00cele de beaut\u00e9\",\"potentialAction\":[{\"@type\":\"SearchAction\",\"target\":{\"@type\":\"EntryPoint\",\"urlTemplate\":\"https:\/\/www.locationencorse.eu\/blog\/?s={search_term_string}\"},\"query-input\":\"required name=search_term_string\"}],\"inLanguage\":\"fr-FR\"},{\"@type\":\"Person\",\"@id\":\"https:\/\/www.locationencorse.eu\/blog\/#\/schema\/person\/4aa76a779067073b7500fdabe0a4a51c\",\"name\":\"Newchallenge\",\"image\":{\"@type\":\"ImageObject\",\"inLanguage\":\"fr-FR\",\"@id\":\"https:\/\/www.locationencorse.eu\/blog\/#\/schema\/person\/image\/\",\"url\":\"https:\/\/secure.gravatar.com\/avatar\/ad5f2a69d252f48179a77d3cb09e1fa7?s=96&r=g\",\"contentUrl\":\"https:\/\/secure.gravatar.com\/avatar\/ad5f2a69d252f48179a77d3cb09e1fa7?s=96&r=g\",\"caption\":\"Newchallenge\"},\"sameAs\":[\"http:\/\/www.locationencorse.eu\",\"https:\/\/www.facebook.com\/locationencorse.eu\/\"],\"url\":\"https:\/\/www.locationencorse.eu\/blog\/author\/martinenewchallenge-fr\/\"}]}<\/script>\n<!-- \/ Yoast SEO plugin. -->","yoast_head_json":{"title":"Le printemps en corse - La Corse","robots":{"index":"index","follow":"follow","max-snippet":"max-snippet:-1","max-image-preview":"max-image-preview:large","max-video-preview":"max-video-preview:-1"},"canonical":"https:\/\/www.locationencorse.eu\/blog\/printemps-en-corse\/","og_locale":"fr_FR","og_type":"article","og_title":"Le printemps en corse - La Corse","og_description":"Voici revenir le printemps, La plus belle des saisons pour notre \u00eele. La v\u00e9g\u00e9tation est superbe\u00a0; \u00e0 chaque jours ses couleurs. La lavande sauvage impose sa robe violine tout en embaumant le maquis comme le bord des routes. Les asphod\u00e8les &hellip; Continuer la lecture &rarr;","og_url":"https:\/\/www.locationencorse.eu\/blog\/printemps-en-corse\/","og_site_name":"La Corse","article_author":"https:\/\/www.facebook.com\/locationencorse.eu\/","article_published_time":"2014-04-01T08:05:29+00:00","article_modified_time":"2014-04-01T08:20:22+00:00","author":"Newchallenge","twitter_misc":{"\u00c9crit par":"Newchallenge","Dur\u00e9e de lecture estim\u00e9e":"2 minutes"},"schema":{"@context":"https:\/\/schema.org","@graph":[{"@type":"WebPage","@id":"https:\/\/www.locationencorse.eu\/blog\/printemps-en-corse\/","url":"https:\/\/www.locationencorse.eu\/blog\/printemps-en-corse\/","name":"Le printemps en corse - La Corse","isPartOf":{"@id":"https:\/\/www.locationencorse.eu\/blog\/#website"},"datePublished":"2014-04-01T08:05:29+00:00","dateModified":"2014-04-01T08:20:22+00:00","author":{"@id":"https:\/\/www.locationencorse.eu\/blog\/#\/schema\/person\/4aa76a779067073b7500fdabe0a4a51c"},"breadcrumb":{"@id":"https:\/\/www.locationencorse.eu\/blog\/printemps-en-corse\/#breadcrumb"},"inLanguage":"fr-FR","potentialAction":[{"@type":"ReadAction","target":["https:\/\/www.locationencorse.eu\/blog\/printemps-en-corse\/"]}]},{"@type":"BreadcrumbList","@id":"https:\/\/www.locationencorse.eu\/blog\/printemps-en-corse\/#breadcrumb","itemListElement":[{"@type":"ListItem","position":1,"name":"Accueil","item":"https:\/\/www.locationencorse.eu\/blog\/"},{"@type":"ListItem","position":2,"name":"Le printemps en corse"}]},{"@type":"WebSite","@id":"https:\/\/www.locationencorse.eu\/blog\/#website","url":"https:\/\/www.locationencorse.eu\/blog\/","name":"La Corse","description":"Vacances en Corse sur \u00cele de beaut\u00e9","potentialAction":[{"@type":"SearchAction","target":{"@type":"EntryPoint","urlTemplate":"https:\/\/www.locationencorse.eu\/blog\/?s={search_term_string}"},"query-input":"required name=search_term_string"}],"inLanguage":"fr-FR"},{"@type":"Person","@id":"https:\/\/www.locationencorse.eu\/blog\/#\/schema\/person\/4aa76a779067073b7500fdabe0a4a51c","name":"Newchallenge","image":{"@type":"ImageObject","inLanguage":"fr-FR","@id":"https:\/\/www.locationencorse.eu\/blog\/#\/schema\/person\/image\/","url":"https:\/\/secure.gravatar.com\/avatar\/ad5f2a69d252f48179a77d3cb09e1fa7?s=96&r=g","contentUrl":"https:\/\/secure.gravatar.com\/avatar\/ad5f2a69d252f48179a77d3cb09e1fa7?s=96&r=g","caption":"Newchallenge"},"sameAs":["http:\/\/www.locationencorse.eu","https:\/\/www.facebook.com\/locationencorse.eu\/"],"url":"https:\/\/www.locationencorse.eu\/blog\/author\/martinenewchallenge-fr\/"}]}},"jetpack_featured_media_url":"","_links":{"self":[{"href":"https:\/\/www.locationencorse.eu\/blog\/wp-json\/wp\/v2\/posts\/3513"}],"collection":[{"href":"https:\/\/www.locationencorse.eu\/blog\/wp-json\/wp\/v2\/posts"}],"about":[{"href":"https:\/\/www.locationencorse.eu\/blog\/wp-json\/wp\/v2\/types\/post"}],"author":[{"embeddable":true,"href":"https:\/\/www.locationencorse.eu\/blog\/wp-json\/wp\/v2\/users\/2"}],"replies":[{"embeddable":true,"href":"https:\/\/www.locationencorse.eu\/blog\/wp-json\/wp\/v2\/comments?post=3513"}],"version-history":[{"count":5,"href":"https:\/\/www.locationencorse.eu\/blog\/wp-json\/wp\/v2\/posts\/3513\/revisions"}],"predecessor-version":[{"id":3518,"href":"https:\/\/www.locationencorse.eu\/blog\/wp-json\/wp\/v2\/posts\/3513\/revisions\/3518"}],"wp:attachment":[{"href":"https:\/\/www.locationencorse.eu\/blog\/wp-json\/wp\/v2\/media?parent=3513"}],"wp:term":[{"taxonomy":"category","embeddable":true,"href":"https:\/\/www.locationencorse.eu\/blog\/wp-json\/wp\/v2\/categories?post=3513"},{"taxonomy":"post_tag","embeddable":true,"href":"https:\/\/www.locationencorse.eu\/blog\/wp-json\/wp\/v2\/tags?post=3513"}],"curies":[{"name":"wp","href":"https:\/\/api.w.org\/{rel}","templated":true}]}}