{"id":3497,"date":"2014-04-01T07:55:50","date_gmt":"2014-04-01T05:55:50","guid":{"rendered":"http:\/\/www.locationencorse.eu\/blog\/?p=3497"},"modified":"2014-04-01T09:41:07","modified_gmt":"2014-04-01T07:41:07","slug":"pascal-paoli-pasquale-paoli-en-langue-corse","status":"publish","type":"post","link":"https:\/\/www.locationencorse.eu\/blog\/pascal-paoli-pasquale-paoli-en-langue-corse\/","title":{"rendered":"Pascal Paoli ou Pasquale Paoli (en langue corse)"},"content":{"rendered":"<p>En visitant la Corse, vous serez surpris par le nombre de \u00ab\u00a0PAOLI\u00a0\u00bb que vous rencontrerez. Des rues, ruelles, places, caf\u00e9s, restaurants, mus\u00e9es, statues, \u00e9coles, universit\u00e9&#8230;&#8230; portent ce nom. Les familles \u00ab\u00a0Paoli\u00a0\u00bb sont nombreuses et l&rsquo;on retrouve ce nom sur les monuments aux morts des villages. Mais qui est donc le fameux Pasquale Paoli, c\u00e9l\u00e8bre dans toute la Corse?<\/p>\n<p>En 2007 a \u00e9t\u00e9 institu\u00e9e \u00ab\u00a0l\u2019Ann\u00e9e Paoli\u00a0\u00bb; toute la Corse c\u00e9l\u00e9brait le bicentenaire de sa mort. Pour les curieux, les friands d&rsquo;Histoire, de passage en Corse, rendez-vous \u00e0 MOROSAGLIA, dans cette r\u00e9gion montagneuse de la Castagniccia, connue pour les plantations de ch\u00e2taigniers. C&rsquo;est l\u00e0 que vous trouverez le mus\u00e9e d\u00e9partemental d\u00e9di\u00e9 au \u00ab\u00a0P\u00e8re de la Patrie\u00a0\u00bb(celui que les Corses appellent leur \u00ab\u00a0BABBU\u00a0\u00bb, leur p\u00e8re). Ce mus\u00e9e, install\u00e9 dans sa <strong>maison natale<\/strong>, offre tout un \u00e9ventail de collections d&rsquo;une richesse et d&rsquo;une beaut\u00e9 incontestables. Les h\u00e9ritiers ainsi que le D\u00e9partement ont r\u00e9ussi \u00e0 y rassembler photos, objets, tableaux, souvenirs, documents audiovisuels qui sauront vous raconter l&rsquo;histoire de ce personnage c\u00e9l\u00e8bre.<\/p>\n<ul>\n<li><a title=\"pasquale paoli\" href=\"http:\/\/www.corse.fr\/musees-corse\/Le-musee-departemental-Pascal-Paoli-a-Morosaglia_a10.html\">Mus\u00e9e de France <\/a>: 04 95 61 04 97<\/li>\n<li>Horaires \u00e9t\u00e9 : 9h-12h, 14h30- 19h30<\/li>\n<li>Horaires d&rsquo;hiver : 9h-12h, 13h-17h<\/li>\n<\/ul>\n<div id=\"attachment_3503\" style=\"width: 630px\" class=\"wp-caption aligncenter\"><a href=\"http:\/\/www.locationencorse.eu\/blog\/wp-content\/uploads\/2014\/04\/mus\u00e9e.jpg\" data-rel=\"lightbox-image-0\" data-rl_title=\"\" data-rl_caption=\"\" title=\"\"><img aria-describedby=\"caption-attachment-3503\" decoding=\"async\" loading=\"lazy\" class=\"size-full wp-image-3503\" alt=\"mus\u00e9e Pasquale paoli\" src=\"http:\/\/www.locationencorse.eu\/blog\/wp-content\/uploads\/2014\/04\/mus\u00e9e.jpg\" width=\"620\" height=\"355\" srcset=\"https:\/\/www.locationencorse.eu\/blog\/wp-content\/uploads\/2014\/04\/mus\u00e9e.jpg 620w, https:\/\/www.locationencorse.eu\/blog\/wp-content\/uploads\/2014\/04\/mus\u00e9e-400x229.jpg 400w\" sizes=\"(max-width: 620px) 100vw, 620px\" \/><\/a><p id=\"caption-attachment-3503\" class=\"wp-caption-text\">mus\u00e9e Pasquale paoli<\/p><\/div>\n<p>Laissons la parole \u00e0 un biographe \u00e9cossais James Boswell qui s&rsquo;int\u00e9ressait \u00e0 la biographie des Grands Hommes, employant une m\u00e9thode tout nouvelle \u00e0 cette \u00e9poque : \u00a0\u00bb L&rsquo;entretien Direct\u00a0\u00bb. Il avait rencontr\u00e9 Voltaire, Rousseau et c&rsquo;est en 1765 que Boswell arriva d&rsquo;Ecosse, en Corse, pour s&rsquo;entretenir avec Paoli dans un village perch\u00e9 au-dessus de la vall\u00e9e du Taravo, Sollacaro. Il y demeura un peu plus d&rsquo;un mois. En relatant ce s\u00e9jour dans le journal de son Voyage en Corse, publi\u00e9 \u00e0 Glasgow en 1768, il fit conna\u00eetre \u00a0\u00bb l&rsquo;Ile Parfum\u00e9e\u00a0\u00bb.<\/p>\n<blockquote><p><em>\u00a0\u00bb Il est grand, robuste et bien fait, sa physionomie est intelligente, ouverte et franche, son port m\u00e2le et noble&#8230;.. Je m&rsquo;\u00e9tais trouv\u00e9 d\u00e9j\u00e0 devant bien des princes, mais je n&rsquo;avais jamais \u00e9prouv\u00e9 ce que je ressentis en pr\u00e9sence de Paoli. Etant en continuel danger d&rsquo;\u00eatre trahi et assassin\u00e9, il a pris l&rsquo;habitude d&rsquo;observer tout nouveau visage avec grande attention. Pendant 10 mn, nous parcour\u00fbmes la pi\u00e8ce de long en large, pronon\u00e7ant \u00e0 peine une parole, tandis qu&rsquo;il me regardait d&rsquo;un regard fixe, vif, per\u00e7ant, comme s&rsquo;il avait voulu p\u00e9n\u00e9trer mon \u00e2me, m\u00eame. Je fus tr\u00e8s soulag\u00e9 quand sa r\u00e9serve disparut et qu&rsquo;il commen\u00e7a \u00e0 parler davantage.\u00a0\u00bb<\/em><\/p><\/blockquote>\n<p>Pasquale Paoli, en langue Corse, est n\u00e9 dans un hameau de Morosaglia, \u00ab\u00a0A STRETTA\u00a0\u00bb, le 6 Avril 1725. Il \u00e9tait le fils cadet de Denise Valentini et du G\u00e9n\u00e9ral Hyacinthe Paoli.<\/p>\n<p>Son p\u00e8re, avec une trentaine de chefs corses, fut condamn\u00e9, en 1739, \u00e0 l&rsquo;exil. Il emmena sa famille \u00e0 Naples, en Italie. Le jeune Pasquale b\u00e9n\u00e9ficiera d&rsquo;une solide formation intellectuelle aupr\u00e8s de philosophes fran\u00e7ais. Il y entama une carri\u00e8re militaire.<\/p>\n<p>En 1753, le Chef Supr\u00eame des corses, Giovan Pietro Gaffori, fut assassin\u00e9. On demanda \u00e0 Pasquale de rentrer au pays pour lui succ\u00e9der \u00e0 ce poste. Bien qu&rsquo;il eut pass\u00e9 une grande partie de sa vie en dehors de la Corse, Pascale Paoli fut proclam\u00e9 le 14 juillet 1755; \u00ab\u00a0Capu General\u00a0\u00bb (G\u00e9n\u00e9ral de la Nation). Il gouverna la Corse pendant 14 ans. C&rsquo;est lui qui fera de Corte la Capitale de l&rsquo;\u00eele et qui fondera une Universit\u00e9. Il fit \u00e9galement voter une constitution qui fixera la Souverainet\u00e9 de la Nation Corse, il \u00e9tablira la s\u00e9paration des pouvoirs, fit cr\u00e9er une monnaie. Il va aussi doter la justice de tribunaux r\u00e9guliers, cr\u00e9era l&rsquo;\u00e9cole primaire, ainsi qu&rsquo;une arm\u00e9e et m\u00eame une petite flotte de guerre. Son travail ne s&rsquo;arr\u00eatera pas l\u00e0. Il fit ass\u00e9cher des zones mar\u00e9cageuses pour encourager l&rsquo;agriculture. C&rsquo;est encore lui qui fondera la Cit\u00e9 de l&rsquo;Ile Rousse. En effet, \u00e0 cette \u00e9poque Calvi et les autres ports sont g\u00e9nois, jusqu&rsquo;en 1768, o\u00f9 l&rsquo;Ile fut vendue \u00e0 la France de Louis XV.<\/p>\n<p>Mais en 1769, la R\u00e9sistance corse est vaincue lors de la bataille de Pont\u00e9 Novu Pascal Paoli reprendra dans la pr\u00e9cipitation la route de l&rsquo;exil. En juin, il embarque sur un navire Anglais et c&rsquo;est ce pays, ennemi des fran\u00e7ais, qui l&rsquo;accueillera \u00e0 Londres \u00e0 la mani\u00e8re d&rsquo;un Homme d&rsquo;Etat. Cet exil sera plus long que le premier. C&rsquo;est Mirabeau, en 1789, de Paris, qui demandera, apr\u00e8s la prise de la Bastille, l&rsquo;amnistie de tous les corses exil\u00e9s. La Corse \u00e9tant devenue un d\u00e9partement fran\u00e7ais, Paoli est \u00e9lu Commandant en Chef des Gardes Nationales et Pr\u00e9sident du Directoire. C&rsquo;est en 1792 que Lucien Bonaparte, devant la Convention, le d\u00e9non\u00e7a en tant que \u00ab\u00a0contre r\u00e9volutionnaire\u00a0\u00bb. Et c&rsquo;est ainsi que l&rsquo;histoire de l&rsquo;exil se r\u00e9p\u00e8tera, une fois de plus : l&rsquo;exil pour Londres attend Paoli. C&rsquo;est l\u00e0 qu&rsquo;il va mourir le 5 f\u00e9vrier 1807. Il faudra attendre le 3 septembre 1889, pour que ses cendres reposent dans la chapelle de sa maison natale \u00e0 Morosaglia.<\/p>\n<p>Lorsqu&rsquo;on \u00e9num\u00e8re tout ce que ce personnage a institu\u00e9 en Corse, on s&rsquo;aper\u00e7oit que, bien avant la r\u00e9volution, Pasquale Paoli avait tout compris. Il a su cr\u00e9er sur son \u00eele les bases des d\u00e9mocraties modernes. Ce grand pr\u00e9curseur a pourtant \u00e9t\u00e9\u00a0 mis \u00e0 l&rsquo;\u00e9cart par la France de l&rsquo;\u00e9poque, pour avoir combattu, contre elle, afin de d\u00e9fendre l&rsquo;id\u00e9e de l&rsquo;Etat-Nation. Plus tard, la France la fera rayonner dans le monde entier.<\/p>\n<p>Si la France a oubli\u00e9 Pascale Paoli, il reste \u00e0 jamais dans le c\u0153ur du peuple corse. Voici ce qu&rsquo;\u00e9crivait un historien prussien au XIX\u00e8me si\u00e8cle.\u00a0 \u00ab\u00a0<em>Il est impossible qu&rsquo;un homme, apr\u00e8s sa mort, puisse inspirer \u00e0 tout un peuple, plus d&rsquo;amour et de v\u00e9n\u00e9ration que Pasquale Paoli ; cet homme est mille fois vivant, que dis-je? il vit dans le c\u0153ur de tous les corses\u00a0\u00bb.<\/em><\/p>\n<p><strong><span style=\"color: #008000;\">Vid\u00e9o: \u00a0Histoire de Pasquale Paoli (en 100 images BD)<\/span><\/strong><\/p>\n<p style=\"text-align: center;\"><iframe loading=\"lazy\" src=\"\/\/www.youtube.com\/embed\/pz4-PBAr008?rel=0\" height=\"480\" width=\"640\" allowfullscreen=\"\" frameborder=\"0\"><\/iframe><\/p>\n<p><span style=\"color: #000000; font-family: Calibri; font-size: medium;\">\u00a0<\/span><\/p>\n<!-- AddThis Advanced Settings generic via filter on the_content --><!-- AddThis Share Buttons generic via filter on the_content -->","protected":false},"excerpt":{"rendered":"<p>En visitant la Corse, vous serez surpris par le nombre de \u00ab\u00a0PAOLI\u00a0\u00bb que vous rencontrerez. Des rues, ruelles, places, caf\u00e9s, restaurants, mus\u00e9es, statues, \u00e9coles, universit\u00e9&#8230;&#8230; portent ce nom. Les familles \u00ab\u00a0Paoli\u00a0\u00bb sont nombreuses et l&rsquo;on retrouve ce nom sur les &hellip; <a href=\"https:\/\/www.locationencorse.eu\/blog\/pascal-paoli-pasquale-paoli-en-langue-corse\/\">Continuer la lecture <span class=\"meta-nav\">&rarr;<\/span><\/a><!-- AddThis Advanced Settings generic via filter on get_the_excerpt --><!-- AddThis Share Buttons generic via filter on get_the_excerpt --><\/p>\n","protected":false},"author":2,"featured_media":0,"comment_status":"open","ping_status":"open","sticky":false,"template":"","format":"standard","meta":{"_mi_skip_tracking":false,"_monsterinsights_sitenote_active":false,"_monsterinsights_sitenote_note":"","_monsterinsights_sitenote_category":0,"ngg_post_thumbnail":0,"footnotes":""},"categories":[157,190],"tags":[246,238],"yoast_head":"<!-- This site is optimized with the Yoast SEO plugin v21.1 - https:\/\/yoast.com\/wordpress\/plugins\/seo\/ -->\n<title>Pascal Paoli ou Pasquale Paoli (en langue corse) - La Corse<\/title>\n<meta name=\"robots\" content=\"index, follow, max-snippet:-1, max-image-preview:large, max-video-preview:-1\" \/>\n<link rel=\"canonical\" href=\"https:\/\/www.locationencorse.eu\/blog\/pascal-paoli-pasquale-paoli-en-langue-corse\/\" \/>\n<meta property=\"og:locale\" content=\"fr_FR\" \/>\n<meta property=\"og:type\" content=\"article\" \/>\n<meta property=\"og:title\" content=\"Pascal Paoli ou Pasquale Paoli (en langue corse) - La Corse\" \/>\n<meta property=\"og:description\" content=\"En visitant la Corse, vous serez surpris par le nombre de \u00ab\u00a0PAOLI\u00a0\u00bb que vous rencontrerez. Des rues, ruelles, places, caf\u00e9s, restaurants, mus\u00e9es, statues, \u00e9coles, universit\u00e9&#8230;&#8230; portent ce nom. Les familles \u00ab\u00a0Paoli\u00a0\u00bb sont nombreuses et l&rsquo;on retrouve ce nom sur les &hellip; Continuer la lecture &rarr;\" \/>\n<meta property=\"og:url\" content=\"https:\/\/www.locationencorse.eu\/blog\/pascal-paoli-pasquale-paoli-en-langue-corse\/\" \/>\n<meta property=\"og:site_name\" content=\"La Corse\" \/>\n<meta property=\"article:author\" content=\"https:\/\/www.facebook.com\/locationencorse.eu\/\" \/>\n<meta property=\"article:published_time\" content=\"2014-04-01T05:55:50+00:00\" \/>\n<meta property=\"article:modified_time\" content=\"2014-04-01T07:41:07+00:00\" \/>\n<meta name=\"author\" content=\"Newchallenge\" \/>\n<meta name=\"twitter:label1\" content=\"\u00c9crit par\" \/>\n\t<meta name=\"twitter:data1\" content=\"Newchallenge\" \/>\n\t<meta name=\"twitter:label2\" content=\"Dur\u00e9e de lecture estim\u00e9e\" \/>\n\t<meta name=\"twitter:data2\" content=\"5 minutes\" \/>\n<script type=\"application\/ld+json\" class=\"yoast-schema-graph\">{\"@context\":\"https:\/\/schema.org\",\"@graph\":[{\"@type\":\"WebPage\",\"@id\":\"https:\/\/www.locationencorse.eu\/blog\/pascal-paoli-pasquale-paoli-en-langue-corse\/\",\"url\":\"https:\/\/www.locationencorse.eu\/blog\/pascal-paoli-pasquale-paoli-en-langue-corse\/\",\"name\":\"Pascal Paoli ou Pasquale Paoli (en langue corse) - La Corse\",\"isPartOf\":{\"@id\":\"https:\/\/www.locationencorse.eu\/blog\/#website\"},\"datePublished\":\"2014-04-01T05:55:50+00:00\",\"dateModified\":\"2014-04-01T07:41:07+00:00\",\"author\":{\"@id\":\"https:\/\/www.locationencorse.eu\/blog\/#\/schema\/person\/4aa76a779067073b7500fdabe0a4a51c\"},\"breadcrumb\":{\"@id\":\"https:\/\/www.locationencorse.eu\/blog\/pascal-paoli-pasquale-paoli-en-langue-corse\/#breadcrumb\"},\"inLanguage\":\"fr-FR\",\"potentialAction\":[{\"@type\":\"ReadAction\",\"target\":[\"https:\/\/www.locationencorse.eu\/blog\/pascal-paoli-pasquale-paoli-en-langue-corse\/\"]}]},{\"@type\":\"BreadcrumbList\",\"@id\":\"https:\/\/www.locationencorse.eu\/blog\/pascal-paoli-pasquale-paoli-en-langue-corse\/#breadcrumb\",\"itemListElement\":[{\"@type\":\"ListItem\",\"position\":1,\"name\":\"Accueil\",\"item\":\"https:\/\/www.locationencorse.eu\/blog\/\"},{\"@type\":\"ListItem\",\"position\":2,\"name\":\"Pascal Paoli ou Pasquale Paoli (en langue corse)\"}]},{\"@type\":\"WebSite\",\"@id\":\"https:\/\/www.locationencorse.eu\/blog\/#website\",\"url\":\"https:\/\/www.locationencorse.eu\/blog\/\",\"name\":\"La Corse\",\"description\":\"Vacances en Corse sur \u00cele de beaut\u00e9\",\"potentialAction\":[{\"@type\":\"SearchAction\",\"target\":{\"@type\":\"EntryPoint\",\"urlTemplate\":\"https:\/\/www.locationencorse.eu\/blog\/?s={search_term_string}\"},\"query-input\":\"required name=search_term_string\"}],\"inLanguage\":\"fr-FR\"},{\"@type\":\"Person\",\"@id\":\"https:\/\/www.locationencorse.eu\/blog\/#\/schema\/person\/4aa76a779067073b7500fdabe0a4a51c\",\"name\":\"Newchallenge\",\"image\":{\"@type\":\"ImageObject\",\"inLanguage\":\"fr-FR\",\"@id\":\"https:\/\/www.locationencorse.eu\/blog\/#\/schema\/person\/image\/\",\"url\":\"https:\/\/secure.gravatar.com\/avatar\/ad5f2a69d252f48179a77d3cb09e1fa7?s=96&r=g\",\"contentUrl\":\"https:\/\/secure.gravatar.com\/avatar\/ad5f2a69d252f48179a77d3cb09e1fa7?s=96&r=g\",\"caption\":\"Newchallenge\"},\"sameAs\":[\"http:\/\/www.locationencorse.eu\",\"https:\/\/www.facebook.com\/locationencorse.eu\/\"],\"url\":\"https:\/\/www.locationencorse.eu\/blog\/author\/martinenewchallenge-fr\/\"}]}<\/script>\n<!-- \/ Yoast SEO plugin. -->","yoast_head_json":{"title":"Pascal Paoli ou Pasquale Paoli (en langue corse) - La Corse","robots":{"index":"index","follow":"follow","max-snippet":"max-snippet:-1","max-image-preview":"max-image-preview:large","max-video-preview":"max-video-preview:-1"},"canonical":"https:\/\/www.locationencorse.eu\/blog\/pascal-paoli-pasquale-paoli-en-langue-corse\/","og_locale":"fr_FR","og_type":"article","og_title":"Pascal Paoli ou Pasquale Paoli (en langue corse) - La Corse","og_description":"En visitant la Corse, vous serez surpris par le nombre de \u00ab\u00a0PAOLI\u00a0\u00bb que vous rencontrerez. Des rues, ruelles, places, caf\u00e9s, restaurants, mus\u00e9es, statues, \u00e9coles, universit\u00e9&#8230;&#8230; portent ce nom. Les familles \u00ab\u00a0Paoli\u00a0\u00bb sont nombreuses et l&rsquo;on retrouve ce nom sur les &hellip; Continuer la lecture &rarr;","og_url":"https:\/\/www.locationencorse.eu\/blog\/pascal-paoli-pasquale-paoli-en-langue-corse\/","og_site_name":"La Corse","article_author":"https:\/\/www.facebook.com\/locationencorse.eu\/","article_published_time":"2014-04-01T05:55:50+00:00","article_modified_time":"2014-04-01T07:41:07+00:00","author":"Newchallenge","twitter_misc":{"\u00c9crit par":"Newchallenge","Dur\u00e9e de lecture estim\u00e9e":"5 minutes"},"schema":{"@context":"https:\/\/schema.org","@graph":[{"@type":"WebPage","@id":"https:\/\/www.locationencorse.eu\/blog\/pascal-paoli-pasquale-paoli-en-langue-corse\/","url":"https:\/\/www.locationencorse.eu\/blog\/pascal-paoli-pasquale-paoli-en-langue-corse\/","name":"Pascal Paoli ou Pasquale Paoli (en langue corse) - La Corse","isPartOf":{"@id":"https:\/\/www.locationencorse.eu\/blog\/#website"},"datePublished":"2014-04-01T05:55:50+00:00","dateModified":"2014-04-01T07:41:07+00:00","author":{"@id":"https:\/\/www.locationencorse.eu\/blog\/#\/schema\/person\/4aa76a779067073b7500fdabe0a4a51c"},"breadcrumb":{"@id":"https:\/\/www.locationencorse.eu\/blog\/pascal-paoli-pasquale-paoli-en-langue-corse\/#breadcrumb"},"inLanguage":"fr-FR","potentialAction":[{"@type":"ReadAction","target":["https:\/\/www.locationencorse.eu\/blog\/pascal-paoli-pasquale-paoli-en-langue-corse\/"]}]},{"@type":"BreadcrumbList","@id":"https:\/\/www.locationencorse.eu\/blog\/pascal-paoli-pasquale-paoli-en-langue-corse\/#breadcrumb","itemListElement":[{"@type":"ListItem","position":1,"name":"Accueil","item":"https:\/\/www.locationencorse.eu\/blog\/"},{"@type":"ListItem","position":2,"name":"Pascal Paoli ou Pasquale Paoli (en langue corse)"}]},{"@type":"WebSite","@id":"https:\/\/www.locationencorse.eu\/blog\/#website","url":"https:\/\/www.locationencorse.eu\/blog\/","name":"La Corse","description":"Vacances en Corse sur \u00cele de beaut\u00e9","potentialAction":[{"@type":"SearchAction","target":{"@type":"EntryPoint","urlTemplate":"https:\/\/www.locationencorse.eu\/blog\/?s={search_term_string}"},"query-input":"required name=search_term_string"}],"inLanguage":"fr-FR"},{"@type":"Person","@id":"https:\/\/www.locationencorse.eu\/blog\/#\/schema\/person\/4aa76a779067073b7500fdabe0a4a51c","name":"Newchallenge","image":{"@type":"ImageObject","inLanguage":"fr-FR","@id":"https:\/\/www.locationencorse.eu\/blog\/#\/schema\/person\/image\/","url":"https:\/\/secure.gravatar.com\/avatar\/ad5f2a69d252f48179a77d3cb09e1fa7?s=96&r=g","contentUrl":"https:\/\/secure.gravatar.com\/avatar\/ad5f2a69d252f48179a77d3cb09e1fa7?s=96&r=g","caption":"Newchallenge"},"sameAs":["http:\/\/www.locationencorse.eu","https:\/\/www.facebook.com\/locationencorse.eu\/"],"url":"https:\/\/www.locationencorse.eu\/blog\/author\/martinenewchallenge-fr\/"}]}},"jetpack_featured_media_url":"","_links":{"self":[{"href":"https:\/\/www.locationencorse.eu\/blog\/wp-json\/wp\/v2\/posts\/3497"}],"collection":[{"href":"https:\/\/www.locationencorse.eu\/blog\/wp-json\/wp\/v2\/posts"}],"about":[{"href":"https:\/\/www.locationencorse.eu\/blog\/wp-json\/wp\/v2\/types\/post"}],"author":[{"embeddable":true,"href":"https:\/\/www.locationencorse.eu\/blog\/wp-json\/wp\/v2\/users\/2"}],"replies":[{"embeddable":true,"href":"https:\/\/www.locationencorse.eu\/blog\/wp-json\/wp\/v2\/comments?post=3497"}],"version-history":[{"count":14,"href":"https:\/\/www.locationencorse.eu\/blog\/wp-json\/wp\/v2\/posts\/3497\/revisions"}],"predecessor-version":[{"id":3512,"href":"https:\/\/www.locationencorse.eu\/blog\/wp-json\/wp\/v2\/posts\/3497\/revisions\/3512"}],"wp:attachment":[{"href":"https:\/\/www.locationencorse.eu\/blog\/wp-json\/wp\/v2\/media?parent=3497"}],"wp:term":[{"taxonomy":"category","embeddable":true,"href":"https:\/\/www.locationencorse.eu\/blog\/wp-json\/wp\/v2\/categories?post=3497"},{"taxonomy":"post_tag","embeddable":true,"href":"https:\/\/www.locationencorse.eu\/blog\/wp-json\/wp\/v2\/tags?post=3497"}],"curies":[{"name":"wp","href":"https:\/\/api.w.org\/{rel}","templated":true}]}}