{"id":3467,"date":"2014-03-31T09:13:27","date_gmt":"2014-03-31T07:13:27","guid":{"rendered":"http:\/\/www.locationencorse.eu\/blog\/?p=3467"},"modified":"2022-06-17T17:01:42","modified_gmt":"2022-06-17T15:01:42","slug":"les-calanche-piana","status":"publish","type":"post","link":"https:\/\/www.locationencorse.eu\/blog\/les-calanche-piana\/","title":{"rendered":"Les Calanche de Piana"},"content":{"rendered":"<p><span style=\"color: #000000; font-family: Calibri; font-size: medium;\">Un panorama exceptionnel, les Calanche de Piana sont &nbsp;class\u00e9s au patrimoine de l\u2019UNESCO. C\u2019est au coucher de soleil que le spectacle devient presque surnaturel. On peut alors admirer les formes \u00e9tranges sculpt\u00e9es dans le granit comme la t\u00eate du Chien, les Amoureux ou le ch\u00e2teau Fort. On se croirait transport\u00e9 un instant dans l\u2019ouest am\u00e9ricain&nbsp; de Bryce. Canyon avec ses chemin\u00e9es de f\u00e9es, rougeoyantes qui s\u2019\u00e9tendent \u00e0 perte de vue. Vous pouvez descendre au moulin, peu apr\u00e8s la sortie du village de Piana, et suivre les fl\u00e8ches qui vous m\u00e8nent au c\u0153ur des Calanches. D\u00e9paysement et ravissement garantis<\/span><\/p>\n<p><span style=\"color: #000000; font-family: Calibri; font-size: medium;\">Entre Porto et Piana, la route \u00e9troite et tortueuse s&rsquo;accroche en corniche \u00e0 de superbes parois de granit rouge qui tombent \u00e0 pic dans la mer. De nombreuses randonn\u00e9es p\u00e9destres, balis\u00e9es, vous permettront d&rsquo;appr\u00e9cier toute la grandeur de ces rochers aux formes d&rsquo;\u00e9rosion particuli\u00e8res qui sont \u00e0 l&rsquo;origine de ce paysage chaotique. Depuis la route, la vue est souvent assez d\u00e9gag\u00e9e pour permettre d&rsquo;admirer la mer surmont\u00e9e de hauts r\u00e9cifs, comme c&rsquo;est le cas sur la majeure partie de la c\u00f4te ouest de l&rsquo;\u00eele. Il est impossible d&rsquo;acc\u00e9der \u00e0 la mer depuis la route dans les calanques de Piana. Cependant, une balade en bateau est envisageable comme le propose <a href=\"https:\/\/www.porto-marine-evasion.com\/\">Porto Marine Evasion<\/a> au d\u00e9part de Porto Ota.&nbsp;<\/span><\/p>\n<div id=\"attachment_3468\" style=\"width: 793px\" class=\"wp-caption aligncenter\"><a href=\"http:\/\/www.locationencorse.eu\/blog\/wp-content\/uploads\/2014\/03\/les-amoureux.jpg\" data-rel=\"lightbox-image-0\" data-rl_title=\"\" data-rl_caption=\"\" title=\"\"><img aria-describedby=\"caption-attachment-3468\" decoding=\"async\" loading=\"lazy\" class=\"size-full wp-image-3468\" src=\"http:\/\/www.locationencorse.eu\/blog\/wp-content\/uploads\/2014\/03\/les-amoureux.jpg\" alt=\"calanche de Piana les amoureux\" width=\"783\" height=\"543\" srcset=\"https:\/\/www.locationencorse.eu\/blog\/wp-content\/uploads\/2014\/03\/les-amoureux.jpg 783w, https:\/\/www.locationencorse.eu\/blog\/wp-content\/uploads\/2014\/03\/les-amoureux-400x277.jpg 400w, https:\/\/www.locationencorse.eu\/blog\/wp-content\/uploads\/2014\/03\/les-amoureux-750x520.jpg 750w\" sizes=\"(max-width: 783px) 100vw, 783px\" \/><\/a><p id=\"caption-attachment-3468\" class=\"wp-caption-text\">calanche de Piana les amoureux<\/p><\/div>\n<p><b><span style=\"font-size: medium;\"><span style=\"color: #000000;\"><span style=\"font-family: Calibri;\">Randonn\u00e9es&nbsp;: \u00ab&nbsp;informations de wikipedia.org&nbsp;\u00bb<\/span><\/span><\/span><\/b><\/p>\n<p><span style=\"color: #000000; font-family: Calibri; font-size: medium;\">Les calanche de Piana sont parcourues par plusieurs sentiers :<\/span><\/p>\n<p><span style=\"color: #000000; font-family: Calibri; font-size: medium;\">Le sentier bas vers le \u00ab\u00a0Ch\u00e2teau fort\u00a0\u00bb : sentier d\u00e9marrant de l&rsquo;\u00ab \u00e9pingle \u00e0 cheveu \u00bb de la route D81 au lieu-dit \u00ab<strong> la T\u00eate du Chien<\/strong> \u00bb et qui m\u00e8ne au rocher dit \u00ab Ch\u00e2teau Fort \u00bb (332 m). Le sentier est une longue descente sinueuse vers le bord des falaises surplombant le golfe de <a href=\"https:\/\/www.porto-aventure.com\">Porto corse<\/a>, au milieu d&rsquo;un chaos de pierres. Ce parcours, d&rsquo;une dur\u00e9e d&rsquo;une heure all\u00e9, n&rsquo;est pas d&rsquo;une grande difficult\u00e9 mais n\u00e9cessite des chaussures de marche \u00e0 cause de la pr\u00e9sence constante de pierres chaotiques au sol. La fin du sentier a \u00e9t\u00e9 d\u00e9cor\u00e9e de cairns (amoncellement de pierres) par les randonneurs. Certains cairns sont plac\u00e9s sur des rochers dont l&rsquo;acc\u00e8s n\u00e9cessite de l&rsquo;escalade. Le seul retour possible est de rebrousser chemin.<\/span><\/p>\n<div id=\"attachment_3470\" style=\"width: 630px\" class=\"wp-caption aligncenter\"><a href=\"http:\/\/www.locationencorse.eu\/blog\/wp-content\/uploads\/2014\/03\/t\u00eate-de-chien.jpg\" data-rel=\"lightbox-image-1\" data-rl_title=\"\" data-rl_caption=\"\" title=\"\"><img aria-describedby=\"caption-attachment-3470\" decoding=\"async\" loading=\"lazy\" class=\"size-large wp-image-3470\" src=\"http:\/\/www.locationencorse.eu\/blog\/wp-content\/uploads\/2014\/03\/t\u00eate-de-chien-750x562.jpg\" alt=\"t\u00e8te de chien -calanche de Piana\" width=\"620\" height=\"464\" srcset=\"https:\/\/www.locationencorse.eu\/blog\/wp-content\/uploads\/2014\/03\/t\u00eate-de-chien-750x562.jpg 750w, https:\/\/www.locationencorse.eu\/blog\/wp-content\/uploads\/2014\/03\/t\u00eate-de-chien-400x300.jpg 400w, https:\/\/www.locationencorse.eu\/blog\/wp-content\/uploads\/2014\/03\/t\u00eate-de-chien.jpg 1280w\" sizes=\"(max-width: 620px) 100vw, 620px\" \/><\/a><p id=\"caption-attachment-3470\" class=\"wp-caption-text\">t\u00e8te de chien -calanche de Piana<\/p><\/div>\n<p><span style=\"color: #000000; font-family: Calibri; font-size: medium;\">Le sentier haut : sentier d\u00e9marrant \u00e0 moins de 200 m \u00e0 l&rsquo;ouest de \u00ab la T\u00eate du Chien \u00bb, pr\u00e8s du bar \u00ab\u00a0Les Roches bleues\u00a0\u00bb, qui rejoint au sud la D81 entre le pont de Cavallaghiu et le pont de Mezzanu en passant par les Roches Bleues et le culmen des Calanche ;<\/span><\/p>\n<p><span style=\"color: #000000; font-family: Calibri; font-size: medium;\">\u00ab\u00a0L\u2019ancien sentier de Piana \u00e0 Ota\u00a0\u00bb : sentier partant de l&rsquo;oratoire Santa Maria situ\u00e9 sur la D81, peu apr\u00e8s le bar des Roches bleues en montant de Porto, au milieu de la travers\u00e9e des Calanche, et qui rejoint le pr\u00e9c\u00e9dent sentier. Il s&rsquo;agit d&rsquo;abord d&rsquo;une tr\u00e8s forte mont\u00e9e en escaliers et en zig-zag, puis une fois un petit col atteint, c&rsquo;est une l\u00e9g\u00e8re descente vers le stade de Piana et le ruisseau du Mezzanu. Il s&rsquo;agit d&rsquo;un <strong>chemin muletier ancestral<\/strong> <strong>soutenu par des murs en pierre s\u00e8che<\/strong>, d&rsquo;une hauteur atteignant parfois plusieurs m\u00e8tres, et bien pav\u00e9 de pierres. Ce parcours, d&rsquo;une dur\u00e9e d&rsquo;une heure all\u00e9, n&rsquo;est pas d&rsquo;une grande difficult\u00e9 mais n\u00e9cessite des chaussures de marche \u00e0 cause de la pr\u00e9sence constante de pierres au sol. La vue au col est spectaculaire et panoramique : golfe de Porto, pointe de Scandola, vue sur le village de Piana, surplomb de l&rsquo;ensemble des calanche de Piana.<\/span><\/p>\n<div id=\"attachment_3474\" style=\"width: 935px\" class=\"wp-caption aligncenter\"><a href=\"http:\/\/www.locationencorse.eu\/blog\/wp-content\/uploads\/2014\/03\/chemin-muletier.jpg\" data-rel=\"lightbox-image-2\" data-rl_title=\"\" data-rl_caption=\"\" title=\"\"><img aria-describedby=\"caption-attachment-3474\" decoding=\"async\" loading=\"lazy\" class=\"size-full wp-image-3474\" src=\"http:\/\/www.locationencorse.eu\/blog\/wp-content\/uploads\/2014\/03\/chemin-muletier.jpg\" alt=\"Piana- chemin muletier\" width=\"925\" height=\"606\" srcset=\"https:\/\/www.locationencorse.eu\/blog\/wp-content\/uploads\/2014\/03\/chemin-muletier.jpg 925w, https:\/\/www.locationencorse.eu\/blog\/wp-content\/uploads\/2014\/03\/chemin-muletier-400x262.jpg 400w, https:\/\/www.locationencorse.eu\/blog\/wp-content\/uploads\/2014\/03\/chemin-muletier-750x491.jpg 750w\" sizes=\"(max-width: 925px) 100vw, 925px\" \/><\/a><p id=\"caption-attachment-3474\" class=\"wp-caption-text\">Piana- chemin muletier<\/p><\/div>\n<p><span style=\"color: #000000; font-family: Calibri; font-size: medium;\">Le retour peut se faire de 3 mani\u00e8res : en tournant \u00e0 gauche aux trois quarts du parcours vers le bar des Roches bleues (forte c\u00f4te, puis forte descente), soit par la route en contrebas, soit par un retour sur ses pas.<\/span><\/p>\n<p><span style=\"color: #000000; font-family: Calibri; font-size: medium;\">Les deux derniers sentiers permettent aussi de gagner la for\u00eat territoriale de Piana situ\u00e9e \u00e0 l&rsquo;est de la commune.<\/span><\/p>\n<p><span style=\"color: #000000; font-family: Calibri; font-size: medium;\">Voir aussi le <a title=\"Le village de Piana\" href=\"http:\/\/www.locationencorse.eu\/blog\/village-piana\/\" target=\"_blank\" rel=\"noopener\">village de&nbsp;Piana&nbsp;<\/a><\/span><\/p>\n<!-- AddThis Advanced Settings generic via filter on the_content --><!-- AddThis Share Buttons generic via filter on the_content -->","protected":false},"excerpt":{"rendered":"<p>Un panorama exceptionnel, les Calanche de Piana sont &nbsp;class\u00e9s au patrimoine de l\u2019UNESCO. C\u2019est au coucher de soleil que le spectacle devient presque surnaturel. On peut alors admirer les formes \u00e9tranges sculpt\u00e9es dans le granit comme la t\u00eate du Chien, &hellip; <a href=\"https:\/\/www.locationencorse.eu\/blog\/les-calanche-piana\/\">Continuer la lecture <span class=\"meta-nav\">&rarr;<\/span><\/a><!-- AddThis Advanced Settings generic via filter on get_the_excerpt --><!-- AddThis Share Buttons generic via filter on get_the_excerpt --><\/p>\n","protected":false},"author":2,"featured_media":0,"comment_status":"open","ping_status":"open","sticky":false,"template":"","format":"standard","meta":{"_mi_skip_tracking":false,"_monsterinsights_sitenote_active":false,"_monsterinsights_sitenote_note":"","_monsterinsights_sitenote_category":0,"ngg_post_thumbnail":0,"footnotes":""},"categories":[174,8],"tags":[245,84],"yoast_head":"<!-- This site is optimized with the Yoast SEO plugin v21.1 - https:\/\/yoast.com\/wordpress\/plugins\/seo\/ -->\n<title>Les Calanche de Piana - Porto Corse - Porto Piana<\/title>\n<meta name=\"description\" content=\"Un panorama exceptionnel, les Calanche de Piana \u00e0 Porto Corse sont class\u00e9s au patrimoine de l\u2019UNESCO. Le coucher de soleil est un spectacle divin.\" \/>\n<meta name=\"robots\" content=\"index, follow, max-snippet:-1, max-image-preview:large, max-video-preview:-1\" \/>\n<link rel=\"canonical\" href=\"https:\/\/www.locationencorse.eu\/blog\/les-calanche-piana\/\" \/>\n<meta property=\"og:locale\" content=\"fr_FR\" \/>\n<meta property=\"og:type\" content=\"article\" \/>\n<meta property=\"og:title\" content=\"Les Calanche de Piana - Porto Corse - Porto Piana\" \/>\n<meta property=\"og:description\" content=\"Un panorama exceptionnel, les Calanche de Piana \u00e0 Porto Corse sont class\u00e9s au patrimoine de l\u2019UNESCO. Le coucher de soleil est un spectacle divin.\" \/>\n<meta property=\"og:url\" content=\"https:\/\/www.locationencorse.eu\/blog\/les-calanche-piana\/\" \/>\n<meta property=\"og:site_name\" content=\"La Corse\" \/>\n<meta property=\"article:author\" content=\"https:\/\/www.facebook.com\/locationencorse.eu\/\" \/>\n<meta property=\"article:published_time\" content=\"2014-03-31T07:13:27+00:00\" \/>\n<meta property=\"article:modified_time\" content=\"2022-06-17T15:01:42+00:00\" \/>\n<meta property=\"og:image\" content=\"http:\/\/www.locationencorse.eu\/blog\/wp-content\/uploads\/2014\/03\/les-amoureux.jpg\" \/>\n<meta name=\"author\" content=\"Newchallenge\" \/>\n<meta name=\"twitter:label1\" content=\"\u00c9crit par\" \/>\n\t<meta name=\"twitter:data1\" content=\"Newchallenge\" \/>\n\t<meta name=\"twitter:label2\" content=\"Dur\u00e9e de lecture estim\u00e9e\" \/>\n\t<meta name=\"twitter:data2\" content=\"4 minutes\" \/>\n<script type=\"application\/ld+json\" class=\"yoast-schema-graph\">{\"@context\":\"https:\/\/schema.org\",\"@graph\":[{\"@type\":\"WebPage\",\"@id\":\"https:\/\/www.locationencorse.eu\/blog\/les-calanche-piana\/\",\"url\":\"https:\/\/www.locationencorse.eu\/blog\/les-calanche-piana\/\",\"name\":\"Les Calanche de Piana - Porto Corse - Porto Piana\",\"isPartOf\":{\"@id\":\"https:\/\/www.locationencorse.eu\/blog\/#website\"},\"datePublished\":\"2014-03-31T07:13:27+00:00\",\"dateModified\":\"2022-06-17T15:01:42+00:00\",\"author\":{\"@id\":\"https:\/\/www.locationencorse.eu\/blog\/#\/schema\/person\/4aa76a779067073b7500fdabe0a4a51c\"},\"description\":\"Un panorama exceptionnel, les Calanche de Piana \u00e0 Porto Corse sont class\u00e9s au patrimoine de l\u2019UNESCO. Le coucher de soleil est un spectacle divin.\",\"breadcrumb\":{\"@id\":\"https:\/\/www.locationencorse.eu\/blog\/les-calanche-piana\/#breadcrumb\"},\"inLanguage\":\"fr-FR\",\"potentialAction\":[{\"@type\":\"ReadAction\",\"target\":[\"https:\/\/www.locationencorse.eu\/blog\/les-calanche-piana\/\"]}]},{\"@type\":\"BreadcrumbList\",\"@id\":\"https:\/\/www.locationencorse.eu\/blog\/les-calanche-piana\/#breadcrumb\",\"itemListElement\":[{\"@type\":\"ListItem\",\"position\":1,\"name\":\"Accueil\",\"item\":\"https:\/\/www.locationencorse.eu\/blog\/\"},{\"@type\":\"ListItem\",\"position\":2,\"name\":\"Les Calanche de Piana\"}]},{\"@type\":\"WebSite\",\"@id\":\"https:\/\/www.locationencorse.eu\/blog\/#website\",\"url\":\"https:\/\/www.locationencorse.eu\/blog\/\",\"name\":\"La Corse\",\"description\":\"Vacances en Corse sur \u00cele de beaut\u00e9\",\"potentialAction\":[{\"@type\":\"SearchAction\",\"target\":{\"@type\":\"EntryPoint\",\"urlTemplate\":\"https:\/\/www.locationencorse.eu\/blog\/?s={search_term_string}\"},\"query-input\":\"required name=search_term_string\"}],\"inLanguage\":\"fr-FR\"},{\"@type\":\"Person\",\"@id\":\"https:\/\/www.locationencorse.eu\/blog\/#\/schema\/person\/4aa76a779067073b7500fdabe0a4a51c\",\"name\":\"Newchallenge\",\"image\":{\"@type\":\"ImageObject\",\"inLanguage\":\"fr-FR\",\"@id\":\"https:\/\/www.locationencorse.eu\/blog\/#\/schema\/person\/image\/\",\"url\":\"https:\/\/secure.gravatar.com\/avatar\/ad5f2a69d252f48179a77d3cb09e1fa7?s=96&r=g\",\"contentUrl\":\"https:\/\/secure.gravatar.com\/avatar\/ad5f2a69d252f48179a77d3cb09e1fa7?s=96&r=g\",\"caption\":\"Newchallenge\"},\"sameAs\":[\"http:\/\/www.locationencorse.eu\",\"https:\/\/www.facebook.com\/locationencorse.eu\/\"],\"url\":\"https:\/\/www.locationencorse.eu\/blog\/author\/martinenewchallenge-fr\/\"}]}<\/script>\n<!-- \/ Yoast SEO plugin. -->","yoast_head_json":{"title":"Les Calanche de Piana - Porto Corse - Porto Piana","description":"Un panorama exceptionnel, les Calanche de Piana \u00e0 Porto Corse sont class\u00e9s au patrimoine de l\u2019UNESCO. Le coucher de soleil est un spectacle divin.","robots":{"index":"index","follow":"follow","max-snippet":"max-snippet:-1","max-image-preview":"max-image-preview:large","max-video-preview":"max-video-preview:-1"},"canonical":"https:\/\/www.locationencorse.eu\/blog\/les-calanche-piana\/","og_locale":"fr_FR","og_type":"article","og_title":"Les Calanche de Piana - Porto Corse - Porto Piana","og_description":"Un panorama exceptionnel, les Calanche de Piana \u00e0 Porto Corse sont class\u00e9s au patrimoine de l\u2019UNESCO. Le coucher de soleil est un spectacle divin.","og_url":"https:\/\/www.locationencorse.eu\/blog\/les-calanche-piana\/","og_site_name":"La Corse","article_author":"https:\/\/www.facebook.com\/locationencorse.eu\/","article_published_time":"2014-03-31T07:13:27+00:00","article_modified_time":"2022-06-17T15:01:42+00:00","og_image":[{"url":"http:\/\/www.locationencorse.eu\/blog\/wp-content\/uploads\/2014\/03\/les-amoureux.jpg"}],"author":"Newchallenge","twitter_misc":{"\u00c9crit par":"Newchallenge","Dur\u00e9e de lecture estim\u00e9e":"4 minutes"},"schema":{"@context":"https:\/\/schema.org","@graph":[{"@type":"WebPage","@id":"https:\/\/www.locationencorse.eu\/blog\/les-calanche-piana\/","url":"https:\/\/www.locationencorse.eu\/blog\/les-calanche-piana\/","name":"Les Calanche de Piana - Porto Corse - Porto Piana","isPartOf":{"@id":"https:\/\/www.locationencorse.eu\/blog\/#website"},"datePublished":"2014-03-31T07:13:27+00:00","dateModified":"2022-06-17T15:01:42+00:00","author":{"@id":"https:\/\/www.locationencorse.eu\/blog\/#\/schema\/person\/4aa76a779067073b7500fdabe0a4a51c"},"description":"Un panorama exceptionnel, les Calanche de Piana \u00e0 Porto Corse sont class\u00e9s au patrimoine de l\u2019UNESCO. Le coucher de soleil est un spectacle divin.","breadcrumb":{"@id":"https:\/\/www.locationencorse.eu\/blog\/les-calanche-piana\/#breadcrumb"},"inLanguage":"fr-FR","potentialAction":[{"@type":"ReadAction","target":["https:\/\/www.locationencorse.eu\/blog\/les-calanche-piana\/"]}]},{"@type":"BreadcrumbList","@id":"https:\/\/www.locationencorse.eu\/blog\/les-calanche-piana\/#breadcrumb","itemListElement":[{"@type":"ListItem","position":1,"name":"Accueil","item":"https:\/\/www.locationencorse.eu\/blog\/"},{"@type":"ListItem","position":2,"name":"Les Calanche de Piana"}]},{"@type":"WebSite","@id":"https:\/\/www.locationencorse.eu\/blog\/#website","url":"https:\/\/www.locationencorse.eu\/blog\/","name":"La Corse","description":"Vacances en Corse sur \u00cele de beaut\u00e9","potentialAction":[{"@type":"SearchAction","target":{"@type":"EntryPoint","urlTemplate":"https:\/\/www.locationencorse.eu\/blog\/?s={search_term_string}"},"query-input":"required name=search_term_string"}],"inLanguage":"fr-FR"},{"@type":"Person","@id":"https:\/\/www.locationencorse.eu\/blog\/#\/schema\/person\/4aa76a779067073b7500fdabe0a4a51c","name":"Newchallenge","image":{"@type":"ImageObject","inLanguage":"fr-FR","@id":"https:\/\/www.locationencorse.eu\/blog\/#\/schema\/person\/image\/","url":"https:\/\/secure.gravatar.com\/avatar\/ad5f2a69d252f48179a77d3cb09e1fa7?s=96&r=g","contentUrl":"https:\/\/secure.gravatar.com\/avatar\/ad5f2a69d252f48179a77d3cb09e1fa7?s=96&r=g","caption":"Newchallenge"},"sameAs":["http:\/\/www.locationencorse.eu","https:\/\/www.facebook.com\/locationencorse.eu\/"],"url":"https:\/\/www.locationencorse.eu\/blog\/author\/martinenewchallenge-fr\/"}]}},"jetpack_featured_media_url":"","_links":{"self":[{"href":"https:\/\/www.locationencorse.eu\/blog\/wp-json\/wp\/v2\/posts\/3467"}],"collection":[{"href":"https:\/\/www.locationencorse.eu\/blog\/wp-json\/wp\/v2\/posts"}],"about":[{"href":"https:\/\/www.locationencorse.eu\/blog\/wp-json\/wp\/v2\/types\/post"}],"author":[{"embeddable":true,"href":"https:\/\/www.locationencorse.eu\/blog\/wp-json\/wp\/v2\/users\/2"}],"replies":[{"embeddable":true,"href":"https:\/\/www.locationencorse.eu\/blog\/wp-json\/wp\/v2\/comments?post=3467"}],"version-history":[{"count":14,"href":"https:\/\/www.locationencorse.eu\/blog\/wp-json\/wp\/v2\/posts\/3467\/revisions"}],"predecessor-version":[{"id":8147,"href":"https:\/\/www.locationencorse.eu\/blog\/wp-json\/wp\/v2\/posts\/3467\/revisions\/8147"}],"wp:attachment":[{"href":"https:\/\/www.locationencorse.eu\/blog\/wp-json\/wp\/v2\/media?parent=3467"}],"wp:term":[{"taxonomy":"category","embeddable":true,"href":"https:\/\/www.locationencorse.eu\/blog\/wp-json\/wp\/v2\/categories?post=3467"},{"taxonomy":"post_tag","embeddable":true,"href":"https:\/\/www.locationencorse.eu\/blog\/wp-json\/wp\/v2\/tags?post=3467"}],"curies":[{"name":"wp","href":"https:\/\/api.w.org\/{rel}","templated":true}]}}