{"id":3452,"date":"2014-03-31T07:38:47","date_gmt":"2014-03-31T05:38:47","guid":{"rendered":"http:\/\/www.locationencorse.eu\/blog\/?p=3452"},"modified":"2025-07-12T22:02:21","modified_gmt":"2025-07-12T20:02:21","slug":"village-piana","status":"publish","type":"post","link":"https:\/\/www.locationencorse.eu\/blog\/village-piana\/","title":{"rendered":"Le village de Piana"},"content":{"rendered":"<p>Piana, suspendue &nbsp;500 m\u00e8tres au-dessus de la mer, hors du temps, ce petit village nous offre une vue imprenable sur <a href=\"https:\/\/www.porto-aventure.com\">le golfe de Porto corse<\/a>. Un spectacle qu\u2019appr\u00e9cient de nombreux vacanciers, en route pour les superbes calanches. A deux kilom\u00e8tres du village, le chaos de roches d\u00e9chiquet\u00e9es des calanches forme un saisissant contraste avec le bleue de la mer. Une route qui serpente au dessus de vertigineux pr\u00e9cipices nous y conduit. Pittoresque avec ses maisons blanches dispos\u00e9es en amphith\u00e9\u00e2tre et domin\u00e9es par la tr\u00e8s belle \u00e9glise Sainte-Marie, Piana sert de toile de fond \u00e0 un site exceptionnel offrant de nombreuses visites et excursions.<\/p>\n<div id=\"attachment_3453\" style=\"width: 1179px\" class=\"wp-caption aligncenter\"><a href=\"http:\/\/www.locationencorse.eu\/blog\/village-piana\/village-de-piana\/\" rel=\"attachment wp-att-3453\"><img aria-describedby=\"caption-attachment-3453\" decoding=\"async\" loading=\"lazy\" class=\"size-full wp-image-3453\" src=\"http:\/\/www.locationencorse.eu\/blog\/wp-content\/uploads\/2014\/03\/village-de-piana.jpg\" alt=\"\u00e9glise paroissiale d\u00e9di\u00e9e \u00e0 l'assomption\" width=\"1169\" height=\"434\" srcset=\"https:\/\/www.locationencorse.eu\/blog\/wp-content\/uploads\/2014\/03\/village-de-piana.jpg 1169w, https:\/\/www.locationencorse.eu\/blog\/wp-content\/uploads\/2014\/03\/village-de-piana-400x148.jpg 400w, https:\/\/www.locationencorse.eu\/blog\/wp-content\/uploads\/2014\/03\/village-de-piana-750x278.jpg 750w\" sizes=\"(max-width: 1169px) 100vw, 1169px\" \/><\/a><p id=\"caption-attachment-3453\" class=\"wp-caption-text\">\u00e9glise paroissiale d\u00e9di\u00e9e \u00e0 l&rsquo;assomption<\/p><\/div>\n<p>Piana est class\u00e9 \u00ab\u00a0Un des plus beaux villages de France\u00bb. Autour de la place de la mairie, c\u0153ur du village, se trouvent la mairie, l&rsquo;\u00e9glise paroissiale de l&rsquo;Assomption. &nbsp;Chaque ann\u00e9e, le dernier dimanche de juillet, la Rencontre <a href=\"http:\/\/www.locationencorse.eu\/blog\/village-piana\/eglise-de-piana\/\" rel=\"attachment wp-att-3460\"><img decoding=\"async\" loading=\"lazy\" class=\"alignleft size-thumbnail wp-image-3460\" src=\"http:\/\/www.locationencorse.eu\/blog\/wp-content\/uploads\/2014\/03\/eglise-de-piana-150x150.jpg\" alt=\"eglise de piana\" width=\"150\" height=\"150\" srcset=\"https:\/\/www.locationencorse.eu\/blog\/wp-content\/uploads\/2014\/03\/eglise-de-piana-150x150.jpg 150w, https:\/\/www.locationencorse.eu\/blog\/wp-content\/uploads\/2014\/03\/eglise-de-piana-400x400.jpg 400w, https:\/\/www.locationencorse.eu\/blog\/wp-content\/uploads\/2014\/03\/eglise-de-piana.jpg 501w\" sizes=\"(max-width: 150px) 100vw, 150px\" \/><\/a>Inter-confr\u00e9ries de Piana est le lieu de rassemblement d&rsquo;une vingtaine de Confr\u00e9ries de Corse. <strong>L\u2019\u00e9glise paroissiale d\u00e9di\u00e9e \u00e0 l\u2019assomption<\/strong>, de styles baroques achev\u00e9s en 1792. Elle abrite la statue de la vierge de l\u2019assomption, \u0153uvre g\u00e9noise du 18 \u00e8me si\u00e8cle class\u00e9e monument historique. La fa\u00e7ade rose et blanc de cette \u00e9difice est d&rsquo;une rare sobri\u00e9t\u00e9. Poussez la porte et vous trouverez de riches peintures en trompe l&rsquo;\u0153il sur les murs de la nef, magnifiquement restaur\u00e9es. Elles ont valu au maire de la commune de recevoir la Marianne d&rsquo;or.<\/p>\n<p><strong>Le village de Piana en vid\u00e9o<\/strong>. Visitez ce joli village <a href=\"https:\/\/www.hotel-costarossa-porto-corse.com\/\">proche de Porto corse lors de vos vacances<\/a> corse, vous ne serez pas d\u00e9\u00e7u.<\/p>\n<p style=\"text-align: center;\"><iframe loading=\"lazy\" src=\"\/\/www.youtube.com\/embed\/TPaUxsk1sJM?rel=0\" width=\"560\" height=\"315\" frameborder=\"0\" allowfullscreen=\"allowfullscreen\"><\/iframe><\/p>\n<p style=\"text-align: left;\">Voir aussi les <a title=\"Les Calanche de Piana\" href=\"http:\/\/www.locationencorse.eu\/blog\/les-calanche-piana\/\" target=\"_blank\" rel=\"noopener\">calanche de Piana<\/a><\/p>\n<!-- AddThis Advanced Settings generic via filter on the_content --><!-- AddThis Share Buttons generic via filter on the_content -->","protected":false},"excerpt":{"rendered":"<p>Piana, suspendue &nbsp;500 m\u00e8tres au-dessus de la mer, hors du temps, ce petit village nous offre une vue imprenable sur le golfe de Porto corse. Un spectacle qu\u2019appr\u00e9cient de nombreux vacanciers, en route pour les superbes calanches. A deux kilom\u00e8tres &hellip; <a href=\"https:\/\/www.locationencorse.eu\/blog\/village-piana\/\">Continuer la lecture <span class=\"meta-nav\">&rarr;<\/span><\/a><!-- AddThis Advanced Settings generic via filter on get_the_excerpt --><!-- AddThis Share Buttons generic via filter on get_the_excerpt --><\/p>\n","protected":false},"author":2,"featured_media":0,"comment_status":"open","ping_status":"open","sticky":false,"template":"","format":"standard","meta":{"_mi_skip_tracking":false,"_monsterinsights_sitenote_active":false,"_monsterinsights_sitenote_note":"","_monsterinsights_sitenote_category":0,"ngg_post_thumbnail":0,"footnotes":""},"categories":[174,8],"tags":[33,244],"yoast_head":"<!-- This site is optimized with the Yoast SEO plugin v21.1 - https:\/\/yoast.com\/wordpress\/plugins\/seo\/ -->\n<title>Le village de Piana - La Corse<\/title>\n<meta name=\"robots\" content=\"index, follow, max-snippet:-1, max-image-preview:large, max-video-preview:-1\" \/>\n<link rel=\"canonical\" href=\"https:\/\/www.locationencorse.eu\/blog\/village-piana\/\" \/>\n<meta property=\"og:locale\" content=\"fr_FR\" \/>\n<meta property=\"og:type\" content=\"article\" \/>\n<meta property=\"og:title\" content=\"Le village de Piana - La Corse\" \/>\n<meta property=\"og:description\" content=\"Piana, suspendue &nbsp;500 m\u00e8tres au-dessus de la mer, hors du temps, ce petit village nous offre une vue imprenable sur le golfe de Porto corse. Un spectacle qu\u2019appr\u00e9cient de nombreux vacanciers, en route pour les superbes calanches. A deux kilom\u00e8tres &hellip; Continuer la lecture &rarr;\" \/>\n<meta property=\"og:url\" content=\"https:\/\/www.locationencorse.eu\/blog\/village-piana\/\" \/>\n<meta property=\"og:site_name\" content=\"La Corse\" \/>\n<meta property=\"article:author\" content=\"https:\/\/www.facebook.com\/locationencorse.eu\/\" \/>\n<meta property=\"article:published_time\" content=\"2014-03-31T05:38:47+00:00\" \/>\n<meta property=\"article:modified_time\" content=\"2025-07-12T20:02:21+00:00\" \/>\n<meta property=\"og:image\" content=\"http:\/\/www.locationencorse.eu\/blog\/wp-content\/uploads\/2014\/03\/village-de-piana.jpg\" \/>\n<meta name=\"author\" content=\"Newchallenge\" \/>\n<meta name=\"twitter:label1\" content=\"\u00c9crit par\" \/>\n\t<meta name=\"twitter:data1\" content=\"Newchallenge\" \/>\n\t<meta name=\"twitter:label2\" content=\"Dur\u00e9e de lecture estim\u00e9e\" \/>\n\t<meta name=\"twitter:data2\" content=\"2 minutes\" \/>\n<script type=\"application\/ld+json\" class=\"yoast-schema-graph\">{\"@context\":\"https:\/\/schema.org\",\"@graph\":[{\"@type\":\"WebPage\",\"@id\":\"https:\/\/www.locationencorse.eu\/blog\/village-piana\/\",\"url\":\"https:\/\/www.locationencorse.eu\/blog\/village-piana\/\",\"name\":\"Le village de Piana - La Corse\",\"isPartOf\":{\"@id\":\"https:\/\/www.locationencorse.eu\/blog\/#website\"},\"datePublished\":\"2014-03-31T05:38:47+00:00\",\"dateModified\":\"2025-07-12T20:02:21+00:00\",\"author\":{\"@id\":\"https:\/\/www.locationencorse.eu\/blog\/#\/schema\/person\/4aa76a779067073b7500fdabe0a4a51c\"},\"breadcrumb\":{\"@id\":\"https:\/\/www.locationencorse.eu\/blog\/village-piana\/#breadcrumb\"},\"inLanguage\":\"fr-FR\",\"potentialAction\":[{\"@type\":\"ReadAction\",\"target\":[\"https:\/\/www.locationencorse.eu\/blog\/village-piana\/\"]}]},{\"@type\":\"BreadcrumbList\",\"@id\":\"https:\/\/www.locationencorse.eu\/blog\/village-piana\/#breadcrumb\",\"itemListElement\":[{\"@type\":\"ListItem\",\"position\":1,\"name\":\"Accueil\",\"item\":\"https:\/\/www.locationencorse.eu\/blog\/\"},{\"@type\":\"ListItem\",\"position\":2,\"name\":\"Le village de Piana\"}]},{\"@type\":\"WebSite\",\"@id\":\"https:\/\/www.locationencorse.eu\/blog\/#website\",\"url\":\"https:\/\/www.locationencorse.eu\/blog\/\",\"name\":\"La Corse\",\"description\":\"Vacances en Corse sur \u00cele de beaut\u00e9\",\"potentialAction\":[{\"@type\":\"SearchAction\",\"target\":{\"@type\":\"EntryPoint\",\"urlTemplate\":\"https:\/\/www.locationencorse.eu\/blog\/?s={search_term_string}\"},\"query-input\":\"required name=search_term_string\"}],\"inLanguage\":\"fr-FR\"},{\"@type\":\"Person\",\"@id\":\"https:\/\/www.locationencorse.eu\/blog\/#\/schema\/person\/4aa76a779067073b7500fdabe0a4a51c\",\"name\":\"Newchallenge\",\"image\":{\"@type\":\"ImageObject\",\"inLanguage\":\"fr-FR\",\"@id\":\"https:\/\/www.locationencorse.eu\/blog\/#\/schema\/person\/image\/\",\"url\":\"https:\/\/secure.gravatar.com\/avatar\/ad5f2a69d252f48179a77d3cb09e1fa7?s=96&r=g\",\"contentUrl\":\"https:\/\/secure.gravatar.com\/avatar\/ad5f2a69d252f48179a77d3cb09e1fa7?s=96&r=g\",\"caption\":\"Newchallenge\"},\"sameAs\":[\"http:\/\/www.locationencorse.eu\",\"https:\/\/www.facebook.com\/locationencorse.eu\/\"],\"url\":\"https:\/\/www.locationencorse.eu\/blog\/author\/martinenewchallenge-fr\/\"}]}<\/script>\n<!-- \/ Yoast SEO plugin. -->","yoast_head_json":{"title":"Le village de Piana - La Corse","robots":{"index":"index","follow":"follow","max-snippet":"max-snippet:-1","max-image-preview":"max-image-preview:large","max-video-preview":"max-video-preview:-1"},"canonical":"https:\/\/www.locationencorse.eu\/blog\/village-piana\/","og_locale":"fr_FR","og_type":"article","og_title":"Le village de Piana - La Corse","og_description":"Piana, suspendue &nbsp;500 m\u00e8tres au-dessus de la mer, hors du temps, ce petit village nous offre une vue imprenable sur le golfe de Porto corse. Un spectacle qu\u2019appr\u00e9cient de nombreux vacanciers, en route pour les superbes calanches. A deux kilom\u00e8tres &hellip; Continuer la lecture &rarr;","og_url":"https:\/\/www.locationencorse.eu\/blog\/village-piana\/","og_site_name":"La Corse","article_author":"https:\/\/www.facebook.com\/locationencorse.eu\/","article_published_time":"2014-03-31T05:38:47+00:00","article_modified_time":"2025-07-12T20:02:21+00:00","og_image":[{"url":"http:\/\/www.locationencorse.eu\/blog\/wp-content\/uploads\/2014\/03\/village-de-piana.jpg"}],"author":"Newchallenge","twitter_misc":{"\u00c9crit par":"Newchallenge","Dur\u00e9e de lecture estim\u00e9e":"2 minutes"},"schema":{"@context":"https:\/\/schema.org","@graph":[{"@type":"WebPage","@id":"https:\/\/www.locationencorse.eu\/blog\/village-piana\/","url":"https:\/\/www.locationencorse.eu\/blog\/village-piana\/","name":"Le village de Piana - La Corse","isPartOf":{"@id":"https:\/\/www.locationencorse.eu\/blog\/#website"},"datePublished":"2014-03-31T05:38:47+00:00","dateModified":"2025-07-12T20:02:21+00:00","author":{"@id":"https:\/\/www.locationencorse.eu\/blog\/#\/schema\/person\/4aa76a779067073b7500fdabe0a4a51c"},"breadcrumb":{"@id":"https:\/\/www.locationencorse.eu\/blog\/village-piana\/#breadcrumb"},"inLanguage":"fr-FR","potentialAction":[{"@type":"ReadAction","target":["https:\/\/www.locationencorse.eu\/blog\/village-piana\/"]}]},{"@type":"BreadcrumbList","@id":"https:\/\/www.locationencorse.eu\/blog\/village-piana\/#breadcrumb","itemListElement":[{"@type":"ListItem","position":1,"name":"Accueil","item":"https:\/\/www.locationencorse.eu\/blog\/"},{"@type":"ListItem","position":2,"name":"Le village de Piana"}]},{"@type":"WebSite","@id":"https:\/\/www.locationencorse.eu\/blog\/#website","url":"https:\/\/www.locationencorse.eu\/blog\/","name":"La Corse","description":"Vacances en Corse sur \u00cele de beaut\u00e9","potentialAction":[{"@type":"SearchAction","target":{"@type":"EntryPoint","urlTemplate":"https:\/\/www.locationencorse.eu\/blog\/?s={search_term_string}"},"query-input":"required name=search_term_string"}],"inLanguage":"fr-FR"},{"@type":"Person","@id":"https:\/\/www.locationencorse.eu\/blog\/#\/schema\/person\/4aa76a779067073b7500fdabe0a4a51c","name":"Newchallenge","image":{"@type":"ImageObject","inLanguage":"fr-FR","@id":"https:\/\/www.locationencorse.eu\/blog\/#\/schema\/person\/image\/","url":"https:\/\/secure.gravatar.com\/avatar\/ad5f2a69d252f48179a77d3cb09e1fa7?s=96&r=g","contentUrl":"https:\/\/secure.gravatar.com\/avatar\/ad5f2a69d252f48179a77d3cb09e1fa7?s=96&r=g","caption":"Newchallenge"},"sameAs":["http:\/\/www.locationencorse.eu","https:\/\/www.facebook.com\/locationencorse.eu\/"],"url":"https:\/\/www.locationencorse.eu\/blog\/author\/martinenewchallenge-fr\/"}]}},"jetpack_featured_media_url":"","_links":{"self":[{"href":"https:\/\/www.locationencorse.eu\/blog\/wp-json\/wp\/v2\/posts\/3452"}],"collection":[{"href":"https:\/\/www.locationencorse.eu\/blog\/wp-json\/wp\/v2\/posts"}],"about":[{"href":"https:\/\/www.locationencorse.eu\/blog\/wp-json\/wp\/v2\/types\/post"}],"author":[{"embeddable":true,"href":"https:\/\/www.locationencorse.eu\/blog\/wp-json\/wp\/v2\/users\/2"}],"replies":[{"embeddable":true,"href":"https:\/\/www.locationencorse.eu\/blog\/wp-json\/wp\/v2\/comments?post=3452"}],"version-history":[{"count":12,"href":"https:\/\/www.locationencorse.eu\/blog\/wp-json\/wp\/v2\/posts\/3452\/revisions"}],"predecessor-version":[{"id":9546,"href":"https:\/\/www.locationencorse.eu\/blog\/wp-json\/wp\/v2\/posts\/3452\/revisions\/9546"}],"wp:attachment":[{"href":"https:\/\/www.locationencorse.eu\/blog\/wp-json\/wp\/v2\/media?parent=3452"}],"wp:term":[{"taxonomy":"category","embeddable":true,"href":"https:\/\/www.locationencorse.eu\/blog\/wp-json\/wp\/v2\/categories?post=3452"},{"taxonomy":"post_tag","embeddable":true,"href":"https:\/\/www.locationencorse.eu\/blog\/wp-json\/wp\/v2\/tags?post=3452"}],"curies":[{"name":"wp","href":"https:\/\/api.w.org\/{rel}","templated":true}]}}