{"id":3377,"date":"2014-03-28T17:27:44","date_gmt":"2014-03-28T16:27:44","guid":{"rendered":"http:\/\/www.locationencorse.eu\/blog\/?p=3377"},"modified":"2014-03-28T17:40:15","modified_gmt":"2014-03-28T16:40:15","slug":"porta-eglise","status":"publish","type":"post","link":"https:\/\/www.locationencorse.eu\/blog\/porta-eglise\/","title":{"rendered":"La Porta  et son \u00e9glise"},"content":{"rendered":"<p>Ponte-Leccia, carrefour incontournable de la Haute-Corse, la route qui nous conduit \u00e0 La Porta, est celle de la Castagniccia, la superbe r\u00e9gion ou les ch\u00e2taignes abondent.. En se dirigeant vers l\u2019est de l\u2019\u00eele, le paysage est idyllique. Un panneau indique Morosaglia, village natal du c\u00e9l\u00e8bre g\u00e9n\u00e9ral Pasquale Paoli (le p\u00e8re de la patrie) qu\u2019il faut traverser. La maison de Pasquale Paoli est transform\u00e9e en mus\u00e9e, m\u00e9rite incontestablement une petite halte avant de reprendre la route en direction de Piedicroce.<\/p>\n<p style=\"text-align: center;\"><iframe loading=\"lazy\" style=\"border: 0px currentColor;\" src=\"https:\/\/www.google.com\/maps\/embed?pb=!1m29!1m12!1m3!1d23558.84983061687!2d9.310913352475815!3d42.43079504509306!2m3!1f0!2f0!3f0!3m2!1i1024!2i768!4f13.1!4m14!1i0!3e6!4m5!1s0x12d74912b35161a1%3A0x1a7520e0278c786b!2sMorosaglia!3m2!1d42.434979999999996!2d9.298622!4m5!1s0x12d74899673cd0e7%3A0x40819a5fd954d60!2sLa+Porta!3m2!1d42.423175!2d9.352623!5e0!3m2!1sfr!2sfr!4v1396017483219\" height=\"450\" width=\"600\" frameborder=\"0\"><\/iframe><\/p>\n<p>Sinueuse \u00e0 souhait, \u00e9troite, celle qui m\u00e8ne \u00e0 Querticellu, puis \u00e0 La Porta d\u2019 Ampugnani, est un tr\u00e9sor de sensations. Les v\u00e9hicules imposants devront passer par Folelli. Enfin de boucles en virages le village apparait domin\u00e9 par son clocher l\u00e9gendaire. La place de l\u2019\u00e9glise semble s\u00e9parer les maisons de l\u2019\u00e9difice religieux comme si le lien qui les unit est \u00e0 mi-chemin entre complicit\u00e9 et rivalit\u00e9.<\/p>\n<p>L\u2019\u00e9glise date 1648, elle fut agrandie \u00a0en 1680, la fa\u00e7ade de style Baroque par l\u2019architecte milanais Baina en 1707, tandis qu\u2019il commen\u00e7ait le campanile qui allait \u00eatre achev\u00e9 par l\u2019architecte Pomp\u00e9i de Quercitellu. La premi\u00e8re pierre f\u00fbt pos\u00e9e le 8 avril 1720. Ce Campanile monumental a \u00e9t\u00e9 class\u00e9 monument historique en 1975. Comme de nombreux villages La Porta souffre de d\u00e9sertification, il se vide de sa population jeune et active. De nos jours, \u00a0Il y a ceux qui ont fait le pari de vivre et de travailler au village, ceux qui y reviennent r\u00e9guli\u00e8rement et in\u00e9vitablement. Des maisons en ruine y sont restaur\u00e9es, d&rsquo;autres font l&rsquo;objet de classement touristique.<\/p>\n<p><strong>L\u2019\u00e9glise Saint Jean \u2013Baptiste<\/strong> de La Porta\u00a0: monumentale et harmonieuse toute de sym\u00e9tries et de volutes. D&rsquo;\u00e9l\u00e9gants pilastres et des colonnes entourent le portail d&rsquo;entr\u00e9e. Derri\u00e8re la renomm\u00e9e de son immense clocher des femmes et des hommes luttent pour la survie de ce village.<\/p>\n<div id=\"attachment_3378\" style=\"width: 576px\" class=\"wp-caption alignleft\"><a href=\"http:\/\/www.locationencorse.eu\/blog\/porta-eglise\/eglise-la-porta\/\" rel=\"attachment wp-att-3378\"><img aria-describedby=\"caption-attachment-3378\" decoding=\"async\" loading=\"lazy\" class=\"size-full wp-image-3378\" alt=\"\u00c9glise saint jean baptiste\" src=\"http:\/\/www.locationencorse.eu\/blog\/wp-content\/uploads\/2014\/03\/eglise-la-porta.jpg\" width=\"566\" height=\"599\" srcset=\"https:\/\/www.locationencorse.eu\/blog\/wp-content\/uploads\/2014\/03\/eglise-la-porta.jpg 566w, https:\/\/www.locationencorse.eu\/blog\/wp-content\/uploads\/2014\/03\/eglise-la-porta-377x400.jpg 377w\" sizes=\"(max-width: 566px) 100vw, 566px\" \/><\/a><p id=\"caption-attachment-3378\" class=\"wp-caption-text\">\u00c9glise saint jean baptiste<\/p><\/div>\n<p>&nbsp;<\/p>\n<!-- AddThis Advanced Settings generic via filter on the_content --><!-- AddThis Share Buttons generic via filter on the_content -->","protected":false},"excerpt":{"rendered":"<p>Ponte-Leccia, carrefour incontournable de la Haute-Corse, la route qui nous conduit \u00e0 La Porta, est celle de la Castagniccia, la superbe r\u00e9gion ou les ch\u00e2taignes abondent.. En se dirigeant vers l\u2019est de l\u2019\u00eele, le paysage est idyllique. Un panneau indique &hellip; <a href=\"https:\/\/www.locationencorse.eu\/blog\/porta-eglise\/\">Continuer la lecture <span class=\"meta-nav\">&rarr;<\/span><\/a><!-- AddThis Advanced Settings generic via filter on get_the_excerpt --><!-- AddThis Share Buttons generic via filter on get_the_excerpt --><\/p>\n","protected":false},"author":2,"featured_media":0,"comment_status":"open","ping_status":"open","sticky":false,"template":"","format":"standard","meta":{"_mi_skip_tracking":false,"_monsterinsights_sitenote_active":false,"_monsterinsights_sitenote_note":"","_monsterinsights_sitenote_category":0,"ngg_post_thumbnail":0,"footnotes":""},"categories":[169,8],"tags":[241,33],"yoast_head":"<!-- This site is optimized with the Yoast SEO plugin v21.1 - https:\/\/yoast.com\/wordpress\/plugins\/seo\/ -->\n<title>La Porta et son \u00e9glise - La Corse<\/title>\n<meta name=\"robots\" content=\"index, follow, max-snippet:-1, max-image-preview:large, max-video-preview:-1\" \/>\n<link rel=\"canonical\" href=\"https:\/\/www.locationencorse.eu\/blog\/porta-eglise\/\" \/>\n<meta property=\"og:locale\" content=\"fr_FR\" \/>\n<meta property=\"og:type\" content=\"article\" \/>\n<meta property=\"og:title\" content=\"La Porta et son \u00e9glise - La Corse\" \/>\n<meta property=\"og:description\" content=\"Ponte-Leccia, carrefour incontournable de la Haute-Corse, la route qui nous conduit \u00e0 La Porta, est celle de la Castagniccia, la superbe r\u00e9gion ou les ch\u00e2taignes abondent.. En se dirigeant vers l\u2019est de l\u2019\u00eele, le paysage est idyllique. Un panneau indique &hellip; Continuer la lecture &rarr;\" \/>\n<meta property=\"og:url\" content=\"https:\/\/www.locationencorse.eu\/blog\/porta-eglise\/\" \/>\n<meta property=\"og:site_name\" content=\"La Corse\" \/>\n<meta property=\"article:author\" content=\"https:\/\/www.facebook.com\/locationencorse.eu\/\" \/>\n<meta property=\"article:published_time\" content=\"2014-03-28T16:27:44+00:00\" \/>\n<meta property=\"article:modified_time\" content=\"2014-03-28T16:40:15+00:00\" \/>\n<meta property=\"og:image\" content=\"http:\/\/www.locationencorse.eu\/blog\/wp-content\/uploads\/2014\/03\/eglise-la-porta.jpg\" \/>\n<meta name=\"author\" content=\"Newchallenge\" \/>\n<meta name=\"twitter:label1\" content=\"\u00c9crit par\" \/>\n\t<meta name=\"twitter:data1\" content=\"Newchallenge\" \/>\n\t<meta name=\"twitter:label2\" content=\"Dur\u00e9e de lecture estim\u00e9e\" \/>\n\t<meta name=\"twitter:data2\" content=\"2 minutes\" \/>\n<script type=\"application\/ld+json\" class=\"yoast-schema-graph\">{\"@context\":\"https:\/\/schema.org\",\"@graph\":[{\"@type\":\"WebPage\",\"@id\":\"https:\/\/www.locationencorse.eu\/blog\/porta-eglise\/\",\"url\":\"https:\/\/www.locationencorse.eu\/blog\/porta-eglise\/\",\"name\":\"La Porta et son \u00e9glise - La Corse\",\"isPartOf\":{\"@id\":\"https:\/\/www.locationencorse.eu\/blog\/#website\"},\"datePublished\":\"2014-03-28T16:27:44+00:00\",\"dateModified\":\"2014-03-28T16:40:15+00:00\",\"author\":{\"@id\":\"https:\/\/www.locationencorse.eu\/blog\/#\/schema\/person\/4aa76a779067073b7500fdabe0a4a51c\"},\"breadcrumb\":{\"@id\":\"https:\/\/www.locationencorse.eu\/blog\/porta-eglise\/#breadcrumb\"},\"inLanguage\":\"fr-FR\",\"potentialAction\":[{\"@type\":\"ReadAction\",\"target\":[\"https:\/\/www.locationencorse.eu\/blog\/porta-eglise\/\"]}]},{\"@type\":\"BreadcrumbList\",\"@id\":\"https:\/\/www.locationencorse.eu\/blog\/porta-eglise\/#breadcrumb\",\"itemListElement\":[{\"@type\":\"ListItem\",\"position\":1,\"name\":\"Accueil\",\"item\":\"https:\/\/www.locationencorse.eu\/blog\/\"},{\"@type\":\"ListItem\",\"position\":2,\"name\":\"La Porta et son \u00e9glise\"}]},{\"@type\":\"WebSite\",\"@id\":\"https:\/\/www.locationencorse.eu\/blog\/#website\",\"url\":\"https:\/\/www.locationencorse.eu\/blog\/\",\"name\":\"La Corse\",\"description\":\"Vacances en Corse sur \u00cele de beaut\u00e9\",\"potentialAction\":[{\"@type\":\"SearchAction\",\"target\":{\"@type\":\"EntryPoint\",\"urlTemplate\":\"https:\/\/www.locationencorse.eu\/blog\/?s={search_term_string}\"},\"query-input\":\"required name=search_term_string\"}],\"inLanguage\":\"fr-FR\"},{\"@type\":\"Person\",\"@id\":\"https:\/\/www.locationencorse.eu\/blog\/#\/schema\/person\/4aa76a779067073b7500fdabe0a4a51c\",\"name\":\"Newchallenge\",\"image\":{\"@type\":\"ImageObject\",\"inLanguage\":\"fr-FR\",\"@id\":\"https:\/\/www.locationencorse.eu\/blog\/#\/schema\/person\/image\/\",\"url\":\"https:\/\/secure.gravatar.com\/avatar\/ad5f2a69d252f48179a77d3cb09e1fa7?s=96&r=g\",\"contentUrl\":\"https:\/\/secure.gravatar.com\/avatar\/ad5f2a69d252f48179a77d3cb09e1fa7?s=96&r=g\",\"caption\":\"Newchallenge\"},\"sameAs\":[\"http:\/\/www.locationencorse.eu\",\"https:\/\/www.facebook.com\/locationencorse.eu\/\"],\"url\":\"https:\/\/www.locationencorse.eu\/blog\/author\/martinenewchallenge-fr\/\"}]}<\/script>\n<!-- \/ Yoast SEO plugin. -->","yoast_head_json":{"title":"La Porta et son \u00e9glise - La Corse","robots":{"index":"index","follow":"follow","max-snippet":"max-snippet:-1","max-image-preview":"max-image-preview:large","max-video-preview":"max-video-preview:-1"},"canonical":"https:\/\/www.locationencorse.eu\/blog\/porta-eglise\/","og_locale":"fr_FR","og_type":"article","og_title":"La Porta et son \u00e9glise - La Corse","og_description":"Ponte-Leccia, carrefour incontournable de la Haute-Corse, la route qui nous conduit \u00e0 La Porta, est celle de la Castagniccia, la superbe r\u00e9gion ou les ch\u00e2taignes abondent.. En se dirigeant vers l\u2019est de l\u2019\u00eele, le paysage est idyllique. Un panneau indique &hellip; Continuer la lecture &rarr;","og_url":"https:\/\/www.locationencorse.eu\/blog\/porta-eglise\/","og_site_name":"La Corse","article_author":"https:\/\/www.facebook.com\/locationencorse.eu\/","article_published_time":"2014-03-28T16:27:44+00:00","article_modified_time":"2014-03-28T16:40:15+00:00","og_image":[{"url":"http:\/\/www.locationencorse.eu\/blog\/wp-content\/uploads\/2014\/03\/eglise-la-porta.jpg"}],"author":"Newchallenge","twitter_misc":{"\u00c9crit par":"Newchallenge","Dur\u00e9e de lecture estim\u00e9e":"2 minutes"},"schema":{"@context":"https:\/\/schema.org","@graph":[{"@type":"WebPage","@id":"https:\/\/www.locationencorse.eu\/blog\/porta-eglise\/","url":"https:\/\/www.locationencorse.eu\/blog\/porta-eglise\/","name":"La Porta et son \u00e9glise - La Corse","isPartOf":{"@id":"https:\/\/www.locationencorse.eu\/blog\/#website"},"datePublished":"2014-03-28T16:27:44+00:00","dateModified":"2014-03-28T16:40:15+00:00","author":{"@id":"https:\/\/www.locationencorse.eu\/blog\/#\/schema\/person\/4aa76a779067073b7500fdabe0a4a51c"},"breadcrumb":{"@id":"https:\/\/www.locationencorse.eu\/blog\/porta-eglise\/#breadcrumb"},"inLanguage":"fr-FR","potentialAction":[{"@type":"ReadAction","target":["https:\/\/www.locationencorse.eu\/blog\/porta-eglise\/"]}]},{"@type":"BreadcrumbList","@id":"https:\/\/www.locationencorse.eu\/blog\/porta-eglise\/#breadcrumb","itemListElement":[{"@type":"ListItem","position":1,"name":"Accueil","item":"https:\/\/www.locationencorse.eu\/blog\/"},{"@type":"ListItem","position":2,"name":"La Porta et son \u00e9glise"}]},{"@type":"WebSite","@id":"https:\/\/www.locationencorse.eu\/blog\/#website","url":"https:\/\/www.locationencorse.eu\/blog\/","name":"La Corse","description":"Vacances en Corse sur \u00cele de beaut\u00e9","potentialAction":[{"@type":"SearchAction","target":{"@type":"EntryPoint","urlTemplate":"https:\/\/www.locationencorse.eu\/blog\/?s={search_term_string}"},"query-input":"required name=search_term_string"}],"inLanguage":"fr-FR"},{"@type":"Person","@id":"https:\/\/www.locationencorse.eu\/blog\/#\/schema\/person\/4aa76a779067073b7500fdabe0a4a51c","name":"Newchallenge","image":{"@type":"ImageObject","inLanguage":"fr-FR","@id":"https:\/\/www.locationencorse.eu\/blog\/#\/schema\/person\/image\/","url":"https:\/\/secure.gravatar.com\/avatar\/ad5f2a69d252f48179a77d3cb09e1fa7?s=96&r=g","contentUrl":"https:\/\/secure.gravatar.com\/avatar\/ad5f2a69d252f48179a77d3cb09e1fa7?s=96&r=g","caption":"Newchallenge"},"sameAs":["http:\/\/www.locationencorse.eu","https:\/\/www.facebook.com\/locationencorse.eu\/"],"url":"https:\/\/www.locationencorse.eu\/blog\/author\/martinenewchallenge-fr\/"}]}},"jetpack_featured_media_url":"","_links":{"self":[{"href":"https:\/\/www.locationencorse.eu\/blog\/wp-json\/wp\/v2\/posts\/3377"}],"collection":[{"href":"https:\/\/www.locationencorse.eu\/blog\/wp-json\/wp\/v2\/posts"}],"about":[{"href":"https:\/\/www.locationencorse.eu\/blog\/wp-json\/wp\/v2\/types\/post"}],"author":[{"embeddable":true,"href":"https:\/\/www.locationencorse.eu\/blog\/wp-json\/wp\/v2\/users\/2"}],"replies":[{"embeddable":true,"href":"https:\/\/www.locationencorse.eu\/blog\/wp-json\/wp\/v2\/comments?post=3377"}],"version-history":[{"count":7,"href":"https:\/\/www.locationencorse.eu\/blog\/wp-json\/wp\/v2\/posts\/3377\/revisions"}],"predecessor-version":[{"id":3386,"href":"https:\/\/www.locationencorse.eu\/blog\/wp-json\/wp\/v2\/posts\/3377\/revisions\/3386"}],"wp:attachment":[{"href":"https:\/\/www.locationencorse.eu\/blog\/wp-json\/wp\/v2\/media?parent=3377"}],"wp:term":[{"taxonomy":"category","embeddable":true,"href":"https:\/\/www.locationencorse.eu\/blog\/wp-json\/wp\/v2\/categories?post=3377"},{"taxonomy":"post_tag","embeddable":true,"href":"https:\/\/www.locationencorse.eu\/blog\/wp-json\/wp\/v2\/tags?post=3377"}],"curies":[{"name":"wp","href":"https:\/\/api.w.org\/{rel}","templated":true}]}}