{"id":2870,"date":"2014-03-17T18:03:36","date_gmt":"2014-03-17T17:03:36","guid":{"rendered":"http:\/\/www.locationencorse.eu\/blog\/?p=2870"},"modified":"2014-03-21T22:07:40","modified_gmt":"2014-03-21T21:07:40","slug":"route-vins-en-balagne","status":"publish","type":"post","link":"https:\/\/www.locationencorse.eu\/blog\/route-vins-en-balagne\/","title":{"rendered":"Sur la route des vins en Balagne"},"content":{"rendered":"<p><span style=\"color: #000000; font-family: Calibri; font-size: medium;\">La terre de la Balagne est particuli\u00e8rement adapt\u00e9e \u00e0 la culture de la <strong>vigne<\/strong> dans les vall\u00e9es de la Figarella et du Regino. Dans les collines balanines se nichent vignes et vergers.Connu depuis les Romains, le vignoble de Balagne s\u2019inscrit dans un vaste amphith\u00e9\u00e2tre ouvert sur la mer.<\/span><\/p>\n<p><a href=\"http:\/\/www.locationencorse.eu\/blog\/wp-content\/uploads\/2014\/03\/vigne.jpg\" data-rel=\"lightbox-image-0\" data-rl_title=\"\" data-rl_caption=\"\" title=\"\"><img decoding=\"async\" loading=\"lazy\" class=\"aligncenter size-full wp-image-2874\" alt=\"vigne\" src=\"http:\/\/www.locationencorse.eu\/blog\/wp-content\/uploads\/2014\/03\/vigne.jpg\" width=\"759\" height=\"391\" srcset=\"https:\/\/www.locationencorse.eu\/blog\/wp-content\/uploads\/2014\/03\/vigne.jpg 759w, https:\/\/www.locationencorse.eu\/blog\/wp-content\/uploads\/2014\/03\/vigne-400x206.jpg 400w, https:\/\/www.locationencorse.eu\/blog\/wp-content\/uploads\/2014\/03\/vigne-750x386.jpg 750w\" sizes=\"(max-width: 759px) 100vw, 759px\" \/><\/a><\/p>\n<p><span style=\"color: #000000; font-family: Calibri; font-size: medium;\">Une longue histoire lie la vigne \u00e0 la <a title=\"La faune et la flore en Balagne\" href=\"http:\/\/www.locationencorse.eu\/blog\/la-faune-et-la-flore-en-balagne\/\">Balagne<\/a>. Sa terre fertile connaissait en effet une notori\u00e9t\u00e9 d\u00e9j\u00e0 du temps de Virgile et au moyen \u00e2ge, le vin dit des \u00ab\u00a0Prove\u00a0\u00bb, dans le haut Regino, \u00e9tait r\u00e9serv\u00e9 aux \u00e9v\u00eaques, bien connus pour \u00eatre de fins gourmets. Certains consid\u00e8rent aujourd\u2019hui la r\u00e9gion comme la Toscane de la corse avec ses terroirs bien ordonn\u00e9s entre mer et montagnes. La Balagne est tourn\u00e9 vers la production du rouge et du ros\u00e9. Un ros\u00e9 qui saura apporter une touche de fraicheur d\u00e9licate \u00e0 vos repas d\u2019\u00e9t\u00e9 et un rouge qui doit sa puissance et sa complexit\u00e9 \u00e0 des assemblages ing\u00e9nieux. Les vignobles de Balagne sont certifi\u00e9s AOC. Sous l\u2019impulsion de jeunes vignerons passionn\u00e9s, la viticulture balanine est aujourd\u2019hui l\u2019une des plus dynamiques de l\u2019\u00eele. <\/span><\/p>\n<p><strong><span style=\"color: #008080;\">Les grands domaines de la Balagne\u00a0:<\/span><\/strong><\/p>\n<ul>\n<li>Le Clos Landry \u00e0 Calvi<\/li>\n<li>Le Clos Antonini \u00e0 Sant \u2018 Antonio<\/li>\n<li>Le Clos Colombu \u00e0 Lumio<\/li>\n<li>Le Domaine Maestracci \u00e0 Felicito<\/li>\n<li>Le Domaine d\u2019Alzipratu \u00e0 zilia<\/li>\n<\/ul>\n<p>Trouver une <a title=\"location calvi\" href=\"http:\/\/www.locationencorse.eu\/rec\/?destination=Calvi\" target=\"_blank\">location \u00e0 calvi<\/a> ou une <a title=\"location en corse\" href=\"http:\/\/www.locationencorse.eu\/rec\/?region=balagne\" target=\"_blank\">location en balagne<\/a><\/p>\n<!-- AddThis Advanced Settings generic via filter on the_content --><!-- AddThis Share Buttons generic via filter on the_content -->","protected":false},"excerpt":{"rendered":"<p>La terre de la Balagne est particuli\u00e8rement adapt\u00e9e \u00e0 la culture de la vigne dans les vall\u00e9es de la Figarella et du Regino. Dans les collines balanines se nichent vignes et vergers.Connu depuis les Romains, le vignoble de Balagne s\u2019inscrit &hellip; <a href=\"https:\/\/www.locationencorse.eu\/blog\/route-vins-en-balagne\/\">Continuer la lecture <span class=\"meta-nav\">&rarr;<\/span><\/a><!-- AddThis Advanced Settings generic via filter on get_the_excerpt --><!-- AddThis Share Buttons generic via filter on get_the_excerpt --><\/p>\n","protected":false},"author":2,"featured_media":0,"comment_status":"open","ping_status":"open","sticky":false,"template":"","format":"standard","meta":{"_mi_skip_tracking":false,"_monsterinsights_sitenote_active":false,"_monsterinsights_sitenote_note":"","_monsterinsights_sitenote_category":0,"ngg_post_thumbnail":0,"footnotes":""},"categories":[184,157],"tags":[11,33],"yoast_head":"<!-- This site is optimized with the Yoast SEO plugin v21.1 - https:\/\/yoast.com\/wordpress\/plugins\/seo\/ -->\n<title>Sur la route des vins en Balagne - La Corse<\/title>\n<meta name=\"description\" content=\"La terre de la Balagne est particuli\u00e8rement adapt\u00e9e \u00e0 la culture de la vigne dans les vall\u00e9es de la Figarella et du Regino. Dans les collines balanines se\" \/>\n<meta name=\"robots\" content=\"index, follow, max-snippet:-1, max-image-preview:large, max-video-preview:-1\" \/>\n<link rel=\"canonical\" href=\"https:\/\/www.locationencorse.eu\/blog\/route-vins-en-balagne\/\" \/>\n<meta property=\"og:locale\" content=\"fr_FR\" \/>\n<meta property=\"og:type\" content=\"article\" \/>\n<meta property=\"og:title\" content=\"Sur la route des vins en Balagne - La Corse\" \/>\n<meta property=\"og:description\" content=\"La terre de la Balagne est particuli\u00e8rement adapt\u00e9e \u00e0 la culture de la vigne dans les vall\u00e9es de la Figarella et du Regino. Dans les collines balanines se\" \/>\n<meta property=\"og:url\" content=\"https:\/\/www.locationencorse.eu\/blog\/route-vins-en-balagne\/\" \/>\n<meta property=\"og:site_name\" content=\"La Corse\" \/>\n<meta property=\"article:author\" content=\"https:\/\/www.facebook.com\/locationencorse.eu\/\" \/>\n<meta property=\"article:published_time\" content=\"2014-03-17T17:03:36+00:00\" \/>\n<meta property=\"article:modified_time\" content=\"2014-03-21T21:07:40+00:00\" \/>\n<meta property=\"og:image\" content=\"http:\/\/www.locationencorse.eu\/blog\/wp-content\/uploads\/2014\/03\/vigne.jpg\" \/>\n<meta name=\"author\" content=\"Newchallenge\" \/>\n<meta name=\"twitter:label1\" content=\"\u00c9crit par\" \/>\n\t<meta name=\"twitter:data1\" content=\"Newchallenge\" \/>\n\t<meta name=\"twitter:label2\" content=\"Dur\u00e9e de lecture estim\u00e9e\" \/>\n\t<meta name=\"twitter:data2\" content=\"1 minute\" \/>\n<script type=\"application\/ld+json\" class=\"yoast-schema-graph\">{\"@context\":\"https:\/\/schema.org\",\"@graph\":[{\"@type\":\"WebPage\",\"@id\":\"https:\/\/www.locationencorse.eu\/blog\/route-vins-en-balagne\/\",\"url\":\"https:\/\/www.locationencorse.eu\/blog\/route-vins-en-balagne\/\",\"name\":\"Sur la route des vins en Balagne - La Corse\",\"isPartOf\":{\"@id\":\"https:\/\/www.locationencorse.eu\/blog\/#website\"},\"datePublished\":\"2014-03-17T17:03:36+00:00\",\"dateModified\":\"2014-03-21T21:07:40+00:00\",\"author\":{\"@id\":\"https:\/\/www.locationencorse.eu\/blog\/#\/schema\/person\/4aa76a779067073b7500fdabe0a4a51c\"},\"description\":\"La terre de la Balagne est particuli\u00e8rement adapt\u00e9e \u00e0 la culture de la vigne dans les vall\u00e9es de la Figarella et du Regino. Dans les collines balanines se\",\"breadcrumb\":{\"@id\":\"https:\/\/www.locationencorse.eu\/blog\/route-vins-en-balagne\/#breadcrumb\"},\"inLanguage\":\"fr-FR\",\"potentialAction\":[{\"@type\":\"ReadAction\",\"target\":[\"https:\/\/www.locationencorse.eu\/blog\/route-vins-en-balagne\/\"]}]},{\"@type\":\"BreadcrumbList\",\"@id\":\"https:\/\/www.locationencorse.eu\/blog\/route-vins-en-balagne\/#breadcrumb\",\"itemListElement\":[{\"@type\":\"ListItem\",\"position\":1,\"name\":\"Accueil\",\"item\":\"https:\/\/www.locationencorse.eu\/blog\/\"},{\"@type\":\"ListItem\",\"position\":2,\"name\":\"Sur la route des vins en Balagne\"}]},{\"@type\":\"WebSite\",\"@id\":\"https:\/\/www.locationencorse.eu\/blog\/#website\",\"url\":\"https:\/\/www.locationencorse.eu\/blog\/\",\"name\":\"La Corse\",\"description\":\"Vacances en Corse sur \u00cele de beaut\u00e9\",\"potentialAction\":[{\"@type\":\"SearchAction\",\"target\":{\"@type\":\"EntryPoint\",\"urlTemplate\":\"https:\/\/www.locationencorse.eu\/blog\/?s={search_term_string}\"},\"query-input\":\"required name=search_term_string\"}],\"inLanguage\":\"fr-FR\"},{\"@type\":\"Person\",\"@id\":\"https:\/\/www.locationencorse.eu\/blog\/#\/schema\/person\/4aa76a779067073b7500fdabe0a4a51c\",\"name\":\"Newchallenge\",\"image\":{\"@type\":\"ImageObject\",\"inLanguage\":\"fr-FR\",\"@id\":\"https:\/\/www.locationencorse.eu\/blog\/#\/schema\/person\/image\/\",\"url\":\"https:\/\/secure.gravatar.com\/avatar\/ad5f2a69d252f48179a77d3cb09e1fa7?s=96&r=g\",\"contentUrl\":\"https:\/\/secure.gravatar.com\/avatar\/ad5f2a69d252f48179a77d3cb09e1fa7?s=96&r=g\",\"caption\":\"Newchallenge\"},\"sameAs\":[\"http:\/\/www.locationencorse.eu\",\"https:\/\/www.facebook.com\/locationencorse.eu\/\"],\"url\":\"https:\/\/www.locationencorse.eu\/blog\/author\/martinenewchallenge-fr\/\"}]}<\/script>\n<!-- \/ Yoast SEO plugin. -->","yoast_head_json":{"title":"Sur la route des vins en Balagne - La Corse","description":"La terre de la Balagne est particuli\u00e8rement adapt\u00e9e \u00e0 la culture de la vigne dans les vall\u00e9es de la Figarella et du Regino. Dans les collines balanines se","robots":{"index":"index","follow":"follow","max-snippet":"max-snippet:-1","max-image-preview":"max-image-preview:large","max-video-preview":"max-video-preview:-1"},"canonical":"https:\/\/www.locationencorse.eu\/blog\/route-vins-en-balagne\/","og_locale":"fr_FR","og_type":"article","og_title":"Sur la route des vins en Balagne - La Corse","og_description":"La terre de la Balagne est particuli\u00e8rement adapt\u00e9e \u00e0 la culture de la vigne dans les vall\u00e9es de la Figarella et du Regino. Dans les collines balanines se","og_url":"https:\/\/www.locationencorse.eu\/blog\/route-vins-en-balagne\/","og_site_name":"La Corse","article_author":"https:\/\/www.facebook.com\/locationencorse.eu\/","article_published_time":"2014-03-17T17:03:36+00:00","article_modified_time":"2014-03-21T21:07:40+00:00","og_image":[{"url":"http:\/\/www.locationencorse.eu\/blog\/wp-content\/uploads\/2014\/03\/vigne.jpg"}],"author":"Newchallenge","twitter_misc":{"\u00c9crit par":"Newchallenge","Dur\u00e9e de lecture estim\u00e9e":"1 minute"},"schema":{"@context":"https:\/\/schema.org","@graph":[{"@type":"WebPage","@id":"https:\/\/www.locationencorse.eu\/blog\/route-vins-en-balagne\/","url":"https:\/\/www.locationencorse.eu\/blog\/route-vins-en-balagne\/","name":"Sur la route des vins en Balagne - La Corse","isPartOf":{"@id":"https:\/\/www.locationencorse.eu\/blog\/#website"},"datePublished":"2014-03-17T17:03:36+00:00","dateModified":"2014-03-21T21:07:40+00:00","author":{"@id":"https:\/\/www.locationencorse.eu\/blog\/#\/schema\/person\/4aa76a779067073b7500fdabe0a4a51c"},"description":"La terre de la Balagne est particuli\u00e8rement adapt\u00e9e \u00e0 la culture de la vigne dans les vall\u00e9es de la Figarella et du Regino. Dans les collines balanines se","breadcrumb":{"@id":"https:\/\/www.locationencorse.eu\/blog\/route-vins-en-balagne\/#breadcrumb"},"inLanguage":"fr-FR","potentialAction":[{"@type":"ReadAction","target":["https:\/\/www.locationencorse.eu\/blog\/route-vins-en-balagne\/"]}]},{"@type":"BreadcrumbList","@id":"https:\/\/www.locationencorse.eu\/blog\/route-vins-en-balagne\/#breadcrumb","itemListElement":[{"@type":"ListItem","position":1,"name":"Accueil","item":"https:\/\/www.locationencorse.eu\/blog\/"},{"@type":"ListItem","position":2,"name":"Sur la route des vins en Balagne"}]},{"@type":"WebSite","@id":"https:\/\/www.locationencorse.eu\/blog\/#website","url":"https:\/\/www.locationencorse.eu\/blog\/","name":"La Corse","description":"Vacances en Corse sur \u00cele de beaut\u00e9","potentialAction":[{"@type":"SearchAction","target":{"@type":"EntryPoint","urlTemplate":"https:\/\/www.locationencorse.eu\/blog\/?s={search_term_string}"},"query-input":"required name=search_term_string"}],"inLanguage":"fr-FR"},{"@type":"Person","@id":"https:\/\/www.locationencorse.eu\/blog\/#\/schema\/person\/4aa76a779067073b7500fdabe0a4a51c","name":"Newchallenge","image":{"@type":"ImageObject","inLanguage":"fr-FR","@id":"https:\/\/www.locationencorse.eu\/blog\/#\/schema\/person\/image\/","url":"https:\/\/secure.gravatar.com\/avatar\/ad5f2a69d252f48179a77d3cb09e1fa7?s=96&r=g","contentUrl":"https:\/\/secure.gravatar.com\/avatar\/ad5f2a69d252f48179a77d3cb09e1fa7?s=96&r=g","caption":"Newchallenge"},"sameAs":["http:\/\/www.locationencorse.eu","https:\/\/www.facebook.com\/locationencorse.eu\/"],"url":"https:\/\/www.locationencorse.eu\/blog\/author\/martinenewchallenge-fr\/"}]}},"jetpack_featured_media_url":"","_links":{"self":[{"href":"https:\/\/www.locationencorse.eu\/blog\/wp-json\/wp\/v2\/posts\/2870"}],"collection":[{"href":"https:\/\/www.locationencorse.eu\/blog\/wp-json\/wp\/v2\/posts"}],"about":[{"href":"https:\/\/www.locationencorse.eu\/blog\/wp-json\/wp\/v2\/types\/post"}],"author":[{"embeddable":true,"href":"https:\/\/www.locationencorse.eu\/blog\/wp-json\/wp\/v2\/users\/2"}],"replies":[{"embeddable":true,"href":"https:\/\/www.locationencorse.eu\/blog\/wp-json\/wp\/v2\/comments?post=2870"}],"version-history":[{"count":8,"href":"https:\/\/www.locationencorse.eu\/blog\/wp-json\/wp\/v2\/posts\/2870\/revisions"}],"predecessor-version":[{"id":3036,"href":"https:\/\/www.locationencorse.eu\/blog\/wp-json\/wp\/v2\/posts\/2870\/revisions\/3036"}],"wp:attachment":[{"href":"https:\/\/www.locationencorse.eu\/blog\/wp-json\/wp\/v2\/media?parent=2870"}],"wp:term":[{"taxonomy":"category","embeddable":true,"href":"https:\/\/www.locationencorse.eu\/blog\/wp-json\/wp\/v2\/categories?post=2870"},{"taxonomy":"post_tag","embeddable":true,"href":"https:\/\/www.locationencorse.eu\/blog\/wp-json\/wp\/v2\/tags?post=2870"}],"curies":[{"name":"wp","href":"https:\/\/api.w.org\/{rel}","templated":true}]}}