{"id":2652,"date":"2014-03-13T20:32:03","date_gmt":"2014-03-13T19:32:03","guid":{"rendered":"http:\/\/www.locationencorse.eu\/blog\/?p=2652"},"modified":"2014-05-14T08:16:26","modified_gmt":"2014-05-14T06:16:26","slug":"galeria","status":"publish","type":"post","link":"https:\/\/www.locationencorse.eu\/blog\/galeria\/","title":{"rendered":"Gal\u00e9ria"},"content":{"rendered":"<p>Si vous voyagez dans la Balagne, baptis\u00e9e \u00ab\u00a0Le jardin de la Corse\u00a0\u00bb pour sa situation exceptionnelle entre mer et montagne, ne manquez surtout pas le petit port de Gal\u00e9ria, bien \u00e0 l&rsquo;abri, contrairement aux deux grandes plages de sable rose.<\/p>\n<p><a href=\"http:\/\/www.locationencorse.eu\/blog\/wp-content\/uploads\/2014\/03\/VILLAGE-CORSE.jpg\" data-rel=\"lightbox-image-0\" data-rl_title=\"\" data-rl_caption=\"\" title=\"\"><img decoding=\"async\" loading=\"lazy\" class=\"aligncenter size-full wp-image-2661\" src=\"http:\/\/www.locationencorse.eu\/blog\/wp-content\/uploads\/2014\/03\/VILLAGE-CORSE.jpg\" alt=\"VILLAGE CORSE\" width=\"809\" height=\"513\" srcset=\"https:\/\/www.locationencorse.eu\/blog\/wp-content\/uploads\/2014\/03\/VILLAGE-CORSE.jpg 809w, https:\/\/www.locationencorse.eu\/blog\/wp-content\/uploads\/2014\/03\/VILLAGE-CORSE-400x253.jpg 400w, https:\/\/www.locationencorse.eu\/blog\/wp-content\/uploads\/2014\/03\/VILLAGE-CORSE-800x507.jpg 800w\" sizes=\"(max-width: 809px) 100vw, 809px\" \/><\/a><\/p>\n<p>Gal\u00e9ria poss\u00e8de la plage de la Marine et celle de la Tour. La commune reste tr\u00e8s bois\u00e9e, la moiti\u00e9 sud de son territoire \u00e9tant recouverte par la for\u00eat communale du Filosorma et les for\u00eats domaniales du Fango et de Tetti. Collines, c\u00f4tes et plages doivent leur coloration particuli\u00e8re au granit rouge et au porphyre rouge.<\/p>\n<p><a href=\"http:\/\/www.locationencorse.eu\/blog\/wp-content\/uploads\/2014\/03\/plage-de-la-marine-galeria.jpg\" data-rel=\"lightbox-image-1\" data-rl_title=\"\" data-rl_caption=\"\" title=\"\"><img decoding=\"async\" loading=\"lazy\" class=\"aligncenter size-full wp-image-2663\" src=\"http:\/\/www.locationencorse.eu\/blog\/wp-content\/uploads\/2014\/03\/plage-de-la-marine-galeria.jpg\" alt=\"plage de la marine galeria\" width=\"788\" height=\"263\" srcset=\"https:\/\/www.locationencorse.eu\/blog\/wp-content\/uploads\/2014\/03\/plage-de-la-marine-galeria.jpg 788w, https:\/\/www.locationencorse.eu\/blog\/wp-content\/uploads\/2014\/03\/plage-de-la-marine-galeria-400x133.jpg 400w\" sizes=\"(max-width: 788px) 100vw, 788px\" \/><\/a><\/p>\n<p>Cette couleur chaude, vous la retrouverez aussi dans les \u00ab\u00a0piscines naturelles\u00a0\u00bb le long du <strong>fleuve \u00ab\u00a0Fango\u00a0\u00bb.<\/strong><\/p>\n<p><a href=\"http:\/\/www.locationencorse.eu\/blog\/wp-content\/uploads\/2014\/03\/RIVIERE.jpg\" data-rel=\"lightbox-image-2\" data-rl_title=\"\" data-rl_caption=\"\" title=\"\"><img decoding=\"async\" loading=\"lazy\" class=\"aligncenter size-full wp-image-2659\" src=\"http:\/\/www.locationencorse.eu\/blog\/wp-content\/uploads\/2014\/03\/RIVIERE.jpg\" alt=\"RIVIERE\" width=\"800\" height=\"600\" srcset=\"https:\/\/www.locationencorse.eu\/blog\/wp-content\/uploads\/2014\/03\/RIVIERE.jpg 800w, https:\/\/www.locationencorse.eu\/blog\/wp-content\/uploads\/2014\/03\/RIVIERE-400x300.jpg 400w\" sizes=\"(max-width: 800px) 100vw, 800px\" \/><\/a><\/p>\n<p>Les 23,500 Hectares du Filosorma, qui constituent la r\u00e9serve de biosph\u00e8re de la vall\u00e9e du Fango, d\u00e9sign\u00e9e par l&rsquo;UNESCO, sont incontournables pour les amoureux de calme et de nature. En effet, c&rsquo;est la for\u00eat de Piriu, o\u00f9 poussent Eucalyptus, pins maritimes, pins Laricio\u00a0 et ch\u00eanes verts multis\u00e9culaires (on dit qu&rsquo;ils seraient les plus vieux du monde) qui constitue le c\u0153ur de cette vall\u00e9e authentique.<\/p>\n<p>Pour clore votre d\u00e9couverte de cette partie de la C\u00f4te Ouest, allez \u00e0 la rencontre du remarquable sommet de Corse : <strong>Paglia Orba<\/strong>. Il est en effet relativement isol\u00e9 mais\u00a0 domine majestueusement, sa silhouette particuli\u00e8re lui ayant valu le qualificatif de \u00ab\u00a0Reine des Montagnes Corses\u00a0\u00bb. Le Monte Cinto, quand \u00e0 lui, domine la Plagia Orba de pr\u00e9s de 200M. Le Golo, le fleuve le plus important de Corse, prend sa source \u00e0 ses pieds.<\/p>\n<p><a href=\"http:\/\/www.locationencorse.eu\/blog\/wp-content\/uploads\/2014\/03\/SOMMET.jpg\" data-rel=\"lightbox-image-3\" data-rl_title=\"\" data-rl_caption=\"\" title=\"\"><img decoding=\"async\" loading=\"lazy\" class=\"aligncenter size-full wp-image-2654\" src=\"http:\/\/www.locationencorse.eu\/blog\/wp-content\/uploads\/2014\/03\/SOMMET.jpg\" alt=\"SOMMET\" width=\"750\" height=\"528\" srcset=\"https:\/\/www.locationencorse.eu\/blog\/wp-content\/uploads\/2014\/03\/SOMMET.jpg 750w, https:\/\/www.locationencorse.eu\/blog\/wp-content\/uploads\/2014\/03\/SOMMET-400x281.jpg 400w\" sizes=\"(max-width: 750px) 100vw, 750px\" \/><\/a><\/p>\n<p>C&rsquo;est dans la for\u00eat communale d&rsquo;Albertace (plant\u00e9e uniquement de pins Lariccio), sur les flancs de la montagne, que le ruisseau l&rsquo;Orba , prend sa source. Bonne et sereine visite de cette r\u00e9gion de Gal\u00e9ria.<\/p>\n<p><a href=\"http:\/\/www.locationencorse.eu\/blog\/wp-content\/uploads\/2014\/03\/FORET.jpg\" data-rel=\"lightbox-image-4\" data-rl_title=\"\" data-rl_caption=\"\" title=\"\"><img decoding=\"async\" loading=\"lazy\" class=\"aligncenter size-full wp-image-2656\" src=\"http:\/\/www.locationencorse.eu\/blog\/wp-content\/uploads\/2014\/03\/FORET.jpg\" alt=\"FORET\" width=\"800\" height=\"599\" srcset=\"https:\/\/www.locationencorse.eu\/blog\/wp-content\/uploads\/2014\/03\/FORET.jpg 800w, https:\/\/www.locationencorse.eu\/blog\/wp-content\/uploads\/2014\/03\/FORET-400x299.jpg 400w\" sizes=\"(max-width: 800px) 100vw, 800px\" \/><\/a>\u00a0Deux itin\u00e9raires pour aller \u00e0 Galeria: par la c\u00f4te avec les virages ou en passant \u00e0 l&rsquo;int\u00e9rieur des terres:<\/p>\n<p style=\"text-align: center;\"><iframe loading=\"lazy\" style=\"border: 0px currentColor;\" src=\"https:\/\/www.google.com\/maps\/embed?pb=!1m29!1m12!1m3!1d94148.94641100062!2d8.65414044921875!3d42.48826631959429!2m3!1f0!2f0!3f0!3m2!1i1024!2i768!4f13.1!4m14!1i0!3e0!4m5!1s0x12d08fda310e7923%3A0xa77ca3a639b8a83f!2zR2Fsw6lyaWE!3m2!1d42.408935!2d8.648228!4m5!1s0x12d0eb684ff741d3%3A0x40819a5fd9555b0!2sCalvi!3m2!1d42.567651!2d8.757221999999998!5e0!3m2!1sfr!2sfr!4v1394944649316\" width=\"600\" height=\"450\" frameborder=\"0\"><\/iframe><\/p>\n<!-- AddThis Advanced Settings generic via filter on the_content --><!-- AddThis Share Buttons generic via filter on the_content -->","protected":false},"excerpt":{"rendered":"<p>Si vous voyagez dans la Balagne, baptis\u00e9e \u00ab\u00a0Le jardin de la Corse\u00a0\u00bb pour sa situation exceptionnelle entre mer et montagne, ne manquez surtout pas le petit port de Gal\u00e9ria, bien \u00e0 l&rsquo;abri, contrairement aux deux grandes plages de sable rose. &hellip; <a href=\"https:\/\/www.locationencorse.eu\/blog\/galeria\/\">Continuer la lecture <span class=\"meta-nav\">&rarr;<\/span><\/a><!-- AddThis Advanced Settings generic via filter on get_the_excerpt --><!-- AddThis Share Buttons generic via filter on get_the_excerpt --><\/p>\n","protected":false},"author":2,"featured_media":0,"comment_status":"open","ping_status":"open","sticky":false,"template":"","format":"standard","meta":{"_mi_skip_tracking":false,"_monsterinsights_sitenote_active":false,"_monsterinsights_sitenote_note":"","_monsterinsights_sitenote_category":0,"ngg_post_thumbnail":0,"footnotes":""},"categories":[176,8],"tags":[43,217],"yoast_head":"<!-- This site is optimized with the Yoast SEO plugin v21.1 - https:\/\/yoast.com\/wordpress\/plugins\/seo\/ -->\n<title>Gal\u00e9ria - La Corse<\/title>\n<meta name=\"description\" content=\"Gal\u00e9ria poss\u00e8de la plage de la Marine et celle de la Tour.Ne manquez surtout pas le petit port de Gal\u00e9ria, bien \u00e0 l&#039;abri, contrairement aux deux grandes plages de sable rose.\" \/>\n<meta name=\"robots\" content=\"index, follow, max-snippet:-1, max-image-preview:large, max-video-preview:-1\" \/>\n<link rel=\"canonical\" href=\"https:\/\/www.locationencorse.eu\/blog\/galeria\/\" \/>\n<meta property=\"og:locale\" content=\"fr_FR\" \/>\n<meta property=\"og:type\" content=\"article\" \/>\n<meta property=\"og:title\" content=\"Gal\u00e9ria - La Corse\" \/>\n<meta property=\"og:description\" content=\"Gal\u00e9ria poss\u00e8de la plage de la Marine et celle de la Tour.Ne manquez surtout pas le petit port de Gal\u00e9ria, bien \u00e0 l&#039;abri, contrairement aux deux grandes plages de sable rose.\" \/>\n<meta property=\"og:url\" content=\"https:\/\/www.locationencorse.eu\/blog\/galeria\/\" \/>\n<meta property=\"og:site_name\" content=\"La Corse\" \/>\n<meta property=\"article:author\" content=\"https:\/\/www.facebook.com\/locationencorse.eu\/\" \/>\n<meta property=\"article:published_time\" content=\"2014-03-13T19:32:03+00:00\" \/>\n<meta property=\"article:modified_time\" content=\"2014-05-14T06:16:26+00:00\" \/>\n<meta property=\"og:image\" content=\"http:\/\/www.locationencorse.eu\/blog\/wp-content\/uploads\/2014\/03\/VILLAGE-CORSE.jpg\" \/>\n<meta name=\"author\" content=\"Newchallenge\" \/>\n<meta name=\"twitter:label1\" content=\"\u00c9crit par\" \/>\n\t<meta name=\"twitter:data1\" content=\"Newchallenge\" \/>\n\t<meta name=\"twitter:label2\" content=\"Dur\u00e9e de lecture estim\u00e9e\" \/>\n\t<meta name=\"twitter:data2\" content=\"2 minutes\" \/>\n<script type=\"application\/ld+json\" class=\"yoast-schema-graph\">{\"@context\":\"https:\/\/schema.org\",\"@graph\":[{\"@type\":\"WebPage\",\"@id\":\"https:\/\/www.locationencorse.eu\/blog\/galeria\/\",\"url\":\"https:\/\/www.locationencorse.eu\/blog\/galeria\/\",\"name\":\"Gal\u00e9ria - La Corse\",\"isPartOf\":{\"@id\":\"https:\/\/www.locationencorse.eu\/blog\/#website\"},\"datePublished\":\"2014-03-13T19:32:03+00:00\",\"dateModified\":\"2014-05-14T06:16:26+00:00\",\"author\":{\"@id\":\"https:\/\/www.locationencorse.eu\/blog\/#\/schema\/person\/4aa76a779067073b7500fdabe0a4a51c\"},\"description\":\"Gal\u00e9ria poss\u00e8de la plage de la Marine et celle de la Tour.Ne manquez surtout pas le petit port de Gal\u00e9ria, bien \u00e0 l'abri, contrairement aux deux grandes plages de sable rose.\",\"breadcrumb\":{\"@id\":\"https:\/\/www.locationencorse.eu\/blog\/galeria\/#breadcrumb\"},\"inLanguage\":\"fr-FR\",\"potentialAction\":[{\"@type\":\"ReadAction\",\"target\":[\"https:\/\/www.locationencorse.eu\/blog\/galeria\/\"]}]},{\"@type\":\"BreadcrumbList\",\"@id\":\"https:\/\/www.locationencorse.eu\/blog\/galeria\/#breadcrumb\",\"itemListElement\":[{\"@type\":\"ListItem\",\"position\":1,\"name\":\"Accueil\",\"item\":\"https:\/\/www.locationencorse.eu\/blog\/\"},{\"@type\":\"ListItem\",\"position\":2,\"name\":\"Gal\u00e9ria\"}]},{\"@type\":\"WebSite\",\"@id\":\"https:\/\/www.locationencorse.eu\/blog\/#website\",\"url\":\"https:\/\/www.locationencorse.eu\/blog\/\",\"name\":\"La Corse\",\"description\":\"Vacances en Corse sur \u00cele de beaut\u00e9\",\"potentialAction\":[{\"@type\":\"SearchAction\",\"target\":{\"@type\":\"EntryPoint\",\"urlTemplate\":\"https:\/\/www.locationencorse.eu\/blog\/?s={search_term_string}\"},\"query-input\":\"required name=search_term_string\"}],\"inLanguage\":\"fr-FR\"},{\"@type\":\"Person\",\"@id\":\"https:\/\/www.locationencorse.eu\/blog\/#\/schema\/person\/4aa76a779067073b7500fdabe0a4a51c\",\"name\":\"Newchallenge\",\"image\":{\"@type\":\"ImageObject\",\"inLanguage\":\"fr-FR\",\"@id\":\"https:\/\/www.locationencorse.eu\/blog\/#\/schema\/person\/image\/\",\"url\":\"https:\/\/secure.gravatar.com\/avatar\/ad5f2a69d252f48179a77d3cb09e1fa7?s=96&r=g\",\"contentUrl\":\"https:\/\/secure.gravatar.com\/avatar\/ad5f2a69d252f48179a77d3cb09e1fa7?s=96&r=g\",\"caption\":\"Newchallenge\"},\"sameAs\":[\"http:\/\/www.locationencorse.eu\",\"https:\/\/www.facebook.com\/locationencorse.eu\/\"],\"url\":\"https:\/\/www.locationencorse.eu\/blog\/author\/martinenewchallenge-fr\/\"}]}<\/script>\n<!-- \/ Yoast SEO plugin. -->","yoast_head_json":{"title":"Gal\u00e9ria - La Corse","description":"Gal\u00e9ria poss\u00e8de la plage de la Marine et celle de la Tour.Ne manquez surtout pas le petit port de Gal\u00e9ria, bien \u00e0 l'abri, contrairement aux deux grandes plages de sable rose.","robots":{"index":"index","follow":"follow","max-snippet":"max-snippet:-1","max-image-preview":"max-image-preview:large","max-video-preview":"max-video-preview:-1"},"canonical":"https:\/\/www.locationencorse.eu\/blog\/galeria\/","og_locale":"fr_FR","og_type":"article","og_title":"Gal\u00e9ria - La Corse","og_description":"Gal\u00e9ria poss\u00e8de la plage de la Marine et celle de la Tour.Ne manquez surtout pas le petit port de Gal\u00e9ria, bien \u00e0 l'abri, contrairement aux deux grandes plages de sable rose.","og_url":"https:\/\/www.locationencorse.eu\/blog\/galeria\/","og_site_name":"La Corse","article_author":"https:\/\/www.facebook.com\/locationencorse.eu\/","article_published_time":"2014-03-13T19:32:03+00:00","article_modified_time":"2014-05-14T06:16:26+00:00","og_image":[{"url":"http:\/\/www.locationencorse.eu\/blog\/wp-content\/uploads\/2014\/03\/VILLAGE-CORSE.jpg"}],"author":"Newchallenge","twitter_misc":{"\u00c9crit par":"Newchallenge","Dur\u00e9e de lecture estim\u00e9e":"2 minutes"},"schema":{"@context":"https:\/\/schema.org","@graph":[{"@type":"WebPage","@id":"https:\/\/www.locationencorse.eu\/blog\/galeria\/","url":"https:\/\/www.locationencorse.eu\/blog\/galeria\/","name":"Gal\u00e9ria - La Corse","isPartOf":{"@id":"https:\/\/www.locationencorse.eu\/blog\/#website"},"datePublished":"2014-03-13T19:32:03+00:00","dateModified":"2014-05-14T06:16:26+00:00","author":{"@id":"https:\/\/www.locationencorse.eu\/blog\/#\/schema\/person\/4aa76a779067073b7500fdabe0a4a51c"},"description":"Gal\u00e9ria poss\u00e8de la plage de la Marine et celle de la Tour.Ne manquez surtout pas le petit port de Gal\u00e9ria, bien \u00e0 l'abri, contrairement aux deux grandes plages de sable rose.","breadcrumb":{"@id":"https:\/\/www.locationencorse.eu\/blog\/galeria\/#breadcrumb"},"inLanguage":"fr-FR","potentialAction":[{"@type":"ReadAction","target":["https:\/\/www.locationencorse.eu\/blog\/galeria\/"]}]},{"@type":"BreadcrumbList","@id":"https:\/\/www.locationencorse.eu\/blog\/galeria\/#breadcrumb","itemListElement":[{"@type":"ListItem","position":1,"name":"Accueil","item":"https:\/\/www.locationencorse.eu\/blog\/"},{"@type":"ListItem","position":2,"name":"Gal\u00e9ria"}]},{"@type":"WebSite","@id":"https:\/\/www.locationencorse.eu\/blog\/#website","url":"https:\/\/www.locationencorse.eu\/blog\/","name":"La Corse","description":"Vacances en Corse sur \u00cele de beaut\u00e9","potentialAction":[{"@type":"SearchAction","target":{"@type":"EntryPoint","urlTemplate":"https:\/\/www.locationencorse.eu\/blog\/?s={search_term_string}"},"query-input":"required name=search_term_string"}],"inLanguage":"fr-FR"},{"@type":"Person","@id":"https:\/\/www.locationencorse.eu\/blog\/#\/schema\/person\/4aa76a779067073b7500fdabe0a4a51c","name":"Newchallenge","image":{"@type":"ImageObject","inLanguage":"fr-FR","@id":"https:\/\/www.locationencorse.eu\/blog\/#\/schema\/person\/image\/","url":"https:\/\/secure.gravatar.com\/avatar\/ad5f2a69d252f48179a77d3cb09e1fa7?s=96&r=g","contentUrl":"https:\/\/secure.gravatar.com\/avatar\/ad5f2a69d252f48179a77d3cb09e1fa7?s=96&r=g","caption":"Newchallenge"},"sameAs":["http:\/\/www.locationencorse.eu","https:\/\/www.facebook.com\/locationencorse.eu\/"],"url":"https:\/\/www.locationencorse.eu\/blog\/author\/martinenewchallenge-fr\/"}]}},"jetpack_featured_media_url":"","_links":{"self":[{"href":"https:\/\/www.locationencorse.eu\/blog\/wp-json\/wp\/v2\/posts\/2652"}],"collection":[{"href":"https:\/\/www.locationencorse.eu\/blog\/wp-json\/wp\/v2\/posts"}],"about":[{"href":"https:\/\/www.locationencorse.eu\/blog\/wp-json\/wp\/v2\/types\/post"}],"author":[{"embeddable":true,"href":"https:\/\/www.locationencorse.eu\/blog\/wp-json\/wp\/v2\/users\/2"}],"replies":[{"embeddable":true,"href":"https:\/\/www.locationencorse.eu\/blog\/wp-json\/wp\/v2\/comments?post=2652"}],"version-history":[{"count":15,"href":"https:\/\/www.locationencorse.eu\/blog\/wp-json\/wp\/v2\/posts\/2652\/revisions"}],"predecessor-version":[{"id":4452,"href":"https:\/\/www.locationencorse.eu\/blog\/wp-json\/wp\/v2\/posts\/2652\/revisions\/4452"}],"wp:attachment":[{"href":"https:\/\/www.locationencorse.eu\/blog\/wp-json\/wp\/v2\/media?parent=2652"}],"wp:term":[{"taxonomy":"category","embeddable":true,"href":"https:\/\/www.locationencorse.eu\/blog\/wp-json\/wp\/v2\/categories?post=2652"},{"taxonomy":"post_tag","embeddable":true,"href":"https:\/\/www.locationencorse.eu\/blog\/wp-json\/wp\/v2\/tags?post=2652"}],"curies":[{"name":"wp","href":"https:\/\/api.w.org\/{rel}","templated":true}]}}