{"id":2625,"date":"2014-03-13T16:59:34","date_gmt":"2014-03-13T15:59:34","guid":{"rendered":"http:\/\/www.locationencorse.eu\/blog\/?p=2625"},"modified":"2021-04-20T22:44:31","modified_gmt":"2021-04-20T20:44:31","slug":"les-bergeries-de-radule","status":"publish","type":"post","link":"https:\/\/www.locationencorse.eu\/blog\/les-bergeries-de-radule\/","title":{"rendered":"Les bergeries de Radule"},"content":{"rendered":"<p><span style=\"color: #000000; font-family: Calibri; font-size: medium;\"><strong><span style=\"color: #ff6600;\">Randonn\u00e9e aux bergeries de Radule<\/span><\/strong>:&nbsp; Au col de Vergio se garer sur l\u2019esplanade, sur la gauche de la <strong>statue du Christ&nbsp;<\/strong>(monolithe de granit rose pesant 25 tonnes, haut de 6 m\u00e8tres 9,50 m avec son socle), c\u2019est le d\u00e9part de la randonn\u00e9e. Le sentier bien trac\u00e9 parcourt des gen\u00e9vriers rampants. Progression agr\u00e9able, beaux panoramas, passages ombrag\u00e9s, \u00e9boulis, puis quelques cairns plus loin, les bergeries de Radule que l\u2019on rejoint apr\u00e8s avoir travers\u00e9 un ruisseau.<\/span><\/p>\n<p><a href=\"http:\/\/www.locationencorse.eu\/blog\/wp-content\/uploads\/2014\/03\/christ.jpg\" data-rel=\"lightbox-image-0\" data-rl_title=\"\" data-rl_caption=\"\" title=\"\"><img decoding=\"async\" loading=\"lazy\" class=\"aligncenter size-full wp-image-2630\" src=\"http:\/\/www.locationencorse.eu\/blog\/wp-content\/uploads\/2014\/03\/christ.jpg\" alt=\"christ\" width=\"720\" height=\"539\" srcset=\"https:\/\/www.locationencorse.eu\/blog\/wp-content\/uploads\/2014\/03\/christ.jpg 720w, https:\/\/www.locationencorse.eu\/blog\/wp-content\/uploads\/2014\/03\/christ-400x299.jpg 400w\" sizes=\"(max-width: 720px) 100vw, 720px\" \/><\/a><\/p>\n<p><span style=\"color: #000000; font-family: Calibri; font-size: medium;\">De l\u00e0 on pourra continuer jusqu\u2019\u00e0 la cascades&nbsp;: &nbsp;compter une 1 heure de plus aller retour. Pour cela prendre le GR20 direction Nord-Est, jusqu\u2019\u00e0 un ruisseau, puis descendre \u00e0 droite, jusqu\u2019\u00e0 la cascade. Pour le retour , revenir sur ses pas, quitter les bergeries par le GR20, direction Sud-Est. Sentier bien trac\u00e9e, balis\u00e9 en rouge et blanc. Apr\u00e8s un grand virage \u00e0 droite, une sente sur la gauche&nbsp;: \u00e0 partir de l\u00e0 \u00eatre bien attentif, suivre le GR20, l\u00e9g\u00e8rement sur la droite, balis\u00e9 par des cairns difficiles \u00e0 voir, on est en sous-bois. Apr\u00e8s quelques centaines de m\u00e8tres tout s\u2019arrange. Rejoindre le Mare a Mare Nord et par la droite, le col de Vergio. Le concept <a href=\"https:\/\/www.ecaselle.com\">habiter dans une bergerie Corse<\/a> vous int\u00e9resse? D\u00e9couvrez la location de bergerie en pierre typique E Caselle \u00e0 Porto vecchio<\/span><\/p>\n<ul>\n<li><span style=\"color: #000000;\">&nbsp;&nbsp;&nbsp;&nbsp;&nbsp;&nbsp;&nbsp;&nbsp; <span style=\"font-family: Calibri; font-size: medium;\">Itin\u00e9raire&nbsp;: en boucle<\/span><\/span><\/li>\n<li><span style=\"color: #000000;\">&nbsp;&nbsp;&nbsp;&nbsp;&nbsp;&nbsp;&nbsp; <span style=\"font-family: Calibri; font-size: medium;\">D\u00e9nivel\u00e9&nbsp;: 100m<\/span><\/span><\/li>\n<li><span style=\"color: #000000;\">&nbsp;&nbsp;&nbsp;&nbsp;&nbsp;&nbsp;&nbsp;&nbsp; <span style=\"font-family: Calibri; font-size: medium;\">Niveau&nbsp;: facile<\/span><\/span><\/li>\n<li><span style=\"color: #000000;\">&nbsp;&nbsp;&nbsp;&nbsp;&nbsp;&nbsp;&nbsp;&nbsp; <span style=\"font-family: Calibri; font-size: medium;\">Dur\u00e9e&nbsp;: 1h45<\/span><\/span><\/li>\n<\/ul>\n<p><span style=\"color: #000000; font-family: Calibri; font-size: medium;\">Avoir et a visiter<\/span><\/p>\n<ul>\n<li><span style=\"color: #000000;\">&nbsp;&nbsp;&nbsp;&nbsp;&nbsp;&nbsp;&nbsp;&nbsp; <span style=\"font-family: Calibri; font-size: medium;\">Le <a href=\"http:\/\/fr.wikipedia.org\/wiki\/Lac_de_Calacuccia\" target=\"_blank\" rel=\"noopener\">lac de Calacuccia<\/a><\/span><\/span><\/li>\n<li><span style=\"color: #000000;\">&nbsp;&nbsp;&nbsp;&nbsp;&nbsp;&nbsp;&nbsp;&nbsp; <span style=\"font-family: Calibri; font-size: medium;\">Les <a href=\"http:\/\/fr.wikipedia.org\/wiki\/Scala_di_Santa_Regina\" target=\"_blank\" rel=\"noopener\">gorges de Scala di Santa R\u00e9gina<\/a><\/span><\/span><\/li>\n<li><span style=\"color: #000000;\">&nbsp;&nbsp;&nbsp;&nbsp;&nbsp;&nbsp;&nbsp; <span style=\"font-family: Calibri; font-size: medium;\">Calacuccia<\/span><\/span><\/li>\n<\/ul>\n<p><span style=\"color: #000000; font-family: Calibri; font-size: medium;\">Les bergeries de Radule, aujourd\u2019hui abandonn\u00e9es sont nich\u00e9es au c\u0153ur de la montagne, font partie d\u2019une belle randonn\u00e9e.<\/span><\/p>\n<p><a href=\"http:\/\/www.locationencorse.eu\/blog\/wp-content\/uploads\/2014\/03\/bergerie-radule.jpg\" data-rel=\"lightbox-image-1\" data-rl_title=\"\" data-rl_caption=\"\" title=\"\"><img decoding=\"async\" loading=\"lazy\" class=\"aligncenter size-large wp-image-2633\" src=\"http:\/\/www.locationencorse.eu\/blog\/wp-content\/uploads\/2014\/03\/bergerie-radule-800x294.jpg\" alt=\"bergerie-radule\" width=\"620\" height=\"227\" srcset=\"https:\/\/www.locationencorse.eu\/blog\/wp-content\/uploads\/2014\/03\/bergerie-radule-800x294.jpg 800w, https:\/\/www.locationencorse.eu\/blog\/wp-content\/uploads\/2014\/03\/bergerie-radule-400x147.jpg 400w, https:\/\/www.locationencorse.eu\/blog\/wp-content\/uploads\/2014\/03\/bergerie-radule.jpg 1330w\" sizes=\"(max-width: 620px) 100vw, 620px\" \/><\/a><\/p>\n<p><span style=\"color: #000000; font-family: Calibri; font-size: medium;\">Le destin du corse serait&nbsp;: \u00eatre maitre du maquis et de la montagne, il serait berger&nbsp;! Il a appris a conna\u00eetre&nbsp; cette dame nature, impitoyable pour qui ne la respecte pas, \u00e0 utiliser intelligemment chaque rocher, chaque source, chaque p\u00e2turage et \u00e0 ne craindre personne, sinon le diable. Ainsi sont apparues des bergeries telles celles de Radule perdues en plein c\u0153ur du Valdu Niellu. Aujourd\u2019hui abandonn\u00e9es, ces bergeries ont \u00e9t\u00e9 construites dans un site absolument remarquable, un monde min\u00e9ral, granitique, sublim\u00e9 par le murmure des ruisseaux et le chant d\u2019une <strong>cascade<\/strong> en contrebas.<\/span><\/p>\n<p><a href=\"http:\/\/www.locationencorse.eu\/blog\/wp-content\/uploads\/2014\/03\/cascade.jpg\" data-rel=\"lightbox-image-2\" data-rl_title=\"\" data-rl_caption=\"\" title=\"\"><img decoding=\"async\" loading=\"lazy\" class=\"aligncenter size-full wp-image-2635\" src=\"http:\/\/www.locationencorse.eu\/blog\/wp-content\/uploads\/2014\/03\/cascade.jpg\" alt=\"Stitched Panorama\" width=\"800\" height=\"602\" srcset=\"https:\/\/www.locationencorse.eu\/blog\/wp-content\/uploads\/2014\/03\/cascade.jpg 800w, https:\/\/www.locationencorse.eu\/blog\/wp-content\/uploads\/2014\/03\/cascade-400x301.jpg 400w\" sizes=\"(max-width: 800px) 100vw, 800px\" \/><\/a><\/p>\n<!-- AddThis Advanced Settings generic via filter on the_content --><!-- AddThis Share Buttons generic via filter on the_content -->","protected":false},"excerpt":{"rendered":"<p>Randonn\u00e9e aux bergeries de Radule:&nbsp; Au col de Vergio se garer sur l\u2019esplanade, sur la gauche de la statue du Christ&nbsp;(monolithe de granit rose pesant 25 tonnes, haut de 6 m\u00e8tres 9,50 m avec son socle), c\u2019est le d\u00e9part de &hellip; <a href=\"https:\/\/www.locationencorse.eu\/blog\/les-bergeries-de-radule\/\">Continuer la lecture <span class=\"meta-nav\">&rarr;<\/span><\/a><!-- AddThis Advanced Settings generic via filter on get_the_excerpt --><!-- AddThis Share Buttons generic via filter on get_the_excerpt --><\/p>\n","protected":false},"author":2,"featured_media":0,"comment_status":"open","ping_status":"open","sticky":false,"template":"","format":"standard","meta":{"_mi_skip_tracking":false,"_monsterinsights_sitenote_active":false,"_monsterinsights_sitenote_note":"","_monsterinsights_sitenote_category":0,"ngg_post_thumbnail":0,"footnotes":""},"categories":[169,157,160],"tags":[215,55],"yoast_head":"<!-- This site is optimized with the Yoast SEO plugin v21.1 - https:\/\/yoast.com\/wordpress\/plugins\/seo\/ -->\n<title>Les bergeries de Radule - La Corse<\/title>\n<meta name=\"robots\" content=\"index, follow, max-snippet:-1, max-image-preview:large, max-video-preview:-1\" \/>\n<link rel=\"canonical\" href=\"https:\/\/www.locationencorse.eu\/blog\/les-bergeries-de-radule\/\" \/>\n<meta property=\"og:locale\" content=\"fr_FR\" \/>\n<meta property=\"og:type\" content=\"article\" \/>\n<meta property=\"og:title\" content=\"Les bergeries de Radule - La Corse\" \/>\n<meta property=\"og:description\" content=\"Randonn\u00e9e aux bergeries de Radule:&nbsp; Au col de Vergio se garer sur l\u2019esplanade, sur la gauche de la statue du Christ&nbsp;(monolithe de granit rose pesant 25 tonnes, haut de 6 m\u00e8tres 9,50 m avec son socle), c\u2019est le d\u00e9part de &hellip; Continuer la lecture &rarr;\" \/>\n<meta property=\"og:url\" content=\"https:\/\/www.locationencorse.eu\/blog\/les-bergeries-de-radule\/\" \/>\n<meta property=\"og:site_name\" content=\"La Corse\" \/>\n<meta property=\"article:author\" content=\"https:\/\/www.facebook.com\/locationencorse.eu\/\" \/>\n<meta property=\"article:published_time\" content=\"2014-03-13T15:59:34+00:00\" \/>\n<meta property=\"article:modified_time\" content=\"2021-04-20T20:44:31+00:00\" \/>\n<meta property=\"og:image\" content=\"http:\/\/www.locationencorse.eu\/blog\/wp-content\/uploads\/2014\/03\/christ.jpg\" \/>\n<meta name=\"author\" content=\"Newchallenge\" \/>\n<meta name=\"twitter:label1\" content=\"\u00c9crit par\" \/>\n\t<meta name=\"twitter:data1\" content=\"Newchallenge\" \/>\n\t<meta name=\"twitter:label2\" content=\"Dur\u00e9e de lecture estim\u00e9e\" \/>\n\t<meta name=\"twitter:data2\" content=\"2 minutes\" \/>\n<script type=\"application\/ld+json\" class=\"yoast-schema-graph\">{\"@context\":\"https:\/\/schema.org\",\"@graph\":[{\"@type\":\"WebPage\",\"@id\":\"https:\/\/www.locationencorse.eu\/blog\/les-bergeries-de-radule\/\",\"url\":\"https:\/\/www.locationencorse.eu\/blog\/les-bergeries-de-radule\/\",\"name\":\"Les bergeries de Radule - La Corse\",\"isPartOf\":{\"@id\":\"https:\/\/www.locationencorse.eu\/blog\/#website\"},\"datePublished\":\"2014-03-13T15:59:34+00:00\",\"dateModified\":\"2021-04-20T20:44:31+00:00\",\"author\":{\"@id\":\"https:\/\/www.locationencorse.eu\/blog\/#\/schema\/person\/4aa76a779067073b7500fdabe0a4a51c\"},\"breadcrumb\":{\"@id\":\"https:\/\/www.locationencorse.eu\/blog\/les-bergeries-de-radule\/#breadcrumb\"},\"inLanguage\":\"fr-FR\",\"potentialAction\":[{\"@type\":\"ReadAction\",\"target\":[\"https:\/\/www.locationencorse.eu\/blog\/les-bergeries-de-radule\/\"]}]},{\"@type\":\"BreadcrumbList\",\"@id\":\"https:\/\/www.locationencorse.eu\/blog\/les-bergeries-de-radule\/#breadcrumb\",\"itemListElement\":[{\"@type\":\"ListItem\",\"position\":1,\"name\":\"Accueil\",\"item\":\"https:\/\/www.locationencorse.eu\/blog\/\"},{\"@type\":\"ListItem\",\"position\":2,\"name\":\"Les bergeries de Radule\"}]},{\"@type\":\"WebSite\",\"@id\":\"https:\/\/www.locationencorse.eu\/blog\/#website\",\"url\":\"https:\/\/www.locationencorse.eu\/blog\/\",\"name\":\"La Corse\",\"description\":\"Vacances en Corse sur \u00cele de beaut\u00e9\",\"potentialAction\":[{\"@type\":\"SearchAction\",\"target\":{\"@type\":\"EntryPoint\",\"urlTemplate\":\"https:\/\/www.locationencorse.eu\/blog\/?s={search_term_string}\"},\"query-input\":\"required name=search_term_string\"}],\"inLanguage\":\"fr-FR\"},{\"@type\":\"Person\",\"@id\":\"https:\/\/www.locationencorse.eu\/blog\/#\/schema\/person\/4aa76a779067073b7500fdabe0a4a51c\",\"name\":\"Newchallenge\",\"image\":{\"@type\":\"ImageObject\",\"inLanguage\":\"fr-FR\",\"@id\":\"https:\/\/www.locationencorse.eu\/blog\/#\/schema\/person\/image\/\",\"url\":\"https:\/\/secure.gravatar.com\/avatar\/ad5f2a69d252f48179a77d3cb09e1fa7?s=96&r=g\",\"contentUrl\":\"https:\/\/secure.gravatar.com\/avatar\/ad5f2a69d252f48179a77d3cb09e1fa7?s=96&r=g\",\"caption\":\"Newchallenge\"},\"sameAs\":[\"http:\/\/www.locationencorse.eu\",\"https:\/\/www.facebook.com\/locationencorse.eu\/\"],\"url\":\"https:\/\/www.locationencorse.eu\/blog\/author\/martinenewchallenge-fr\/\"}]}<\/script>\n<!-- \/ Yoast SEO plugin. -->","yoast_head_json":{"title":"Les bergeries de Radule - La Corse","robots":{"index":"index","follow":"follow","max-snippet":"max-snippet:-1","max-image-preview":"max-image-preview:large","max-video-preview":"max-video-preview:-1"},"canonical":"https:\/\/www.locationencorse.eu\/blog\/les-bergeries-de-radule\/","og_locale":"fr_FR","og_type":"article","og_title":"Les bergeries de Radule - La Corse","og_description":"Randonn\u00e9e aux bergeries de Radule:&nbsp; Au col de Vergio se garer sur l\u2019esplanade, sur la gauche de la statue du Christ&nbsp;(monolithe de granit rose pesant 25 tonnes, haut de 6 m\u00e8tres 9,50 m avec son socle), c\u2019est le d\u00e9part de &hellip; Continuer la lecture &rarr;","og_url":"https:\/\/www.locationencorse.eu\/blog\/les-bergeries-de-radule\/","og_site_name":"La Corse","article_author":"https:\/\/www.facebook.com\/locationencorse.eu\/","article_published_time":"2014-03-13T15:59:34+00:00","article_modified_time":"2021-04-20T20:44:31+00:00","og_image":[{"url":"http:\/\/www.locationencorse.eu\/blog\/wp-content\/uploads\/2014\/03\/christ.jpg"}],"author":"Newchallenge","twitter_misc":{"\u00c9crit par":"Newchallenge","Dur\u00e9e de lecture estim\u00e9e":"2 minutes"},"schema":{"@context":"https:\/\/schema.org","@graph":[{"@type":"WebPage","@id":"https:\/\/www.locationencorse.eu\/blog\/les-bergeries-de-radule\/","url":"https:\/\/www.locationencorse.eu\/blog\/les-bergeries-de-radule\/","name":"Les bergeries de Radule - La Corse","isPartOf":{"@id":"https:\/\/www.locationencorse.eu\/blog\/#website"},"datePublished":"2014-03-13T15:59:34+00:00","dateModified":"2021-04-20T20:44:31+00:00","author":{"@id":"https:\/\/www.locationencorse.eu\/blog\/#\/schema\/person\/4aa76a779067073b7500fdabe0a4a51c"},"breadcrumb":{"@id":"https:\/\/www.locationencorse.eu\/blog\/les-bergeries-de-radule\/#breadcrumb"},"inLanguage":"fr-FR","potentialAction":[{"@type":"ReadAction","target":["https:\/\/www.locationencorse.eu\/blog\/les-bergeries-de-radule\/"]}]},{"@type":"BreadcrumbList","@id":"https:\/\/www.locationencorse.eu\/blog\/les-bergeries-de-radule\/#breadcrumb","itemListElement":[{"@type":"ListItem","position":1,"name":"Accueil","item":"https:\/\/www.locationencorse.eu\/blog\/"},{"@type":"ListItem","position":2,"name":"Les bergeries de Radule"}]},{"@type":"WebSite","@id":"https:\/\/www.locationencorse.eu\/blog\/#website","url":"https:\/\/www.locationencorse.eu\/blog\/","name":"La Corse","description":"Vacances en Corse sur \u00cele de beaut\u00e9","potentialAction":[{"@type":"SearchAction","target":{"@type":"EntryPoint","urlTemplate":"https:\/\/www.locationencorse.eu\/blog\/?s={search_term_string}"},"query-input":"required name=search_term_string"}],"inLanguage":"fr-FR"},{"@type":"Person","@id":"https:\/\/www.locationencorse.eu\/blog\/#\/schema\/person\/4aa76a779067073b7500fdabe0a4a51c","name":"Newchallenge","image":{"@type":"ImageObject","inLanguage":"fr-FR","@id":"https:\/\/www.locationencorse.eu\/blog\/#\/schema\/person\/image\/","url":"https:\/\/secure.gravatar.com\/avatar\/ad5f2a69d252f48179a77d3cb09e1fa7?s=96&r=g","contentUrl":"https:\/\/secure.gravatar.com\/avatar\/ad5f2a69d252f48179a77d3cb09e1fa7?s=96&r=g","caption":"Newchallenge"},"sameAs":["http:\/\/www.locationencorse.eu","https:\/\/www.facebook.com\/locationencorse.eu\/"],"url":"https:\/\/www.locationencorse.eu\/blog\/author\/martinenewchallenge-fr\/"}]}},"jetpack_featured_media_url":"","_links":{"self":[{"href":"https:\/\/www.locationencorse.eu\/blog\/wp-json\/wp\/v2\/posts\/2625"}],"collection":[{"href":"https:\/\/www.locationencorse.eu\/blog\/wp-json\/wp\/v2\/posts"}],"about":[{"href":"https:\/\/www.locationencorse.eu\/blog\/wp-json\/wp\/v2\/types\/post"}],"author":[{"embeddable":true,"href":"https:\/\/www.locationencorse.eu\/blog\/wp-json\/wp\/v2\/users\/2"}],"replies":[{"embeddable":true,"href":"https:\/\/www.locationencorse.eu\/blog\/wp-json\/wp\/v2\/comments?post=2625"}],"version-history":[{"count":13,"href":"https:\/\/www.locationencorse.eu\/blog\/wp-json\/wp\/v2\/posts\/2625\/revisions"}],"predecessor-version":[{"id":7929,"href":"https:\/\/www.locationencorse.eu\/blog\/wp-json\/wp\/v2\/posts\/2625\/revisions\/7929"}],"wp:attachment":[{"href":"https:\/\/www.locationencorse.eu\/blog\/wp-json\/wp\/v2\/media?parent=2625"}],"wp:term":[{"taxonomy":"category","embeddable":true,"href":"https:\/\/www.locationencorse.eu\/blog\/wp-json\/wp\/v2\/categories?post=2625"},{"taxonomy":"post_tag","embeddable":true,"href":"https:\/\/www.locationencorse.eu\/blog\/wp-json\/wp\/v2\/tags?post=2625"}],"curies":[{"name":"wp","href":"https:\/\/api.w.org\/{rel}","templated":true}]}}