{"id":220,"date":"2014-01-12T11:01:35","date_gmt":"2014-01-12T10:01:35","guid":{"rendered":"http:\/\/www.locationencorse.eu\/blog\/?p=220"},"modified":"2022-04-27T18:46:47","modified_gmt":"2022-04-27T16:46:47","slug":"calvi-3","status":"publish","type":"post","link":"https:\/\/www.locationencorse.eu\/blog\/calvi-3\/","title":{"rendered":"Calvi"},"content":{"rendered":"<p><strong>Calvi<\/strong> est une petite ville situ\u00e9e au nord de la Corse, elle est la capitale de la Balagne.<\/p>\n<p style=\"text-align: center;\"><a href=\"http:\/\/www.locationencorse.eu\/blog\/wp-content\/uploads\/2014\/01\/calvi.jpg\" target=\"_blank\" rel=\"noopener\" data-rel=\"lightbox-image-0\" data-rl_title=\"\" data-rl_caption=\"\"><img decoding=\"async\" loading=\"lazy\" class=\"aligncenter wp-image-230 size-large\" title=\"\" src=\"http:\/\/www.locationencorse.eu\/blog\/wp-content\/uploads\/2014\/01\/calvi-1024x620.jpg\" alt=\"calvi\" width=\"620\" height=\"375\" srcset=\"https:\/\/www.locationencorse.eu\/blog\/wp-content\/uploads\/2014\/01\/calvi-1024x620.jpg 1024w, https:\/\/www.locationencorse.eu\/blog\/wp-content\/uploads\/2014\/01\/calvi-400x242.jpg 400w, https:\/\/www.locationencorse.eu\/blog\/wp-content\/uploads\/2014\/01\/calvi.jpg 1120w\" sizes=\"(max-width: 620px) 100vw, 620px\" \/><\/a><\/p>\n<p>Petite ville tr\u00e8s touristique, elle profite depuis de nombreuses ann\u00e9es d&rsquo;un tr\u00e8s grand succ\u00e8s et attire toujours plus de visiteurs. Son charme pittoresque avec ses ruelles pav\u00e9es et sa vue litt\u00e9ralement splendide sur la baie depuis les remparts.<\/p>\n<p>Calvi s&rsquo;est aussi le point de d\u00e9part de diverses excursions en mer ou vers les vieux villages perch\u00e9s sur les hauteurs de la cit\u00e9.<\/p>\n<p><strong>La plage <\/strong>: La plus longue plage en Balagne. Baie magnifique, d\u00b4environ&nbsp;7 km avec sable blanc&nbsp;fin. Eau tr\u00e8s peu profonde et ainsi id\u00e9ale pour les enfants. De nombreux restaurants et des baraques de snack. De nombreuses possibilit\u00e9s d\u00b4acc\u00e8s et de stationnement. Location de parasols et de chaises longues mais aussi de Jet-ski, kayaks, windsurfs, catamarans. Les jet setters recherchent souvent un hotel de luxe&nbsp; 4 ou&nbsp; 5 \u00e9toiles en bord de mer avec acc\u00e8s rapide \u00e0 la plage de Calvi<\/p>\n<p>L&rsquo;\u00e9v\u00e8nement annuel, <a href=\"https:\/\/www.hotelacquale.com\" target=\"_blank\" rel=\"noopener\">Calvi on the Rocks<\/a>&nbsp;: Profitez de vos vacances&nbsp;en Corse pour assister \u00e0 ce festival qui s\u2019est impos\u00e9 depuis plusieurs ann\u00e9es comme l\u2019un des \u00e9v\u00e9nements majeurs de la musique \u00e9lectronique et rock dans le sud de la France.<\/p>\n<p>Prenez le petit train, le \u00ab\u00a0<strong>u trinichellu<\/strong>\u00a0\u00bb&nbsp;des plages, pour aller visiter aussi Ile Rousse. Il s&rsquo;arr\u00eate de plage en plage, choisissez entre criques rocheuses et d\u00e9sertes ou plage de sable .L&rsquo;arr\u00eat \u00ab\u00a0Orizonte Novo\u00a0\u00bb donne sur la grande plage de Calvi. Pour vos locations de vacances, r\u00e9sidence et <a href=\"https:\/\/hoteliercorse.com\/hotels-luxe\/\">hotel luxe<\/a> la ville vous offre une large pannel de 0 \u00e0 5 \u00e9toiles.<\/p>\n<p><a href=\"http:\/\/www.locationencorse.eu\/blog\/wp-content\/uploads\/2014\/01\/arr\u00eat-du-u-.jpg\" data-rel=\"lightbox-image-1\" data-rl_title=\"\" data-rl_caption=\"\" title=\"\"><img decoding=\"async\" loading=\"lazy\" class=\"aligncenter size-full wp-image-5599\" src=\"http:\/\/www.locationencorse.eu\/blog\/wp-content\/uploads\/2014\/01\/arr\u00eat-du-u-.jpg\" alt=\"Calvi orizonte Novo \" width=\"800\" height=\"438\" srcset=\"https:\/\/www.locationencorse.eu\/blog\/wp-content\/uploads\/2014\/01\/arr\u00eat-du-u-.jpg 800w, https:\/\/www.locationencorse.eu\/blog\/wp-content\/uploads\/2014\/01\/arr\u00eat-du-u--400x219.jpg 400w, https:\/\/www.locationencorse.eu\/blog\/wp-content\/uploads\/2014\/01\/arr\u00eat-du-u--750x410.jpg 750w\" sizes=\"(max-width: 800px) 100vw, 800px\" \/><\/a><\/p>\n<p><a href=\"http:\/\/www.locationencorse.eu\/blog\/wp-content\/uploads\/2014\/01\/20141118_103311.jpg\" data-rel=\"lightbox-image-2\" data-rl_title=\"\" data-rl_caption=\"\" title=\"\"><img decoding=\"async\" loading=\"lazy\" class=\"aligncenter size-full wp-image-5601\" src=\"http:\/\/www.locationencorse.eu\/blog\/wp-content\/uploads\/2014\/01\/20141118_103311.jpg\" alt=\" u trinichellu - plage de Calvi\" width=\"800\" height=\"445\" srcset=\"https:\/\/www.locationencorse.eu\/blog\/wp-content\/uploads\/2014\/01\/20141118_103311.jpg 800w, https:\/\/www.locationencorse.eu\/blog\/wp-content\/uploads\/2014\/01\/20141118_103311-400x222.jpg 400w, https:\/\/www.locationencorse.eu\/blog\/wp-content\/uploads\/2014\/01\/20141118_103311-750x417.jpg 750w\" sizes=\"(max-width: 800px) 100vw, 800px\" \/><\/a>Quelques photos de la ville en Automne.<\/p>\n<div id='gallery-1' class='gallery galleryid-220 gallery-columns-4 gallery-size-thumbnail'><dl class='gallery-item'>\n\t\t\t<dt class='gallery-icon landscape'>\n\t\t\t\t<a href='https:\/\/www.locationencorse.eu\/blog\/wp-content\/uploads\/2014\/01\/20141118_102214.jpg' title=\"\" data-rl_title=\"\" class=\"rl-gallery-link\" data-rl_caption=\"\" data-rel=\"lightbox-gallery-1\"><img width=\"150\" height=\"150\" src=\"https:\/\/www.locationencorse.eu\/blog\/wp-content\/uploads\/2014\/01\/20141118_102214-150x150.jpg\" class=\"attachment-thumbnail size-thumbnail\" alt=\"\" decoding=\"async\" aria-describedby=\"gallery-1-5605\" loading=\"lazy\" \/><\/a>\n\t\t\t<\/dt>\n\t\t\t\t<dd class='wp-caption-text gallery-caption' id='gallery-1-5605'>\n\t\t\t\ten automne\n\t\t\t\t<\/dd><\/dl><dl class='gallery-item'>\n\t\t\t<dt class='gallery-icon landscape'>\n\t\t\t\t<a href='https:\/\/www.locationencorse.eu\/blog\/wp-content\/uploads\/2014\/01\/20141118_103446.jpg' title=\"\" data-rl_title=\"\" class=\"rl-gallery-link\" data-rl_caption=\"\" data-rel=\"lightbox-gallery-1\"><img width=\"150\" height=\"150\" src=\"https:\/\/www.locationencorse.eu\/blog\/wp-content\/uploads\/2014\/01\/20141118_103446-150x150.jpg\" class=\"attachment-thumbnail size-thumbnail\" alt=\"\" decoding=\"async\" aria-describedby=\"gallery-1-5606\" loading=\"lazy\" \/><\/a>\n\t\t\t<\/dt>\n\t\t\t\t<dd class='wp-caption-text gallery-caption' id='gallery-1-5606'>\n\t\t\t\tVue de la plage\n\t\t\t\t<\/dd><\/dl><dl class='gallery-item'>\n\t\t\t<dt class='gallery-icon landscape'>\n\t\t\t\t<a href='https:\/\/www.locationencorse.eu\/blog\/wp-content\/uploads\/2014\/01\/20141118_104324.jpg' title=\"\" data-rl_title=\"\" class=\"rl-gallery-link\" data-rl_caption=\"\" data-rel=\"lightbox-gallery-1\"><img width=\"150\" height=\"150\" src=\"https:\/\/www.locationencorse.eu\/blog\/wp-content\/uploads\/2014\/01\/20141118_104324-150x150.jpg\" class=\"attachment-thumbnail size-thumbnail\" alt=\"\" decoding=\"async\" aria-describedby=\"gallery-1-5607\" loading=\"lazy\" \/><\/a>\n\t\t\t<\/dt>\n\t\t\t\t<dd class='wp-caption-text gallery-caption' id='gallery-1-5607'>\n\t\t\t\tle port\n\t\t\t\t<\/dd><\/dl><dl class='gallery-item'>\n\t\t\t<dt class='gallery-icon landscape'>\n\t\t\t\t<a href='https:\/\/www.locationencorse.eu\/blog\/wp-content\/uploads\/2014\/01\/20141118_104414.jpg' title=\"\" data-rl_title=\"\" class=\"rl-gallery-link\" data-rl_caption=\"\" data-rel=\"lightbox-gallery-1\"><img width=\"150\" height=\"150\" src=\"https:\/\/www.locationencorse.eu\/blog\/wp-content\/uploads\/2014\/01\/20141118_104414-150x150.jpg\" class=\"attachment-thumbnail size-thumbnail\" alt=\"\" decoding=\"async\" aria-describedby=\"gallery-1-5608\" loading=\"lazy\" \/><\/a>\n\t\t\t<\/dt>\n\t\t\t\t<dd class='wp-caption-text gallery-caption' id='gallery-1-5608'>\n\t\t\t\tCalvi et la citadelle\n\t\t\t\t<\/dd><\/dl><br style=\"clear: both\" \/><dl class='gallery-item'>\n\t\t\t<dt class='gallery-icon landscape'>\n\t\t\t\t<a href='https:\/\/www.locationencorse.eu\/blog\/wp-content\/uploads\/2014\/01\/20141118_105107.jpg' title=\"\" data-rl_title=\"\" class=\"rl-gallery-link\" data-rl_caption=\"\" data-rel=\"lightbox-gallery-1\"><img width=\"150\" height=\"150\" src=\"https:\/\/www.locationencorse.eu\/blog\/wp-content\/uploads\/2014\/01\/20141118_105107-150x150.jpg\" class=\"attachment-thumbnail size-thumbnail\" alt=\"\" decoding=\"async\" aria-describedby=\"gallery-1-5609\" loading=\"lazy\" \/><\/a>\n\t\t\t<\/dt>\n\t\t\t\t<dd class='wp-caption-text gallery-caption' id='gallery-1-5609'>\n\t\t\t\tla citadelle de calvi\n\t\t\t\t<\/dd><\/dl><dl class='gallery-item'>\n\t\t\t<dt class='gallery-icon landscape'>\n\t\t\t\t<a href='https:\/\/www.locationencorse.eu\/blog\/wp-content\/uploads\/2014\/01\/20141118_105411.jpg' title=\"\" data-rl_title=\"\" class=\"rl-gallery-link\" data-rl_caption=\"\" data-rel=\"lightbox-gallery-1\"><img width=\"150\" height=\"150\" src=\"https:\/\/www.locationencorse.eu\/blog\/wp-content\/uploads\/2014\/01\/20141118_105411-150x150.jpg\" class=\"attachment-thumbnail size-thumbnail\" alt=\"\" decoding=\"async\" aria-describedby=\"gallery-1-5610\" loading=\"lazy\" \/><\/a>\n\t\t\t<\/dt>\n\t\t\t\t<dd class='wp-caption-text gallery-caption' id='gallery-1-5610'>\n\t\t\t\tmaisons typiques calvaises\n\t\t\t\t<\/dd><\/dl><dl class='gallery-item'>\n\t\t\t<dt class='gallery-icon landscape'>\n\t\t\t\t<a href='https:\/\/www.locationencorse.eu\/blog\/wp-content\/uploads\/2014\/01\/20141118_105708.jpg' title=\"\" data-rl_title=\"\" class=\"rl-gallery-link\" data-rl_caption=\"\" data-rel=\"lightbox-gallery-1\"><img width=\"150\" height=\"150\" src=\"https:\/\/www.locationencorse.eu\/blog\/wp-content\/uploads\/2014\/01\/20141118_105708-150x150.jpg\" class=\"attachment-thumbnail size-thumbnail\" alt=\"\" decoding=\"async\" aria-describedby=\"gallery-1-5611\" loading=\"lazy\" \/><\/a>\n\t\t\t<\/dt>\n\t\t\t\t<dd class='wp-caption-text gallery-caption' id='gallery-1-5611'>\n\t\t\t\tmaison bleue a calvaise\n\t\t\t\t<\/dd><\/dl>\n\t\t\t<br style='clear: both' \/>\n\t\t<\/div>\n\n<!-- AddThis Advanced Settings generic via filter on the_content --><!-- AddThis Share Buttons generic via filter on the_content -->","protected":false},"excerpt":{"rendered":"<p>Calvi est une petite ville situ\u00e9e au nord de la Corse, elle est la capitale de la Balagne. Petite ville tr\u00e8s touristique, elle profite depuis de nombreuses ann\u00e9es d&rsquo;un tr\u00e8s grand succ\u00e8s et attire toujours plus de visiteurs. Son charme &hellip; <a href=\"https:\/\/www.locationencorse.eu\/blog\/calvi-3\/\">Continuer la lecture <span class=\"meta-nav\">&rarr;<\/span><\/a><!-- AddThis Advanced Settings generic via filter on get_the_excerpt --><!-- AddThis Share Buttons generic via filter on get_the_excerpt --><\/p>\n","protected":false},"author":2,"featured_media":0,"comment_status":"open","ping_status":"open","sticky":false,"template":"","format":"standard","meta":{"_mi_skip_tracking":false,"_monsterinsights_sitenote_active":false,"_monsterinsights_sitenote_note":"","_monsterinsights_sitenote_category":0,"ngg_post_thumbnail":0,"footnotes":""},"categories":[176,8],"tags":[11,4,24],"yoast_head":"<!-- This site is optimized with the Yoast SEO plugin v21.1 - https:\/\/yoast.com\/wordpress\/plugins\/seo\/ -->\n<title>Calvi vos vacances en Corse avec un annuaire de location de vacances<\/title>\n<meta name=\"description\" content=\"Des vacances en \u00e0 Calvi Corse en vue? n\u2019h\u00e9sitez pas \u00e0 consulter les annuaires internet de location de vacances qui vous donneront des informations.\" \/>\n<meta name=\"robots\" content=\"index, follow, max-snippet:-1, max-image-preview:large, max-video-preview:-1\" \/>\n<link rel=\"canonical\" href=\"https:\/\/www.locationencorse.eu\/blog\/calvi-3\/\" \/>\n<meta property=\"og:locale\" content=\"fr_FR\" \/>\n<meta property=\"og:type\" content=\"article\" \/>\n<meta property=\"og:title\" content=\"Calvi vos vacances en Corse avec un annuaire de location de vacances\" \/>\n<meta property=\"og:description\" content=\"Des vacances en \u00e0 Calvi Corse en vue? n\u2019h\u00e9sitez pas \u00e0 consulter les annuaires internet de location de vacances qui vous donneront des informations.\" \/>\n<meta property=\"og:url\" content=\"https:\/\/www.locationencorse.eu\/blog\/calvi-3\/\" \/>\n<meta property=\"og:site_name\" content=\"La Corse\" \/>\n<meta property=\"article:author\" content=\"https:\/\/www.facebook.com\/locationencorse.eu\/\" \/>\n<meta property=\"article:published_time\" content=\"2014-01-12T10:01:35+00:00\" \/>\n<meta property=\"article:modified_time\" content=\"2022-04-27T16:46:47+00:00\" \/>\n<meta property=\"og:image\" content=\"https:\/\/www.locationencorse.eu\/blog\/wp-content\/uploads\/2014\/01\/20141118_102214-150x150.jpg\" \/>\n<meta name=\"author\" content=\"Newchallenge\" \/>\n<meta name=\"twitter:label1\" content=\"\u00c9crit par\" \/>\n\t<meta name=\"twitter:data1\" content=\"Newchallenge\" \/>\n\t<meta name=\"twitter:label2\" content=\"Dur\u00e9e de lecture estim\u00e9e\" \/>\n\t<meta name=\"twitter:data2\" content=\"1 minute\" \/>\n<script type=\"application\/ld+json\" class=\"yoast-schema-graph\">{\"@context\":\"https:\/\/schema.org\",\"@graph\":[{\"@type\":\"WebPage\",\"@id\":\"https:\/\/www.locationencorse.eu\/blog\/calvi-3\/\",\"url\":\"https:\/\/www.locationencorse.eu\/blog\/calvi-3\/\",\"name\":\"Calvi vos vacances en Corse avec un annuaire de location de vacances\",\"isPartOf\":{\"@id\":\"https:\/\/www.locationencorse.eu\/blog\/#website\"},\"datePublished\":\"2014-01-12T10:01:35+00:00\",\"dateModified\":\"2022-04-27T16:46:47+00:00\",\"author\":{\"@id\":\"https:\/\/www.locationencorse.eu\/blog\/#\/schema\/person\/4aa76a779067073b7500fdabe0a4a51c\"},\"description\":\"Des vacances en \u00e0 Calvi Corse en vue? n\u2019h\u00e9sitez pas \u00e0 consulter les annuaires internet de location de vacances qui vous donneront des informations.\",\"breadcrumb\":{\"@id\":\"https:\/\/www.locationencorse.eu\/blog\/calvi-3\/#breadcrumb\"},\"inLanguage\":\"fr-FR\",\"potentialAction\":[{\"@type\":\"ReadAction\",\"target\":[\"https:\/\/www.locationencorse.eu\/blog\/calvi-3\/\"]}]},{\"@type\":\"BreadcrumbList\",\"@id\":\"https:\/\/www.locationencorse.eu\/blog\/calvi-3\/#breadcrumb\",\"itemListElement\":[{\"@type\":\"ListItem\",\"position\":1,\"name\":\"Accueil\",\"item\":\"https:\/\/www.locationencorse.eu\/blog\/\"},{\"@type\":\"ListItem\",\"position\":2,\"name\":\"Calvi\"}]},{\"@type\":\"WebSite\",\"@id\":\"https:\/\/www.locationencorse.eu\/blog\/#website\",\"url\":\"https:\/\/www.locationencorse.eu\/blog\/\",\"name\":\"La Corse\",\"description\":\"Vacances en Corse sur \u00cele de beaut\u00e9\",\"potentialAction\":[{\"@type\":\"SearchAction\",\"target\":{\"@type\":\"EntryPoint\",\"urlTemplate\":\"https:\/\/www.locationencorse.eu\/blog\/?s={search_term_string}\"},\"query-input\":\"required name=search_term_string\"}],\"inLanguage\":\"fr-FR\"},{\"@type\":\"Person\",\"@id\":\"https:\/\/www.locationencorse.eu\/blog\/#\/schema\/person\/4aa76a779067073b7500fdabe0a4a51c\",\"name\":\"Newchallenge\",\"image\":{\"@type\":\"ImageObject\",\"inLanguage\":\"fr-FR\",\"@id\":\"https:\/\/www.locationencorse.eu\/blog\/#\/schema\/person\/image\/\",\"url\":\"https:\/\/secure.gravatar.com\/avatar\/ad5f2a69d252f48179a77d3cb09e1fa7?s=96&r=g\",\"contentUrl\":\"https:\/\/secure.gravatar.com\/avatar\/ad5f2a69d252f48179a77d3cb09e1fa7?s=96&r=g\",\"caption\":\"Newchallenge\"},\"sameAs\":[\"http:\/\/www.locationencorse.eu\",\"https:\/\/www.facebook.com\/locationencorse.eu\/\"],\"url\":\"https:\/\/www.locationencorse.eu\/blog\/author\/martinenewchallenge-fr\/\"}]}<\/script>\n<!-- \/ Yoast SEO plugin. -->","yoast_head_json":{"title":"Calvi vos vacances en Corse avec un annuaire de location de vacances","description":"Des vacances en \u00e0 Calvi Corse en vue? n\u2019h\u00e9sitez pas \u00e0 consulter les annuaires internet de location de vacances qui vous donneront des informations.","robots":{"index":"index","follow":"follow","max-snippet":"max-snippet:-1","max-image-preview":"max-image-preview:large","max-video-preview":"max-video-preview:-1"},"canonical":"https:\/\/www.locationencorse.eu\/blog\/calvi-3\/","og_locale":"fr_FR","og_type":"article","og_title":"Calvi vos vacances en Corse avec un annuaire de location de vacances","og_description":"Des vacances en \u00e0 Calvi Corse en vue? n\u2019h\u00e9sitez pas \u00e0 consulter les annuaires internet de location de vacances qui vous donneront des informations.","og_url":"https:\/\/www.locationencorse.eu\/blog\/calvi-3\/","og_site_name":"La Corse","article_author":"https:\/\/www.facebook.com\/locationencorse.eu\/","article_published_time":"2014-01-12T10:01:35+00:00","article_modified_time":"2022-04-27T16:46:47+00:00","og_image":[{"url":"https:\/\/www.locationencorse.eu\/blog\/wp-content\/uploads\/2014\/01\/20141118_102214-150x150.jpg"}],"author":"Newchallenge","twitter_misc":{"\u00c9crit par":"Newchallenge","Dur\u00e9e de lecture estim\u00e9e":"1 minute"},"schema":{"@context":"https:\/\/schema.org","@graph":[{"@type":"WebPage","@id":"https:\/\/www.locationencorse.eu\/blog\/calvi-3\/","url":"https:\/\/www.locationencorse.eu\/blog\/calvi-3\/","name":"Calvi vos vacances en Corse avec un annuaire de location de vacances","isPartOf":{"@id":"https:\/\/www.locationencorse.eu\/blog\/#website"},"datePublished":"2014-01-12T10:01:35+00:00","dateModified":"2022-04-27T16:46:47+00:00","author":{"@id":"https:\/\/www.locationencorse.eu\/blog\/#\/schema\/person\/4aa76a779067073b7500fdabe0a4a51c"},"description":"Des vacances en \u00e0 Calvi Corse en vue? n\u2019h\u00e9sitez pas \u00e0 consulter les annuaires internet de location de vacances qui vous donneront des informations.","breadcrumb":{"@id":"https:\/\/www.locationencorse.eu\/blog\/calvi-3\/#breadcrumb"},"inLanguage":"fr-FR","potentialAction":[{"@type":"ReadAction","target":["https:\/\/www.locationencorse.eu\/blog\/calvi-3\/"]}]},{"@type":"BreadcrumbList","@id":"https:\/\/www.locationencorse.eu\/blog\/calvi-3\/#breadcrumb","itemListElement":[{"@type":"ListItem","position":1,"name":"Accueil","item":"https:\/\/www.locationencorse.eu\/blog\/"},{"@type":"ListItem","position":2,"name":"Calvi"}]},{"@type":"WebSite","@id":"https:\/\/www.locationencorse.eu\/blog\/#website","url":"https:\/\/www.locationencorse.eu\/blog\/","name":"La Corse","description":"Vacances en Corse sur \u00cele de beaut\u00e9","potentialAction":[{"@type":"SearchAction","target":{"@type":"EntryPoint","urlTemplate":"https:\/\/www.locationencorse.eu\/blog\/?s={search_term_string}"},"query-input":"required name=search_term_string"}],"inLanguage":"fr-FR"},{"@type":"Person","@id":"https:\/\/www.locationencorse.eu\/blog\/#\/schema\/person\/4aa76a779067073b7500fdabe0a4a51c","name":"Newchallenge","image":{"@type":"ImageObject","inLanguage":"fr-FR","@id":"https:\/\/www.locationencorse.eu\/blog\/#\/schema\/person\/image\/","url":"https:\/\/secure.gravatar.com\/avatar\/ad5f2a69d252f48179a77d3cb09e1fa7?s=96&r=g","contentUrl":"https:\/\/secure.gravatar.com\/avatar\/ad5f2a69d252f48179a77d3cb09e1fa7?s=96&r=g","caption":"Newchallenge"},"sameAs":["http:\/\/www.locationencorse.eu","https:\/\/www.facebook.com\/locationencorse.eu\/"],"url":"https:\/\/www.locationencorse.eu\/blog\/author\/martinenewchallenge-fr\/"}]}},"jetpack_featured_media_url":"","_links":{"self":[{"href":"https:\/\/www.locationencorse.eu\/blog\/wp-json\/wp\/v2\/posts\/220"}],"collection":[{"href":"https:\/\/www.locationencorse.eu\/blog\/wp-json\/wp\/v2\/posts"}],"about":[{"href":"https:\/\/www.locationencorse.eu\/blog\/wp-json\/wp\/v2\/types\/post"}],"author":[{"embeddable":true,"href":"https:\/\/www.locationencorse.eu\/blog\/wp-json\/wp\/v2\/users\/2"}],"replies":[{"embeddable":true,"href":"https:\/\/www.locationencorse.eu\/blog\/wp-json\/wp\/v2\/comments?post=220"}],"version-history":[{"count":34,"href":"https:\/\/www.locationencorse.eu\/blog\/wp-json\/wp\/v2\/posts\/220\/revisions"}],"predecessor-version":[{"id":8098,"href":"https:\/\/www.locationencorse.eu\/blog\/wp-json\/wp\/v2\/posts\/220\/revisions\/8098"}],"wp:attachment":[{"href":"https:\/\/www.locationencorse.eu\/blog\/wp-json\/wp\/v2\/media?parent=220"}],"wp:term":[{"taxonomy":"category","embeddable":true,"href":"https:\/\/www.locationencorse.eu\/blog\/wp-json\/wp\/v2\/categories?post=220"},{"taxonomy":"post_tag","embeddable":true,"href":"https:\/\/www.locationencorse.eu\/blog\/wp-json\/wp\/v2\/tags?post=220"}],"curies":[{"name":"wp","href":"https:\/\/api.w.org\/{rel}","templated":true}]}}