{"id":2167,"date":"2014-03-02T07:31:03","date_gmt":"2014-03-02T06:31:03","guid":{"rendered":"http:\/\/www.locationencorse.eu\/blog\/?p=2167"},"modified":"2014-03-16T07:51:21","modified_gmt":"2014-03-16T06:51:21","slug":"erbalunga-la-cerca","status":"publish","type":"post","link":"https:\/\/www.locationencorse.eu\/blog\/erbalunga-la-cerca\/","title":{"rendered":"Erbalunga : la \u00ab\u00a0Cerca\u00a0\u00bb"},"content":{"rendered":"<p><strong><span style=\"color: #ff6600;\">Erbalunga : la \u00ab\u00a0Cerca\u00a0\u00bb<\/span><\/strong><\/p>\n<p>Erbalunga, petite marine aux charmes pittoresques, c&rsquo;est le village le plus peint par les artistes. Au point ou on l&rsquo;appelle le \u00ab\u00a0nid aux peintres\u00a0\u00bb, avec sa tour s\u00e9culaire et ses ruelles tranquilles, veillant sur le petit port. (photo \u00a0de\u00a0l&rsquo;artiste <a title=\"peinture erbalunga\" href=\"http:\/\/www.galerie-com.com\/oeuvre\/cap-corse-erbalunga\/10070\/\" target=\"_blank\">anghju<\/a>)<\/p>\n<p><a href=\"http:\/\/www.locationencorse.eu\/blog\/wp-content\/uploads\/2014\/03\/erbalunga.jpg\" data-rel=\"lightbox-image-0\" data-rl_title=\"\" data-rl_caption=\"\" title=\"\"><img decoding=\"async\" loading=\"lazy\" class=\"aligncenter size-full wp-image-2175\" alt=\"erbalunga\" src=\"http:\/\/www.locationencorse.eu\/blog\/wp-content\/uploads\/2014\/03\/erbalunga.jpg\" width=\"650\" height=\"487\" srcset=\"https:\/\/www.locationencorse.eu\/blog\/wp-content\/uploads\/2014\/03\/erbalunga.jpg 650w, https:\/\/www.locationencorse.eu\/blog\/wp-content\/uploads\/2014\/03\/erbalunga-400x299.jpg 400w\" sizes=\"(max-width: 650px) 100vw, 650px\" \/><\/a><\/p>\n<p>Il semblerait que le peuple de cette \u00eele, vive une foi qui diff\u00e8re sensiblement de ce que l\u2019on peut observer en Europe. Cela fait des ann\u00e9es que l\u2019on ne voit plus en France continentale des foules descendre dans la rue, \u00e9v\u00eaque en t\u00eate pour faire d\u00e9votion \u00e0 la m\u00e8re du seigneur, comme c\u2019est le cas encore en Corse. Les Corses ont su pr\u00e9server une certaine qualit\u00e9 de vie spirituelle. En t\u00eate des manifestations classiques de la semaine Sainte, apparaissent\u00a0 les membres de la confr\u00e9rie. Celles-ci ont \u00e9t\u00e9 de tout temps l\u2019instrument de la transmission de la foi parfaitement adapt\u00e9 \u00e0 la mentalit\u00e9 Corse. Au temps Pascal, des rassemblements importants ont lieu \u00e0 travers toute l\u2019\u00eele.<\/p>\n<p>La \u00ab\u00a0<strong>Cerca<\/strong>\u00a0\u00bb est l\u2019une de ces processions. A partir d\u2019Erbalunga, le cort\u00e8ge parcourt plus de huit kilom\u00e8tres \u00e0 pied dans la montagne, avec des haltes dans\u00a0 toutes les chapelles de la commune, avant de revenir \u00e0 l\u2019\u00e9glise de ce petit village du cap Corse. A la m\u00eame heure, dans la m\u00eame, la confr\u00e9rie de Figarella entre dans l\u2019\u00e9glise de san Martino di Lota, \u00a0A genoux\u00a0!!on chante ici un air liturgique tr\u00e8s aust\u00e8re venu du fond des \u00e2ges, et dont chaque g\u00e9n\u00e9ration h\u00e9rite fid\u00e8lement la m\u00e9lodie sans rien y changer. L\u2019usage veut que le clerg\u00e9 ne participe pas \u00e0 certaine de ces manifestations, ou les membres des confr\u00e9ries chantent et prient en latin.<\/p>\n<p>Le jeudi soir commence la procession qui s\u2019ach\u00e8ve au <strong>Couvent des B\u00e9n\u00e9dictines<\/strong>. Le lendemain, pour le vendredi saint, les quatre confr\u00e9ries de la commune de Brando (Erbalunga, Castello, Poretto et Pozzo) vont se mettre en route d\u00e8s l\u2019aube pour entamer la \u00ab\u00a0Cerca\u00a0\u00bb. ils se rendront dans les onze autres \u00e9glises et chapelles de Brando.<\/p>\n<p><a href=\"http:\/\/www.locationencorse.eu\/blog\/wp-content\/uploads\/2014\/03\/COUVENT.jpg\" data-rel=\"lightbox-image-1\" data-rl_title=\"\" data-rl_caption=\"\" title=\"\"><img decoding=\"async\" loading=\"lazy\" class=\"aligncenter size-large wp-image-2170\" alt=\"COUVENT\" src=\"http:\/\/www.locationencorse.eu\/blog\/wp-content\/uploads\/2014\/03\/COUVENT-800x400.jpg\" width=\"620\" height=\"310\" srcset=\"https:\/\/www.locationencorse.eu\/blog\/wp-content\/uploads\/2014\/03\/COUVENT-800x400.jpg 800w, https:\/\/www.locationencorse.eu\/blog\/wp-content\/uploads\/2014\/03\/COUVENT-400x200.jpg 400w, https:\/\/www.locationencorse.eu\/blog\/wp-content\/uploads\/2014\/03\/COUVENT.jpg 1028w\" sizes=\"(max-width: 620px) 100vw, 620px\" \/><\/a><\/p>\n<p><a href=\"http:\/\/www.locationencorse.eu\/blog\/wp-content\/uploads\/2014\/03\/erbalunga1.jpg\" data-rel=\"lightbox-image-2\" data-rl_title=\"\" data-rl_caption=\"\" title=\"\"><img decoding=\"async\" loading=\"lazy\" class=\"aligncenter size-large wp-image-2786\" alt=\"erbalunga\" src=\"http:\/\/www.locationencorse.eu\/blog\/wp-content\/uploads\/2014\/03\/erbalunga1-750x400.jpg\" width=\"620\" height=\"330\" srcset=\"https:\/\/www.locationencorse.eu\/blog\/wp-content\/uploads\/2014\/03\/erbalunga1-750x400.jpg 750w, https:\/\/www.locationencorse.eu\/blog\/wp-content\/uploads\/2014\/03\/erbalunga1-400x213.jpg 400w, https:\/\/www.locationencorse.eu\/blog\/wp-content\/uploads\/2014\/03\/erbalunga1.jpg 1200w\" sizes=\"(max-width: 620px) 100vw, 620px\" \/><\/a><\/p>\n<p><span style=\"color: #003300;\">Autre personnage traditionnel de la soci\u00e9t\u00e9 corse, le <a title=\"F\u00eate religieuse du Vendredi Saint \u00e0 Sart\u00e8ne\" href=\"http:\/\/www.locationencorse.eu\/blog\/fete-religieuse-du-vendredi-saint-a-sartene\/\">Catenacciu\u00a0<\/a><\/span><\/p>\n<p style=\"text-align: center;\"><iframe loading=\"lazy\" src=\"https:\/\/www.google.com\/maps\/embed?pb=!1m29!1m12!1m3!1d93746.23675909915!2d9.424681511982703!3d42.75515121225248!2m3!1f0!2f0!3f0!3m2!1i1024!2i768!4f13.1!4m14!1i0!3e0!4m5!1s0x12d72403b09b0971%3A0x10d63958a78a2b9d!2sBastia!3m2!1d42.697283!2d9.450880999999999!4m5!1s0x12d720a371f5f759%3A0xa0819a891fba5b0!2sErbalunga%2C+20222+Brando!3m2!1d42.774716!2d9.474549999999999!5e0!3m2!1sfr!2sfr!4v1394945434468\" width=\"600\" height=\"450\" frameborder=\"0\" style=\"border:0\"><\/iframe><\/p>\n<p>&nbsp;<\/p>\n<!-- AddThis Advanced Settings generic via filter on the_content --><!-- AddThis Share Buttons generic via filter on the_content -->","protected":false},"excerpt":{"rendered":"<p>Erbalunga : la \u00ab\u00a0Cerca\u00a0\u00bb Erbalunga, petite marine aux charmes pittoresques, c&rsquo;est le village le plus peint par les artistes. Au point ou on l&rsquo;appelle le \u00ab\u00a0nid aux peintres\u00a0\u00bb, avec sa tour s\u00e9culaire et ses ruelles tranquilles, veillant sur le petit &hellip; <a href=\"https:\/\/www.locationencorse.eu\/blog\/erbalunga-la-cerca\/\">Continuer la lecture <span class=\"meta-nav\">&rarr;<\/span><\/a><!-- AddThis Advanced Settings generic via filter on get_the_excerpt --><!-- AddThis Share Buttons generic via filter on get_the_excerpt --><\/p>\n","protected":false},"author":2,"featured_media":0,"comment_status":"closed","ping_status":"open","sticky":false,"template":"","format":"standard","meta":{"_mi_skip_tracking":false,"_monsterinsights_sitenote_active":false,"_monsterinsights_sitenote_note":"","_monsterinsights_sitenote_category":0,"ngg_post_thumbnail":0,"footnotes":""},"categories":[157,177,8,162],"tags":[14,195,121],"yoast_head":"<!-- This site is optimized with the Yoast SEO plugin v21.1 - https:\/\/yoast.com\/wordpress\/plugins\/seo\/ -->\n<title>Erbalunga : la &quot;Cerca&quot; - La Corse<\/title>\n<meta name=\"robots\" content=\"index, follow, max-snippet:-1, max-image-preview:large, max-video-preview:-1\" \/>\n<link rel=\"canonical\" href=\"https:\/\/www.locationencorse.eu\/blog\/erbalunga-la-cerca\/\" \/>\n<meta property=\"og:locale\" content=\"fr_FR\" \/>\n<meta property=\"og:type\" content=\"article\" \/>\n<meta property=\"og:title\" content=\"Erbalunga : la &quot;Cerca&quot; - La Corse\" \/>\n<meta property=\"og:description\" content=\"Erbalunga : la \u00ab\u00a0Cerca\u00a0\u00bb Erbalunga, petite marine aux charmes pittoresques, c&rsquo;est le village le plus peint par les artistes. Au point ou on l&rsquo;appelle le \u00ab\u00a0nid aux peintres\u00a0\u00bb, avec sa tour s\u00e9culaire et ses ruelles tranquilles, veillant sur le petit &hellip; Continuer la lecture &rarr;\" \/>\n<meta property=\"og:url\" content=\"https:\/\/www.locationencorse.eu\/blog\/erbalunga-la-cerca\/\" \/>\n<meta property=\"og:site_name\" content=\"La Corse\" \/>\n<meta property=\"article:author\" content=\"https:\/\/www.facebook.com\/locationencorse.eu\/\" \/>\n<meta property=\"article:published_time\" content=\"2014-03-02T06:31:03+00:00\" \/>\n<meta property=\"article:modified_time\" content=\"2014-03-16T06:51:21+00:00\" \/>\n<meta property=\"og:image\" content=\"http:\/\/www.locationencorse.eu\/blog\/wp-content\/uploads\/2014\/03\/erbalunga.jpg\" \/>\n<meta name=\"author\" content=\"Newchallenge\" \/>\n<meta name=\"twitter:label1\" content=\"\u00c9crit par\" \/>\n\t<meta name=\"twitter:data1\" content=\"Newchallenge\" \/>\n\t<meta name=\"twitter:label2\" content=\"Dur\u00e9e de lecture estim\u00e9e\" \/>\n\t<meta name=\"twitter:data2\" content=\"2 minutes\" \/>\n<script type=\"application\/ld+json\" class=\"yoast-schema-graph\">{\"@context\":\"https:\/\/schema.org\",\"@graph\":[{\"@type\":\"WebPage\",\"@id\":\"https:\/\/www.locationencorse.eu\/blog\/erbalunga-la-cerca\/\",\"url\":\"https:\/\/www.locationencorse.eu\/blog\/erbalunga-la-cerca\/\",\"name\":\"Erbalunga : la \\\"Cerca\\\" - La Corse\",\"isPartOf\":{\"@id\":\"https:\/\/www.locationencorse.eu\/blog\/#website\"},\"datePublished\":\"2014-03-02T06:31:03+00:00\",\"dateModified\":\"2014-03-16T06:51:21+00:00\",\"author\":{\"@id\":\"https:\/\/www.locationencorse.eu\/blog\/#\/schema\/person\/4aa76a779067073b7500fdabe0a4a51c\"},\"breadcrumb\":{\"@id\":\"https:\/\/www.locationencorse.eu\/blog\/erbalunga-la-cerca\/#breadcrumb\"},\"inLanguage\":\"fr-FR\",\"potentialAction\":[{\"@type\":\"ReadAction\",\"target\":[\"https:\/\/www.locationencorse.eu\/blog\/erbalunga-la-cerca\/\"]}]},{\"@type\":\"BreadcrumbList\",\"@id\":\"https:\/\/www.locationencorse.eu\/blog\/erbalunga-la-cerca\/#breadcrumb\",\"itemListElement\":[{\"@type\":\"ListItem\",\"position\":1,\"name\":\"Accueil\",\"item\":\"https:\/\/www.locationencorse.eu\/blog\/\"},{\"@type\":\"ListItem\",\"position\":2,\"name\":\"Erbalunga : la \u00ab\u00a0Cerca\u00a0\u00bb\"}]},{\"@type\":\"WebSite\",\"@id\":\"https:\/\/www.locationencorse.eu\/blog\/#website\",\"url\":\"https:\/\/www.locationencorse.eu\/blog\/\",\"name\":\"La Corse\",\"description\":\"Vacances en Corse sur \u00cele de beaut\u00e9\",\"potentialAction\":[{\"@type\":\"SearchAction\",\"target\":{\"@type\":\"EntryPoint\",\"urlTemplate\":\"https:\/\/www.locationencorse.eu\/blog\/?s={search_term_string}\"},\"query-input\":\"required name=search_term_string\"}],\"inLanguage\":\"fr-FR\"},{\"@type\":\"Person\",\"@id\":\"https:\/\/www.locationencorse.eu\/blog\/#\/schema\/person\/4aa76a779067073b7500fdabe0a4a51c\",\"name\":\"Newchallenge\",\"image\":{\"@type\":\"ImageObject\",\"inLanguage\":\"fr-FR\",\"@id\":\"https:\/\/www.locationencorse.eu\/blog\/#\/schema\/person\/image\/\",\"url\":\"https:\/\/secure.gravatar.com\/avatar\/ad5f2a69d252f48179a77d3cb09e1fa7?s=96&r=g\",\"contentUrl\":\"https:\/\/secure.gravatar.com\/avatar\/ad5f2a69d252f48179a77d3cb09e1fa7?s=96&r=g\",\"caption\":\"Newchallenge\"},\"sameAs\":[\"http:\/\/www.locationencorse.eu\",\"https:\/\/www.facebook.com\/locationencorse.eu\/\"],\"url\":\"https:\/\/www.locationencorse.eu\/blog\/author\/martinenewchallenge-fr\/\"}]}<\/script>\n<!-- \/ Yoast SEO plugin. -->","yoast_head_json":{"title":"Erbalunga : la \"Cerca\" - La Corse","robots":{"index":"index","follow":"follow","max-snippet":"max-snippet:-1","max-image-preview":"max-image-preview:large","max-video-preview":"max-video-preview:-1"},"canonical":"https:\/\/www.locationencorse.eu\/blog\/erbalunga-la-cerca\/","og_locale":"fr_FR","og_type":"article","og_title":"Erbalunga : la \"Cerca\" - La Corse","og_description":"Erbalunga : la \u00ab\u00a0Cerca\u00a0\u00bb Erbalunga, petite marine aux charmes pittoresques, c&rsquo;est le village le plus peint par les artistes. Au point ou on l&rsquo;appelle le \u00ab\u00a0nid aux peintres\u00a0\u00bb, avec sa tour s\u00e9culaire et ses ruelles tranquilles, veillant sur le petit &hellip; Continuer la lecture &rarr;","og_url":"https:\/\/www.locationencorse.eu\/blog\/erbalunga-la-cerca\/","og_site_name":"La Corse","article_author":"https:\/\/www.facebook.com\/locationencorse.eu\/","article_published_time":"2014-03-02T06:31:03+00:00","article_modified_time":"2014-03-16T06:51:21+00:00","og_image":[{"url":"http:\/\/www.locationencorse.eu\/blog\/wp-content\/uploads\/2014\/03\/erbalunga.jpg"}],"author":"Newchallenge","twitter_misc":{"\u00c9crit par":"Newchallenge","Dur\u00e9e de lecture estim\u00e9e":"2 minutes"},"schema":{"@context":"https:\/\/schema.org","@graph":[{"@type":"WebPage","@id":"https:\/\/www.locationencorse.eu\/blog\/erbalunga-la-cerca\/","url":"https:\/\/www.locationencorse.eu\/blog\/erbalunga-la-cerca\/","name":"Erbalunga : la \"Cerca\" - La Corse","isPartOf":{"@id":"https:\/\/www.locationencorse.eu\/blog\/#website"},"datePublished":"2014-03-02T06:31:03+00:00","dateModified":"2014-03-16T06:51:21+00:00","author":{"@id":"https:\/\/www.locationencorse.eu\/blog\/#\/schema\/person\/4aa76a779067073b7500fdabe0a4a51c"},"breadcrumb":{"@id":"https:\/\/www.locationencorse.eu\/blog\/erbalunga-la-cerca\/#breadcrumb"},"inLanguage":"fr-FR","potentialAction":[{"@type":"ReadAction","target":["https:\/\/www.locationencorse.eu\/blog\/erbalunga-la-cerca\/"]}]},{"@type":"BreadcrumbList","@id":"https:\/\/www.locationencorse.eu\/blog\/erbalunga-la-cerca\/#breadcrumb","itemListElement":[{"@type":"ListItem","position":1,"name":"Accueil","item":"https:\/\/www.locationencorse.eu\/blog\/"},{"@type":"ListItem","position":2,"name":"Erbalunga : la \u00ab\u00a0Cerca\u00a0\u00bb"}]},{"@type":"WebSite","@id":"https:\/\/www.locationencorse.eu\/blog\/#website","url":"https:\/\/www.locationencorse.eu\/blog\/","name":"La Corse","description":"Vacances en Corse sur \u00cele de beaut\u00e9","potentialAction":[{"@type":"SearchAction","target":{"@type":"EntryPoint","urlTemplate":"https:\/\/www.locationencorse.eu\/blog\/?s={search_term_string}"},"query-input":"required name=search_term_string"}],"inLanguage":"fr-FR"},{"@type":"Person","@id":"https:\/\/www.locationencorse.eu\/blog\/#\/schema\/person\/4aa76a779067073b7500fdabe0a4a51c","name":"Newchallenge","image":{"@type":"ImageObject","inLanguage":"fr-FR","@id":"https:\/\/www.locationencorse.eu\/blog\/#\/schema\/person\/image\/","url":"https:\/\/secure.gravatar.com\/avatar\/ad5f2a69d252f48179a77d3cb09e1fa7?s=96&r=g","contentUrl":"https:\/\/secure.gravatar.com\/avatar\/ad5f2a69d252f48179a77d3cb09e1fa7?s=96&r=g","caption":"Newchallenge"},"sameAs":["http:\/\/www.locationencorse.eu","https:\/\/www.facebook.com\/locationencorse.eu\/"],"url":"https:\/\/www.locationencorse.eu\/blog\/author\/martinenewchallenge-fr\/"}]}},"jetpack_featured_media_url":"","_links":{"self":[{"href":"https:\/\/www.locationencorse.eu\/blog\/wp-json\/wp\/v2\/posts\/2167"}],"collection":[{"href":"https:\/\/www.locationencorse.eu\/blog\/wp-json\/wp\/v2\/posts"}],"about":[{"href":"https:\/\/www.locationencorse.eu\/blog\/wp-json\/wp\/v2\/types\/post"}],"author":[{"embeddable":true,"href":"https:\/\/www.locationencorse.eu\/blog\/wp-json\/wp\/v2\/users\/2"}],"replies":[{"embeddable":true,"href":"https:\/\/www.locationencorse.eu\/blog\/wp-json\/wp\/v2\/comments?post=2167"}],"version-history":[{"count":12,"href":"https:\/\/www.locationencorse.eu\/blog\/wp-json\/wp\/v2\/posts\/2167\/revisions"}],"predecessor-version":[{"id":2788,"href":"https:\/\/www.locationencorse.eu\/blog\/wp-json\/wp\/v2\/posts\/2167\/revisions\/2788"}],"wp:attachment":[{"href":"https:\/\/www.locationencorse.eu\/blog\/wp-json\/wp\/v2\/media?parent=2167"}],"wp:term":[{"taxonomy":"category","embeddable":true,"href":"https:\/\/www.locationencorse.eu\/blog\/wp-json\/wp\/v2\/categories?post=2167"},{"taxonomy":"post_tag","embeddable":true,"href":"https:\/\/www.locationencorse.eu\/blog\/wp-json\/wp\/v2\/tags?post=2167"}],"curies":[{"name":"wp","href":"https:\/\/api.w.org\/{rel}","templated":true}]}}