{"id":1793,"date":"2015-09-06T06:10:50","date_gmt":"2015-09-06T04:10:50","guid":{"rendered":"http:\/\/www.locationencorse.eu\/blog\/?p=1793"},"modified":"2020-02-26T21:23:17","modified_gmt":"2020-02-26T20:23:17","slug":"pancheraccia-un-lourde-en-corse","status":"publish","type":"post","link":"https:\/\/www.locationencorse.eu\/blog\/pancheraccia-un-lourde-en-corse\/","title":{"rendered":"Pancheraccia : un  Lourde en Corse."},"content":{"rendered":"<p><strong><span style=\"font-family: Calibri; font-size: medium;\">Pancheraccia&nbsp;: un Lourdes en Corse&nbsp;<\/span><\/strong><span style=\"color: #ff6600;\"><strong><span style=\"font-family: Calibri; font-size: medium;\">.<\/span><\/strong><\/span> <span style=\"color: #000000; font-family: Calibri; font-size: medium;\">Hormis le beau point de vue sur la plaine orientale qui court jusqu\u2019\u00e0 la mer, pr\u00e8s d\u2019Al\u00e9ria, ce village n\u2019a rien d\u2019extraordinaire (sauf pour moi c\u2019est le village de mon papa et le village de mes <a title=\"location corse\" href=\"http:\/\/www.locationencorse.eu\" target=\"_blank\" rel=\"noopener\">vacances en Corse<\/a>).<\/span><\/p>\n<p><span style=\"color: #000000; font-family: Calibri; font-size: medium;\">Mais au sommet de l\u2019all\u00e9e ciment\u00e9e qui sert de calvaire, il y a la Vierge, la Madone, la petite dame apparue au cours du XVIIIe si\u00e8cle \u00e0 une petite fille \u00e9gar\u00e9es qui est, depuis la protectrice et l\u2019h\u00e9ro\u00efne des villageois. \u00ab&nbsp;A Madona&nbsp;\u00bb, c\u00e9l\u00e9br\u00e9e dans une chapelle fleurie est un personnage familier, bienveillant. On vient de loin pour lui rendre gr\u00e2ce et puiser sa source l \u2018eau miraculeuse qui gu\u00e9rit, qui gomme les br\u00fblures, celles du corps et celles de l\u2019\u00e2me. Dans son alc\u00f4ve cern\u00e9e de brass\u00e9e de fleurs fraiches. La vierge de Pancheraccia sourit dans la lumi\u00e8re que tamise un vitrail. Chaque ann\u00e9e pour sa f\u00eate du 07 et 08 septembre, le village fait la f\u00eate, un peu d\u00e9bord\u00e9 par les p\u00e8lerins qui viennent de toute la Corse. Deux autres Vierges, celle de Lavasina au Cap Corse, et sa s\u0153ur \u00e0 Casamaccioli dans le Niolo font le m\u00eame jour la f\u00eate. Mais celle l\u00e0, si proche, si douce est la seule qui soit apparue, la seule qui se soit identifi\u00e9e \u00e0 un village, la seule qui soit port\u00e9e en procession uniquement par des femmes. Pas question de tomber en idol\u00e2trie, pas question que le p\u00e8lerinage, qui a marqu\u00e9 depuis plus de deux si\u00e8cles la vie du village se transforme en foire, ou soit r\u00e9cup\u00e9r\u00e9 par l\u2019autorit\u00e9 religieuse. Tous les dons re\u00e7us sont consacr\u00e9s \u00e0 l\u2019entretien du saint lieu, et la part vers\u00e9e \u00e0 l\u2019\u00e9v\u00each\u00e9 assure simplement une forme de reconnaissance officielle.<\/span> <span style=\"color: #000000; font-family: Calibri; font-size: medium;\">Si elle est la vierge des Ecriture, la patronne de la Corse toute enti\u00e8re, celle qui depuis des si\u00e8cles irrigue la ferveur populaire des insulaires, elle est d\u2019abord d\u2019ici, la citoyenne de Pancheraccia, la premi\u00e8re d\u2019entre eux. De la <strong>chapelle<\/strong>, on peut&nbsp; contempler, &nbsp;la grande plaine de vergers de C\u00e9drats, des vignes&nbsp; et des oliveraies qui courent vers la mer\u2026<\/span> <a href=\"http:\/\/www.locationencorse.eu\/blog\/wp-content\/uploads\/2014\/02\/14200218.jpg\" target=\"_blank\" rel=\"noopener\" data-rel=\"lightbox-image-0\" data-rl_title=\"\" data-rl_caption=\"\"><img decoding=\"async\" loading=\"lazy\" class=\"aligncenter wp-image-1796 size-full\" title=\"\" src=\"http:\/\/www.locationencorse.eu\/blog\/wp-content\/uploads\/2014\/02\/14200218.jpg\" alt=\"chapelle\" width=\"500\" height=\"375\" srcset=\"https:\/\/www.locationencorse.eu\/blog\/wp-content\/uploads\/2014\/02\/14200218.jpg 500w, https:\/\/www.locationencorse.eu\/blog\/wp-content\/uploads\/2014\/02\/14200218-400x300.jpg 400w\" sizes=\"(max-width: 500px) 100vw, 500px\" \/><\/a> <b><span style=\"font-size: medium;\"><span style=\"color: #000000;\"><span style=\"font-family: Calibri;\">R\u00e9cit de l&rsquo;apparition de la Vierge \u00e0 Pancheraccia (<\/span><\/span><\/span><\/b><span style=\"font-size: medium;\"><span style=\"color: #000000;\"><span style=\"font-family: Calibri;\"><em>source: opuscule disponible dans la chapelle<\/em><\/span><\/span><\/span><b><span style=\"font-size: medium;\"><span style=\"color: #000000;\"><span style=\"font-family: Calibri;\">)<\/span><\/span><\/span><\/b><\/p>\n<p><span style=\"color: #000000; font-family: Calibri; font-size: medium;\">\u00ab\u00a0Dans le cours du dix-huiti\u00e8me si\u00e8cle, une enfant de douze \u00e0 quatorze ans s&rsquo;\u00e9tait rendue avec sa m\u00e8re dans un petit bois \u00e0 trois quarts d&rsquo;heure du village de Pancheraccia, pour faire des fagots. Comme elle s&rsquo;\u00e9tait \u00e9gar\u00e9e et que l&rsquo;heure avan\u00e7ait, elle se mit \u00e0 pleurer, se plaignant d&rsquo;avoir soif, lorsque soudain, la Sainte Vierge lui apparut et lui demanda pourquoi elle pleurait. L&rsquo;enfant r\u00e9pondit : \u00ab\u00a0je me suis \u00e9gar\u00e9e et j&rsquo;ai soif\u00a0\u00bb. A ces mots, la Vierge, faisant un trou dans la terre, en fit jaillir un peu d&rsquo;eau et lui dit : \u00ab\u00a0Bois donc et va dire \u00e0 la population de ce village de venir construire une chapelle ici\u00a0\u00bb. \u00ab\u00a0Oui, dit l&rsquo;enfant, mais les gens ne me croiront pas\u00a0\u00bb. Et la Sainte Vierge lui r\u00e9pondit : \u00ab\u00a0Pour preuve, voici un signe de croix ineffa\u00e7able sur ta main, et d&rsquo;ici un an, tu ne seras plus de ce monde\u00a0\u00bb. L&rsquo;\u00e9v\u00e9nement v\u00e9rifia cette proph\u00e9tie. Le village de Pancheraccia ne comptait qu&rsquo;une pauvre population de deux cents \u00e2mes. N\u00e9anmoins, tous se mirent \u00e0 l&rsquo;\u0153uvre : le maquis fut d\u00e9bois\u00e9, le rocher aplani et la chapelle \u00e9difi\u00e9e \u00e0 la Madone de Pancheraccia. Vers 1850, l&rsquo;ancienne statue fut remplac\u00e9e par une statue de marbre blanc. Les t\u00e9moins de la c\u00e9r\u00e9monie virent des \u00e9clairs couronner l&rsquo;ancienne statue au moment o\u00f9 on la retira de sa niche. La statue de marbre datant de 1848 est celle que l&rsquo;on v\u00e9n\u00e8re aujourd&rsquo;hui encore. Elle repr\u00e9sente la <strong>Sainte Vierge, debout, portant sur son bras gauche, l&rsquo;enfant J\u00e9sus qui tient le monde dans ses mains\u00a0\u00bb<\/strong>.<\/span> <a href=\"http:\/\/www.locationencorse.eu\/blog\/wp-content\/uploads\/2014\/02\/autel.jpg\" target=\"_blank\" rel=\"noopener\" data-rel=\"lightbox-image-1\" data-rl_title=\"\" data-rl_caption=\"\"><img decoding=\"async\" loading=\"lazy\" class=\"aligncenter wp-image-1797 size-large\" title=\"\" src=\"http:\/\/www.locationencorse.eu\/blog\/wp-content\/uploads\/2014\/02\/autel-599x800.jpg\" alt=\"autel\" width=\"599\" height=\"800\" srcset=\"https:\/\/www.locationencorse.eu\/blog\/wp-content\/uploads\/2014\/02\/autel-599x800.jpg 599w, https:\/\/www.locationencorse.eu\/blog\/wp-content\/uploads\/2014\/02\/autel-299x400.jpg 299w, https:\/\/www.locationencorse.eu\/blog\/wp-content\/uploads\/2014\/02\/autel.jpg 614w\" sizes=\"(max-width: 599px) 100vw, 599px\" \/><\/a><span style=\"color: #0000ff;\">Itin\u00e9raire- Cat\u00e9raggio &#8211; Pancheraccia<\/span><\/p>\n<p style=\"text-align: center;\"><iframe loading=\"lazy\" style=\"border: 0px currentColor;\" src=\"https:\/\/www.google.com\/maps\/embed?pb=!1m29!1m12!1m3!1d94633.41638865288!2d9.373903459999185!3d42.16538681827695!2m3!1f0!2f0!3f0!3m2!1i1024!2i768!4f13.1!4m14!1i0!3e6!4m5!1s0x12d9e059eab20709%3A0xd2e63a3a9805147c!2sCateraggio%2C+20270+Al%C3%A9ria!3m2!1d42.120052!2d9.510947!4m5!1s0x12d75858d449ff4f%3A0x40819a5fd954f90!2sPancheraccia!3m2!1d42.217847!2d9.371404!5e0!3m2!1sfr!2sfr!4v1394950249215\" width=\"600\" height=\"450\" frameborder=\"0\"><\/iframe><\/p>\n<!-- AddThis Advanced Settings generic via filter on the_content --><!-- AddThis Share Buttons generic via filter on the_content -->","protected":false},"excerpt":{"rendered":"<p>Pancheraccia&nbsp;: un Lourdes en Corse&nbsp;. Hormis le beau point de vue sur la plaine orientale qui court jusqu\u2019\u00e0 la mer, pr\u00e8s d\u2019Al\u00e9ria, ce village n\u2019a rien d\u2019extraordinaire (sauf pour moi c\u2019est le village de mon papa et le village de &hellip; <a href=\"https:\/\/www.locationencorse.eu\/blog\/pancheraccia-un-lourde-en-corse\/\">Continuer la lecture <span class=\"meta-nav\">&rarr;<\/span><\/a><!-- AddThis Advanced Settings generic via filter on get_the_excerpt --><!-- AddThis Share Buttons generic via filter on get_the_excerpt --><\/p>\n","protected":false},"author":2,"featured_media":0,"comment_status":"open","ping_status":"open","sticky":false,"template":"","format":"standard","meta":{"_mi_skip_tracking":false,"_monsterinsights_sitenote_active":false,"_monsterinsights_sitenote_note":"","_monsterinsights_sitenote_category":0,"ngg_post_thumbnail":0,"footnotes":""},"categories":[169,157,162],"tags":[61],"yoast_head":"<!-- This site is optimized with the Yoast SEO plugin v21.1 - https:\/\/yoast.com\/wordpress\/plugins\/seo\/ -->\n<title>Pancheraccia : un Lourdes en Corse. - La religion en Corse<\/title>\n<meta name=\"description\" content=\"Pancheraccia : un Lourdes en Corse . Hormis le beau point de vue sur la plaine orientale qui court jusqu\u2019\u00e0 la mer, pr\u00e8s d\u2019Al\u00e9ria, ce village n\u2019a ri\" \/>\n<meta name=\"robots\" content=\"index, follow, max-snippet:-1, max-image-preview:large, max-video-preview:-1\" \/>\n<link rel=\"canonical\" href=\"https:\/\/www.locationencorse.eu\/blog\/pancheraccia-un-lourde-en-corse\/\" \/>\n<meta property=\"og:locale\" content=\"fr_FR\" \/>\n<meta property=\"og:type\" content=\"article\" \/>\n<meta property=\"og:title\" content=\"Pancheraccia : un Lourdes en Corse. - La religion en Corse\" \/>\n<meta property=\"og:description\" content=\"Pancheraccia : un Lourdes en Corse . Hormis le beau point de vue sur la plaine orientale qui court jusqu\u2019\u00e0 la mer, pr\u00e8s d\u2019Al\u00e9ria, ce village n\u2019a ri\" \/>\n<meta property=\"og:url\" content=\"https:\/\/www.locationencorse.eu\/blog\/pancheraccia-un-lourde-en-corse\/\" \/>\n<meta property=\"og:site_name\" content=\"La Corse\" \/>\n<meta property=\"article:author\" content=\"https:\/\/www.facebook.com\/locationencorse.eu\/\" \/>\n<meta property=\"article:published_time\" content=\"2015-09-06T04:10:50+00:00\" \/>\n<meta property=\"article:modified_time\" content=\"2020-02-26T20:23:17+00:00\" \/>\n<meta property=\"og:image\" content=\"http:\/\/www.locationencorse.eu\/blog\/wp-content\/uploads\/2014\/02\/14200218.jpg\" \/>\n<meta name=\"author\" content=\"Newchallenge\" \/>\n<meta name=\"twitter:label1\" content=\"\u00c9crit par\" \/>\n\t<meta name=\"twitter:data1\" content=\"Newchallenge\" \/>\n\t<meta name=\"twitter:label2\" content=\"Dur\u00e9e de lecture estim\u00e9e\" \/>\n\t<meta name=\"twitter:data2\" content=\"3 minutes\" \/>\n<script type=\"application\/ld+json\" class=\"yoast-schema-graph\">{\"@context\":\"https:\/\/schema.org\",\"@graph\":[{\"@type\":\"WebPage\",\"@id\":\"https:\/\/www.locationencorse.eu\/blog\/pancheraccia-un-lourde-en-corse\/\",\"url\":\"https:\/\/www.locationencorse.eu\/blog\/pancheraccia-un-lourde-en-corse\/\",\"name\":\"Pancheraccia : un Lourdes en Corse. - La religion en Corse\",\"isPartOf\":{\"@id\":\"https:\/\/www.locationencorse.eu\/blog\/#website\"},\"datePublished\":\"2015-09-06T04:10:50+00:00\",\"dateModified\":\"2020-02-26T20:23:17+00:00\",\"author\":{\"@id\":\"https:\/\/www.locationencorse.eu\/blog\/#\/schema\/person\/4aa76a779067073b7500fdabe0a4a51c\"},\"description\":\"Pancheraccia : un Lourdes en Corse . Hormis le beau point de vue sur la plaine orientale qui court jusqu\u2019\u00e0 la mer, pr\u00e8s d\u2019Al\u00e9ria, ce village n\u2019a ri\",\"breadcrumb\":{\"@id\":\"https:\/\/www.locationencorse.eu\/blog\/pancheraccia-un-lourde-en-corse\/#breadcrumb\"},\"inLanguage\":\"fr-FR\",\"potentialAction\":[{\"@type\":\"ReadAction\",\"target\":[\"https:\/\/www.locationencorse.eu\/blog\/pancheraccia-un-lourde-en-corse\/\"]}]},{\"@type\":\"BreadcrumbList\",\"@id\":\"https:\/\/www.locationencorse.eu\/blog\/pancheraccia-un-lourde-en-corse\/#breadcrumb\",\"itemListElement\":[{\"@type\":\"ListItem\",\"position\":1,\"name\":\"Accueil\",\"item\":\"https:\/\/www.locationencorse.eu\/blog\/\"},{\"@type\":\"ListItem\",\"position\":2,\"name\":\"Pancheraccia : un Lourde en Corse.\"}]},{\"@type\":\"WebSite\",\"@id\":\"https:\/\/www.locationencorse.eu\/blog\/#website\",\"url\":\"https:\/\/www.locationencorse.eu\/blog\/\",\"name\":\"La Corse\",\"description\":\"Vacances en Corse sur \u00cele de beaut\u00e9\",\"potentialAction\":[{\"@type\":\"SearchAction\",\"target\":{\"@type\":\"EntryPoint\",\"urlTemplate\":\"https:\/\/www.locationencorse.eu\/blog\/?s={search_term_string}\"},\"query-input\":\"required name=search_term_string\"}],\"inLanguage\":\"fr-FR\"},{\"@type\":\"Person\",\"@id\":\"https:\/\/www.locationencorse.eu\/blog\/#\/schema\/person\/4aa76a779067073b7500fdabe0a4a51c\",\"name\":\"Newchallenge\",\"image\":{\"@type\":\"ImageObject\",\"inLanguage\":\"fr-FR\",\"@id\":\"https:\/\/www.locationencorse.eu\/blog\/#\/schema\/person\/image\/\",\"url\":\"https:\/\/secure.gravatar.com\/avatar\/ad5f2a69d252f48179a77d3cb09e1fa7?s=96&r=g\",\"contentUrl\":\"https:\/\/secure.gravatar.com\/avatar\/ad5f2a69d252f48179a77d3cb09e1fa7?s=96&r=g\",\"caption\":\"Newchallenge\"},\"sameAs\":[\"http:\/\/www.locationencorse.eu\",\"https:\/\/www.facebook.com\/locationencorse.eu\/\"],\"url\":\"https:\/\/www.locationencorse.eu\/blog\/author\/martinenewchallenge-fr\/\"}]}<\/script>\n<!-- \/ Yoast SEO plugin. -->","yoast_head_json":{"title":"Pancheraccia : un Lourdes en Corse. - La religion en Corse","description":"Pancheraccia : un Lourdes en Corse . Hormis le beau point de vue sur la plaine orientale qui court jusqu\u2019\u00e0 la mer, pr\u00e8s d\u2019Al\u00e9ria, ce village n\u2019a ri","robots":{"index":"index","follow":"follow","max-snippet":"max-snippet:-1","max-image-preview":"max-image-preview:large","max-video-preview":"max-video-preview:-1"},"canonical":"https:\/\/www.locationencorse.eu\/blog\/pancheraccia-un-lourde-en-corse\/","og_locale":"fr_FR","og_type":"article","og_title":"Pancheraccia : un Lourdes en Corse. - La religion en Corse","og_description":"Pancheraccia : un Lourdes en Corse . Hormis le beau point de vue sur la plaine orientale qui court jusqu\u2019\u00e0 la mer, pr\u00e8s d\u2019Al\u00e9ria, ce village n\u2019a ri","og_url":"https:\/\/www.locationencorse.eu\/blog\/pancheraccia-un-lourde-en-corse\/","og_site_name":"La Corse","article_author":"https:\/\/www.facebook.com\/locationencorse.eu\/","article_published_time":"2015-09-06T04:10:50+00:00","article_modified_time":"2020-02-26T20:23:17+00:00","og_image":[{"url":"http:\/\/www.locationencorse.eu\/blog\/wp-content\/uploads\/2014\/02\/14200218.jpg"}],"author":"Newchallenge","twitter_misc":{"\u00c9crit par":"Newchallenge","Dur\u00e9e de lecture estim\u00e9e":"3 minutes"},"schema":{"@context":"https:\/\/schema.org","@graph":[{"@type":"WebPage","@id":"https:\/\/www.locationencorse.eu\/blog\/pancheraccia-un-lourde-en-corse\/","url":"https:\/\/www.locationencorse.eu\/blog\/pancheraccia-un-lourde-en-corse\/","name":"Pancheraccia : un Lourdes en Corse. - La religion en Corse","isPartOf":{"@id":"https:\/\/www.locationencorse.eu\/blog\/#website"},"datePublished":"2015-09-06T04:10:50+00:00","dateModified":"2020-02-26T20:23:17+00:00","author":{"@id":"https:\/\/www.locationencorse.eu\/blog\/#\/schema\/person\/4aa76a779067073b7500fdabe0a4a51c"},"description":"Pancheraccia : un Lourdes en Corse . Hormis le beau point de vue sur la plaine orientale qui court jusqu\u2019\u00e0 la mer, pr\u00e8s d\u2019Al\u00e9ria, ce village n\u2019a ri","breadcrumb":{"@id":"https:\/\/www.locationencorse.eu\/blog\/pancheraccia-un-lourde-en-corse\/#breadcrumb"},"inLanguage":"fr-FR","potentialAction":[{"@type":"ReadAction","target":["https:\/\/www.locationencorse.eu\/blog\/pancheraccia-un-lourde-en-corse\/"]}]},{"@type":"BreadcrumbList","@id":"https:\/\/www.locationencorse.eu\/blog\/pancheraccia-un-lourde-en-corse\/#breadcrumb","itemListElement":[{"@type":"ListItem","position":1,"name":"Accueil","item":"https:\/\/www.locationencorse.eu\/blog\/"},{"@type":"ListItem","position":2,"name":"Pancheraccia : un Lourde en Corse."}]},{"@type":"WebSite","@id":"https:\/\/www.locationencorse.eu\/blog\/#website","url":"https:\/\/www.locationencorse.eu\/blog\/","name":"La Corse","description":"Vacances en Corse sur \u00cele de beaut\u00e9","potentialAction":[{"@type":"SearchAction","target":{"@type":"EntryPoint","urlTemplate":"https:\/\/www.locationencorse.eu\/blog\/?s={search_term_string}"},"query-input":"required name=search_term_string"}],"inLanguage":"fr-FR"},{"@type":"Person","@id":"https:\/\/www.locationencorse.eu\/blog\/#\/schema\/person\/4aa76a779067073b7500fdabe0a4a51c","name":"Newchallenge","image":{"@type":"ImageObject","inLanguage":"fr-FR","@id":"https:\/\/www.locationencorse.eu\/blog\/#\/schema\/person\/image\/","url":"https:\/\/secure.gravatar.com\/avatar\/ad5f2a69d252f48179a77d3cb09e1fa7?s=96&r=g","contentUrl":"https:\/\/secure.gravatar.com\/avatar\/ad5f2a69d252f48179a77d3cb09e1fa7?s=96&r=g","caption":"Newchallenge"},"sameAs":["http:\/\/www.locationencorse.eu","https:\/\/www.facebook.com\/locationencorse.eu\/"],"url":"https:\/\/www.locationencorse.eu\/blog\/author\/martinenewchallenge-fr\/"}]}},"jetpack_featured_media_url":"","_links":{"self":[{"href":"https:\/\/www.locationencorse.eu\/blog\/wp-json\/wp\/v2\/posts\/1793"}],"collection":[{"href":"https:\/\/www.locationencorse.eu\/blog\/wp-json\/wp\/v2\/posts"}],"about":[{"href":"https:\/\/www.locationencorse.eu\/blog\/wp-json\/wp\/v2\/types\/post"}],"author":[{"embeddable":true,"href":"https:\/\/www.locationencorse.eu\/blog\/wp-json\/wp\/v2\/users\/2"}],"replies":[{"embeddable":true,"href":"https:\/\/www.locationencorse.eu\/blog\/wp-json\/wp\/v2\/comments?post=1793"}],"version-history":[{"count":18,"href":"https:\/\/www.locationencorse.eu\/blog\/wp-json\/wp\/v2\/posts\/1793\/revisions"}],"predecessor-version":[{"id":7476,"href":"https:\/\/www.locationencorse.eu\/blog\/wp-json\/wp\/v2\/posts\/1793\/revisions\/7476"}],"wp:attachment":[{"href":"https:\/\/www.locationencorse.eu\/blog\/wp-json\/wp\/v2\/media?parent=1793"}],"wp:term":[{"taxonomy":"category","embeddable":true,"href":"https:\/\/www.locationencorse.eu\/blog\/wp-json\/wp\/v2\/categories?post=1793"},{"taxonomy":"post_tag","embeddable":true,"href":"https:\/\/www.locationencorse.eu\/blog\/wp-json\/wp\/v2\/tags?post=1793"}],"curies":[{"name":"wp","href":"https:\/\/api.w.org\/{rel}","templated":true}]}}