{"id":1699,"date":"2014-02-22T17:50:21","date_gmt":"2014-02-22T16:50:21","guid":{"rendered":"http:\/\/www.locationencorse.eu\/blog\/?p=1699"},"modified":"2020-07-29T10:39:22","modified_gmt":"2020-07-29T08:39:22","slug":"la-corse-terre-des-saveurs","status":"publish","type":"post","link":"https:\/\/www.locationencorse.eu\/blog\/la-corse-terre-des-saveurs\/","title":{"rendered":"La cuisine Corse: terre des saveurs"},"content":{"rendered":"<p><strong><span style=\"color: #ff6600; font-family: Calibri; font-size: medium;\">Terre des saveurs<\/span><\/strong><\/p>\n<p><span style=\"color: #000000; font-family: Calibri; font-size: medium;\">En pratiquant au mieux la cuisine corse, La Corse, elle a toujours pratiqu\u00e9e les \u00e9changes tout en sachant que les caprices de la mer pouvaient l\u2019isoler pendant plusieurs jours . Si elle est, \u00e0 pr\u00e9sent, desservie par des moyens de transports capables d\u2019affronter les col\u00e8res du ciel, de la terre et des eaux, elle a appris aussi \u00e0 ne compter que sur elle-m\u00eame. Pour p\u00e9renniser sa <a href=\"https:\/\/www.corsica-colis.com\">gamme de&nbsp;produits corse<\/a>&nbsp;l&rsquo;agriculture et \u00e9levage se sont d\u00e9velopp\u00e9s sur une terre qui regorgeait d\u00e9j\u00e0 de richesses.<\/span><\/p>\n<p><span style=\"font-size: medium;\"><span style=\"color: #000000;\"><span style=\"font-family: Calibri;\"><strong>Le miel <\/strong>ici est roi, nectar des nectars. Parfum\u00e9 de fleurs de ch\u00e2taigniers, d\u2019immortelles sauvages et de mille autres pollens, il d\u00e9voile sa couleur ambr\u00e9 et abonde dans toute l\u2019\u00eele. Saveur changeante &nbsp;en fonction des lieux de butinages des saisons de r\u00e9colte. 6 crus de miel r\u00e9pertori\u00e9s b\u00e9n\u00e9ficient &nbsp;de l\u2019appellation, <\/span><\/span><\/span>\u00ab\u00a0miel de Corse &#8211; mele di Corsica\u00a0\u00bb.La vall\u00e9e du Taravu, qui s&rsquo;\u00e9tend depuis Porto Pollo, au bord de la mer, jusqu&rsquo;au col de Verde en montagne, offre la gamme compl\u00e8te des vari\u00e9t\u00e9s du miel de Corse.<\/p>\n<p><span style=\"color: #000000; font-family: Calibri; font-size: medium;\">Tous les fruits de l\u2019\u00eele sont transform\u00e9s en confitures ou en savoureuses &nbsp;gel\u00e9es, de la ch\u00e2taigne &nbsp;\u00e0 la<strong> cl\u00e9mentine<\/strong> en passant par le coing, la figue, le myrte, &nbsp;le c\u00e9drat ou l\u2019arbourse. Ou s\u2019ils ne sont pas transform\u00e9s en confiture, ils deviennent parfois bonbons, ou ils sont confits. Le c\u00e9drat connait ce traitement d\u00e9licat, on le retrouve entier ou en morceaux confits ou en liqueur.<\/span><\/p>\n<p><a href=\"http:\/\/www.locationencorse.eu\/blog\/la-corse-terre-des-saveurs\/confiture\/\" rel=\"attachment wp-att-1710\"><img decoding=\"async\" loading=\"lazy\" class=\"aligncenter size-full wp-image-1710\" src=\"http:\/\/www.locationencorse.eu\/blog\/wp-content\/uploads\/2014\/02\/confiture.jpg\" alt=\"confiture\" width=\"800\" height=\"470\" srcset=\"https:\/\/www.locationencorse.eu\/blog\/wp-content\/uploads\/2014\/02\/confiture.jpg 800w, https:\/\/www.locationencorse.eu\/blog\/wp-content\/uploads\/2014\/02\/confiture-400x235.jpg 400w\" sizes=\"(max-width: 800px) 100vw, 800px\" \/><\/a><\/p>\n<p><span style=\"font-size: medium;\"><span style=\"color: #000000;\"><span style=\"font-family: Calibri;\"><strong>L\u2019arbouse<\/strong>, fruit sauvage du maquis attire d\u2019abord l\u2019attention par sa couleur rouge \u00e9clatant. Son parfum fruit\u00e9 et subtil ressort surtout avec la cuisson, c\u2019est donc un fruit \u00e0 confiture par excellence.<\/span><\/span><\/span><\/p>\n<p><a href=\"http:\/\/www.locationencorse.eu\/blog\/le-maquis-corse\/arbousier-corse-fruits\/\" rel=\"attachment wp-att-1473\"><img decoding=\"async\" loading=\"lazy\" class=\"aligncenter size-medium wp-image-1473\" src=\"http:\/\/www.locationencorse.eu\/blog\/wp-content\/uploads\/2014\/02\/arbousier-corse-fruits-400x219.jpg\" alt=\"arbousier\" width=\"400\" height=\"219\" srcset=\"https:\/\/www.locationencorse.eu\/blog\/wp-content\/uploads\/2014\/02\/arbousier-corse-fruits-400x219.jpg 400w, https:\/\/www.locationencorse.eu\/blog\/wp-content\/uploads\/2014\/02\/arbousier-corse-fruits.jpg 488w\" sizes=\"(max-width: 400px) 100vw, 400px\" \/><\/a><\/p>\n<p><span style=\"font-size: medium;\"><span style=\"color: #000000;\"><span style=\"font-family: Calibri;\"><strong>Le C\u00e9drat&nbsp;:<\/strong> proche du citron, c\u2019est un fruit ovale et verruqueux qui peut mesurer jusqu&rsquo;\u00e0 25 cm de long et peser 4 kg. Sa chair verte ou jaun\u00e2tre est acide et peu juteuse, mais son odeur est tr\u00e8s agr\u00e9able. Sa peau \u00e9paisse est tr\u00e8s parfum\u00e9e.<\/span><\/span><\/span><\/p>\n<p><a href=\"http:\/\/www.locationencorse.eu\/blog\/la-corse-terre-des-saveurs\/cedrat\/\" rel=\"attachment wp-att-1718\"><img decoding=\"async\" loading=\"lazy\" class=\"aligncenter size-medium wp-image-1718\" src=\"http:\/\/www.locationencorse.eu\/blog\/wp-content\/uploads\/2014\/02\/cedrat-400x300.jpg\" alt=\"cedrat\" width=\"400\" height=\"300\" srcset=\"https:\/\/www.locationencorse.eu\/blog\/wp-content\/uploads\/2014\/02\/cedrat-400x300.jpg 400w, https:\/\/www.locationencorse.eu\/blog\/wp-content\/uploads\/2014\/02\/cedrat.jpg 640w\" sizes=\"(max-width: 400px) 100vw, 400px\" \/><\/a><\/p>\n<p><strong><span style=\"font-size: medium;\"><span style=\"color: #000000;\"><span style=\"font-family: Calibri;\">La ch\u00e2taigne est une des fiert\u00e9s &nbsp;locales.<\/span><\/span><\/span><\/strong><\/p>\n<p><span style=\"color: #000000; font-family: Calibri; font-size: medium;\">La cuisine pratiqu\u00e9e en Corse est en effet la seule au monde qui ait depuis toujours transform\u00e9 les fruits du &nbsp;ch\u00e2taigner en farine. C\u2019est le fruit embl\u00e9matique de la Corse, on ne peut s\u2019emp\u00eacher de songer qu\u2019ils sont loin les 1220 moulins insulaires, environ une trentaine fonctionnent de nos jours et qui donnent \u00e0 l\u2019\u00eele cette fameuse farine de ch\u00e2taigne. Ces farines respectent le mode ancestral de fabrication&nbsp;: ramassage \u00e0 la main, mouture en moulin traditionnel etc..Si les recettes familiales et traditionnelles sont l\u00e9gion, on trouve aujourd\u2019hui&nbsp; dans le commerce toute une gamme de produits d\u00e9riv\u00e9s de cette farine qui a nourri des g\u00e9n\u00e9rations de Corses. On la retrouve en confiture, dans de nombreuses p\u00e2tisseries, des cr\u00e8mes, des <a title=\"Flan \u00e0 la ch\u00e2taigne\" href=\"http:\/\/www.locationencorse.eu\/blog\/flan-a-la-chataigne-3\/\" target=\"_blank\" rel=\"noopener\">flans<\/a>, avec la viande, la bi\u00e8re Pi\u00e9tra\u2026.<\/span><\/p>\n<p>La ch\u00e2taigneraie en Corse, c&rsquo;est l&rsquo;appel aux racines et aux traditions ancestrales de l&rsquo;\u00eele. La ch\u00e2taigne est appel\u00e9e \u00a0\u00bb le pain de la Corse\u00a0\u00bb :<\/p>\n<p style=\"text-align: center;\"><iframe loading=\"lazy\" src=\"\/\/www.youtube.com\/embed\/5JUNq7BMqAo?rel=0\" width=\"560\" height=\"315\" frameborder=\"0\" allowfullscreen=\"allowfullscreen\"><\/iframe><\/p>\n<!-- AddThis Advanced Settings generic via filter on the_content --><!-- AddThis Share Buttons generic via filter on the_content -->","protected":false},"excerpt":{"rendered":"<p>Terre des saveurs En pratiquant au mieux la cuisine corse, La Corse, elle a toujours pratiqu\u00e9e les \u00e9changes tout en sachant que les caprices de la mer pouvaient l\u2019isoler pendant plusieurs jours . Si elle est, \u00e0 pr\u00e9sent, desservie par &hellip; <a href=\"https:\/\/www.locationencorse.eu\/blog\/la-corse-terre-des-saveurs\/\">Continuer la lecture <span class=\"meta-nav\">&rarr;<\/span><\/a><!-- AddThis Advanced Settings generic via filter on get_the_excerpt --><!-- AddThis Share Buttons generic via filter on get_the_excerpt --><\/p>\n","protected":false},"author":2,"featured_media":0,"comment_status":"open","ping_status":"open","sticky":false,"template":"","format":"standard","meta":{"_mi_skip_tracking":false,"_monsterinsights_sitenote_active":false,"_monsterinsights_sitenote_note":"","_monsterinsights_sitenote_category":0,"ngg_post_thumbnail":0,"footnotes":""},"categories":[157,1,163],"tags":[40,103],"yoast_head":"<!-- This site is optimized with the Yoast SEO plugin v21.1 - https:\/\/yoast.com\/wordpress\/plugins\/seo\/ -->\n<title>Cuisine Corse: terre des saveurs - Produits Corse cot\u00e9 papilles<\/title>\n<meta name=\"description\" content=\"La cuisine corse issue de la terre des saveurs Elle est comme beaucoup d\u2019\u00eeles, la Corse. Elle a toujours pratiqu\u00e9e les \u00e9changes de produits culinaires.\" \/>\n<meta name=\"robots\" content=\"index, follow, max-snippet:-1, max-image-preview:large, max-video-preview:-1\" \/>\n<link rel=\"canonical\" href=\"https:\/\/www.locationencorse.eu\/blog\/la-corse-terre-des-saveurs\/\" \/>\n<meta property=\"og:locale\" content=\"fr_FR\" \/>\n<meta property=\"og:type\" content=\"article\" \/>\n<meta property=\"og:title\" content=\"Cuisine Corse: terre des saveurs - Produits Corse cot\u00e9 papilles\" \/>\n<meta property=\"og:description\" content=\"La cuisine corse issue de la terre des saveurs Elle est comme beaucoup d\u2019\u00eeles, la Corse. Elle a toujours pratiqu\u00e9e les \u00e9changes de produits culinaires.\" \/>\n<meta property=\"og:url\" content=\"https:\/\/www.locationencorse.eu\/blog\/la-corse-terre-des-saveurs\/\" \/>\n<meta property=\"og:site_name\" content=\"La Corse\" \/>\n<meta property=\"article:author\" content=\"https:\/\/www.facebook.com\/locationencorse.eu\/\" \/>\n<meta property=\"article:published_time\" content=\"2014-02-22T16:50:21+00:00\" \/>\n<meta property=\"article:modified_time\" content=\"2020-07-29T08:39:22+00:00\" \/>\n<meta property=\"og:image\" content=\"http:\/\/www.locationencorse.eu\/blog\/wp-content\/uploads\/2014\/02\/confiture.jpg\" \/>\n<meta name=\"author\" content=\"Newchallenge\" \/>\n<meta name=\"twitter:label1\" content=\"\u00c9crit par\" \/>\n\t<meta name=\"twitter:data1\" content=\"Newchallenge\" \/>\n\t<meta name=\"twitter:label2\" content=\"Dur\u00e9e de lecture estim\u00e9e\" \/>\n\t<meta name=\"twitter:data2\" content=\"3 minutes\" \/>\n<script type=\"application\/ld+json\" class=\"yoast-schema-graph\">{\"@context\":\"https:\/\/schema.org\",\"@graph\":[{\"@type\":\"WebPage\",\"@id\":\"https:\/\/www.locationencorse.eu\/blog\/la-corse-terre-des-saveurs\/\",\"url\":\"https:\/\/www.locationencorse.eu\/blog\/la-corse-terre-des-saveurs\/\",\"name\":\"Cuisine Corse: terre des saveurs - Produits Corse cot\u00e9 papilles\",\"isPartOf\":{\"@id\":\"https:\/\/www.locationencorse.eu\/blog\/#website\"},\"datePublished\":\"2014-02-22T16:50:21+00:00\",\"dateModified\":\"2020-07-29T08:39:22+00:00\",\"author\":{\"@id\":\"https:\/\/www.locationencorse.eu\/blog\/#\/schema\/person\/4aa76a779067073b7500fdabe0a4a51c\"},\"description\":\"La cuisine corse issue de la terre des saveurs Elle est comme beaucoup d\u2019\u00eeles, la Corse. Elle a toujours pratiqu\u00e9e les \u00e9changes de produits culinaires.\",\"breadcrumb\":{\"@id\":\"https:\/\/www.locationencorse.eu\/blog\/la-corse-terre-des-saveurs\/#breadcrumb\"},\"inLanguage\":\"fr-FR\",\"potentialAction\":[{\"@type\":\"ReadAction\",\"target\":[\"https:\/\/www.locationencorse.eu\/blog\/la-corse-terre-des-saveurs\/\"]}]},{\"@type\":\"BreadcrumbList\",\"@id\":\"https:\/\/www.locationencorse.eu\/blog\/la-corse-terre-des-saveurs\/#breadcrumb\",\"itemListElement\":[{\"@type\":\"ListItem\",\"position\":1,\"name\":\"Accueil\",\"item\":\"https:\/\/www.locationencorse.eu\/blog\/\"},{\"@type\":\"ListItem\",\"position\":2,\"name\":\"La cuisine Corse: terre des saveurs\"}]},{\"@type\":\"WebSite\",\"@id\":\"https:\/\/www.locationencorse.eu\/blog\/#website\",\"url\":\"https:\/\/www.locationencorse.eu\/blog\/\",\"name\":\"La Corse\",\"description\":\"Vacances en Corse sur \u00cele de beaut\u00e9\",\"potentialAction\":[{\"@type\":\"SearchAction\",\"target\":{\"@type\":\"EntryPoint\",\"urlTemplate\":\"https:\/\/www.locationencorse.eu\/blog\/?s={search_term_string}\"},\"query-input\":\"required name=search_term_string\"}],\"inLanguage\":\"fr-FR\"},{\"@type\":\"Person\",\"@id\":\"https:\/\/www.locationencorse.eu\/blog\/#\/schema\/person\/4aa76a779067073b7500fdabe0a4a51c\",\"name\":\"Newchallenge\",\"image\":{\"@type\":\"ImageObject\",\"inLanguage\":\"fr-FR\",\"@id\":\"https:\/\/www.locationencorse.eu\/blog\/#\/schema\/person\/image\/\",\"url\":\"https:\/\/secure.gravatar.com\/avatar\/ad5f2a69d252f48179a77d3cb09e1fa7?s=96&r=g\",\"contentUrl\":\"https:\/\/secure.gravatar.com\/avatar\/ad5f2a69d252f48179a77d3cb09e1fa7?s=96&r=g\",\"caption\":\"Newchallenge\"},\"sameAs\":[\"http:\/\/www.locationencorse.eu\",\"https:\/\/www.facebook.com\/locationencorse.eu\/\"],\"url\":\"https:\/\/www.locationencorse.eu\/blog\/author\/martinenewchallenge-fr\/\"}]}<\/script>\n<!-- \/ Yoast SEO plugin. -->","yoast_head_json":{"title":"Cuisine Corse: terre des saveurs - Produits Corse cot\u00e9 papilles","description":"La cuisine corse issue de la terre des saveurs Elle est comme beaucoup d\u2019\u00eeles, la Corse. Elle a toujours pratiqu\u00e9e les \u00e9changes de produits culinaires.","robots":{"index":"index","follow":"follow","max-snippet":"max-snippet:-1","max-image-preview":"max-image-preview:large","max-video-preview":"max-video-preview:-1"},"canonical":"https:\/\/www.locationencorse.eu\/blog\/la-corse-terre-des-saveurs\/","og_locale":"fr_FR","og_type":"article","og_title":"Cuisine Corse: terre des saveurs - Produits Corse cot\u00e9 papilles","og_description":"La cuisine corse issue de la terre des saveurs Elle est comme beaucoup d\u2019\u00eeles, la Corse. Elle a toujours pratiqu\u00e9e les \u00e9changes de produits culinaires.","og_url":"https:\/\/www.locationencorse.eu\/blog\/la-corse-terre-des-saveurs\/","og_site_name":"La Corse","article_author":"https:\/\/www.facebook.com\/locationencorse.eu\/","article_published_time":"2014-02-22T16:50:21+00:00","article_modified_time":"2020-07-29T08:39:22+00:00","og_image":[{"url":"http:\/\/www.locationencorse.eu\/blog\/wp-content\/uploads\/2014\/02\/confiture.jpg"}],"author":"Newchallenge","twitter_misc":{"\u00c9crit par":"Newchallenge","Dur\u00e9e de lecture estim\u00e9e":"3 minutes"},"schema":{"@context":"https:\/\/schema.org","@graph":[{"@type":"WebPage","@id":"https:\/\/www.locationencorse.eu\/blog\/la-corse-terre-des-saveurs\/","url":"https:\/\/www.locationencorse.eu\/blog\/la-corse-terre-des-saveurs\/","name":"Cuisine Corse: terre des saveurs - Produits Corse cot\u00e9 papilles","isPartOf":{"@id":"https:\/\/www.locationencorse.eu\/blog\/#website"},"datePublished":"2014-02-22T16:50:21+00:00","dateModified":"2020-07-29T08:39:22+00:00","author":{"@id":"https:\/\/www.locationencorse.eu\/blog\/#\/schema\/person\/4aa76a779067073b7500fdabe0a4a51c"},"description":"La cuisine corse issue de la terre des saveurs Elle est comme beaucoup d\u2019\u00eeles, la Corse. Elle a toujours pratiqu\u00e9e les \u00e9changes de produits culinaires.","breadcrumb":{"@id":"https:\/\/www.locationencorse.eu\/blog\/la-corse-terre-des-saveurs\/#breadcrumb"},"inLanguage":"fr-FR","potentialAction":[{"@type":"ReadAction","target":["https:\/\/www.locationencorse.eu\/blog\/la-corse-terre-des-saveurs\/"]}]},{"@type":"BreadcrumbList","@id":"https:\/\/www.locationencorse.eu\/blog\/la-corse-terre-des-saveurs\/#breadcrumb","itemListElement":[{"@type":"ListItem","position":1,"name":"Accueil","item":"https:\/\/www.locationencorse.eu\/blog\/"},{"@type":"ListItem","position":2,"name":"La cuisine Corse: terre des saveurs"}]},{"@type":"WebSite","@id":"https:\/\/www.locationencorse.eu\/blog\/#website","url":"https:\/\/www.locationencorse.eu\/blog\/","name":"La Corse","description":"Vacances en Corse sur \u00cele de beaut\u00e9","potentialAction":[{"@type":"SearchAction","target":{"@type":"EntryPoint","urlTemplate":"https:\/\/www.locationencorse.eu\/blog\/?s={search_term_string}"},"query-input":"required name=search_term_string"}],"inLanguage":"fr-FR"},{"@type":"Person","@id":"https:\/\/www.locationencorse.eu\/blog\/#\/schema\/person\/4aa76a779067073b7500fdabe0a4a51c","name":"Newchallenge","image":{"@type":"ImageObject","inLanguage":"fr-FR","@id":"https:\/\/www.locationencorse.eu\/blog\/#\/schema\/person\/image\/","url":"https:\/\/secure.gravatar.com\/avatar\/ad5f2a69d252f48179a77d3cb09e1fa7?s=96&r=g","contentUrl":"https:\/\/secure.gravatar.com\/avatar\/ad5f2a69d252f48179a77d3cb09e1fa7?s=96&r=g","caption":"Newchallenge"},"sameAs":["http:\/\/www.locationencorse.eu","https:\/\/www.facebook.com\/locationencorse.eu\/"],"url":"https:\/\/www.locationencorse.eu\/blog\/author\/martinenewchallenge-fr\/"}]}},"jetpack_featured_media_url":"","_links":{"self":[{"href":"https:\/\/www.locationencorse.eu\/blog\/wp-json\/wp\/v2\/posts\/1699"}],"collection":[{"href":"https:\/\/www.locationencorse.eu\/blog\/wp-json\/wp\/v2\/posts"}],"about":[{"href":"https:\/\/www.locationencorse.eu\/blog\/wp-json\/wp\/v2\/types\/post"}],"author":[{"embeddable":true,"href":"https:\/\/www.locationencorse.eu\/blog\/wp-json\/wp\/v2\/users\/2"}],"replies":[{"embeddable":true,"href":"https:\/\/www.locationencorse.eu\/blog\/wp-json\/wp\/v2\/comments?post=1699"}],"version-history":[{"count":23,"href":"https:\/\/www.locationencorse.eu\/blog\/wp-json\/wp\/v2\/posts\/1699\/revisions"}],"predecessor-version":[{"id":7757,"href":"https:\/\/www.locationencorse.eu\/blog\/wp-json\/wp\/v2\/posts\/1699\/revisions\/7757"}],"wp:attachment":[{"href":"https:\/\/www.locationencorse.eu\/blog\/wp-json\/wp\/v2\/media?parent=1699"}],"wp:term":[{"taxonomy":"category","embeddable":true,"href":"https:\/\/www.locationencorse.eu\/blog\/wp-json\/wp\/v2\/categories?post=1699"},{"taxonomy":"post_tag","embeddable":true,"href":"https:\/\/www.locationencorse.eu\/blog\/wp-json\/wp\/v2\/tags?post=1699"}],"curies":[{"name":"wp","href":"https:\/\/api.w.org\/{rel}","templated":true}]}}