{"id":1630,"date":"2014-02-22T07:01:55","date_gmt":"2014-02-22T06:01:55","guid":{"rendered":"http:\/\/www.locationencorse.eu\/blog\/?p=1630"},"modified":"2014-02-25T07:26:18","modified_gmt":"2014-02-25T06:26:18","slug":"randonnee-lumio-a-cateri","status":"publish","type":"post","link":"https:\/\/www.locationencorse.eu\/blog\/randonnee-lumio-a-cateri\/","title":{"rendered":"Randonn\u00e9e : Lumio \u00e0 Cat\u00e9ri"},"content":{"rendered":"<p><span style=\"color: #ff6600;\"><strong><span style=\"font-family: Calibri; font-size: medium;\">Randonn\u00e9e\u00a0: Lumio \u00e0 Cat\u00e9ri<\/span><\/strong><\/span><\/p>\n<ul>\n<li><span style=\"color: #000000;\"><span style=\"font-family: Calibri;\"><span style=\"font-size: medium;\">Distance 4km 600 \u00a0<\/span><span style=\"font-size: medium;\">+ pistes 2km soit 6km 600<\/span><\/span><\/span><\/li>\n<li><span style=\"color: #000000;\"><span style=\"font-family: Calibri;\"><span style=\"font-size: medium;\">Temps de marche\u00a0 <\/span><span style=\"font-size: medium;\">2 heures aller et 1h 50 retour<\/span><\/span><\/span><\/li>\n<li><span style=\"color: #000000;\"><span style=\"font-family: Calibri;\"><span style=\"font-size: medium;\">D\u00e9nivel\u00e9es 230 m\u00e8tres\u00a0 <\/span><span style=\"font-size: medium;\">(sens Lumio Cat\u00e9ri)<\/span><\/span><\/span><\/li>\n<\/ul>\n<p><a href=\"http:\/\/www.locationencorse.eu\/blog\/wp-content\/uploads\/2014\/02\/carterandonn\u00e9e-1.jpg\" data-rel=\"lightbox-image-0\" data-rl_title=\"\" data-rl_caption=\"\" title=\"\"><img decoding=\"async\" loading=\"lazy\" class=\"aligncenter size-full wp-image-1652\" alt=\"carte randonn\u00e9e\" src=\"http:\/\/www.locationencorse.eu\/blog\/wp-content\/uploads\/2014\/02\/carterandonn\u00e9e-1.jpg\" width=\"792\" height=\"100\" srcset=\"https:\/\/www.locationencorse.eu\/blog\/wp-content\/uploads\/2014\/02\/carterandonn\u00e9e-1.jpg 792w, https:\/\/www.locationencorse.eu\/blog\/wp-content\/uploads\/2014\/02\/carterandonn\u00e9e-1-400x50.jpg 400w\" sizes=\"(max-width: 792px) 100vw, 792px\" \/><\/a><\/p>\n<p><span style=\"font-size: medium;\"><span style=\"color: #000000;\"><span style=\"font-family: Calibri;\">\u00a0<strong>D\u00e9part Lumio\u00a0:<\/strong><\/span><\/span><\/span><\/p>\n<p><span style=\"color: #000000; font-family: Calibri; font-size: medium;\">De la place de l\u2019\u00e9glise de Lumio prendre la ruelle qui monte vers le haut du village, un sentier y fait suite \u00e0 droite en direction du sud. Apr\u00e8s un large lacet, le sentier rejoint le talweeg o\u00f9 il continue en lacets serr\u00e9s.\u00a0 Puis rejoint le col entre le Capu d\u2019Occi et le cap Braccghju au point cot\u00e9 402.<\/span><\/p>\n<p><span style=\"color: #000000; font-family: Calibri; font-size: medium;\">Int\u00e9r\u00eat du tron\u00e7on\u00a0: bel itin\u00e9raire dominant le <strong>Golf de Calvi<\/strong>.<\/span><\/p>\n<p><a href=\"http:\/\/www.locationencorse.eu\/blog\/wp-content\/uploads\/2014\/02\/vue-calvi.gif\" data-rel=\"lightbox-image-1\" data-rl_title=\"\" data-rl_caption=\"\" title=\"\"><img decoding=\"async\" loading=\"lazy\" class=\"aligncenter size-full wp-image-1654\" alt=\"vue calvi\" src=\"http:\/\/www.locationencorse.eu\/blog\/wp-content\/uploads\/2014\/02\/vue-calvi.gif\" width=\"350\" height=\"183\" \/><\/a><\/p>\n<p><strong><span style=\"color: #000000; font-family: Calibri; font-size: medium;\">Lumio &#8211; Lavataggio<\/span><\/strong><\/p>\n<ul>\n<li><span style=\"color: #000000;\"><span style=\"font-family: Calibri; font-size: medium;\">Distance 2km300<\/span><\/span><\/li>\n<li><span style=\"color: #000000;\">\u00a0<span style=\"font-family: Calibri; font-size: medium;\">Piste 1km<\/span><\/span><\/li>\n<li><span style=\"color: #000000;\"><span style=\"font-family: Calibri; font-size: medium;\">Temps de marche 50 minutes retour 55 minutes<\/span><\/span><\/li>\n<\/ul>\n<p><span style=\"color: #000000; font-family: Calibri; font-size: medium;\">Du point 402, on atteint la petite chapelle de notre <strong>Dame de la stella<\/strong>, apr\u00e8s 5 minutes de marche. Le sentier devient carrossable et travers un petit plateau et direction de l\u2019est, puis contourne une d\u00e9pression, remonte \u00e0 la chapelle <strong>San Giovanni di iVenti<\/strong> et d\u00e9bouche sur une piste. La suivre \u00e0 gauche, elle descend par un trac\u00e9 assez raide jusqu\u2019au centre du village\u00a0 de Lavataggio.<\/span><\/p>\n<p><span style=\"color: #000000; font-family: Calibri; font-size: medium;\">Int\u00e9r\u00eat du tron\u00e7on\u00a0: Sentier large et agr\u00e9able, 2 chapelles sur le parcours, itin\u00e9raire direct, possibilit\u00e9 de visiter le couvent.<\/span><\/p>\n<p><a href=\"http:\/\/www.locationencorse.eu\/blog\/wp-content\/uploads\/2014\/02\/chapelles.jpg\" data-rel=\"lightbox-image-2\" data-rl_title=\"\" data-rl_caption=\"\" title=\"\"><img decoding=\"async\" loading=\"lazy\" class=\"aligncenter size-full wp-image-1642\" alt=\"chapelles\" src=\"http:\/\/www.locationencorse.eu\/blog\/wp-content\/uploads\/2014\/02\/chapelles.jpg\" width=\"750\" height=\"263\" srcset=\"https:\/\/www.locationencorse.eu\/blog\/wp-content\/uploads\/2014\/02\/chapelles.jpg 750w, https:\/\/www.locationencorse.eu\/blog\/wp-content\/uploads\/2014\/02\/chapelles-400x140.jpg 400w\" sizes=\"(max-width: 750px) 100vw, 750px\" \/><\/a><\/p>\n<p><strong><span style=\"color: #000000; font-family: Calibri; font-size: medium;\">Lavataggio- couvent de Marcasso<\/span><\/strong><\/p>\n<ul>\n<li><span style=\"color: #000000;\"><span style=\"font-family: Calibri; font-size: medium;\">Distance\u00a0: 0.7km<\/span><\/span><\/li>\n<li><span style=\"color: #000000;\"><span style=\"font-family: Calibri; font-size: medium;\">Pistes 0.2km<\/span><\/span><\/li>\n<li><span style=\"color: #000000;\"><span style=\"font-family: Calibri; font-size: medium;\">Temps de marche 15 mn et retour 15 mn<\/span><\/span><\/li>\n<\/ul>\n<p><span style=\"color: #000000; font-family: Calibri; font-size: medium;\">Du centre de Lavataggio, traverser la D71, et prendre la piste en direct du hameau de Croce en restant sur la droite. Prendre le sentier qui s\u2019engage \u00e0 droite et contourne la colline \u00e0 peu pr\u00e8s en courbe de niveau avant de descendre sur le <strong>couvent de Marcasso<\/strong>.<\/span><\/p>\n<p><span style=\"color: #000000; font-family: Calibri; font-size: medium;\">Int\u00e9r\u00eat du tron\u00e7on\u00a0: Itin\u00e9raire direct et possibilit\u00e9 de visiter le couvent.<\/span><\/p>\n<p><a href=\"http:\/\/www.locationencorse.eu\/blog\/wp-content\/uploads\/2014\/02\/couvent-de-marcasso.jpg\" data-rel=\"lightbox-image-3\" data-rl_title=\"\" data-rl_caption=\"\" title=\"\"><img decoding=\"async\" loading=\"lazy\" class=\"aligncenter size-full wp-image-1648\" alt=\"couvent de marcasso\" src=\"http:\/\/www.locationencorse.eu\/blog\/wp-content\/uploads\/2014\/02\/couvent-de-marcasso.jpg\" width=\"725\" height=\"321\" srcset=\"https:\/\/www.locationencorse.eu\/blog\/wp-content\/uploads\/2014\/02\/couvent-de-marcasso.jpg 725w, https:\/\/www.locationencorse.eu\/blog\/wp-content\/uploads\/2014\/02\/couvent-de-marcasso-400x177.jpg 400w\" sizes=\"(max-width: 725px) 100vw, 725px\" \/><\/a><\/p>\n<p><strong><span style=\"color: #000000; font-family: Calibri; font-size: medium;\">Couvent de Marcasso \u2013 Cat\u00e9ri<\/span><\/strong><\/p>\n<ul>\n<li><span style=\"color: #000000;\"><span style=\"font-family: Calibri; font-size: medium;\">Pistes 0.8km<\/span><\/span><\/li>\n<li><span style=\"color: #000000;\"><span style=\"font-family: Calibri; font-size: medium;\">Temps de marche 10 mn et retour 10 mn<\/span><\/span><\/li>\n<\/ul>\n<p><span style=\"color: #000000; font-family: Calibri; font-size: medium;\">Contourner le Couvent et prendre la piste qui part en direction du sud-est. Plus loin \u00e9viter une piste qui monte vers la droite en direction de la D71\u00a0; Bient\u00f4t la piste qui rentre dans le <strong>village de Cat\u00e9ri<\/strong><\/span><\/p>\n<div id=\"attachment_1650\" style=\"width: 654px\" class=\"wp-caption aligncenter\"><a href=\"http:\/\/www.locationencorse.eu\/blog\/wp-content\/uploads\/2014\/02\/cateri.jpg\" data-rel=\"lightbox-image-4\" data-rl_title=\"\" data-rl_caption=\"\" title=\"\"><img aria-describedby=\"caption-attachment-1650\" decoding=\"async\" loading=\"lazy\" class=\"size-full wp-image-1650\" alt=\"village de cateri\" src=\"http:\/\/www.locationencorse.eu\/blog\/wp-content\/uploads\/2014\/02\/cateri.jpg\" width=\"644\" height=\"474\" srcset=\"https:\/\/www.locationencorse.eu\/blog\/wp-content\/uploads\/2014\/02\/cateri.jpg 644w, https:\/\/www.locationencorse.eu\/blog\/wp-content\/uploads\/2014\/02\/cateri-400x294.jpg 400w\" sizes=\"(max-width: 644px) 100vw, 644px\" \/><\/a><p id=\"caption-attachment-1650\" class=\"wp-caption-text\">village de cateri<\/p><\/div>\n<!-- AddThis Advanced Settings generic via filter on the_content --><!-- AddThis Share Buttons generic via filter on the_content -->","protected":false},"excerpt":{"rendered":"<p>Randonn\u00e9e\u00a0: Lumio \u00e0 Cat\u00e9ri Distance 4km 600 \u00a0+ pistes 2km soit 6km 600 Temps de marche\u00a0 2 heures aller et 1h 50 retour D\u00e9nivel\u00e9es 230 m\u00e8tres\u00a0 (sens Lumio Cat\u00e9ri) \u00a0D\u00e9part Lumio\u00a0: De la place de l\u2019\u00e9glise de Lumio prendre la &hellip; <a href=\"https:\/\/www.locationencorse.eu\/blog\/randonnee-lumio-a-cateri\/\">Continuer la lecture <span class=\"meta-nav\">&rarr;<\/span><\/a><!-- AddThis Advanced Settings generic via filter on get_the_excerpt --><!-- AddThis Share Buttons generic via filter on get_the_excerpt --><\/p>\n","protected":false},"author":2,"featured_media":0,"comment_status":"open","ping_status":"open","sticky":false,"template":"","format":"standard","meta":{"_mi_skip_tracking":false,"_monsterinsights_sitenote_active":false,"_monsterinsights_sitenote_note":"","_monsterinsights_sitenote_category":0,"ngg_post_thumbnail":0,"footnotes":""},"categories":[157,176,160],"tags":[11,55],"yoast_head":"<!-- This site is optimized with the Yoast SEO plugin v21.1 - https:\/\/yoast.com\/wordpress\/plugins\/seo\/ -->\n<title>Randonn\u00e9e : Lumio \u00e0 Cat\u00e9ri - La Corse<\/title>\n<meta name=\"robots\" content=\"index, follow, max-snippet:-1, max-image-preview:large, max-video-preview:-1\" \/>\n<link rel=\"canonical\" href=\"https:\/\/www.locationencorse.eu\/blog\/randonnee-lumio-a-cateri\/\" \/>\n<meta property=\"og:locale\" content=\"fr_FR\" \/>\n<meta property=\"og:type\" content=\"article\" \/>\n<meta property=\"og:title\" content=\"Randonn\u00e9e : Lumio \u00e0 Cat\u00e9ri - La Corse\" \/>\n<meta property=\"og:description\" content=\"Randonn\u00e9e\u00a0: Lumio \u00e0 Cat\u00e9ri Distance 4km 600 \u00a0+ pistes 2km soit 6km 600 Temps de marche\u00a0 2 heures aller et 1h 50 retour D\u00e9nivel\u00e9es 230 m\u00e8tres\u00a0 (sens Lumio Cat\u00e9ri) \u00a0D\u00e9part Lumio\u00a0: De la place de l\u2019\u00e9glise de Lumio prendre la &hellip; Continuer la lecture &rarr;\" \/>\n<meta property=\"og:url\" content=\"https:\/\/www.locationencorse.eu\/blog\/randonnee-lumio-a-cateri\/\" \/>\n<meta property=\"og:site_name\" content=\"La Corse\" \/>\n<meta property=\"article:author\" content=\"https:\/\/www.facebook.com\/locationencorse.eu\/\" \/>\n<meta property=\"article:published_time\" content=\"2014-02-22T06:01:55+00:00\" \/>\n<meta property=\"article:modified_time\" content=\"2014-02-25T06:26:18+00:00\" \/>\n<meta property=\"og:image\" content=\"http:\/\/www.locationencorse.eu\/blog\/wp-content\/uploads\/2014\/02\/vue-calvi.gif\" \/>\n<meta name=\"author\" content=\"Newchallenge\" \/>\n<meta name=\"twitter:label1\" content=\"\u00c9crit par\" \/>\n\t<meta name=\"twitter:data1\" content=\"Newchallenge\" \/>\n\t<meta name=\"twitter:label2\" content=\"Dur\u00e9e de lecture estim\u00e9e\" \/>\n\t<meta name=\"twitter:data2\" content=\"2 minutes\" \/>\n<script type=\"application\/ld+json\" class=\"yoast-schema-graph\">{\"@context\":\"https:\/\/schema.org\",\"@graph\":[{\"@type\":\"WebPage\",\"@id\":\"https:\/\/www.locationencorse.eu\/blog\/randonnee-lumio-a-cateri\/\",\"url\":\"https:\/\/www.locationencorse.eu\/blog\/randonnee-lumio-a-cateri\/\",\"name\":\"Randonn\u00e9e : Lumio \u00e0 Cat\u00e9ri - La Corse\",\"isPartOf\":{\"@id\":\"https:\/\/www.locationencorse.eu\/blog\/#website\"},\"datePublished\":\"2014-02-22T06:01:55+00:00\",\"dateModified\":\"2014-02-25T06:26:18+00:00\",\"author\":{\"@id\":\"https:\/\/www.locationencorse.eu\/blog\/#\/schema\/person\/4aa76a779067073b7500fdabe0a4a51c\"},\"breadcrumb\":{\"@id\":\"https:\/\/www.locationencorse.eu\/blog\/randonnee-lumio-a-cateri\/#breadcrumb\"},\"inLanguage\":\"fr-FR\",\"potentialAction\":[{\"@type\":\"ReadAction\",\"target\":[\"https:\/\/www.locationencorse.eu\/blog\/randonnee-lumio-a-cateri\/\"]}]},{\"@type\":\"BreadcrumbList\",\"@id\":\"https:\/\/www.locationencorse.eu\/blog\/randonnee-lumio-a-cateri\/#breadcrumb\",\"itemListElement\":[{\"@type\":\"ListItem\",\"position\":1,\"name\":\"Accueil\",\"item\":\"https:\/\/www.locationencorse.eu\/blog\/\"},{\"@type\":\"ListItem\",\"position\":2,\"name\":\"Randonn\u00e9e : Lumio \u00e0 Cat\u00e9ri\"}]},{\"@type\":\"WebSite\",\"@id\":\"https:\/\/www.locationencorse.eu\/blog\/#website\",\"url\":\"https:\/\/www.locationencorse.eu\/blog\/\",\"name\":\"La Corse\",\"description\":\"Vacances en Corse sur \u00cele de beaut\u00e9\",\"potentialAction\":[{\"@type\":\"SearchAction\",\"target\":{\"@type\":\"EntryPoint\",\"urlTemplate\":\"https:\/\/www.locationencorse.eu\/blog\/?s={search_term_string}\"},\"query-input\":\"required name=search_term_string\"}],\"inLanguage\":\"fr-FR\"},{\"@type\":\"Person\",\"@id\":\"https:\/\/www.locationencorse.eu\/blog\/#\/schema\/person\/4aa76a779067073b7500fdabe0a4a51c\",\"name\":\"Newchallenge\",\"image\":{\"@type\":\"ImageObject\",\"inLanguage\":\"fr-FR\",\"@id\":\"https:\/\/www.locationencorse.eu\/blog\/#\/schema\/person\/image\/\",\"url\":\"https:\/\/secure.gravatar.com\/avatar\/ad5f2a69d252f48179a77d3cb09e1fa7?s=96&r=g\",\"contentUrl\":\"https:\/\/secure.gravatar.com\/avatar\/ad5f2a69d252f48179a77d3cb09e1fa7?s=96&r=g\",\"caption\":\"Newchallenge\"},\"sameAs\":[\"http:\/\/www.locationencorse.eu\",\"https:\/\/www.facebook.com\/locationencorse.eu\/\"],\"url\":\"https:\/\/www.locationencorse.eu\/blog\/author\/martinenewchallenge-fr\/\"}]}<\/script>\n<!-- \/ Yoast SEO plugin. -->","yoast_head_json":{"title":"Randonn\u00e9e : Lumio \u00e0 Cat\u00e9ri - La Corse","robots":{"index":"index","follow":"follow","max-snippet":"max-snippet:-1","max-image-preview":"max-image-preview:large","max-video-preview":"max-video-preview:-1"},"canonical":"https:\/\/www.locationencorse.eu\/blog\/randonnee-lumio-a-cateri\/","og_locale":"fr_FR","og_type":"article","og_title":"Randonn\u00e9e : Lumio \u00e0 Cat\u00e9ri - La Corse","og_description":"Randonn\u00e9e\u00a0: Lumio \u00e0 Cat\u00e9ri Distance 4km 600 \u00a0+ pistes 2km soit 6km 600 Temps de marche\u00a0 2 heures aller et 1h 50 retour D\u00e9nivel\u00e9es 230 m\u00e8tres\u00a0 (sens Lumio Cat\u00e9ri) \u00a0D\u00e9part Lumio\u00a0: De la place de l\u2019\u00e9glise de Lumio prendre la &hellip; Continuer la lecture &rarr;","og_url":"https:\/\/www.locationencorse.eu\/blog\/randonnee-lumio-a-cateri\/","og_site_name":"La Corse","article_author":"https:\/\/www.facebook.com\/locationencorse.eu\/","article_published_time":"2014-02-22T06:01:55+00:00","article_modified_time":"2014-02-25T06:26:18+00:00","og_image":[{"url":"http:\/\/www.locationencorse.eu\/blog\/wp-content\/uploads\/2014\/02\/vue-calvi.gif"}],"author":"Newchallenge","twitter_misc":{"\u00c9crit par":"Newchallenge","Dur\u00e9e de lecture estim\u00e9e":"2 minutes"},"schema":{"@context":"https:\/\/schema.org","@graph":[{"@type":"WebPage","@id":"https:\/\/www.locationencorse.eu\/blog\/randonnee-lumio-a-cateri\/","url":"https:\/\/www.locationencorse.eu\/blog\/randonnee-lumio-a-cateri\/","name":"Randonn\u00e9e : Lumio \u00e0 Cat\u00e9ri - La Corse","isPartOf":{"@id":"https:\/\/www.locationencorse.eu\/blog\/#website"},"datePublished":"2014-02-22T06:01:55+00:00","dateModified":"2014-02-25T06:26:18+00:00","author":{"@id":"https:\/\/www.locationencorse.eu\/blog\/#\/schema\/person\/4aa76a779067073b7500fdabe0a4a51c"},"breadcrumb":{"@id":"https:\/\/www.locationencorse.eu\/blog\/randonnee-lumio-a-cateri\/#breadcrumb"},"inLanguage":"fr-FR","potentialAction":[{"@type":"ReadAction","target":["https:\/\/www.locationencorse.eu\/blog\/randonnee-lumio-a-cateri\/"]}]},{"@type":"BreadcrumbList","@id":"https:\/\/www.locationencorse.eu\/blog\/randonnee-lumio-a-cateri\/#breadcrumb","itemListElement":[{"@type":"ListItem","position":1,"name":"Accueil","item":"https:\/\/www.locationencorse.eu\/blog\/"},{"@type":"ListItem","position":2,"name":"Randonn\u00e9e : Lumio \u00e0 Cat\u00e9ri"}]},{"@type":"WebSite","@id":"https:\/\/www.locationencorse.eu\/blog\/#website","url":"https:\/\/www.locationencorse.eu\/blog\/","name":"La Corse","description":"Vacances en Corse sur \u00cele de beaut\u00e9","potentialAction":[{"@type":"SearchAction","target":{"@type":"EntryPoint","urlTemplate":"https:\/\/www.locationencorse.eu\/blog\/?s={search_term_string}"},"query-input":"required name=search_term_string"}],"inLanguage":"fr-FR"},{"@type":"Person","@id":"https:\/\/www.locationencorse.eu\/blog\/#\/schema\/person\/4aa76a779067073b7500fdabe0a4a51c","name":"Newchallenge","image":{"@type":"ImageObject","inLanguage":"fr-FR","@id":"https:\/\/www.locationencorse.eu\/blog\/#\/schema\/person\/image\/","url":"https:\/\/secure.gravatar.com\/avatar\/ad5f2a69d252f48179a77d3cb09e1fa7?s=96&r=g","contentUrl":"https:\/\/secure.gravatar.com\/avatar\/ad5f2a69d252f48179a77d3cb09e1fa7?s=96&r=g","caption":"Newchallenge"},"sameAs":["http:\/\/www.locationencorse.eu","https:\/\/www.facebook.com\/locationencorse.eu\/"],"url":"https:\/\/www.locationencorse.eu\/blog\/author\/martinenewchallenge-fr\/"}]}},"jetpack_featured_media_url":"","_links":{"self":[{"href":"https:\/\/www.locationencorse.eu\/blog\/wp-json\/wp\/v2\/posts\/1630"}],"collection":[{"href":"https:\/\/www.locationencorse.eu\/blog\/wp-json\/wp\/v2\/posts"}],"about":[{"href":"https:\/\/www.locationencorse.eu\/blog\/wp-json\/wp\/v2\/types\/post"}],"author":[{"embeddable":true,"href":"https:\/\/www.locationencorse.eu\/blog\/wp-json\/wp\/v2\/users\/2"}],"replies":[{"embeddable":true,"href":"https:\/\/www.locationencorse.eu\/blog\/wp-json\/wp\/v2\/comments?post=1630"}],"version-history":[{"count":18,"href":"https:\/\/www.locationencorse.eu\/blog\/wp-json\/wp\/v2\/posts\/1630\/revisions"}],"predecessor-version":[{"id":1656,"href":"https:\/\/www.locationencorse.eu\/blog\/wp-json\/wp\/v2\/posts\/1630\/revisions\/1656"}],"wp:attachment":[{"href":"https:\/\/www.locationencorse.eu\/blog\/wp-json\/wp\/v2\/media?parent=1630"}],"wp:term":[{"taxonomy":"category","embeddable":true,"href":"https:\/\/www.locationencorse.eu\/blog\/wp-json\/wp\/v2\/categories?post=1630"},{"taxonomy":"post_tag","embeddable":true,"href":"https:\/\/www.locationencorse.eu\/blog\/wp-json\/wp\/v2\/tags?post=1630"}],"curies":[{"name":"wp","href":"https:\/\/api.w.org\/{rel}","templated":true}]}}