{"id":1417,"date":"2014-02-18T08:14:18","date_gmt":"2014-02-18T07:14:18","guid":{"rendered":"http:\/\/www.locationencorse.eu\/blog\/?p=1417"},"modified":"2014-02-27T08:35:27","modified_gmt":"2014-02-27T07:35:27","slug":"lucciana-la-canonica","status":"publish","type":"post","link":"https:\/\/www.locationencorse.eu\/blog\/lucciana-la-canonica\/","title":{"rendered":"Lucciana : La Canonica"},"content":{"rendered":"<p><strong><span style=\"color: #ff6600;\">Lucciana : La Canonica<\/span><\/strong><\/p>\n<p>La Canonica est situ\u00e9e sur la commune de Lucciana et se trouve \u00e0 25 kilom\u00e8tres \u00a0au sud de Bastia, pas tr\u00e8s loin de l\u2019a\u00e9roport.<\/p>\n<p>L\u00e0 sur la D507, se trouve l\u2019ancienne cath\u00e9drale de la Canonica. Majestueuse bien qu\u2019imposante, Santa Maria Assunta est un chef d\u2019\u0153uvre de l\u2019art prisan. Construite en 1190, elle fut la cath\u00e9drale\u00a0 du Dioc\u00e8se de Mariana jusqu\u2019au XVII e si\u00e8cle, date de l\u2019\u00e9dification de la cath\u00e9drale Sainte Marie de Bastia.<\/p>\n<p>La simplicit\u00e9 de son architecture romane est aujourd\u2019hui rehauss\u00e9e des verri\u00e8res sobres de l\u2019artiste Eric Dalbis, on peut y admirer la Sainte D\u00e9vote offerte par S.A.S le prince Rainier III de Monaco en 2003 et un grand Christ en bronze de Marie-Claude Sei-Dominici, peintre et sculpteur contemporain originaire de Lucciana.<\/p>\n<p>Juste \u00a0\u00e0 c\u00f4t\u00e9, on d\u00e9couvre le fabuleux <a title=\"la canonica\" href=\"http:\/\/la3m.cnrs.fr\/pages\/recherche\/axes\/axe-1\/A1_Prog1\/Mariana\/Mariana.php\" target=\"_blank\">site antique de Mariana<\/a>, qui aurait \u00e9t\u00e9 fond\u00e9 en 93 avant J\u00e9sus christ. S\u2019il est mis en partie mis au jour, il a encore de nombreux secrets \u00e0 nous livrer.Les fouilles se poursuivent encore \u00e0 nos jours, \u00a0on peut notamment admirer les vestiges d&rsquo;une ancienne basilique pal\u00e9ochr\u00e9tienne et un baptist\u00e8re. \u00a0. Une visite au c\u0153ur de l\u2019histoire\u2026\u2026<\/p>\n<p><em>Photo de nice matin corse:<\/em><\/p>\n<p><a href=\"http:\/\/www.locationencorse.eu\/blog\/wp-content\/uploads\/2014\/02\/17009615.jpg\" data-rel=\"lightbox-image-0\" data-rl_title=\"\" data-rl_caption=\"\" title=\"\"><img decoding=\"async\" loading=\"lazy\" class=\"aligncenter size-full wp-image-1423\" alt=\"photo la canonica de nice matin corse\" src=\"http:\/\/www.locationencorse.eu\/blog\/wp-content\/uploads\/2014\/02\/17009615.jpg\" width=\"500\" height=\"334\" srcset=\"https:\/\/www.locationencorse.eu\/blog\/wp-content\/uploads\/2014\/02\/17009615.jpg 500w, https:\/\/www.locationencorse.eu\/blog\/wp-content\/uploads\/2014\/02\/17009615-400x267.jpg 400w\" sizes=\"(max-width: 500px) 100vw, 500px\" \/><\/a><\/p>\n<p><strong>Au mois de Mai\u00a0:<\/strong><\/p>\n<p>Connue depuis plus d&rsquo;un si\u00e8cle, A Fiera\u00a0di A Canonica\u00a0in Lucciana s&rsquo;inscrit d\u00e9sormais dans le droit fil des manifestations traditionnelles et populaires de Corse qui,\u00a0 de tout temps, ont associ\u00e9 ferveur et tradition. C&rsquo;est avant tout de cette identit\u00e9 attest\u00e9e que sa c\u00e9l\u00e9bration annuelle lors du week end de Pentec\u00f4te entend perp\u00e9tuer le t\u00e9moignage.<\/p>\n<p>A retenir que Lucciana-Mariana\u00a0 se situe au carrefour des principaux axes routiers, menant au sud et au c\u0153ur de l\u2019\u00eele. Cette situation privil\u00e9gi\u00e9e fait que les principales destinations touristiques de la Corse, sont ici accessibles en des d\u00e9lais raisonnables de transit. Proche aussi du Lido de la Marana, haut lieu touristique\u00a0 de la r\u00e9gion Bastiaise.<\/p>\n<p><strong>O\u00f9 loger?<\/strong><\/p>\n<p>Une <a title=\"location lucciana\" href=\"http:\/\/www.locationencorse.eu\/locations\/lucciana\/location-villa-en-corse-27\" target=\"_blank\">villa \u00e0 lucciana<\/a> \u00e0 100 m\u00e8tres de la mer pour 6 personnes tout confort.<\/p>\n<p>Vous appr\u00e9cierez le calme, une <a title=\"viia lido de la marana\" href=\"http:\/\/www.locationencorse.eu\/locations\/lucciana\/location-villa-en-corse-1\/\">villa bord de mer \u00e0 Lucciana sur le lido de la Maranica<\/a>, \u00a0avec un grand jardin et une jolie piscine pour + de 10 personnes,\u00a0\u00e0 300 m de la plage. Il y a aussi un studio ind\u00e9pendant id\u00e9al pour des ados ou ceux qui d\u00e9sirent roucouler paisiblement.<\/p>\n<!-- AddThis Advanced Settings generic via filter on the_content --><!-- AddThis Share Buttons generic via filter on the_content -->","protected":false},"excerpt":{"rendered":"<p>Lucciana : La Canonica La Canonica est situ\u00e9e sur la commune de Lucciana et se trouve \u00e0 25 kilom\u00e8tres \u00a0au sud de Bastia, pas tr\u00e8s loin de l\u2019a\u00e9roport. L\u00e0 sur la D507, se trouve l\u2019ancienne cath\u00e9drale de la Canonica. Majestueuse &hellip; <a href=\"https:\/\/www.locationencorse.eu\/blog\/lucciana-la-canonica\/\">Continuer la lecture <span class=\"meta-nav\">&rarr;<\/span><\/a><!-- AddThis Advanced Settings generic via filter on get_the_excerpt --><!-- AddThis Share Buttons generic via filter on get_the_excerpt --><\/p>\n","protected":false},"author":2,"featured_media":0,"comment_status":"open","ping_status":"open","sticky":false,"template":"","format":"standard","meta":{"_mi_skip_tracking":false,"_monsterinsights_sitenote_active":false,"_monsterinsights_sitenote_note":"","_monsterinsights_sitenote_category":0,"ngg_post_thumbnail":0,"footnotes":""},"categories":[157,190,177,8],"tags":[139,140,138],"yoast_head":"<!-- This site is optimized with the Yoast SEO plugin v21.1 - https:\/\/yoast.com\/wordpress\/plugins\/seo\/ -->\n<title>Lucciana : La Canonica - La Corse<\/title>\n<meta name=\"robots\" content=\"index, follow, max-snippet:-1, max-image-preview:large, max-video-preview:-1\" \/>\n<link rel=\"canonical\" href=\"https:\/\/www.locationencorse.eu\/blog\/lucciana-la-canonica\/\" \/>\n<meta property=\"og:locale\" content=\"fr_FR\" \/>\n<meta property=\"og:type\" content=\"article\" \/>\n<meta property=\"og:title\" content=\"Lucciana : La Canonica - La Corse\" \/>\n<meta property=\"og:description\" content=\"Lucciana : La Canonica La Canonica est situ\u00e9e sur la commune de Lucciana et se trouve \u00e0 25 kilom\u00e8tres \u00a0au sud de Bastia, pas tr\u00e8s loin de l\u2019a\u00e9roport. L\u00e0 sur la D507, se trouve l\u2019ancienne cath\u00e9drale de la Canonica. Majestueuse &hellip; Continuer la lecture &rarr;\" \/>\n<meta property=\"og:url\" content=\"https:\/\/www.locationencorse.eu\/blog\/lucciana-la-canonica\/\" \/>\n<meta property=\"og:site_name\" content=\"La Corse\" \/>\n<meta property=\"article:author\" content=\"https:\/\/www.facebook.com\/locationencorse.eu\/\" \/>\n<meta property=\"article:published_time\" content=\"2014-02-18T07:14:18+00:00\" \/>\n<meta property=\"article:modified_time\" content=\"2014-02-27T07:35:27+00:00\" \/>\n<meta property=\"og:image\" content=\"http:\/\/www.locationencorse.eu\/blog\/wp-content\/uploads\/2014\/02\/17009615.jpg\" \/>\n<meta name=\"author\" content=\"Newchallenge\" \/>\n<meta name=\"twitter:label1\" content=\"\u00c9crit par\" \/>\n\t<meta name=\"twitter:data1\" content=\"Newchallenge\" \/>\n\t<meta name=\"twitter:label2\" content=\"Dur\u00e9e de lecture estim\u00e9e\" \/>\n\t<meta name=\"twitter:data2\" content=\"2 minutes\" \/>\n<script type=\"application\/ld+json\" class=\"yoast-schema-graph\">{\"@context\":\"https:\/\/schema.org\",\"@graph\":[{\"@type\":\"WebPage\",\"@id\":\"https:\/\/www.locationencorse.eu\/blog\/lucciana-la-canonica\/\",\"url\":\"https:\/\/www.locationencorse.eu\/blog\/lucciana-la-canonica\/\",\"name\":\"Lucciana : La Canonica - La Corse\",\"isPartOf\":{\"@id\":\"https:\/\/www.locationencorse.eu\/blog\/#website\"},\"datePublished\":\"2014-02-18T07:14:18+00:00\",\"dateModified\":\"2014-02-27T07:35:27+00:00\",\"author\":{\"@id\":\"https:\/\/www.locationencorse.eu\/blog\/#\/schema\/person\/4aa76a779067073b7500fdabe0a4a51c\"},\"breadcrumb\":{\"@id\":\"https:\/\/www.locationencorse.eu\/blog\/lucciana-la-canonica\/#breadcrumb\"},\"inLanguage\":\"fr-FR\",\"potentialAction\":[{\"@type\":\"ReadAction\",\"target\":[\"https:\/\/www.locationencorse.eu\/blog\/lucciana-la-canonica\/\"]}]},{\"@type\":\"BreadcrumbList\",\"@id\":\"https:\/\/www.locationencorse.eu\/blog\/lucciana-la-canonica\/#breadcrumb\",\"itemListElement\":[{\"@type\":\"ListItem\",\"position\":1,\"name\":\"Accueil\",\"item\":\"https:\/\/www.locationencorse.eu\/blog\/\"},{\"@type\":\"ListItem\",\"position\":2,\"name\":\"Lucciana : La Canonica\"}]},{\"@type\":\"WebSite\",\"@id\":\"https:\/\/www.locationencorse.eu\/blog\/#website\",\"url\":\"https:\/\/www.locationencorse.eu\/blog\/\",\"name\":\"La Corse\",\"description\":\"Vacances en Corse sur \u00cele de beaut\u00e9\",\"potentialAction\":[{\"@type\":\"SearchAction\",\"target\":{\"@type\":\"EntryPoint\",\"urlTemplate\":\"https:\/\/www.locationencorse.eu\/blog\/?s={search_term_string}\"},\"query-input\":\"required name=search_term_string\"}],\"inLanguage\":\"fr-FR\"},{\"@type\":\"Person\",\"@id\":\"https:\/\/www.locationencorse.eu\/blog\/#\/schema\/person\/4aa76a779067073b7500fdabe0a4a51c\",\"name\":\"Newchallenge\",\"image\":{\"@type\":\"ImageObject\",\"inLanguage\":\"fr-FR\",\"@id\":\"https:\/\/www.locationencorse.eu\/blog\/#\/schema\/person\/image\/\",\"url\":\"https:\/\/secure.gravatar.com\/avatar\/ad5f2a69d252f48179a77d3cb09e1fa7?s=96&r=g\",\"contentUrl\":\"https:\/\/secure.gravatar.com\/avatar\/ad5f2a69d252f48179a77d3cb09e1fa7?s=96&r=g\",\"caption\":\"Newchallenge\"},\"sameAs\":[\"http:\/\/www.locationencorse.eu\",\"https:\/\/www.facebook.com\/locationencorse.eu\/\"],\"url\":\"https:\/\/www.locationencorse.eu\/blog\/author\/martinenewchallenge-fr\/\"}]}<\/script>\n<!-- \/ Yoast SEO plugin. -->","yoast_head_json":{"title":"Lucciana : La Canonica - La Corse","robots":{"index":"index","follow":"follow","max-snippet":"max-snippet:-1","max-image-preview":"max-image-preview:large","max-video-preview":"max-video-preview:-1"},"canonical":"https:\/\/www.locationencorse.eu\/blog\/lucciana-la-canonica\/","og_locale":"fr_FR","og_type":"article","og_title":"Lucciana : La Canonica - La Corse","og_description":"Lucciana : La Canonica La Canonica est situ\u00e9e sur la commune de Lucciana et se trouve \u00e0 25 kilom\u00e8tres \u00a0au sud de Bastia, pas tr\u00e8s loin de l\u2019a\u00e9roport. L\u00e0 sur la D507, se trouve l\u2019ancienne cath\u00e9drale de la Canonica. Majestueuse &hellip; Continuer la lecture &rarr;","og_url":"https:\/\/www.locationencorse.eu\/blog\/lucciana-la-canonica\/","og_site_name":"La Corse","article_author":"https:\/\/www.facebook.com\/locationencorse.eu\/","article_published_time":"2014-02-18T07:14:18+00:00","article_modified_time":"2014-02-27T07:35:27+00:00","og_image":[{"url":"http:\/\/www.locationencorse.eu\/blog\/wp-content\/uploads\/2014\/02\/17009615.jpg"}],"author":"Newchallenge","twitter_misc":{"\u00c9crit par":"Newchallenge","Dur\u00e9e de lecture estim\u00e9e":"2 minutes"},"schema":{"@context":"https:\/\/schema.org","@graph":[{"@type":"WebPage","@id":"https:\/\/www.locationencorse.eu\/blog\/lucciana-la-canonica\/","url":"https:\/\/www.locationencorse.eu\/blog\/lucciana-la-canonica\/","name":"Lucciana : La Canonica - La Corse","isPartOf":{"@id":"https:\/\/www.locationencorse.eu\/blog\/#website"},"datePublished":"2014-02-18T07:14:18+00:00","dateModified":"2014-02-27T07:35:27+00:00","author":{"@id":"https:\/\/www.locationencorse.eu\/blog\/#\/schema\/person\/4aa76a779067073b7500fdabe0a4a51c"},"breadcrumb":{"@id":"https:\/\/www.locationencorse.eu\/blog\/lucciana-la-canonica\/#breadcrumb"},"inLanguage":"fr-FR","potentialAction":[{"@type":"ReadAction","target":["https:\/\/www.locationencorse.eu\/blog\/lucciana-la-canonica\/"]}]},{"@type":"BreadcrumbList","@id":"https:\/\/www.locationencorse.eu\/blog\/lucciana-la-canonica\/#breadcrumb","itemListElement":[{"@type":"ListItem","position":1,"name":"Accueil","item":"https:\/\/www.locationencorse.eu\/blog\/"},{"@type":"ListItem","position":2,"name":"Lucciana : La Canonica"}]},{"@type":"WebSite","@id":"https:\/\/www.locationencorse.eu\/blog\/#website","url":"https:\/\/www.locationencorse.eu\/blog\/","name":"La Corse","description":"Vacances en Corse sur \u00cele de beaut\u00e9","potentialAction":[{"@type":"SearchAction","target":{"@type":"EntryPoint","urlTemplate":"https:\/\/www.locationencorse.eu\/blog\/?s={search_term_string}"},"query-input":"required name=search_term_string"}],"inLanguage":"fr-FR"},{"@type":"Person","@id":"https:\/\/www.locationencorse.eu\/blog\/#\/schema\/person\/4aa76a779067073b7500fdabe0a4a51c","name":"Newchallenge","image":{"@type":"ImageObject","inLanguage":"fr-FR","@id":"https:\/\/www.locationencorse.eu\/blog\/#\/schema\/person\/image\/","url":"https:\/\/secure.gravatar.com\/avatar\/ad5f2a69d252f48179a77d3cb09e1fa7?s=96&r=g","contentUrl":"https:\/\/secure.gravatar.com\/avatar\/ad5f2a69d252f48179a77d3cb09e1fa7?s=96&r=g","caption":"Newchallenge"},"sameAs":["http:\/\/www.locationencorse.eu","https:\/\/www.facebook.com\/locationencorse.eu\/"],"url":"https:\/\/www.locationencorse.eu\/blog\/author\/martinenewchallenge-fr\/"}]}},"jetpack_featured_media_url":"","_links":{"self":[{"href":"https:\/\/www.locationencorse.eu\/blog\/wp-json\/wp\/v2\/posts\/1417"}],"collection":[{"href":"https:\/\/www.locationencorse.eu\/blog\/wp-json\/wp\/v2\/posts"}],"about":[{"href":"https:\/\/www.locationencorse.eu\/blog\/wp-json\/wp\/v2\/types\/post"}],"author":[{"embeddable":true,"href":"https:\/\/www.locationencorse.eu\/blog\/wp-json\/wp\/v2\/users\/2"}],"replies":[{"embeddable":true,"href":"https:\/\/www.locationencorse.eu\/blog\/wp-json\/wp\/v2\/comments?post=1417"}],"version-history":[{"count":22,"href":"https:\/\/www.locationencorse.eu\/blog\/wp-json\/wp\/v2\/posts\/1417\/revisions"}],"predecessor-version":[{"id":2023,"href":"https:\/\/www.locationencorse.eu\/blog\/wp-json\/wp\/v2\/posts\/1417\/revisions\/2023"}],"wp:attachment":[{"href":"https:\/\/www.locationencorse.eu\/blog\/wp-json\/wp\/v2\/media?parent=1417"}],"wp:term":[{"taxonomy":"category","embeddable":true,"href":"https:\/\/www.locationencorse.eu\/blog\/wp-json\/wp\/v2\/categories?post=1417"},{"taxonomy":"post_tag","embeddable":true,"href":"https:\/\/www.locationencorse.eu\/blog\/wp-json\/wp\/v2\/tags?post=1417"}],"curies":[{"name":"wp","href":"https:\/\/api.w.org\/{rel}","templated":true}]}}