{"id":1149,"date":"2014-02-10T18:58:05","date_gmt":"2014-02-10T17:58:05","guid":{"rendered":"http:\/\/www.locationencorse.eu\/blog\/?p=1149"},"modified":"2020-03-05T13:53:02","modified_gmt":"2020-03-05T12:53:02","slug":"intemperie-du-10-fevrier-2014-sur-la-corse","status":"publish","type":"post","link":"https:\/\/www.locationencorse.eu\/blog\/intemperie-du-10-fevrier-2014-sur-la-corse\/","title":{"rendered":"Intemp\u00e9ries du 10 F\u00e9vrier 2014 sur la Corse"},"content":{"rendered":"<p>Les intemp\u00e9ries du 10 F\u00e9vrier 2014 sur la Corse, un \u00e9v\u00e9nement climatique exceptionnel&nbsp; &nbsp;jamais vu en Corse avec des inondations de maisons et commerces avec des mont\u00e9es d&rsquo;eau jusqu&rsquo;\u00e0 1 m\u00e8tre.<br \/>\nPhotos prisent sur Facebook.<\/p>\n<p>Porto le 10 f\u00e9vrier 2014<\/p>\n<p><a href=\"http:\/\/www.locationencorse.eu\/blog\/wp-content\/uploads\/2014\/02\/02-800x534.jpg\" data-rel=\"lightbox-image-0\" data-rl_title=\"\" data-rl_caption=\"\" title=\"\"><img decoding=\"async\" loading=\"lazy\" class=\"aligncenter size-full wp-image-1159\" src=\"http:\/\/www.locationencorse.eu\/blog\/wp-content\/uploads\/2014\/02\/02-800x534.jpg\" alt=\"02 (800x534)\" width=\"800\" height=\"534\" srcset=\"https:\/\/www.locationencorse.eu\/blog\/wp-content\/uploads\/2014\/02\/02-800x534.jpg 800w, https:\/\/www.locationencorse.eu\/blog\/wp-content\/uploads\/2014\/02\/02-800x534-400x267.jpg 400w\" sizes=\"(max-width: 800px) 100vw, 800px\" \/><\/a> <a href=\"http:\/\/www.locationencorse.eu\/blog\/wp-content\/uploads\/2014\/02\/03-800x534.jpg\" data-rel=\"lightbox-image-1\" data-rl_title=\"\" data-rl_caption=\"\" title=\"\"><img decoding=\"async\" loading=\"lazy\" class=\"aligncenter size-full wp-image-1160\" src=\"http:\/\/www.locationencorse.eu\/blog\/wp-content\/uploads\/2014\/02\/03-800x534.jpg\" alt=\"03 (800x534)\" width=\"800\" height=\"534\" srcset=\"https:\/\/www.locationencorse.eu\/blog\/wp-content\/uploads\/2014\/02\/03-800x534.jpg 800w, https:\/\/www.locationencorse.eu\/blog\/wp-content\/uploads\/2014\/02\/03-800x534-400x267.jpg 400w\" sizes=\"(max-width: 800px) 100vw, 800px\" \/><\/a> <a href=\"http:\/\/www.locationencorse.eu\/blog\/wp-content\/uploads\/2014\/02\/04-800x534.jpg\" data-rel=\"lightbox-image-2\" data-rl_title=\"\" data-rl_caption=\"\" title=\"\"><img decoding=\"async\" loading=\"lazy\" class=\"aligncenter size-full wp-image-1161\" src=\"http:\/\/www.locationencorse.eu\/blog\/wp-content\/uploads\/2014\/02\/04-800x534.jpg\" alt=\"04 (800x534)\" width=\"800\" height=\"534\" srcset=\"https:\/\/www.locationencorse.eu\/blog\/wp-content\/uploads\/2014\/02\/04-800x534.jpg 800w, https:\/\/www.locationencorse.eu\/blog\/wp-content\/uploads\/2014\/02\/04-800x534-400x267.jpg 400w\" sizes=\"(max-width: 800px) 100vw, 800px\" \/><\/a> <a href=\"http:\/\/www.locationencorse.eu\/blog\/wp-content\/uploads\/2014\/02\/la-gravona-768x575.jpg\" data-rel=\"lightbox-image-3\" data-rl_title=\"\" data-rl_caption=\"\" title=\"\"><img decoding=\"async\" loading=\"lazy\" class=\"aligncenter size-full wp-image-1162\" src=\"http:\/\/www.locationencorse.eu\/blog\/wp-content\/uploads\/2014\/02\/la-gravona-768x575.jpg\" alt=\"la gravona (768x575)\" width=\"768\" height=\"575\" srcset=\"https:\/\/www.locationencorse.eu\/blog\/wp-content\/uploads\/2014\/02\/la-gravona-768x575.jpg 768w, https:\/\/www.locationencorse.eu\/blog\/wp-content\/uploads\/2014\/02\/la-gravona-768x575-400x299.jpg 400w\" sizes=\"(max-width: 768px) 100vw, 768px\" \/><\/a> <a href=\"http:\/\/www.locationencorse.eu\/blog\/wp-content\/uploads\/2014\/02\/porto-640x478.jpg\" data-rel=\"lightbox-image-4\" data-rl_title=\"\" data-rl_caption=\"\" title=\"\"><img decoding=\"async\" loading=\"lazy\" class=\"aligncenter size-full wp-image-1164\" src=\"http:\/\/www.locationencorse.eu\/blog\/wp-content\/uploads\/2014\/02\/porto-640x478.jpg\" alt=\"porto (640x478)\" width=\"640\" height=\"478\" srcset=\"https:\/\/www.locationencorse.eu\/blog\/wp-content\/uploads\/2014\/02\/porto-640x478.jpg 640w, https:\/\/www.locationencorse.eu\/blog\/wp-content\/uploads\/2014\/02\/porto-640x478-400x298.jpg 400w\" sizes=\"(max-width: 640px) 100vw, 640px\" \/><\/a> <a href=\"http:\/\/www.locationencorse.eu\/blog\/wp-content\/uploads\/2014\/02\/porto2-480x360.jpg\" data-rel=\"lightbox-image-5\" data-rl_title=\"\" data-rl_caption=\"\" title=\"\"><img decoding=\"async\" loading=\"lazy\" class=\"aligncenter size-full wp-image-1165\" src=\"http:\/\/www.locationencorse.eu\/blog\/wp-content\/uploads\/2014\/02\/porto2-480x360.jpg\" alt=\"porto2 (480x360)\" width=\"480\" height=\"360\" srcset=\"https:\/\/www.locationencorse.eu\/blog\/wp-content\/uploads\/2014\/02\/porto2-480x360.jpg 480w, https:\/\/www.locationencorse.eu\/blog\/wp-content\/uploads\/2014\/02\/porto2-480x360-400x300.jpg 400w\" sizes=\"(max-width: 480px) 100vw, 480px\" \/><\/a><\/p>\n<!-- AddThis Advanced Settings generic via filter on the_content --><!-- AddThis Share Buttons generic via filter on the_content -->","protected":false},"excerpt":{"rendered":"<p>Les intemp\u00e9ries du 10 F\u00e9vrier 2014 sur la Corse, un \u00e9v\u00e9nement climatique exceptionnel&nbsp; &nbsp;jamais vu en Corse avec des inondations de maisons et commerces avec des mont\u00e9es d&rsquo;eau jusqu&rsquo;\u00e0 1 m\u00e8tre. Photos prisent sur Facebook. Porto le 10 f\u00e9vrier 2014<!-- AddThis Advanced Settings generic via filter on get_the_excerpt --><!-- AddThis Share Buttons generic via filter on get_the_excerpt --><\/p>\n","protected":false},"author":2,"featured_media":0,"comment_status":"open","ping_status":"open","sticky":false,"template":"","format":"standard","meta":{"_mi_skip_tracking":false,"_monsterinsights_sitenote_active":false,"_monsterinsights_sitenote_note":"","_monsterinsights_sitenote_category":0,"ngg_post_thumbnail":0,"footnotes":""},"categories":[184,157],"tags":[109],"yoast_head":"<!-- This site is optimized with the Yoast SEO plugin v21.1 - https:\/\/yoast.com\/wordpress\/plugins\/seo\/ -->\n<title>Intemp\u00e9ries du 10 F\u00e9vrier 2014 sur la Corse - La Corse<\/title>\n<meta name=\"description\" content=\"Intemp\u00e9ries du 10 F\u00e9vrier 2014 sur la Corse, des pluies diluviennes se sont abattues sur la Corse cr\u00e9ant des inondations de 0, \u00e0 1 m de haut.\" \/>\n<meta name=\"robots\" content=\"index, follow, max-snippet:-1, max-image-preview:large, max-video-preview:-1\" \/>\n<link rel=\"canonical\" href=\"https:\/\/www.locationencorse.eu\/blog\/intemperie-du-10-fevrier-2014-sur-la-corse\/\" \/>\n<meta property=\"og:locale\" content=\"fr_FR\" \/>\n<meta property=\"og:type\" content=\"article\" \/>\n<meta property=\"og:title\" content=\"Intemp\u00e9ries du 10 F\u00e9vrier 2014 sur la Corse - La Corse\" \/>\n<meta property=\"og:description\" content=\"Intemp\u00e9ries du 10 F\u00e9vrier 2014 sur la Corse, des pluies diluviennes se sont abattues sur la Corse cr\u00e9ant des inondations de 0, \u00e0 1 m de haut.\" \/>\n<meta property=\"og:url\" content=\"https:\/\/www.locationencorse.eu\/blog\/intemperie-du-10-fevrier-2014-sur-la-corse\/\" \/>\n<meta property=\"og:site_name\" content=\"La Corse\" \/>\n<meta property=\"article:author\" content=\"https:\/\/www.facebook.com\/locationencorse.eu\/\" \/>\n<meta property=\"article:published_time\" content=\"2014-02-10T17:58:05+00:00\" \/>\n<meta property=\"article:modified_time\" content=\"2020-03-05T12:53:02+00:00\" \/>\n<meta property=\"og:image\" content=\"http:\/\/www.locationencorse.eu\/blog\/wp-content\/uploads\/2014\/02\/02-800x534.jpg\" \/>\n<meta name=\"author\" content=\"Newchallenge\" \/>\n<meta name=\"twitter:label1\" content=\"\u00c9crit par\" \/>\n\t<meta name=\"twitter:data1\" content=\"Newchallenge\" \/>\n<script type=\"application\/ld+json\" class=\"yoast-schema-graph\">{\"@context\":\"https:\/\/schema.org\",\"@graph\":[{\"@type\":\"WebPage\",\"@id\":\"https:\/\/www.locationencorse.eu\/blog\/intemperie-du-10-fevrier-2014-sur-la-corse\/\",\"url\":\"https:\/\/www.locationencorse.eu\/blog\/intemperie-du-10-fevrier-2014-sur-la-corse\/\",\"name\":\"Intemp\u00e9ries du 10 F\u00e9vrier 2014 sur la Corse - La Corse\",\"isPartOf\":{\"@id\":\"https:\/\/www.locationencorse.eu\/blog\/#website\"},\"datePublished\":\"2014-02-10T17:58:05+00:00\",\"dateModified\":\"2020-03-05T12:53:02+00:00\",\"author\":{\"@id\":\"https:\/\/www.locationencorse.eu\/blog\/#\/schema\/person\/4aa76a779067073b7500fdabe0a4a51c\"},\"description\":\"Intemp\u00e9ries du 10 F\u00e9vrier 2014 sur la Corse, des pluies diluviennes se sont abattues sur la Corse cr\u00e9ant des inondations de 0, \u00e0 1 m de haut.\",\"breadcrumb\":{\"@id\":\"https:\/\/www.locationencorse.eu\/blog\/intemperie-du-10-fevrier-2014-sur-la-corse\/#breadcrumb\"},\"inLanguage\":\"fr-FR\",\"potentialAction\":[{\"@type\":\"ReadAction\",\"target\":[\"https:\/\/www.locationencorse.eu\/blog\/intemperie-du-10-fevrier-2014-sur-la-corse\/\"]}]},{\"@type\":\"BreadcrumbList\",\"@id\":\"https:\/\/www.locationencorse.eu\/blog\/intemperie-du-10-fevrier-2014-sur-la-corse\/#breadcrumb\",\"itemListElement\":[{\"@type\":\"ListItem\",\"position\":1,\"name\":\"Accueil\",\"item\":\"https:\/\/www.locationencorse.eu\/blog\/\"},{\"@type\":\"ListItem\",\"position\":2,\"name\":\"Intemp\u00e9ries du 10 F\u00e9vrier 2014 sur la Corse\"}]},{\"@type\":\"WebSite\",\"@id\":\"https:\/\/www.locationencorse.eu\/blog\/#website\",\"url\":\"https:\/\/www.locationencorse.eu\/blog\/\",\"name\":\"La Corse\",\"description\":\"Vacances en Corse sur \u00cele de beaut\u00e9\",\"potentialAction\":[{\"@type\":\"SearchAction\",\"target\":{\"@type\":\"EntryPoint\",\"urlTemplate\":\"https:\/\/www.locationencorse.eu\/blog\/?s={search_term_string}\"},\"query-input\":\"required name=search_term_string\"}],\"inLanguage\":\"fr-FR\"},{\"@type\":\"Person\",\"@id\":\"https:\/\/www.locationencorse.eu\/blog\/#\/schema\/person\/4aa76a779067073b7500fdabe0a4a51c\",\"name\":\"Newchallenge\",\"image\":{\"@type\":\"ImageObject\",\"inLanguage\":\"fr-FR\",\"@id\":\"https:\/\/www.locationencorse.eu\/blog\/#\/schema\/person\/image\/\",\"url\":\"https:\/\/secure.gravatar.com\/avatar\/ad5f2a69d252f48179a77d3cb09e1fa7?s=96&r=g\",\"contentUrl\":\"https:\/\/secure.gravatar.com\/avatar\/ad5f2a69d252f48179a77d3cb09e1fa7?s=96&r=g\",\"caption\":\"Newchallenge\"},\"sameAs\":[\"http:\/\/www.locationencorse.eu\",\"https:\/\/www.facebook.com\/locationencorse.eu\/\"],\"url\":\"https:\/\/www.locationencorse.eu\/blog\/author\/martinenewchallenge-fr\/\"}]}<\/script>\n<!-- \/ Yoast SEO plugin. -->","yoast_head_json":{"title":"Intemp\u00e9ries du 10 F\u00e9vrier 2014 sur la Corse - La Corse","description":"Intemp\u00e9ries du 10 F\u00e9vrier 2014 sur la Corse, des pluies diluviennes se sont abattues sur la Corse cr\u00e9ant des inondations de 0, \u00e0 1 m de haut.","robots":{"index":"index","follow":"follow","max-snippet":"max-snippet:-1","max-image-preview":"max-image-preview:large","max-video-preview":"max-video-preview:-1"},"canonical":"https:\/\/www.locationencorse.eu\/blog\/intemperie-du-10-fevrier-2014-sur-la-corse\/","og_locale":"fr_FR","og_type":"article","og_title":"Intemp\u00e9ries du 10 F\u00e9vrier 2014 sur la Corse - La Corse","og_description":"Intemp\u00e9ries du 10 F\u00e9vrier 2014 sur la Corse, des pluies diluviennes se sont abattues sur la Corse cr\u00e9ant des inondations de 0, \u00e0 1 m de haut.","og_url":"https:\/\/www.locationencorse.eu\/blog\/intemperie-du-10-fevrier-2014-sur-la-corse\/","og_site_name":"La Corse","article_author":"https:\/\/www.facebook.com\/locationencorse.eu\/","article_published_time":"2014-02-10T17:58:05+00:00","article_modified_time":"2020-03-05T12:53:02+00:00","og_image":[{"url":"http:\/\/www.locationencorse.eu\/blog\/wp-content\/uploads\/2014\/02\/02-800x534.jpg"}],"author":"Newchallenge","twitter_misc":{"\u00c9crit par":"Newchallenge"},"schema":{"@context":"https:\/\/schema.org","@graph":[{"@type":"WebPage","@id":"https:\/\/www.locationencorse.eu\/blog\/intemperie-du-10-fevrier-2014-sur-la-corse\/","url":"https:\/\/www.locationencorse.eu\/blog\/intemperie-du-10-fevrier-2014-sur-la-corse\/","name":"Intemp\u00e9ries du 10 F\u00e9vrier 2014 sur la Corse - La Corse","isPartOf":{"@id":"https:\/\/www.locationencorse.eu\/blog\/#website"},"datePublished":"2014-02-10T17:58:05+00:00","dateModified":"2020-03-05T12:53:02+00:00","author":{"@id":"https:\/\/www.locationencorse.eu\/blog\/#\/schema\/person\/4aa76a779067073b7500fdabe0a4a51c"},"description":"Intemp\u00e9ries du 10 F\u00e9vrier 2014 sur la Corse, des pluies diluviennes se sont abattues sur la Corse cr\u00e9ant des inondations de 0, \u00e0 1 m de haut.","breadcrumb":{"@id":"https:\/\/www.locationencorse.eu\/blog\/intemperie-du-10-fevrier-2014-sur-la-corse\/#breadcrumb"},"inLanguage":"fr-FR","potentialAction":[{"@type":"ReadAction","target":["https:\/\/www.locationencorse.eu\/blog\/intemperie-du-10-fevrier-2014-sur-la-corse\/"]}]},{"@type":"BreadcrumbList","@id":"https:\/\/www.locationencorse.eu\/blog\/intemperie-du-10-fevrier-2014-sur-la-corse\/#breadcrumb","itemListElement":[{"@type":"ListItem","position":1,"name":"Accueil","item":"https:\/\/www.locationencorse.eu\/blog\/"},{"@type":"ListItem","position":2,"name":"Intemp\u00e9ries du 10 F\u00e9vrier 2014 sur la Corse"}]},{"@type":"WebSite","@id":"https:\/\/www.locationencorse.eu\/blog\/#website","url":"https:\/\/www.locationencorse.eu\/blog\/","name":"La Corse","description":"Vacances en Corse sur \u00cele de beaut\u00e9","potentialAction":[{"@type":"SearchAction","target":{"@type":"EntryPoint","urlTemplate":"https:\/\/www.locationencorse.eu\/blog\/?s={search_term_string}"},"query-input":"required name=search_term_string"}],"inLanguage":"fr-FR"},{"@type":"Person","@id":"https:\/\/www.locationencorse.eu\/blog\/#\/schema\/person\/4aa76a779067073b7500fdabe0a4a51c","name":"Newchallenge","image":{"@type":"ImageObject","inLanguage":"fr-FR","@id":"https:\/\/www.locationencorse.eu\/blog\/#\/schema\/person\/image\/","url":"https:\/\/secure.gravatar.com\/avatar\/ad5f2a69d252f48179a77d3cb09e1fa7?s=96&r=g","contentUrl":"https:\/\/secure.gravatar.com\/avatar\/ad5f2a69d252f48179a77d3cb09e1fa7?s=96&r=g","caption":"Newchallenge"},"sameAs":["http:\/\/www.locationencorse.eu","https:\/\/www.facebook.com\/locationencorse.eu\/"],"url":"https:\/\/www.locationencorse.eu\/blog\/author\/martinenewchallenge-fr\/"}]}},"jetpack_featured_media_url":"","_links":{"self":[{"href":"https:\/\/www.locationencorse.eu\/blog\/wp-json\/wp\/v2\/posts\/1149"}],"collection":[{"href":"https:\/\/www.locationencorse.eu\/blog\/wp-json\/wp\/v2\/posts"}],"about":[{"href":"https:\/\/www.locationencorse.eu\/blog\/wp-json\/wp\/v2\/types\/post"}],"author":[{"embeddable":true,"href":"https:\/\/www.locationencorse.eu\/blog\/wp-json\/wp\/v2\/users\/2"}],"replies":[{"embeddable":true,"href":"https:\/\/www.locationencorse.eu\/blog\/wp-json\/wp\/v2\/comments?post=1149"}],"version-history":[{"count":6,"href":"https:\/\/www.locationencorse.eu\/blog\/wp-json\/wp\/v2\/posts\/1149\/revisions"}],"predecessor-version":[{"id":7658,"href":"https:\/\/www.locationencorse.eu\/blog\/wp-json\/wp\/v2\/posts\/1149\/revisions\/7658"}],"wp:attachment":[{"href":"https:\/\/www.locationencorse.eu\/blog\/wp-json\/wp\/v2\/media?parent=1149"}],"wp:term":[{"taxonomy":"category","embeddable":true,"href":"https:\/\/www.locationencorse.eu\/blog\/wp-json\/wp\/v2\/categories?post=1149"},{"taxonomy":"post_tag","embeddable":true,"href":"https:\/\/www.locationencorse.eu\/blog\/wp-json\/wp\/v2\/tags?post=1149"}],"curies":[{"name":"wp","href":"https:\/\/api.w.org\/{rel}","templated":true}]}}