{"id":1041,"date":"2014-02-05T08:58:01","date_gmt":"2014-02-05T07:58:01","guid":{"rendered":"http:\/\/www.locationencorse.eu\/blog\/?p=1041"},"modified":"2022-02-03T15:15:48","modified_gmt":"2022-02-03T14:15:48","slug":"location-calvi","status":"publish","type":"post","link":"https:\/\/www.locationencorse.eu\/blog\/location-calvi\/","title":{"rendered":"Location calvi"},"content":{"rendered":"<p><span style=\"color: #ff6600;\"><strong>Vacances \u00e0 Calvi<\/strong><\/span><\/p>\n<p>Il faut passer l\u2019imposante porte surmont\u00e9e de la devise de la ville \u00ab&nbsp;Civtas Calvi semper fidelis&nbsp;\u00bb inscrite l\u00e0, parce que Calvi \u00e9tait rest\u00e9e fid\u00e8le \u00e0 G\u00eanes, puis passer dans ce passage limit\u00e9 par de hauts murs pour d\u00e9couvrir des lieux \u00e9tonnants.<\/p>\n<p>Les ruelles sont \u00e9troites mais s\u2019ouvrent sur le bleu de la mer. Toute la citadelle s\u2019organise autour de l\u2019\u00e9glise saint Jean-Baptiste et son parvis dont les sols sont marqu\u00e9s par les b\u00fbches allum\u00e9es lors des f\u00eates religieuses. Un autre \u00e9difice religieux c\u2019est l\u2019oratoire saint Antoine.<\/p>\n<p>Ailleurs maisons hautes et \u00e9troites et b\u00e2timents militaires tissent la trame d\u2019une v\u00e9ritable place forte. Les amateurs d\u2019histoire se prom\u00e8nent du Bastion Malfetano au palais des gouverneurs, et de a place du Donjon au Bastion.<\/p>\n<p>Nous retrouvons aussi \u00ab&nbsp;chez Tao&nbsp;\u00bb abrit\u00e9 dans l\u2019ancien palais des Ev\u00eaques de Sagone, ou les Calvais retrouvent souvent des vedettes de la musique pour de belles soir\u00e9es. La devise inscrite dans le cabaret depuis 1935 \u00a0\u00bb Vivez heureux demain il sera trop tard\u00a0\u00bb<\/p>\n<p><a href=\"http:\/\/www.locationencorse.eu\/blog\/calvi-la-citadelle\/la-citadelle\/\" rel=\"attachment wp-att-1068\"><img decoding=\"async\" loading=\"lazy\" class=\"alignleft size-thumbnail wp-image-1068\" src=\"http:\/\/www.locationencorse.eu\/blog\/wp-content\/uploads\/2014\/02\/la-citadelle-150x150.jpg\" alt=\"la citadelle de calvi\" width=\"150\" height=\"150\"><\/a>La situation exceptionnelle de Calvi en font une destination touristique de premier choix, elle est la ville la plus proche du continent, elle est appr\u00e9ci\u00e9e par son histoire, ses plages, son climats et son port de plaisance. Des h\u00e9bergements et des tables de tr\u00e8s haute qualit\u00e9 se d\u00e9veloppent, la d\u00e9coration des boutiques est soign\u00e9e.<\/p>\n<p><strong>Les festivals,&nbsp; am\u00e8nent beaucoup de monde.<\/strong><\/p>\n<ul>\n<li>Le <strong>festival du vent<\/strong> en Octobre, il a toujours un grand succ\u00e8s gr\u00e2ce \u00e0 L&rsquo;\u00e9tendu du domaine auquel il s&rsquo;adresse. alliant l&rsquo;art le sport et la musique et le d\u00e9veloppement durable. Calvi devient une v\u00e9ritable capitale contre la lutte contre la pollution et pour le d\u00e9veloppement durable.<\/li>\n<li>Le <a title=\"festival de la musique\" href=\"http:\/\/www.calviontherocks.com\/\"><strong>festival de la musique<\/strong><\/a>&nbsp;en juillet est aussi une grande f\u00eate qui attire la foule. Espace situ\u00e9 au pied de la citadelle: concerts.<\/li>\n<\/ul>\n<p><strong>La passion du Christ.<\/strong><\/p>\n<p><a href=\"http:\/\/www.locationencorse.eu\/blog\/calvi-la-citadelle\/procession_15aout\/\" rel=\"attachment wp-att-1062\"><img decoding=\"async\" loading=\"lazy\" class=\"alignleft size-thumbnail wp-image-1062\" src=\"http:\/\/www.locationencorse.eu\/blog\/wp-content\/uploads\/2014\/02\/procession_15aout-150x150.jpg\" alt=\"procession_15aout\" width=\"150\" height=\"150\"><\/a>Chaque ann\u00e9e la p\u00e9riode de P\u00e2ques permet de cr\u00e9er une reconstitution de la Passion du Christ dans les rues de la citadelle.<\/p>\n<p>Une ville de plaisirs, de tourismes et d\u2019histoire \u00e0 la pointe de toutes les tendances.<\/p>\n<p>Trouver une \u00ab\u00a0location de vacances \u00e0&nbsp; Calvi\u00a0\u00bb pour passer vos vacances et visiter cette petite ville.<\/p>\n<p>Avec une tr\u00e8s belle vue sur la mer,&nbsp; certte<a title=\"villa 5 \u00e9toiles dans hotel \u00e0 calvi\" href=\"https:\/\/www.hotel-la-signoria.com\/fr\/5-etoiles-corse\/villas-corse.html\">&nbsp;villa de luxe \u00e0 Calvi<\/a> poss\u00e8de 4 chambres, 300 m2, 6 personnes.<\/p>\n<div id=\"attachment_1051\" style=\"width: 410px\" class=\"wp-caption aligncenter\"><a href=\"http:\/\/www.locationencorse.eu\/blog\/wp-content\/uploads\/2014\/02\/location-appartement-calvi.jpg\" data-rel=\"lightbox-image-0\" data-rl_title=\"\" data-rl_caption=\"\" title=\"\"><img aria-describedby=\"caption-attachment-1051\" decoding=\"async\" loading=\"lazy\" class=\"size-medium wp-image-1051\" src=\"http:\/\/www.locationencorse.eu\/blog\/wp-content\/uploads\/2014\/02\/location-appartement-calvi-400x300.jpg\" alt=\"location appartement Calvi\" width=\"400\" height=\"300\" srcset=\"https:\/\/www.locationencorse.eu\/blog\/wp-content\/uploads\/2014\/02\/location-appartement-calvi-400x300.jpg 400w, https:\/\/www.locationencorse.eu\/blog\/wp-content\/uploads\/2014\/02\/location-appartement-calvi.jpg 680w\" sizes=\"(max-width: 400px) 100vw, 400px\" \/><\/a><p id=\"caption-attachment-1051\" class=\"wp-caption-text\">location appartement Calvi<\/p><\/div>\n<p>A 5 minutes de Calvi,&nbsp;sortie direction Gal\u00e9ria, une&nbsp;&nbsp;<a title=\"location villa calvi\" href=\"https:\/\/www.locationencorse.eu\/locations-calvi\/\">Location de villa \u00e0 Calvi<\/a> avec 6 personnes, 3 chambres.<\/p>\n<div id=\"attachment_1052\" style=\"width: 410px\" class=\"wp-caption aligncenter\"><a href=\"http:\/\/www.locationencorse.eu\/blog\/wp-content\/uploads\/2014\/02\/location-villa-calvi.jpg\" data-rel=\"lightbox-image-1\" data-rl_title=\"\" data-rl_caption=\"\" title=\"\"><img aria-describedby=\"caption-attachment-1052\" decoding=\"async\" loading=\"lazy\" class=\"size-medium wp-image-1052\" src=\"http:\/\/www.locationencorse.eu\/blog\/wp-content\/uploads\/2014\/02\/location-villa-calvi-400x300.jpg\" alt=\"location villa calvi\" width=\"400\" height=\"300\" srcset=\"https:\/\/www.locationencorse.eu\/blog\/wp-content\/uploads\/2014\/02\/location-villa-calvi-400x300.jpg 400w, https:\/\/www.locationencorse.eu\/blog\/wp-content\/uploads\/2014\/02\/location-villa-calvi.jpg 680w\" sizes=\"(max-width: 400px) 100vw, 400px\" \/><\/a><p id=\"caption-attachment-1052\" class=\"wp-caption-text\">location villa calvi<\/p><\/div>\n<p>A 5 minute de Calvi La Signoria&nbsp;<a title=\"hotel calvi corse\" href=\"https:\/\/www.hotel-la-signoria.com\">Hotel de luxe \u00e0 Calvi&nbsp;<\/a>&nbsp;poss\u00e8de des suites et villas 5 \u00e9toiles 2 \u00e0 8 personnes au coeur du maquis corse.<\/p>\n<div id=\"attachment_1053\" style=\"width: 410px\" class=\"wp-caption aligncenter\"><a href=\"http:\/\/www.locationencorse.eu\/blog\/wp-content\/uploads\/2014\/02\/maison-citadelle-de-Calvi.jpg\" data-rel=\"lightbox-image-2\" data-rl_title=\"\" data-rl_caption=\"\" title=\"\"><img aria-describedby=\"caption-attachment-1053\" decoding=\"async\" loading=\"lazy\" class=\"size-medium wp-image-1053\" src=\"http:\/\/www.locationencorse.eu\/blog\/wp-content\/uploads\/2014\/02\/maison-citadelle-de-Calvi-400x300.jpg\" alt=\"location citadelle de Calvi\" width=\"400\" height=\"300\" srcset=\"https:\/\/www.locationencorse.eu\/blog\/wp-content\/uploads\/2014\/02\/maison-citadelle-de-Calvi-400x300.jpg 400w, https:\/\/www.locationencorse.eu\/blog\/wp-content\/uploads\/2014\/02\/maison-citadelle-de-Calvi.jpg 680w\" sizes=\"(max-width: 400px) 100vw, 400px\" \/><\/a><p id=\"caption-attachment-1053\" class=\"wp-caption-text\">location et h\u00f4tel citadelle de Calvi<\/p><\/div>\n<p>&nbsp;<\/p>\n<!-- AddThis Advanced Settings generic via filter on the_content --><!-- AddThis Share Buttons generic via filter on the_content -->","protected":false},"excerpt":{"rendered":"<p>Vacances \u00e0 Calvi Il faut passer l\u2019imposante porte surmont\u00e9e de la devise de la ville \u00ab&nbsp;Civtas Calvi semper fidelis&nbsp;\u00bb inscrite l\u00e0, parce que Calvi \u00e9tait rest\u00e9e fid\u00e8le \u00e0 G\u00eanes, puis passer dans ce passage limit\u00e9 par de hauts murs pour &hellip; <a href=\"https:\/\/www.locationencorse.eu\/blog\/location-calvi\/\">Continuer la lecture <span class=\"meta-nav\">&rarr;<\/span><\/a><!-- AddThis Advanced Settings generic via filter on get_the_excerpt --><!-- AddThis Share Buttons generic via filter on get_the_excerpt --><\/p>\n","protected":false},"author":2,"featured_media":0,"comment_status":"open","ping_status":"open","sticky":false,"template":"","format":"standard","meta":{"_mi_skip_tracking":false,"_monsterinsights_sitenote_active":false,"_monsterinsights_sitenote_note":"","_monsterinsights_sitenote_category":0,"ngg_post_thumbnail":0,"footnotes":""},"categories":[176,8],"tags":[95,24,94],"yoast_head":"<!-- This site is optimized with the Yoast SEO plugin v21.1 - https:\/\/yoast.com\/wordpress\/plugins\/seo\/ -->\n<title>Vacances Calvi en Corse du nord r\u00e9gion Balagne | Locations et h\u00f4tels<\/title>\n<meta name=\"description\" content=\"Trouver une location de vacances ou h\u00f4tel \u00e0 Calvi pour passer vos vacances et visiter cette petite ville. Une ville de plaisirs, de tourismes et d\u2019histoire.\" \/>\n<meta name=\"robots\" content=\"index, follow, max-snippet:-1, max-image-preview:large, max-video-preview:-1\" \/>\n<link rel=\"canonical\" href=\"https:\/\/www.locationencorse.eu\/blog\/location-calvi\/\" \/>\n<meta property=\"og:locale\" content=\"fr_FR\" \/>\n<meta property=\"og:type\" content=\"article\" \/>\n<meta property=\"og:title\" content=\"Vacances Calvi en Corse du nord r\u00e9gion Balagne | Locations et h\u00f4tels\" \/>\n<meta property=\"og:description\" content=\"Trouver une location de vacances ou h\u00f4tel \u00e0 Calvi pour passer vos vacances et visiter cette petite ville. Une ville de plaisirs, de tourismes et d\u2019histoire.\" \/>\n<meta property=\"og:url\" content=\"https:\/\/www.locationencorse.eu\/blog\/location-calvi\/\" \/>\n<meta property=\"og:site_name\" content=\"La Corse\" \/>\n<meta property=\"article:author\" content=\"https:\/\/www.facebook.com\/locationencorse.eu\/\" \/>\n<meta property=\"article:published_time\" content=\"2014-02-05T07:58:01+00:00\" \/>\n<meta property=\"article:modified_time\" content=\"2022-02-03T14:15:48+00:00\" \/>\n<meta property=\"og:image\" content=\"http:\/\/www.locationencorse.eu\/blog\/wp-content\/uploads\/2014\/02\/la-citadelle-150x150.jpg\" \/>\n<meta name=\"author\" content=\"Newchallenge\" \/>\n<meta name=\"twitter:label1\" content=\"\u00c9crit par\" \/>\n\t<meta name=\"twitter:data1\" content=\"Newchallenge\" \/>\n\t<meta name=\"twitter:label2\" content=\"Dur\u00e9e de lecture estim\u00e9e\" \/>\n\t<meta name=\"twitter:data2\" content=\"2 minutes\" \/>\n<script type=\"application\/ld+json\" class=\"yoast-schema-graph\">{\"@context\":\"https:\/\/schema.org\",\"@graph\":[{\"@type\":\"WebPage\",\"@id\":\"https:\/\/www.locationencorse.eu\/blog\/location-calvi\/\",\"url\":\"https:\/\/www.locationencorse.eu\/blog\/location-calvi\/\",\"name\":\"Vacances Calvi en Corse du nord r\u00e9gion Balagne | Locations et h\u00f4tels\",\"isPartOf\":{\"@id\":\"https:\/\/www.locationencorse.eu\/blog\/#website\"},\"datePublished\":\"2014-02-05T07:58:01+00:00\",\"dateModified\":\"2022-02-03T14:15:48+00:00\",\"author\":{\"@id\":\"https:\/\/www.locationencorse.eu\/blog\/#\/schema\/person\/4aa76a779067073b7500fdabe0a4a51c\"},\"description\":\"Trouver une location de vacances ou h\u00f4tel \u00e0 Calvi pour passer vos vacances et visiter cette petite ville. Une ville de plaisirs, de tourismes et d\u2019histoire.\",\"breadcrumb\":{\"@id\":\"https:\/\/www.locationencorse.eu\/blog\/location-calvi\/#breadcrumb\"},\"inLanguage\":\"fr-FR\",\"potentialAction\":[{\"@type\":\"ReadAction\",\"target\":[\"https:\/\/www.locationencorse.eu\/blog\/location-calvi\/\"]}]},{\"@type\":\"BreadcrumbList\",\"@id\":\"https:\/\/www.locationencorse.eu\/blog\/location-calvi\/#breadcrumb\",\"itemListElement\":[{\"@type\":\"ListItem\",\"position\":1,\"name\":\"Accueil\",\"item\":\"https:\/\/www.locationencorse.eu\/blog\/\"},{\"@type\":\"ListItem\",\"position\":2,\"name\":\"Location calvi\"}]},{\"@type\":\"WebSite\",\"@id\":\"https:\/\/www.locationencorse.eu\/blog\/#website\",\"url\":\"https:\/\/www.locationencorse.eu\/blog\/\",\"name\":\"La Corse\",\"description\":\"Vacances en Corse sur \u00cele de beaut\u00e9\",\"potentialAction\":[{\"@type\":\"SearchAction\",\"target\":{\"@type\":\"EntryPoint\",\"urlTemplate\":\"https:\/\/www.locationencorse.eu\/blog\/?s={search_term_string}\"},\"query-input\":\"required name=search_term_string\"}],\"inLanguage\":\"fr-FR\"},{\"@type\":\"Person\",\"@id\":\"https:\/\/www.locationencorse.eu\/blog\/#\/schema\/person\/4aa76a779067073b7500fdabe0a4a51c\",\"name\":\"Newchallenge\",\"image\":{\"@type\":\"ImageObject\",\"inLanguage\":\"fr-FR\",\"@id\":\"https:\/\/www.locationencorse.eu\/blog\/#\/schema\/person\/image\/\",\"url\":\"https:\/\/secure.gravatar.com\/avatar\/ad5f2a69d252f48179a77d3cb09e1fa7?s=96&r=g\",\"contentUrl\":\"https:\/\/secure.gravatar.com\/avatar\/ad5f2a69d252f48179a77d3cb09e1fa7?s=96&r=g\",\"caption\":\"Newchallenge\"},\"sameAs\":[\"http:\/\/www.locationencorse.eu\",\"https:\/\/www.facebook.com\/locationencorse.eu\/\"],\"url\":\"https:\/\/www.locationencorse.eu\/blog\/author\/martinenewchallenge-fr\/\"}]}<\/script>\n<!-- \/ Yoast SEO plugin. -->","yoast_head_json":{"title":"Vacances Calvi en Corse du nord r\u00e9gion Balagne | Locations et h\u00f4tels","description":"Trouver une location de vacances ou h\u00f4tel \u00e0 Calvi pour passer vos vacances et visiter cette petite ville. Une ville de plaisirs, de tourismes et d\u2019histoire.","robots":{"index":"index","follow":"follow","max-snippet":"max-snippet:-1","max-image-preview":"max-image-preview:large","max-video-preview":"max-video-preview:-1"},"canonical":"https:\/\/www.locationencorse.eu\/blog\/location-calvi\/","og_locale":"fr_FR","og_type":"article","og_title":"Vacances Calvi en Corse du nord r\u00e9gion Balagne | Locations et h\u00f4tels","og_description":"Trouver une location de vacances ou h\u00f4tel \u00e0 Calvi pour passer vos vacances et visiter cette petite ville. Une ville de plaisirs, de tourismes et d\u2019histoire.","og_url":"https:\/\/www.locationencorse.eu\/blog\/location-calvi\/","og_site_name":"La Corse","article_author":"https:\/\/www.facebook.com\/locationencorse.eu\/","article_published_time":"2014-02-05T07:58:01+00:00","article_modified_time":"2022-02-03T14:15:48+00:00","og_image":[{"url":"http:\/\/www.locationencorse.eu\/blog\/wp-content\/uploads\/2014\/02\/la-citadelle-150x150.jpg"}],"author":"Newchallenge","twitter_misc":{"\u00c9crit par":"Newchallenge","Dur\u00e9e de lecture estim\u00e9e":"2 minutes"},"schema":{"@context":"https:\/\/schema.org","@graph":[{"@type":"WebPage","@id":"https:\/\/www.locationencorse.eu\/blog\/location-calvi\/","url":"https:\/\/www.locationencorse.eu\/blog\/location-calvi\/","name":"Vacances Calvi en Corse du nord r\u00e9gion Balagne | Locations et h\u00f4tels","isPartOf":{"@id":"https:\/\/www.locationencorse.eu\/blog\/#website"},"datePublished":"2014-02-05T07:58:01+00:00","dateModified":"2022-02-03T14:15:48+00:00","author":{"@id":"https:\/\/www.locationencorse.eu\/blog\/#\/schema\/person\/4aa76a779067073b7500fdabe0a4a51c"},"description":"Trouver une location de vacances ou h\u00f4tel \u00e0 Calvi pour passer vos vacances et visiter cette petite ville. Une ville de plaisirs, de tourismes et d\u2019histoire.","breadcrumb":{"@id":"https:\/\/www.locationencorse.eu\/blog\/location-calvi\/#breadcrumb"},"inLanguage":"fr-FR","potentialAction":[{"@type":"ReadAction","target":["https:\/\/www.locationencorse.eu\/blog\/location-calvi\/"]}]},{"@type":"BreadcrumbList","@id":"https:\/\/www.locationencorse.eu\/blog\/location-calvi\/#breadcrumb","itemListElement":[{"@type":"ListItem","position":1,"name":"Accueil","item":"https:\/\/www.locationencorse.eu\/blog\/"},{"@type":"ListItem","position":2,"name":"Location calvi"}]},{"@type":"WebSite","@id":"https:\/\/www.locationencorse.eu\/blog\/#website","url":"https:\/\/www.locationencorse.eu\/blog\/","name":"La Corse","description":"Vacances en Corse sur \u00cele de beaut\u00e9","potentialAction":[{"@type":"SearchAction","target":{"@type":"EntryPoint","urlTemplate":"https:\/\/www.locationencorse.eu\/blog\/?s={search_term_string}"},"query-input":"required name=search_term_string"}],"inLanguage":"fr-FR"},{"@type":"Person","@id":"https:\/\/www.locationencorse.eu\/blog\/#\/schema\/person\/4aa76a779067073b7500fdabe0a4a51c","name":"Newchallenge","image":{"@type":"ImageObject","inLanguage":"fr-FR","@id":"https:\/\/www.locationencorse.eu\/blog\/#\/schema\/person\/image\/","url":"https:\/\/secure.gravatar.com\/avatar\/ad5f2a69d252f48179a77d3cb09e1fa7?s=96&r=g","contentUrl":"https:\/\/secure.gravatar.com\/avatar\/ad5f2a69d252f48179a77d3cb09e1fa7?s=96&r=g","caption":"Newchallenge"},"sameAs":["http:\/\/www.locationencorse.eu","https:\/\/www.facebook.com\/locationencorse.eu\/"],"url":"https:\/\/www.locationencorse.eu\/blog\/author\/martinenewchallenge-fr\/"}]}},"jetpack_featured_media_url":"","_links":{"self":[{"href":"https:\/\/www.locationencorse.eu\/blog\/wp-json\/wp\/v2\/posts\/1041"}],"collection":[{"href":"https:\/\/www.locationencorse.eu\/blog\/wp-json\/wp\/v2\/posts"}],"about":[{"href":"https:\/\/www.locationencorse.eu\/blog\/wp-json\/wp\/v2\/types\/post"}],"author":[{"embeddable":true,"href":"https:\/\/www.locationencorse.eu\/blog\/wp-json\/wp\/v2\/users\/2"}],"replies":[{"embeddable":true,"href":"https:\/\/www.locationencorse.eu\/blog\/wp-json\/wp\/v2\/comments?post=1041"}],"version-history":[{"count":37,"href":"https:\/\/www.locationencorse.eu\/blog\/wp-json\/wp\/v2\/posts\/1041\/revisions"}],"predecessor-version":[{"id":8000,"href":"https:\/\/www.locationencorse.eu\/blog\/wp-json\/wp\/v2\/posts\/1041\/revisions\/8000"}],"wp:attachment":[{"href":"https:\/\/www.locationencorse.eu\/blog\/wp-json\/wp\/v2\/media?parent=1041"}],"wp:term":[{"taxonomy":"category","embeddable":true,"href":"https:\/\/www.locationencorse.eu\/blog\/wp-json\/wp\/v2\/categories?post=1041"},{"taxonomy":"post_tag","embeddable":true,"href":"https:\/\/www.locationencorse.eu\/blog\/wp-json\/wp\/v2\/tags?post=1041"}],"curies":[{"name":"wp","href":"https:\/\/api.w.org\/{rel}","templated":true}]}}