{"id":10179,"date":"2026-03-10T22:21:21","date_gmt":"2026-03-10T21:21:21","guid":{"rendered":"https:\/\/www.locationencorse.eu\/blog\/?p=10179"},"modified":"2026-04-09T08:19:46","modified_gmt":"2026-04-09T06:19:46","slug":"calvi-en-vacances-de-luxe-5-activites-incontournables-pour-vivre-la-haute-corse-a-son-sommet","status":"publish","type":"post","link":"https:\/\/www.locationencorse.eu\/blog\/calvi-en-vacances-de-luxe-5-activites-incontournables-pour-vivre-la-haute-corse-a-son-sommet\/","title":{"rendered":"Calvi en Vacances de Luxe, 5 Activit\u00e9s Incontournables pour Vivre la Haute-Corse \u00e0 Son Sommet"},"content":{"rendered":"\n<p><em>Balagne \u00b7 Haute-Corse \u00b7 \u00cele de Beaut\u00e9<\/em><\/p>\n\n\n\n<p>Il y a des villes qui se contentent d&rsquo;\u00eatre belles. Calvi, elle, est autre chose \u2014 un th\u00e9\u00e2tre \u00e0 ciel ouvert o\u00f9 la citadelle g\u00e9noise surplombe le golfe comme une sentinelle dor\u00e9e, o\u00f9 les voix des marins se m\u00ealent encore au bruissement des filets, o\u00f9 le luxe a appris, depuis longtemps, \u00e0 se faire discret pour mieux r\u00e9gner. Pos\u00e9e \u00e0 l&rsquo;extr\u00e9mit\u00e9 ouest de la Balagne, cette cit\u00e9 de Haute-Corse concentre en quelques kilom\u00e8tres carr\u00e9s ce que la M\u00e9diterran\u00e9e a de plus g\u00e9n\u00e9reux, une mer d&rsquo;un bleu souverain, des montagnes qui tombent dans l&rsquo;eau, une gastronomie de terroir port\u00e9e au rang d&rsquo;art de vivre. Pour le voyageur qui s\u00e9journe dans l&rsquo;un des \u00e9tablissements cinq \u00e9toiles de la r\u00e9gion, Calvi est une invitation permanente \u00e0 sortir de la piscine \u2014 non pas parce que la piscine est insuffisante, mais parce que le territoire, lui, est absolument excessif.<\/p>\n\n\n\n<p>Voici cinq mani\u00e8res d&rsquo;en saisir l&rsquo;essentiel, \u00e0 la hauteur de l&rsquo;exigence que l&rsquo;on attendrait d&rsquo;un s\u00e9jour de prestige.<\/p>\n\n\n\n<p><strong>1. La Citadelle de Calvi \u2014 Lire une ville comme on lit un roman<\/strong><\/p>\n\n\n\n<p>Toute visite de Calvi commence ici, sur les hauteurs de la ville haute, dans l&rsquo;enceinte de la citadelle g\u00e9noise construite au XIIIe si\u00e8cle sur un promontoire de granit qui domine le golfe avec une autorit\u00e9 tranquille. On y acc\u00e8de depuis la ville basse par des ruelles pav\u00e9es qui montent en lacets, bord\u00e9es de maisons aux fa\u00e7ades ocre et roses que le soleil de fin de matin\u00e9e transforme en aquarelle vivante. La citadelle est une ville dans la ville \u2014 habit\u00e9e, vivante, travers\u00e9e de venelles o\u00f9 les volets mi-clos laissent deviner des cuisines parfum\u00e9es au myrte et \u00e0 la charcuterie fum\u00e9e.<\/p>\n\n\n\n<p>Le visiteur qui prend le temps de se perdre y d\u00e9couvre des tr\u00e9sors successifs, la cath\u00e9drale Saint-Jean-Baptiste, massive et sobre, dont l&rsquo;int\u00e9rieur garde la fra\u00eecheur des pierres s\u00e9culaires ; la maison natale pr\u00e9sum\u00e9e de Christophe Colomb, modeste et muette devant l&rsquo;immensit\u00e9 du destin qu&rsquo;on lui pr\u00eate ; les remparts nord, d&rsquo;o\u00f9 le regard embrasse d&rsquo;un seul mouvement la baie de Calvi, la for\u00eat de pins qui longe la plage et, par temps clair, les sommets enneig\u00e9s du Monte Cinto \u00e0 l&rsquo;horizon.<\/p>\n\n\n\n<figure class=\"wp-block-image\"><img decoding=\"async\" loading=\"lazy\" width=\"1294\" height=\"567\" src=\"https:\/\/www.locationencorse.eu\/blog\/wp-content\/uploads\/2026\/03\/1-la-citadelle-genoise-.jpg\" alt=\"\" class=\"wp-image-10181\" srcset=\"https:\/\/www.locationencorse.eu\/blog\/wp-content\/uploads\/2026\/03\/1-la-citadelle-genoise-.jpg 1294w, https:\/\/www.locationencorse.eu\/blog\/wp-content\/uploads\/2026\/03\/1-la-citadelle-genoise--400x175.jpg 400w, https:\/\/www.locationencorse.eu\/blog\/wp-content\/uploads\/2026\/03\/1-la-citadelle-genoise--800x351.jpg 800w, https:\/\/www.locationencorse.eu\/blog\/wp-content\/uploads\/2026\/03\/1-la-citadelle-genoise--768x337.jpg 768w\" sizes=\"(max-width: 1294px) 100vw, 1294px\" \/><\/figure>\n\n\n\n<p>Pour un s\u00e9jour de luxe, la visite gagne \u00e0 \u00eatre prolong\u00e9e par une d\u00e9gustation priv\u00e9e organis\u00e9e au sommet des remparts, au coucher du soleil, avec un s\u00e9lection de vins corses \u2014 vermentino frais de la Balagne, nielluccio charpent\u00e9 des collines int\u00e9rieures \u2014 et une planche de produits locaux. Certains concierges des grands h\u00f4tels de <a href=\"https:\/\/www.locationencorse.eu\/blog\/calvi-joyau-de-la-balagne-un-eventail-demotions-entre-citadelle-criques-sauvages-et-traditions-corses\/\">Calvi<\/a> proposent ce type d&rsquo;exp\u00e9rience sur mesure, en dehors des heures d&rsquo;ouverture touristique, dans un silence qui appartient alors exclusivement \u00e0 ceux qui savent le demander.<\/p>\n\n\n\n<p>L&rsquo;histoire de la citadelle ne se lit pas en une heure. Elle se ressent, dans l&rsquo;\u00e9paisseur des murs, dans la lumi\u00e8re particuli\u00e8re qui filtre entre les cr\u00e9neaux, dans le sentiment \u00e9trange de tenir en une seule vue plusieurs si\u00e8cles de M\u00e9diterran\u00e9e.<\/p>\n\n\n\n<p><strong>2. La Baie de Calvi en Voilier Priv\u00e9 \u2014 La mer comme territoire personnel<\/strong><\/p>\n\n\n\n<p>Le golfe de Calvi est l&rsquo;un des plus beaux de Corse, ce qui n&rsquo;est pas une formule l\u00e9g\u00e8re sur une \u00eele o\u00f9 la concurrence en la mati\u00e8re est f\u00e9roce. La baie dessine un arc de cercle parfait, ferm\u00e9 \u00e0 l&rsquo;ouest par le cap de la Revellata et ouvert au large sur une mer profonde qui change de couleur avec les heures \u2014 turquoise cristallin au matin, cobalt dense \u00e0 midi, quasi violet \u00e0 l&rsquo;approche du soir.<\/p>\n\n\n\n<p>La meilleure fa\u00e7on d&rsquo;en prendre la mesure est de le faire depuis l&rsquo;eau, \u00e0 bord d&rsquo;un voilier de caract\u00e8re ou d&rsquo;un yacht de plaisance affr\u00e9t\u00e9 pour la journ\u00e9e \u2014 ou la semaine, selon l&rsquo;app\u00e9tit. Les marinas de Calvi proposent une gamme de locations et de croisi\u00e8res \u00e0 la carte, du day-boat avec skipper exp\u00e9riment\u00e9 au catamaran privatis\u00e9 pour plusieurs jours d&rsquo;exploration c\u00f4ti\u00e8re. L&rsquo;itin\u00e9raire classique longe la presqu&rsquo;\u00eele de la Revellata, dont les falaises plongent dans une eau d&rsquo;une transparence troublante, avant de pointer vers Girolata \u2014 ce village accessible uniquement par la mer ou par des sentiers de montagne, inscrit au patrimoine mondial de l&rsquo;Unesco, que l&rsquo;on atteint en moins de deux heures de navigation depuis Calvi.<\/p>\n\n\n\n<figure class=\"wp-block-image\"><img decoding=\"async\" loading=\"lazy\" width=\"1282\" height=\"715\" src=\"https:\/\/www.locationencorse.eu\/blog\/wp-content\/uploads\/2026\/03\/2-vermentino-.jpg\" alt=\"\" class=\"wp-image-10183\" srcset=\"https:\/\/www.locationencorse.eu\/blog\/wp-content\/uploads\/2026\/03\/2-vermentino-.jpg 1282w, https:\/\/www.locationencorse.eu\/blog\/wp-content\/uploads\/2026\/03\/2-vermentino--400x223.jpg 400w, https:\/\/www.locationencorse.eu\/blog\/wp-content\/uploads\/2026\/03\/2-vermentino--800x446.jpg 800w, https:\/\/www.locationencorse.eu\/blog\/wp-content\/uploads\/2026\/03\/2-vermentino--768x428.jpg 768w\" sizes=\"(max-width: 1282px) 100vw, 1282px\" \/><\/figure>\n\n\n\n<p>L&rsquo;arr\u00eat \u00e0 Girolata m\u00e9rite une pause longue. Le village compte une poign\u00e9e de maisons, une tour g\u00e9noise, des ch\u00e8vres sur les rochers et un restaurant de p\u00eacheur o\u00f9 la langouste du jour est servie simplement grill\u00e9e, arros\u00e9e d&rsquo;un filet d&rsquo;huile d&rsquo;olive locale. C&rsquo;est ce que le luxe a de plus difficile \u00e0 fabriquer, l&rsquo;authenticit\u00e9 parfaite, sans fioritures, dans un endroit o\u00f9 le monde ext\u00e9rieur n&rsquo;existe tout simplement pas.<\/p>\n\n\n\n<p>Au retour, certains skippers proposent une plong\u00e9e de nuit dans la r\u00e9serve naturelle de Scandola \u2014 exp\u00e9rience r\u00e9serv\u00e9e aux d\u00e9tenteurs de brevet, d&rsquo;une intensit\u00e9 rare, dans des eaux peupl\u00e9es de m\u00e9rous, de mur\u00e8nes et de coraux rouges que la lumi\u00e8re artificielle fait flamboyer comme des braises.<\/p>\n\n\n\n<figure class=\"wp-block-image\"><img decoding=\"async\" loading=\"lazy\" width=\"1290\" height=\"718\" src=\"https:\/\/www.locationencorse.eu\/blog\/wp-content\/uploads\/2026\/03\/3-Le-golfe-de-Calvi-.jpg\" alt=\"\" class=\"wp-image-10184\" srcset=\"https:\/\/www.locationencorse.eu\/blog\/wp-content\/uploads\/2026\/03\/3-Le-golfe-de-Calvi-.jpg 1290w, https:\/\/www.locationencorse.eu\/blog\/wp-content\/uploads\/2026\/03\/3-Le-golfe-de-Calvi--400x223.jpg 400w, https:\/\/www.locationencorse.eu\/blog\/wp-content\/uploads\/2026\/03\/3-Le-golfe-de-Calvi--800x445.jpg 800w, https:\/\/www.locationencorse.eu\/blog\/wp-content\/uploads\/2026\/03\/3-Le-golfe-de-Calvi--768x427.jpg 768w\" sizes=\"(max-width: 1290px) 100vw, 1290px\" \/><\/figure>\n\n\n\n<p><strong>3. La Gastronomie Balanine \u2014 Manger la Corse \u00e0 la source<\/strong><\/p>\n\n\n\n<p>Calvi est la porte d&rsquo;entr\u00e9e de la Balagne, ce territoire int\u00e9rieur surnomm\u00e9 le jardin de la Corse, o\u00f9 les oliveraies centenaires, les vergers d&rsquo;agrumes et les vignobles en terrasses produisent certains des plus beaux produits de l&rsquo;\u00eele. Pour un voyageur de passage, la tentation est grande de s&rsquo;en tenir aux restaurants de la marine, agr\u00e9ables et efficaces. Mais le vrai luxe gastronomique de la r\u00e9gion se trouve ailleurs \u2014 et il demande un peu d&rsquo;effort ou, mieux encore, un concierge bien inform\u00e9.<\/p>\n\n\n\n<p>Les villages de la Balagne \u2014 Pigna, Aregno, Sant&rsquo;Antonino, Feliceto \u2014 abritent des tables confidentielles o\u00f9 des chefs souvent form\u00e9s dans de grandes maisons continentales sont revenus s&rsquo;installer au pays pour cuisiner ce qu&rsquo;ils connaissent depuis l&rsquo;enfance, la farine de ch\u00e2taigne travaill\u00e9e en pasta, le cabri r\u00f4ti aux herbes du maquis, le fromage de brebis affin\u00e9 dans des caves de granit, la confiture de figue de Barbarie pr\u00e9par\u00e9e selon des recettes transmises de grand-m\u00e8re en petite-fille. Ces tables ne s&rsquo;annoncent pas. Elles existent, elles rayonnent localement, et elles constituent l&rsquo;une des exp\u00e9riences les plus sinc\u00e8res que la r\u00e9gion puisse offrir.<\/p>\n\n\n\n<figure class=\"wp-block-image\"><img decoding=\"async\" loading=\"lazy\" width=\"1287\" height=\"502\" src=\"https:\/\/www.locationencorse.eu\/blog\/wp-content\/uploads\/2026\/03\/5-SantAntonino-.jpg\" alt=\"\" class=\"wp-image-10186\" srcset=\"https:\/\/www.locationencorse.eu\/blog\/wp-content\/uploads\/2026\/03\/5-SantAntonino-.jpg 1287w, https:\/\/www.locationencorse.eu\/blog\/wp-content\/uploads\/2026\/03\/5-SantAntonino--400x156.jpg 400w, https:\/\/www.locationencorse.eu\/blog\/wp-content\/uploads\/2026\/03\/5-SantAntonino--800x312.jpg 800w, https:\/\/www.locationencorse.eu\/blog\/wp-content\/uploads\/2026\/03\/5-SantAntonino--768x300.jpg 768w\" sizes=\"(max-width: 1287px) 100vw, 1287px\" \/><\/figure>\n\n\n\n<p>\u00c0 Calvi m\u00eame, plusieurs restaurants gastronomiques travaillent avec les producteurs locaux dans une logique de circuit court rigoureux. L&rsquo;huile d&rsquo;olive de la Balagne, press\u00e9e \u00e0 froid dans des moulins familiaux, est l&rsquo;une des plus fines de M\u00e9diterran\u00e9e \u2014 fruit\u00e9e, l\u00e9g\u00e8rement poivr\u00e9e, d&rsquo;une couleur d&rsquo;or vert qui trahit sa fra\u00eecheur. Un d\u00e9jeuner de d\u00e9gustation autour de cette huile, accompagn\u00e9 de fromages fermiers et de vins du domaine Alziprato ou du Clos Landry, constitue une introduction parfaite au territoire.<\/p>\n\n\n\n<p>Pour compl\u00e9ter l&rsquo;exp\u00e9rience, certains producteurs ouvrent leurs exploitations sur r\u00e9servation, visite du moulin, d\u00e9gustation comment\u00e9e, vente directe. Le voyageur repart avec des bouteilles dans ses bagages et une g\u00e9ographie des saveurs corses grav\u00e9e dans la m\u00e9moire.<\/p>\n\n\n\n<p><strong>4. Le Train des Plages et les Criques Secr\u00e8tes \u2014 La beaut\u00e9 comme destination<\/strong><\/p>\n\n\n\n<p>Il existe, entre Calvi et l&rsquo;\u00cele-Rousse, un trait de c\u00f4te que peu de voyageurs connaissent vraiment \u2014 non pas parce qu&rsquo;il est difficile d&rsquo;acc\u00e8s, mais parce qu&rsquo;il demande de sortir des sentiers balis\u00e9s et d&rsquo;accepter d&rsquo;\u00eatre surpris. La corniche qui longe la mer entre ces deux villes de Haute-Corse r\u00e9serve une succession de criques, de plages d\u00e9sertes et de calanques dont l&rsquo;acc\u00e8s se fait, selon les cas, par un sentier c\u00f4tier, par la mer ou par le petit train touristique qui longe le rivage depuis la Belle \u00c9poque.<\/p>\n\n\n\n<p>Le train des plages \u2014 baptis\u00e9 U Trinighellu par les Corses, affectueusement \u2014 est l&rsquo;un des moyens de transport les plus anachroniques et les plus d\u00e9licieux de l&rsquo;\u00eele. Il relie Calvi \u00e0 l&rsquo;\u00cele-Rousse en longeant la mer au plus pr\u00e8s, s&rsquo;arr\u00eatant \u00e0 la demande devant des plages qui n&rsquo;ont pas de nom officiel, traversant des tunnels taill\u00e9s dans le granit, offrant des vues sur le golfe que m\u00eame les plus beaux h\u00f4tels de la r\u00e9gion ne peuvent \u00e9galer. On le prend pour un aller, on revient \u00e0 pied ou en bateau-taxi \u2014 c&rsquo;est, \u00e0 sa fa\u00e7on, une philosophie du voyage.<\/p>\n\n\n\n<figure class=\"wp-block-image\"><img decoding=\"async\" loading=\"lazy\" width=\"1088\" height=\"722\" src=\"https:\/\/www.locationencorse.eu\/blog\/wp-content\/uploads\/2026\/03\/6-U-Trinighellu-.jpg\" alt=\"\" class=\"wp-image-10187\" srcset=\"https:\/\/www.locationencorse.eu\/blog\/wp-content\/uploads\/2026\/03\/6-U-Trinighellu-.jpg 1088w, https:\/\/www.locationencorse.eu\/blog\/wp-content\/uploads\/2026\/03\/6-U-Trinighellu--400x265.jpg 400w, https:\/\/www.locationencorse.eu\/blog\/wp-content\/uploads\/2026\/03\/6-U-Trinighellu--800x531.jpg 800w, https:\/\/www.locationencorse.eu\/blog\/wp-content\/uploads\/2026\/03\/6-U-Trinighellu--768x510.jpg 768w\" sizes=\"(max-width: 1088px) 100vw, 1088px\" \/><\/figure>\n\n\n\n<p>Pour un s\u00e9jour de luxe, l&rsquo;alternative est de louer un semi-rigide ou un petit bateau \u00e0 moteur pour la matin\u00e9e et d&rsquo;explorer seul \u2014 ou presque \u2014 les criques inaccessibles par la route, la plage de Lotu, blanche et fine, entour\u00e9e de gen\u00e9vriers et de rochers rouges ; la crique de Capo di a Vita, ombrag\u00e9e de pins maritimes dont les branches touchent presque l&rsquo;eau ; les fonds marins de la baie de Sant&rsquo;Ambroggio, o\u00f9 une posidonie dense abrite une faune sous-marine d&rsquo;une richesse remarquable.<\/p>\n\n\n\n<p>Ces espaces pr\u00e9serv\u00e9s constituent le luxe ultime de la r\u00e9gion calvaise, l&rsquo;absence totale d&rsquo;autres personnes, la certitude d&rsquo;\u00eatre en dehors du monde, le silence habit\u00e9 seulement par le clapotis de l&rsquo;eau contre la coque.<\/p>\n\n\n\n<p><strong>5. Le Spa et le Bien-\u00eatre \u2014 Se r\u00e9g\u00e9n\u00e9rer au rythme de l&rsquo;\u00eele<\/strong><\/p>\n\n\n\n<p>Les <a href=\"https:\/\/hoteliercorse.com\/hotel-luxe-corse\/hotels-luxe-calvi\/\">grands h\u00f4tels luxe qui entourent Calvi<\/a> ont, pour la plupart, compris depuis longtemps que le bien-\u00eatre est l&rsquo;autre nom du voyage. Les spas de la r\u00e9gion se distinguent par leur ancrage local, on n&rsquo;y propose pas des soins g\u00e9n\u00e9riques import\u00e9s de Paris ou de Londres, mais des rituels \u00e9labor\u00e9s \u00e0 partir de la pharmacop\u00e9e corse \u2014 l&rsquo;immortelle, cette fleur jaune aux propri\u00e9t\u00e9s r\u00e9g\u00e9n\u00e9rantes que l&rsquo;on r\u00e9colte dans le maquis de Balagne, l&rsquo;huile de myrte aux vertus antiseptiques, le miel de ch\u00e2taignier au pouvoir nourrissant, les argiles vertes des hauteurs insulaires.<\/p>\n\n\n\n<p>La Signoria, demeure g\u00e9noise du XVIIIe si\u00e8cle reconvertie en palace Relais &amp; Ch\u00e2teaux \u00e0 quelques minutes de Calvi, offre un exemple de ce que le bien-\u00eatre insulaire peut atteindre \u00e0 son sommet. Le domaine de plusieurs hectares, plant\u00e9 de palmiers, d&rsquo;eucalyptus et de ch\u00eanes-li\u00e8ges, abrite un spa dont les soins signature s&rsquo;inspirent directement des traditions corses de soin du corps. Le hammam, la piscine ext\u00e9rieure chauff\u00e9e et les cabines de massage ouvertes sur le jardin composent un programme de r\u00e9cup\u00e9ration sensorielle qui commence au matin et ne s&rsquo;interrompt qu&rsquo;\u00e0 l&rsquo;heure du d\u00eener gastronomique.<\/p>\n\n\n\n<h2 class=\"wp-block-heading\"><br>Le Spa Casanera \u2014 Quand la Balagne invente sa propre langue du soin<\/h2>\n\n\n\n<p>Il y a des spas qui ressemblent \u00e0 des spas. Des espaces aseptis\u00e9s, uniformes, interchangeables d&rsquo;un palace \u00e0 l&rsquo;autre, o\u00f9 l&rsquo;on entre stress\u00e9 et repart d\u00e9tendu selon un protocole bien rod\u00e9. Le Casanera n&rsquo;appartient pas \u00e0 cette cat\u00e9gorie. Nich\u00e9 dans l&rsquo;\u00e9crin v\u00e9g\u00e9tal de la r\u00e9gion de Calvi, cet espace de bien-\u00eatre porte un nom corse \u2014 la maison noire, celle des pierres sombres du maquis, celle des nuits sans lune o\u00f9 l&rsquo;\u00eele redevient elle-m\u00eame \u2014 et cette \u00e9tymologie dit d\u00e9j\u00e0 l&rsquo;essentiel de ce qu&rsquo;on y vit.<\/p>\n\n\n\n<p>L&rsquo;architecture du lieu joue la carte de l&rsquo;immersion totale. Pierres locales, bois clair, v\u00e9g\u00e9tation filtrante qui laisse entrer la lumi\u00e8re par fragments, tout a \u00e9t\u00e9 pens\u00e9 pour que le dehors ne disparaisse jamais vraiment, pour que la Balagne reste pr\u00e9sente dans le soin lui-m\u00eame. On ne vient pas au Casanera pour oublier o\u00f9 l&rsquo;on est \u2014 on y vient, au contraire, pour s&rsquo;y ancrer avec une intensit\u00e9 qu&rsquo;on n&rsquo;attendait pas.<\/p>\n\n\n\n<p>Le menu de soins s&rsquo;articule autour des ressources botaniques de l&rsquo;\u00eele. L&rsquo;immortelle sauvage de Corse, r\u00e9colt\u00e9e \u00e0 la main sur les hauteurs de la Balagne entre mai et juillet, constitue la colonne vert\u00e9brale des protocoles signature. Ses propri\u00e9t\u00e9s r\u00e9g\u00e9n\u00e9rantes, document\u00e9es par la cosm\u00e9tologie contemporaine et connues des femmes corses depuis des g\u00e9n\u00e9rations, sont exploit\u00e9es ici dans des soins visage qui rel\u00e8vent autant du rituel culturel que de la prestation h\u00f4teli\u00e8re. Le miel de maquis, \u00e9pais et ambr\u00e9, entre dans les enveloppements corps comme agent nourrissant et apaisant. L&rsquo;argile verte des hauteurs insulaires, riche en min\u00e9raux, est utilis\u00e9e en cataplasmes d\u00e9toxifiants qui laissent la peau dans un \u00e9tat de l\u00e9g\u00e8ret\u00e9 presque irr\u00e9el. <\/p>\n\n\n\n<p>Le hammam, au c\u0153ur du dispositif, est trait\u00e9 \u00e0 la vapeur infus\u00e9e d&rsquo;huiles essentielles \u2014 myrte, lentisque, ciste ladanif\u00e8re \u2014 dont les effluves transportent imm\u00e9diatement dans le maquis de Haute-Corse en juillet. C&rsquo;est l&rsquo;un de ces rares endroits o\u00f9 l&rsquo;on comprend, physiquement, ce que signifie le mot ressourcement. Pas une m\u00e9taphore de brochure \u2014 une r\u00e9alit\u00e9 sensorielle. Pour ceux qui souhaitent prolonger l&rsquo;exp\u00e9rience au-del\u00e0 du s\u00e9jour, l&rsquo;<a href=\"https:\/\/www.kallisteimmo.com\/\">immobilier Balagne<\/a> offre des opportunit\u00e9s d&rsquo;exception dans un territoire pr\u00e9serv\u00e9.<\/p>\n\n\n\n<p>La piscine ext\u00e9rieure prolonge l&rsquo;exp\u00e9rience sous le ciel de Balagne. On y nage lentement, entre deux massages, en regardant les pins se balancer dans la brise du large. Le personnel, form\u00e9 aux techniques de soins ayurv\u00e9diques et aux traditions insulaires en parall\u00e8le, adapte chaque s\u00e9ance au profil du client avec une pr\u00e9cision qui confine \u00e0 l&rsquo;intuition. Certains soins durent deux heures. D&rsquo;autres se prolongent selon l&rsquo;envie, le temps suspendu, le monde ext\u00e9rieur provisoirement inexistant.<\/p>\n\n\n\n<p>Le Casanera n&rsquo;est pas un luxe suppl\u00e9mentaire dans un s\u00e9jour \u00e0 Calvi. C&rsquo;est une exp\u00e9rience centrale, une fa\u00e7on de comprendre l&rsquo;\u00eele de l&rsquo;int\u00e9rieur \u2014 par la peau, par le souffle, par ce silence particulier qui s&rsquo;installe quand le corps cesse de r\u00e9sister \u00e0 la beaut\u00e9 de l&rsquo;endroit o\u00f9 il se trouve.<\/p>\n\n\n\n<p><strong>L&rsquo;Immortelle de Corse \u2014 Le Secret Botanique de l&rsquo;\u00cele de Beaut\u00e9<\/strong><\/p>\n\n\n\n<p>Elle pousse sur les versants expos\u00e9s au soleil, entre les roches de granit et les buissons de ciste, dans les zones vent\u00e9es o\u00f9 peu d&rsquo;autres plantes osent s&rsquo;installer. Petite, jaune, d&rsquo;une apparence presque fragile, l&rsquo;immortelle de Corse \u2014 Helichrysum italicum dans la nomenclature latine \u2014 est l&rsquo;un des v\u00e9g\u00e9taux les plus puissants de la pharmacop\u00e9e m\u00e9diterran\u00e9enne. Son surnom dit tout de son caract\u00e8re, elle ne fane pas. Cueillie \u00e0 maturit\u00e9, elle conserve sa couleur et sa forme des semaines durant, comme si la mort avait renonc\u00e9 \u00e0 lui faire sa cour.<\/p>\n\n\n\n<p>Les femmes corses la connaissent depuis des si\u00e8cles. Elles l&rsquo;utilisaient en cataplasmes sur les contusions, en d\u00e9coctions pour les inflammations, en huile infus\u00e9e pour les cicatrices. La tradition insulaire, transmise oralement de g\u00e9n\u00e9ration en g\u00e9n\u00e9ration, anticipait ce que la recherche cosm\u00e9tologique a formalis\u00e9 bien plus tard, l&rsquo;immortelle contient des mol\u00e9cules r\u00e9g\u00e9n\u00e9rantes d&rsquo;une efficacit\u00e9 rare, en particulier l&rsquo;italidione, un dic\u00e9tone aux propri\u00e9t\u00e9s anti-h\u00e9matomes et anti\u00e2ge document\u00e9es.<\/p>\n\n\n\n<p>Aujourd&rsquo;hui, plusieurs maisons corses ont b\u00e2ti une gamme compl\u00e8te autour de cette plante d&rsquo;exception. Les meilleures d&rsquo;entre elles travaillent en circuit ultra-court, r\u00e9colte \u00e0 la main sur les maquis de Balagne ou du Cap Corse entre mai et juillet, distillation \u00e0 la vapeur d&rsquo;eau dans les heures qui suivent la cueillette pour pr\u00e9server les actifs volatils, conditionnement en petites s\u00e9ries num\u00e9rot\u00e9es. Le r\u00e9sultat est une huile essentielle d&rsquo;une puret\u00e9 et d&rsquo;une concentration que les productions industrielles ne peuvent \u00e9galer \u2014 et dont quelques gouttes suffisent pour transformer une routine cosm\u00e9tique ordinaire en rituel sensoriellement m\u00e9morable.<\/p>\n\n\n\n<p>Les gammes de soins \u00e9labor\u00e9es \u00e0 partir de cet actif couvrent un spectre large, huiles corps et visage, s\u00e9rums r\u00e9g\u00e9n\u00e9rants, cr\u00e8mes nourrissantes, baumes contour des yeux, masques purifiants \u00e0 l&rsquo;argile et \u00e0 l&rsquo;immortelle. Les textures varient \u2014 certaines sont fluides et p\u00e9n\u00e9trantes, d&rsquo;autres plus riches et enveloppantes \u2014 mais toutes partagent ce parfum caract\u00e9ristique, chaud, l\u00e9g\u00e8rement \u00e9pic\u00e9, avec des notes de curry et de miel sauvage qui ne ressemblent \u00e0 rien d&rsquo;autre dans le monde v\u00e9g\u00e9tal.<\/p>\n\n\n\n<figure class=\"wp-block-image\"><img decoding=\"async\" loading=\"lazy\" width=\"1293\" height=\"720\" src=\"https:\/\/www.locationencorse.eu\/blog\/wp-content\/uploads\/2026\/03\/7-le-maquis-de-Balagne-.jpg\" alt=\"\" class=\"wp-image-10188\" srcset=\"https:\/\/www.locationencorse.eu\/blog\/wp-content\/uploads\/2026\/03\/7-le-maquis-de-Balagne-.jpg 1293w, https:\/\/www.locationencorse.eu\/blog\/wp-content\/uploads\/2026\/03\/7-le-maquis-de-Balagne--400x223.jpg 400w, https:\/\/www.locationencorse.eu\/blog\/wp-content\/uploads\/2026\/03\/7-le-maquis-de-Balagne--800x445.jpg 800w, https:\/\/www.locationencorse.eu\/blog\/wp-content\/uploads\/2026\/03\/7-le-maquis-de-Balagne--768x428.jpg 768w\" sizes=\"(max-width: 1293px) 100vw, 1293px\" \/><\/figure>\n\n\n\n<p>\u00c0 Calvi et dans les villages de la Balagne, plusieurs boutiques proposent ces gammes en vente directe, souvent avec une pr\u00e9sentation des producteurs et une initiation aux gestes d&rsquo;application. L&rsquo;exp\u00e9rience d&rsquo;achat elle-m\u00eame devient un apprentissage \u2014 une fa\u00e7on de comprendre pourquoi cette petite fleur jaune est devenue l&#8217;embl\u00e8me de la cosm\u00e9tique corse de luxe sur les march\u00e9s internationaux.<\/p>\n\n\n\n<p>Ramener une gamme \u00e0 l&rsquo;immortelle dans ses bagages, c&rsquo;est prolonger le s\u00e9jour \u00e0 Calvi bien au-del\u00e0 du retour. Le parfum suffit, dans un appartement parisien ou londonien en novembre, \u00e0 rouvrir d&rsquo;un coup le golfe de Balagne, la lumi\u00e8re sur les remparts g\u00e9nois, et le sentiment pr\u00e9cis d&rsquo;avoir v\u00e9cu, le temps d&rsquo;une semaine, dans l&rsquo;un des territoires les plus sensoriellement g\u00e9n\u00e9reux de M\u00e9diterran\u00e9e.<\/p>\n\n\n\n<p>Au-del\u00e0 des h\u00f4tels, la r\u00e9gion propose des exp\u00e9riences de bien-\u00eatre en pleine nature, bains dans les piscines naturelles de la Fango \u2014 cette rivi\u00e8re sauvage qui descend des montagnes du Niolu vers la mer \u2014 yoga \u00e0 l&rsquo;aube sur une plage d\u00e9serte, randonn\u00e9e m\u00e9dit\u00e9e sur les sentiers de la Balagne avec un guide sp\u00e9cialis\u00e9. Ces pratiques, en apparence modestes, constituent une forme de luxe rarissime dans le monde contemporain, le temps long, la lenteur assum\u00e9e, le corps r\u00e9concili\u00e9 avec l&rsquo;espace.<\/p>\n\n\n\n<p><strong>Calvi, l&rsquo;\u00e9vidence du voyage accompli<\/strong><\/p>\n\n\n\n<p>Ce qui fait de Calvi une destination \u00e0 part dans le panorama du tourisme de luxe m\u00e9diterran\u00e9en, ce n&rsquo;est pas l&rsquo;accumulation de palaces ou la densit\u00e9 d&rsquo;\u00e9toiles au Guide Michelin. C&rsquo;est la fa\u00e7on dont la ville et son territoire orchestrent, sans effort apparent, une diversit\u00e9 d&rsquo;exp\u00e9riences que peu de destinations peuvent proposer avec une telle coh\u00e9rence.<\/p>\n\n\n\n<p>Une matin\u00e9e en mer, un d\u00e9jeuner de terroir dans un village de la Balagne, une promenade sur les remparts au coucher du soleil, un soin \u00e0 l&rsquo;immortelle avant le d\u00eener gastronomique \u2014 ce programme, r\u00e9p\u00e9t\u00e9 sur une semaine avec des variantes infinies, ne lasse pas. Il creuse, au contraire, un sillon de plus en plus profond dans la m\u00e9moire du voyageur, jusqu&rsquo;\u00e0 devenir une g\u00e9ographie intime dont on ne revient jamais tout \u00e0 fait. Calvi ne se visite pas. Elle s&rsquo;habite, le temps d&rsquo;une saison, d&rsquo;un s\u00e9jour, d&rsquo;un \u00e9t\u00e9. Et quand vient le moment de reprendre l&rsquo;avion ou le ferry, quelque chose demeure \u2014 le parfum du maquis chauff\u00e9 par le soleil, le bleu particulier du golfe \u00e0 six heures du soir, la certitude douce et un peu m\u00e9lancolique que l&rsquo;\u00eele vous a gard\u00e9 une place, et qu&rsquo;elle sera encore l\u00e0, intacte, \u00e0 votre prochain retour.<\/p>\n\n\n\n<figure class=\"wp-block-image\"><img decoding=\"async\" loading=\"lazy\" width=\"1225\" height=\"723\" src=\"https:\/\/www.locationencorse.eu\/blog\/wp-content\/uploads\/2026\/03\/4-Larret-a-Girolata-.jpg\" alt=\"\" class=\"wp-image-10185\" srcset=\"https:\/\/www.locationencorse.eu\/blog\/wp-content\/uploads\/2026\/03\/4-Larret-a-Girolata-.jpg 1225w, https:\/\/www.locationencorse.eu\/blog\/wp-content\/uploads\/2026\/03\/4-Larret-a-Girolata--400x236.jpg 400w, https:\/\/www.locationencorse.eu\/blog\/wp-content\/uploads\/2026\/03\/4-Larret-a-Girolata--800x472.jpg 800w, https:\/\/www.locationencorse.eu\/blog\/wp-content\/uploads\/2026\/03\/4-Larret-a-Girolata--768x453.jpg 768w\" sizes=\"(max-width: 1225px) 100vw, 1225px\" \/><\/figure>\n\n\n\n<p><\/p>\n<!-- AddThis Advanced Settings generic via filter on the_content --><!-- AddThis Share Buttons generic via filter on the_content -->","protected":false},"excerpt":{"rendered":"<p>Balagne \u00b7 Haute-Corse \u00b7 \u00cele de Beaut\u00e9 Il y a des villes qui se contentent d&rsquo;\u00eatre belles. Calvi, elle, est autre chose \u2014 un th\u00e9\u00e2tre \u00e0 ciel ouvert o\u00f9 la citadelle g\u00e9noise surplombe le golfe comme une sentinelle dor\u00e9e, o\u00f9 &hellip; <a href=\"https:\/\/www.locationencorse.eu\/blog\/calvi-en-vacances-de-luxe-5-activites-incontournables-pour-vivre-la-haute-corse-a-son-sommet\/\">Continuer la lecture <span class=\"meta-nav\">&rarr;<\/span><\/a><!-- AddThis Advanced Settings generic via filter on get_the_excerpt --><!-- AddThis Share Buttons generic via filter on get_the_excerpt --><\/p>\n","protected":false},"author":2,"featured_media":10184,"comment_status":"open","ping_status":"closed","sticky":false,"template":"","format":"standard","meta":{"_mi_skip_tracking":false,"_monsterinsights_sitenote_active":false,"_monsterinsights_sitenote_note":"","_monsterinsights_sitenote_category":0,"ngg_post_thumbnail":0,"footnotes":""},"categories":[1],"tags":[],"yoast_head":"<!-- This site is optimized with the Yoast SEO plugin v21.1 - https:\/\/yoast.com\/wordpress\/plugins\/seo\/ -->\n<title>Vacances de luxe \u00e0 Calvi - 5 activit\u00e9s incontournables en Balagne<\/title>\n<meta name=\"description\" content=\"Citadelle g\u00e9noise, voilier priv\u00e9, gastronomie balanine, criques secr\u00e8tes et spa \u00e0 l&#039;immortelle : les 5 exp\u00e9riences de luxe incontournables pour un s\u00e9jour \u00e0 Calvi\" \/>\n<meta name=\"robots\" content=\"index, follow, max-snippet:-1, max-image-preview:large, max-video-preview:-1\" \/>\n<link rel=\"canonical\" href=\"https:\/\/www.locationencorse.eu\/blog\/calvi-en-vacances-de-luxe-5-activites-incontournables-pour-vivre-la-haute-corse-a-son-sommet\/\" \/>\n<meta property=\"og:locale\" content=\"fr_FR\" \/>\n<meta property=\"og:type\" content=\"article\" \/>\n<meta property=\"og:title\" content=\"Vacances de luxe \u00e0 Calvi - 5 activit\u00e9s incontournables en Balagne\" \/>\n<meta property=\"og:description\" content=\"Citadelle g\u00e9noise, voilier priv\u00e9, gastronomie balanine, criques secr\u00e8tes et spa \u00e0 l&#039;immortelle : les 5 exp\u00e9riences de luxe incontournables pour un s\u00e9jour \u00e0 Calvi\" \/>\n<meta property=\"og:url\" content=\"https:\/\/www.locationencorse.eu\/blog\/calvi-en-vacances-de-luxe-5-activites-incontournables-pour-vivre-la-haute-corse-a-son-sommet\/\" \/>\n<meta property=\"og:site_name\" content=\"La Corse\" \/>\n<meta property=\"article:author\" content=\"https:\/\/www.facebook.com\/locationencorse.eu\/\" \/>\n<meta property=\"article:published_time\" content=\"2026-03-10T21:21:21+00:00\" \/>\n<meta property=\"article:modified_time\" content=\"2026-04-09T06:19:46+00:00\" \/>\n<meta property=\"og:image\" content=\"https:\/\/www.locationencorse.eu\/blog\/wp-content\/uploads\/2026\/03\/3-Le-golfe-de-Calvi-.jpg\" \/>\n\t<meta property=\"og:image:width\" content=\"1290\" \/>\n\t<meta property=\"og:image:height\" content=\"718\" \/>\n\t<meta property=\"og:image:type\" content=\"image\/jpeg\" \/>\n<meta name=\"author\" content=\"Newchallenge\" \/>\n<meta name=\"twitter:label1\" content=\"\u00c9crit par\" \/>\n\t<meta name=\"twitter:data1\" content=\"Newchallenge\" \/>\n\t<meta name=\"twitter:label2\" content=\"Dur\u00e9e de lecture estim\u00e9e\" \/>\n\t<meta name=\"twitter:data2\" content=\"16 minutes\" \/>\n<script type=\"application\/ld+json\" class=\"yoast-schema-graph\">{\"@context\":\"https:\/\/schema.org\",\"@graph\":[{\"@type\":\"WebPage\",\"@id\":\"https:\/\/www.locationencorse.eu\/blog\/calvi-en-vacances-de-luxe-5-activites-incontournables-pour-vivre-la-haute-corse-a-son-sommet\/\",\"url\":\"https:\/\/www.locationencorse.eu\/blog\/calvi-en-vacances-de-luxe-5-activites-incontournables-pour-vivre-la-haute-corse-a-son-sommet\/\",\"name\":\"Vacances de luxe \u00e0 Calvi - 5 activit\u00e9s incontournables en Balagne\",\"isPartOf\":{\"@id\":\"https:\/\/www.locationencorse.eu\/blog\/#website\"},\"datePublished\":\"2026-03-10T21:21:21+00:00\",\"dateModified\":\"2026-04-09T06:19:46+00:00\",\"author\":{\"@id\":\"https:\/\/www.locationencorse.eu\/blog\/#\/schema\/person\/4aa76a779067073b7500fdabe0a4a51c\"},\"description\":\"Citadelle g\u00e9noise, voilier priv\u00e9, gastronomie balanine, criques secr\u00e8tes et spa \u00e0 l'immortelle : les 5 exp\u00e9riences de luxe incontournables pour un s\u00e9jour \u00e0 Calvi\",\"breadcrumb\":{\"@id\":\"https:\/\/www.locationencorse.eu\/blog\/calvi-en-vacances-de-luxe-5-activites-incontournables-pour-vivre-la-haute-corse-a-son-sommet\/#breadcrumb\"},\"inLanguage\":\"fr-FR\",\"potentialAction\":[{\"@type\":\"ReadAction\",\"target\":[\"https:\/\/www.locationencorse.eu\/blog\/calvi-en-vacances-de-luxe-5-activites-incontournables-pour-vivre-la-haute-corse-a-son-sommet\/\"]}]},{\"@type\":\"BreadcrumbList\",\"@id\":\"https:\/\/www.locationencorse.eu\/blog\/calvi-en-vacances-de-luxe-5-activites-incontournables-pour-vivre-la-haute-corse-a-son-sommet\/#breadcrumb\",\"itemListElement\":[{\"@type\":\"ListItem\",\"position\":1,\"name\":\"Accueil\",\"item\":\"https:\/\/www.locationencorse.eu\/blog\/\"},{\"@type\":\"ListItem\",\"position\":2,\"name\":\"Calvi en Vacances de Luxe, 5 Activit\u00e9s Incontournables pour Vivre la Haute-Corse \u00e0 Son Sommet\"}]},{\"@type\":\"WebSite\",\"@id\":\"https:\/\/www.locationencorse.eu\/blog\/#website\",\"url\":\"https:\/\/www.locationencorse.eu\/blog\/\",\"name\":\"La Corse\",\"description\":\"Vacances en Corse sur \u00cele de beaut\u00e9\",\"potentialAction\":[{\"@type\":\"SearchAction\",\"target\":{\"@type\":\"EntryPoint\",\"urlTemplate\":\"https:\/\/www.locationencorse.eu\/blog\/?s={search_term_string}\"},\"query-input\":\"required name=search_term_string\"}],\"inLanguage\":\"fr-FR\"},{\"@type\":\"Person\",\"@id\":\"https:\/\/www.locationencorse.eu\/blog\/#\/schema\/person\/4aa76a779067073b7500fdabe0a4a51c\",\"name\":\"Newchallenge\",\"image\":{\"@type\":\"ImageObject\",\"inLanguage\":\"fr-FR\",\"@id\":\"https:\/\/www.locationencorse.eu\/blog\/#\/schema\/person\/image\/\",\"url\":\"https:\/\/secure.gravatar.com\/avatar\/ad5f2a69d252f48179a77d3cb09e1fa7?s=96&r=g\",\"contentUrl\":\"https:\/\/secure.gravatar.com\/avatar\/ad5f2a69d252f48179a77d3cb09e1fa7?s=96&r=g\",\"caption\":\"Newchallenge\"},\"sameAs\":[\"http:\/\/www.locationencorse.eu\",\"https:\/\/www.facebook.com\/locationencorse.eu\/\"],\"url\":\"https:\/\/www.locationencorse.eu\/blog\/author\/martinenewchallenge-fr\/\"}]}<\/script>\n<!-- \/ Yoast SEO plugin. -->","yoast_head_json":{"title":"Vacances de luxe \u00e0 Calvi - 5 activit\u00e9s incontournables en Balagne","description":"Citadelle g\u00e9noise, voilier priv\u00e9, gastronomie balanine, criques secr\u00e8tes et spa \u00e0 l'immortelle : les 5 exp\u00e9riences de luxe incontournables pour un s\u00e9jour \u00e0 Calvi","robots":{"index":"index","follow":"follow","max-snippet":"max-snippet:-1","max-image-preview":"max-image-preview:large","max-video-preview":"max-video-preview:-1"},"canonical":"https:\/\/www.locationencorse.eu\/blog\/calvi-en-vacances-de-luxe-5-activites-incontournables-pour-vivre-la-haute-corse-a-son-sommet\/","og_locale":"fr_FR","og_type":"article","og_title":"Vacances de luxe \u00e0 Calvi - 5 activit\u00e9s incontournables en Balagne","og_description":"Citadelle g\u00e9noise, voilier priv\u00e9, gastronomie balanine, criques secr\u00e8tes et spa \u00e0 l'immortelle : les 5 exp\u00e9riences de luxe incontournables pour un s\u00e9jour \u00e0 Calvi","og_url":"https:\/\/www.locationencorse.eu\/blog\/calvi-en-vacances-de-luxe-5-activites-incontournables-pour-vivre-la-haute-corse-a-son-sommet\/","og_site_name":"La Corse","article_author":"https:\/\/www.facebook.com\/locationencorse.eu\/","article_published_time":"2026-03-10T21:21:21+00:00","article_modified_time":"2026-04-09T06:19:46+00:00","og_image":[{"width":1290,"height":718,"url":"https:\/\/www.locationencorse.eu\/blog\/wp-content\/uploads\/2026\/03\/3-Le-golfe-de-Calvi-.jpg","type":"image\/jpeg"}],"author":"Newchallenge","twitter_misc":{"\u00c9crit par":"Newchallenge","Dur\u00e9e de lecture estim\u00e9e":"16 minutes"},"schema":{"@context":"https:\/\/schema.org","@graph":[{"@type":"WebPage","@id":"https:\/\/www.locationencorse.eu\/blog\/calvi-en-vacances-de-luxe-5-activites-incontournables-pour-vivre-la-haute-corse-a-son-sommet\/","url":"https:\/\/www.locationencorse.eu\/blog\/calvi-en-vacances-de-luxe-5-activites-incontournables-pour-vivre-la-haute-corse-a-son-sommet\/","name":"Vacances de luxe \u00e0 Calvi - 5 activit\u00e9s incontournables en Balagne","isPartOf":{"@id":"https:\/\/www.locationencorse.eu\/blog\/#website"},"datePublished":"2026-03-10T21:21:21+00:00","dateModified":"2026-04-09T06:19:46+00:00","author":{"@id":"https:\/\/www.locationencorse.eu\/blog\/#\/schema\/person\/4aa76a779067073b7500fdabe0a4a51c"},"description":"Citadelle g\u00e9noise, voilier priv\u00e9, gastronomie balanine, criques secr\u00e8tes et spa \u00e0 l'immortelle : les 5 exp\u00e9riences de luxe incontournables pour un s\u00e9jour \u00e0 Calvi","breadcrumb":{"@id":"https:\/\/www.locationencorse.eu\/blog\/calvi-en-vacances-de-luxe-5-activites-incontournables-pour-vivre-la-haute-corse-a-son-sommet\/#breadcrumb"},"inLanguage":"fr-FR","potentialAction":[{"@type":"ReadAction","target":["https:\/\/www.locationencorse.eu\/blog\/calvi-en-vacances-de-luxe-5-activites-incontournables-pour-vivre-la-haute-corse-a-son-sommet\/"]}]},{"@type":"BreadcrumbList","@id":"https:\/\/www.locationencorse.eu\/blog\/calvi-en-vacances-de-luxe-5-activites-incontournables-pour-vivre-la-haute-corse-a-son-sommet\/#breadcrumb","itemListElement":[{"@type":"ListItem","position":1,"name":"Accueil","item":"https:\/\/www.locationencorse.eu\/blog\/"},{"@type":"ListItem","position":2,"name":"Calvi en Vacances de Luxe, 5 Activit\u00e9s Incontournables pour Vivre la Haute-Corse \u00e0 Son Sommet"}]},{"@type":"WebSite","@id":"https:\/\/www.locationencorse.eu\/blog\/#website","url":"https:\/\/www.locationencorse.eu\/blog\/","name":"La Corse","description":"Vacances en Corse sur \u00cele de beaut\u00e9","potentialAction":[{"@type":"SearchAction","target":{"@type":"EntryPoint","urlTemplate":"https:\/\/www.locationencorse.eu\/blog\/?s={search_term_string}"},"query-input":"required name=search_term_string"}],"inLanguage":"fr-FR"},{"@type":"Person","@id":"https:\/\/www.locationencorse.eu\/blog\/#\/schema\/person\/4aa76a779067073b7500fdabe0a4a51c","name":"Newchallenge","image":{"@type":"ImageObject","inLanguage":"fr-FR","@id":"https:\/\/www.locationencorse.eu\/blog\/#\/schema\/person\/image\/","url":"https:\/\/secure.gravatar.com\/avatar\/ad5f2a69d252f48179a77d3cb09e1fa7?s=96&r=g","contentUrl":"https:\/\/secure.gravatar.com\/avatar\/ad5f2a69d252f48179a77d3cb09e1fa7?s=96&r=g","caption":"Newchallenge"},"sameAs":["http:\/\/www.locationencorse.eu","https:\/\/www.facebook.com\/locationencorse.eu\/"],"url":"https:\/\/www.locationencorse.eu\/blog\/author\/martinenewchallenge-fr\/"}]}},"jetpack_featured_media_url":"https:\/\/www.locationencorse.eu\/blog\/wp-content\/uploads\/2026\/03\/3-Le-golfe-de-Calvi-.jpg","_links":{"self":[{"href":"https:\/\/www.locationencorse.eu\/blog\/wp-json\/wp\/v2\/posts\/10179"}],"collection":[{"href":"https:\/\/www.locationencorse.eu\/blog\/wp-json\/wp\/v2\/posts"}],"about":[{"href":"https:\/\/www.locationencorse.eu\/blog\/wp-json\/wp\/v2\/types\/post"}],"author":[{"embeddable":true,"href":"https:\/\/www.locationencorse.eu\/blog\/wp-json\/wp\/v2\/users\/2"}],"replies":[{"embeddable":true,"href":"https:\/\/www.locationencorse.eu\/blog\/wp-json\/wp\/v2\/comments?post=10179"}],"version-history":[{"count":7,"href":"https:\/\/www.locationencorse.eu\/blog\/wp-json\/wp\/v2\/posts\/10179\/revisions"}],"predecessor-version":[{"id":10262,"href":"https:\/\/www.locationencorse.eu\/blog\/wp-json\/wp\/v2\/posts\/10179\/revisions\/10262"}],"wp:featuredmedia":[{"embeddable":true,"href":"https:\/\/www.locationencorse.eu\/blog\/wp-json\/wp\/v2\/media\/10184"}],"wp:attachment":[{"href":"https:\/\/www.locationencorse.eu\/blog\/wp-json\/wp\/v2\/media?parent=10179"}],"wp:term":[{"taxonomy":"category","embeddable":true,"href":"https:\/\/www.locationencorse.eu\/blog\/wp-json\/wp\/v2\/categories?post=10179"},{"taxonomy":"post_tag","embeddable":true,"href":"https:\/\/www.locationencorse.eu\/blog\/wp-json\/wp\/v2\/tags?post=10179"}],"curies":[{"name":"wp","href":"https:\/\/api.w.org\/{rel}","templated":true}]}}